{"id":1073,"date":"2022-10-28T23:26:54","date_gmt":"2022-10-28T21:26:54","guid":{"rendered":"https:\/\/www.ffpassau.de\/hauptwache\/?p=1073"},"modified":"2022-10-28T23:30:51","modified_gmt":"2022-10-28T21:30:51","slug":"ein-stilles-oertchen-fuer-besondere-notfaelle","status":"publish","type":"post","link":"https:\/\/www.ffpassau.de\/hauptwache\/2022\/10\/28\/ein-stilles-oertchen-fuer-besondere-notfaelle\/","title":{"rendered":"Ein stilles \u00d6rtchen f\u00fcr besondere Notf\u00e4lle"},"content":{"rendered":"<p>Dass ein Feuerwehrmann w\u00e4hrend eines Einsatzes mal \u201emuss\u201c, liegt auf der Hand. Das erste Fahrzeug r\u00fcckt nur wenige Minuten nach Alarmierung aus. Wenige Minuten, in denen ein Mitglied der Wehr Nachts aufwacht, aufsteht, sich anzieht, zur Wache f\u00e4hrt, sich dort umzieht, ins Feuerwehrauto steigt und sich zum Einsatzort begibt. Bei diesem Zeitplan versteht sich von selbst, wof\u00fcr (oftmals) keine Zeit mehr bleibt.<\/p>\n<p>Das mag auf den ersten Blick skurril wirken. Ist aber eine ernstzunehmende Angelegenheit. Speziell dann, wenn abzusehen ist, dass ein Einsatz l\u00e4nger andauert. Und weit und breit kein Pl\u00e4tzchen f\u00fcr das dringende Bed\u00fcrfnis da ist.<\/p>\n<p>\u00dcber die Jahre hat sich gezeigt, dass auch oder gerade bei gr\u00f6\u00dferen Schadenslagen der Bedarf besteht, ein stilles \u00d6rtchen nahe dem Einsatzgeschehen zu wissen.<\/p>\n<p>Gerade nicht vorhandene Toilettenkonzepte f\u00fcr unsere weiblichen Kameradinnen sollten damit ebenso endg\u00fcltig der Vergangenheit angeh\u00f6ren.<\/p>\n<p>Unsere L\u00f6sung bietet das easyToi SOS der Passauer Firma Haidl GmbH &amp; Co. KG. Sie bietet die mobile Toilette f\u00fcr alle Situationen, in denen es bisher eigentlich keine wirkliche L\u00f6sung gab an. Eine perfekte L\u00f6sung f\u00fcr alle Situationen, in denen eine schnelle und unkomplizierte Toilettenl\u00f6sung gebraucht wird. Mit gerade einmal 17 Kilogramm und einem Packvolumen von knapp 0,17 Kubikmetern ist l\u00e4sst sich die mobile Toilette an jede Einsatzstelle bringen. Und ist vor Ort binnen 2 Minuten einsatzbereit.<\/p>\n","protected":false},"excerpt":{"rendered":"<p>Dass ein Feuerwehrmann w\u00e4hrend eines Einsatzes mal \u201emuss\u201c, liegt auf der Hand. Das erste Fahrzeug r\u00fcckt nur wenige Minuten nach Alarmierung aus. Wenige Minuten, in denen ein Mitglied der Wehr Nachts aufwacht, aufsteht, sich anzieht, zur Wache f\u00e4hrt, sich dort umzieht, ins Feuerwehrauto steigt und sich zum Einsatzort begibt. Bei diesem Zeitplan versteht sich von selbst, wof\u00fcr (oftmals) keine Zeit mehr bleibt. Das mag auf den ersten Blick skurril wirken. Ist aber eine ernstzunehmende Angelegenheit. Speziell dann, wenn abzusehen ist, dass ein Einsatz l\u00e4nger andauert. Und weit und breit kein Pl\u00e4tzchen f\u00fcr das dringende Bed\u00fcrfnis da ist. \u00dcber die Jahre hat sich gezeigt, dass auch oder gerade bei gr\u00f6\u00dferen Schadenslagen der Bedarf besteht, ein stilles \u00d6rtchen nahe dem Einsatzgeschehen zu wissen. Gerade nicht vorhandene Toilettenkonzepte f\u00fcr unsere weiblichen Kameradinnen sollten damit ebenso endg\u00fcltig der Vergangenheit angeh\u00f6ren. Unsere L\u00f6sung bietet das [&hellip;]<\/p>\n","protected":false},"author":4,"featured_media":1075,"comment_status":"open","ping_status":"open","sticky":false,"template":"","format":"standard","meta":{"footnotes":""},"categories":[1],"tags":[],"class_list":["post-1073","post","type-post","status-publish","format-standard","has-post-thumbnail","hentry","category-allgemein"],"yoast_head":"<!-- This site is optimized with the Yoast SEO plugin v24.3 - https:\/\/yoast.com\/wordpress\/plugins\/seo\/ -->\n<title>Ein stilles \u00d6rtchen f\u00fcr besondere Notf\u00e4lle - Feuerwehr Passau - L\u00f6schzug Hauptwache<\/title>\n<meta name=\"robots\" content=\"index, follow, max-snippet:-1, max-image-preview:large, max-video-preview:-1\" \/>\n<link rel=\"canonical\" href=\"https:\/\/www.ffpassau.de\/hauptwache\/2022\/10\/28\/ein-stilles-oertchen-fuer-besondere-notfaelle\/\" \/>\n<meta property=\"og:locale\" content=\"de_DE\" \/>\n<meta property=\"og:type\" content=\"article\" \/>\n<meta property=\"og:title\" content=\"Ein stilles \u00d6rtchen f\u00fcr besondere Notf\u00e4lle - Feuerwehr Passau - L\u00f6schzug Hauptwache\" \/>\n<meta property=\"og:description\" content=\"Dass ein Feuerwehrmann w\u00e4hrend eines Einsatzes mal \u201emuss\u201c, liegt auf der Hand. Das erste Fahrzeug r\u00fcckt nur wenige Minuten nach Alarmierung aus. Wenige Minuten, in denen ein Mitglied der Wehr Nachts aufwacht, aufsteht, sich anzieht, zur Wache f\u00e4hrt, sich dort umzieht, ins Feuerwehrauto steigt und sich zum Einsatzort begibt. Bei diesem Zeitplan versteht sich von selbst, wof\u00fcr (oftmals) keine Zeit mehr bleibt. Das mag auf den ersten Blick skurril wirken. Ist aber eine ernstzunehmende Angelegenheit. Speziell dann, wenn abzusehen ist, dass ein Einsatz l\u00e4nger andauert. Und weit und breit kein Pl\u00e4tzchen f\u00fcr das dringende Bed\u00fcrfnis da ist. \u00dcber die Jahre hat sich gezeigt, dass auch oder gerade bei gr\u00f6\u00dferen Schadenslagen der Bedarf besteht, ein stilles \u00d6rtchen nahe dem Einsatzgeschehen zu wissen. Gerade nicht vorhandene Toilettenkonzepte f\u00fcr unsere weiblichen Kameradinnen sollten damit ebenso endg\u00fcltig der Vergangenheit angeh\u00f6ren. Unsere L\u00f6sung bietet das [&hellip;]\" \/>\n<meta property=\"og:url\" content=\"https:\/\/www.ffpassau.de\/hauptwache\/2022\/10\/28\/ein-stilles-oertchen-fuer-besondere-notfaelle\/\" \/>\n<meta property=\"og:site_name\" content=\"Feuerwehr Passau - L\u00f6schzug Hauptwache\" \/>\n<meta property=\"article:published_time\" content=\"2022-10-28T21:26:54+00:00\" \/>\n<meta property=\"article:modified_time\" content=\"2022-10-28T21:30:51+00:00\" \/>\n<meta property=\"og:image\" content=\"https:\/\/www.ffpassau.de\/hauptwache\/wp-content\/uploads\/sites\/4\/2022\/10\/2022-10-08_EasyToi_1.jpg\" \/>\n\t<meta property=\"og:image:width\" content=\"1920\" \/>\n\t<meta property=\"og:image:height\" content=\"1445\" \/>\n\t<meta property=\"og:image:type\" content=\"image\/jpeg\" \/>\n<meta name=\"author\" content=\"Markus Kornexl\" \/>\n<meta name=\"twitter:card\" content=\"summary_large_image\" \/>\n<meta name=\"twitter:label1\" content=\"Verfasst von\" \/>\n\t<meta name=\"twitter:data1\" content=\"Markus Kornexl\" \/>\n\t<meta name=\"twitter:label2\" content=\"Gesch\u00e4tzte Lesezeit\" \/>\n\t<meta name=\"twitter:data2\" content=\"1\u00a0Minute\" \/>\n<script type=\"application\/ld+json\" class=\"yoast-schema-graph\">{\"@context\":\"https:\/\/schema.org\",\"@graph\":[{\"@type\":\"Article\",\"@id\":\"https:\/\/www.ffpassau.de\/hauptwache\/2022\/10\/28\/ein-stilles-oertchen-fuer-besondere-notfaelle\/#article\",\"isPartOf\":{\"@id\":\"https:\/\/www.ffpassau.de\/hauptwache\/2022\/10\/28\/ein-stilles-oertchen-fuer-besondere-notfaelle\/\"},\"author\":{\"name\":\"Markus Kornexl\",\"@id\":\"https:\/\/www.ffpassau.de\/hauptwache\/#\/schema\/person\/5ae0c9d446c9a5bab808bfc468e5d9d4\"},\"headline\":\"Ein stilles \u00d6rtchen f\u00fcr besondere Notf\u00e4lle\",\"datePublished\":\"2022-10-28T21:26:54+00:00\",\"dateModified\":\"2022-10-28T21:30:51+00:00\",\"mainEntityOfPage\":{\"@id\":\"https:\/\/www.ffpassau.de\/hauptwache\/2022\/10\/28\/ein-stilles-oertchen-fuer-besondere-notfaelle\/\"},\"wordCount\":237,\"commentCount\":0,\"publisher\":{\"@id\":\"https:\/\/www.ffpassau.de\/hauptwache\/#organization\"},\"image\":{\"@id\":\"https:\/\/www.ffpassau.de\/hauptwache\/2022\/10\/28\/ein-stilles-oertchen-fuer-besondere-notfaelle\/#primaryimage\"},\"thumbnailUrl\":\"https:\/\/www.ffpassau.de\/hauptwache\/wp-content\/uploads\/sites\/4\/2022\/10\/2022-10-08_EasyToi_1.jpg\",\"inLanguage\":\"de\",\"potentialAction\":[{\"@type\":\"CommentAction\",\"name\":\"Comment\",\"target\":[\"https:\/\/www.ffpassau.de\/hauptwache\/2022\/10\/28\/ein-stilles-oertchen-fuer-besondere-notfaelle\/#respond\"]}]},{\"@type\":\"WebPage\",\"@id\":\"https:\/\/www.ffpassau.de\/hauptwache\/2022\/10\/28\/ein-stilles-oertchen-fuer-besondere-notfaelle\/\",\"url\":\"https:\/\/www.ffpassau.de\/hauptwache\/2022\/10\/28\/ein-stilles-oertchen-fuer-besondere-notfaelle\/\",\"name\":\"Ein stilles \u00d6rtchen f\u00fcr besondere Notf\u00e4lle - Feuerwehr Passau - L\u00f6schzug Hauptwache\",\"isPartOf\":{\"@id\":\"https:\/\/www.ffpassau.de\/hauptwache\/#website\"},\"primaryImageOfPage\":{\"@id\":\"https:\/\/www.ffpassau.de\/hauptwache\/2022\/10\/28\/ein-stilles-oertchen-fuer-besondere-notfaelle\/#primaryimage\"},\"image\":{\"@id\":\"https:\/\/www.ffpassau.de\/hauptwache\/2022\/10\/28\/ein-stilles-oertchen-fuer-besondere-notfaelle\/#primaryimage\"},\"thumbnailUrl\":\"https:\/\/www.ffpassau.de\/hauptwache\/wp-content\/uploads\/sites\/4\/2022\/10\/2022-10-08_EasyToi_1.jpg\",\"datePublished\":\"2022-10-28T21:26:54+00:00\",\"dateModified\":\"2022-10-28T21:30:51+00:00\",\"breadcrumb\":{\"@id\":\"https:\/\/www.ffpassau.de\/hauptwache\/2022\/10\/28\/ein-stilles-oertchen-fuer-besondere-notfaelle\/#breadcrumb\"},\"inLanguage\":\"de\",\"potentialAction\":[{\"@type\":\"ReadAction\",\"target\":[\"https:\/\/www.ffpassau.de\/hauptwache\/2022\/10\/28\/ein-stilles-oertchen-fuer-besondere-notfaelle\/\"]}]},{\"@type\":\"ImageObject\",\"inLanguage\":\"de\",\"@id\":\"https:\/\/www.ffpassau.de\/hauptwache\/2022\/10\/28\/ein-stilles-oertchen-fuer-besondere-notfaelle\/#primaryimage\",\"url\":\"https:\/\/www.ffpassau.de\/hauptwache\/wp-content\/uploads\/sites\/4\/2022\/10\/2022-10-08_EasyToi_1.jpg\",\"contentUrl\":\"https:\/\/www.ffpassau.de\/hauptwache\/wp-content\/uploads\/sites\/4\/2022\/10\/2022-10-08_EasyToi_1.jpg\",\"width\":1920,\"height\":1445,\"caption\":\"\u00a9 Markus Kornexl 2022\"},{\"@type\":\"BreadcrumbList\",\"@id\":\"https:\/\/www.ffpassau.de\/hauptwache\/2022\/10\/28\/ein-stilles-oertchen-fuer-besondere-notfaelle\/#breadcrumb\",\"itemListElement\":[{\"@type\":\"ListItem\",\"position\":1,\"name\":\"Startseite\",\"item\":\"https:\/\/www.ffpassau.de\/hauptwache\/\"},{\"@type\":\"ListItem\",\"position\":2,\"name\":\"Ein stilles \u00d6rtchen f\u00fcr besondere Notf\u00e4lle\"}]},{\"@type\":\"WebSite\",\"@id\":\"https:\/\/www.ffpassau.de\/hauptwache\/#website\",\"url\":\"https:\/\/www.ffpassau.de\/hauptwache\/\",\"name\":\"Feuerwehr Passau - L\u00f6schzug Hauptwache\",\"description\":\"\",\"publisher\":{\"@id\":\"https:\/\/www.ffpassau.de\/hauptwache\/#organization\"},\"potentialAction\":[{\"@type\":\"SearchAction\",\"target\":{\"@type\":\"EntryPoint\",\"urlTemplate\":\"https:\/\/www.ffpassau.de\/hauptwache\/?s={search_term_string}\"},\"query-input\":{\"@type\":\"PropertyValueSpecification\",\"valueRequired\":true,\"valueName\":\"search_term_string\"}}],\"inLanguage\":\"de\"},{\"@type\":\"Organization\",\"@id\":\"https:\/\/www.ffpassau.de\/hauptwache\/#organization\",\"name\":\"Feuerwehr Passau - L\u00f6schzug Hauptwache\",\"url\":\"https:\/\/www.ffpassau.de\/hauptwache\/\",\"logo\":{\"@type\":\"ImageObject\",\"inLanguage\":\"de\",\"@id\":\"https:\/\/www.ffpassau.de\/hauptwache\/#\/schema\/logo\/image\/\",\"url\":\"https:\/\/www.ffpassau.de\/hauptwache\/wp-content\/uploads\/sites\/4\/2020\/02\/lz_hauptwache_logo.svg\",\"contentUrl\":\"https:\/\/www.ffpassau.de\/hauptwache\/wp-content\/uploads\/sites\/4\/2020\/02\/lz_hauptwache_logo.svg\",\"width\":1,\"height\":1,\"caption\":\"Feuerwehr Passau - L\u00f6schzug Hauptwache\"},\"image\":{\"@id\":\"https:\/\/www.ffpassau.de\/hauptwache\/#\/schema\/logo\/image\/\"}},{\"@type\":\"Person\",\"@id\":\"https:\/\/www.ffpassau.de\/hauptwache\/#\/schema\/person\/5ae0c9d446c9a5bab808bfc468e5d9d4\",\"name\":\"Markus Kornexl\",\"image\":{\"@type\":\"ImageObject\",\"inLanguage\":\"de\",\"@id\":\"https:\/\/www.ffpassau.de\/hauptwache\/#\/schema\/person\/image\/\",\"url\":\"https:\/\/secure.gravatar.com\/avatar\/5ec59c8ad4f35a54a016a680fc15385d?s=96&d=mm&r=g\",\"contentUrl\":\"https:\/\/secure.gravatar.com\/avatar\/5ec59c8ad4f35a54a016a680fc15385d?s=96&d=mm&r=g\",\"caption\":\"Markus Kornexl\"},\"url\":\"https:\/\/www.ffpassau.de\/hauptwache\/author\/markuskornexl\/\"}]}<\/script>\n<!-- \/ Yoast SEO plugin. -->","yoast_head_json":{"title":"Ein stilles \u00d6rtchen f\u00fcr besondere Notf\u00e4lle - Feuerwehr Passau - L\u00f6schzug Hauptwache","robots":{"index":"index","follow":"follow","max-snippet":"max-snippet:-1","max-image-preview":"max-image-preview:large","max-video-preview":"max-video-preview:-1"},"canonical":"https:\/\/www.ffpassau.de\/hauptwache\/2022\/10\/28\/ein-stilles-oertchen-fuer-besondere-notfaelle\/","og_locale":"de_DE","og_type":"article","og_title":"Ein stilles \u00d6rtchen f\u00fcr besondere Notf\u00e4lle - Feuerwehr Passau - L\u00f6schzug Hauptwache","og_description":"Dass ein Feuerwehrmann w\u00e4hrend eines Einsatzes mal \u201emuss\u201c, liegt auf der Hand. Das erste Fahrzeug r\u00fcckt nur wenige Minuten nach Alarmierung aus. Wenige Minuten, in denen ein Mitglied der Wehr Nachts aufwacht, aufsteht, sich anzieht, zur Wache f\u00e4hrt, sich dort umzieht, ins Feuerwehrauto steigt und sich zum Einsatzort begibt. Bei diesem Zeitplan versteht sich von selbst, wof\u00fcr (oftmals) keine Zeit mehr bleibt. Das mag auf den ersten Blick skurril wirken. Ist aber eine ernstzunehmende Angelegenheit. Speziell dann, wenn abzusehen ist, dass ein Einsatz l\u00e4nger andauert. Und weit und breit kein Pl\u00e4tzchen f\u00fcr das dringende Bed\u00fcrfnis da ist. \u00dcber die Jahre hat sich gezeigt, dass auch oder gerade bei gr\u00f6\u00dferen Schadenslagen der Bedarf besteht, ein stilles \u00d6rtchen nahe dem Einsatzgeschehen zu wissen. Gerade nicht vorhandene Toilettenkonzepte f\u00fcr unsere weiblichen Kameradinnen sollten damit ebenso endg\u00fcltig der Vergangenheit angeh\u00f6ren. Unsere L\u00f6sung bietet das [&hellip;]","og_url":"https:\/\/www.ffpassau.de\/hauptwache\/2022\/10\/28\/ein-stilles-oertchen-fuer-besondere-notfaelle\/","og_site_name":"Feuerwehr Passau - L\u00f6schzug Hauptwache","article_published_time":"2022-10-28T21:26:54+00:00","article_modified_time":"2022-10-28T21:30:51+00:00","og_image":[{"width":1920,"height":1445,"url":"https:\/\/www.ffpassau.de\/hauptwache\/wp-content\/uploads\/sites\/4\/2022\/10\/2022-10-08_EasyToi_1.jpg","type":"image\/jpeg"}],"author":"Markus Kornexl","twitter_card":"summary_large_image","twitter_misc":{"Verfasst von":"Markus Kornexl","Gesch\u00e4tzte Lesezeit":"1\u00a0Minute"},"schema":{"@context":"https:\/\/schema.org","@graph":[{"@type":"Article","@id":"https:\/\/www.ffpassau.de\/hauptwache\/2022\/10\/28\/ein-stilles-oertchen-fuer-besondere-notfaelle\/#article","isPartOf":{"@id":"https:\/\/www.ffpassau.de\/hauptwache\/2022\/10\/28\/ein-stilles-oertchen-fuer-besondere-notfaelle\/"},"author":{"name":"Markus Kornexl","@id":"https:\/\/www.ffpassau.de\/hauptwache\/#\/schema\/person\/5ae0c9d446c9a5bab808bfc468e5d9d4"},"headline":"Ein stilles \u00d6rtchen f\u00fcr besondere Notf\u00e4lle","datePublished":"2022-10-28T21:26:54+00:00","dateModified":"2022-10-28T21:30:51+00:00","mainEntityOfPage":{"@id":"https:\/\/www.ffpassau.de\/hauptwache\/2022\/10\/28\/ein-stilles-oertchen-fuer-besondere-notfaelle\/"},"wordCount":237,"commentCount":0,"publisher":{"@id":"https:\/\/www.ffpassau.de\/hauptwache\/#organization"},"image":{"@id":"https:\/\/www.ffpassau.de\/hauptwache\/2022\/10\/28\/ein-stilles-oertchen-fuer-besondere-notfaelle\/#primaryimage"},"thumbnailUrl":"https:\/\/www.ffpassau.de\/hauptwache\/wp-content\/uploads\/sites\/4\/2022\/10\/2022-10-08_EasyToi_1.jpg","inLanguage":"de","potentialAction":[{"@type":"CommentAction","name":"Comment","target":["https:\/\/www.ffpassau.de\/hauptwache\/2022\/10\/28\/ein-stilles-oertchen-fuer-besondere-notfaelle\/#respond"]}]},{"@type":"WebPage","@id":"https:\/\/www.ffpassau.de\/hauptwache\/2022\/10\/28\/ein-stilles-oertchen-fuer-besondere-notfaelle\/","url":"https:\/\/www.ffpassau.de\/hauptwache\/2022\/10\/28\/ein-stilles-oertchen-fuer-besondere-notfaelle\/","name":"Ein stilles \u00d6rtchen f\u00fcr besondere Notf\u00e4lle - Feuerwehr Passau - L\u00f6schzug Hauptwache","isPartOf":{"@id":"https:\/\/www.ffpassau.de\/hauptwache\/#website"},"primaryImageOfPage":{"@id":"https:\/\/www.ffpassau.de\/hauptwache\/2022\/10\/28\/ein-stilles-oertchen-fuer-besondere-notfaelle\/#primaryimage"},"image":{"@id":"https:\/\/www.ffpassau.de\/hauptwache\/2022\/10\/28\/ein-stilles-oertchen-fuer-besondere-notfaelle\/#primaryimage"},"thumbnailUrl":"https:\/\/www.ffpassau.de\/hauptwache\/wp-content\/uploads\/sites\/4\/2022\/10\/2022-10-08_EasyToi_1.jpg","datePublished":"2022-10-28T21:26:54+00:00","dateModified":"2022-10-28T21:30:51+00:00","breadcrumb":{"@id":"https:\/\/www.ffpassau.de\/hauptwache\/2022\/10\/28\/ein-stilles-oertchen-fuer-besondere-notfaelle\/#breadcrumb"},"inLanguage":"de","potentialAction":[{"@type":"ReadAction","target":["https:\/\/www.ffpassau.de\/hauptwache\/2022\/10\/28\/ein-stilles-oertchen-fuer-besondere-notfaelle\/"]}]},{"@type":"ImageObject","inLanguage":"de","@id":"https:\/\/www.ffpassau.de\/hauptwache\/2022\/10\/28\/ein-stilles-oertchen-fuer-besondere-notfaelle\/#primaryimage","url":"https:\/\/www.ffpassau.de\/hauptwache\/wp-content\/uploads\/sites\/4\/2022\/10\/2022-10-08_EasyToi_1.jpg","contentUrl":"https:\/\/www.ffpassau.de\/hauptwache\/wp-content\/uploads\/sites\/4\/2022\/10\/2022-10-08_EasyToi_1.jpg","width":1920,"height":1445,"caption":"\u00a9 Markus Kornexl 2022"},{"@type":"BreadcrumbList","@id":"https:\/\/www.ffpassau.de\/hauptwache\/2022\/10\/28\/ein-stilles-oertchen-fuer-besondere-notfaelle\/#breadcrumb","itemListElement":[{"@type":"ListItem","position":1,"name":"Startseite","item":"https:\/\/www.ffpassau.de\/hauptwache\/"},{"@type":"ListItem","position":2,"name":"Ein stilles \u00d6rtchen f\u00fcr besondere Notf\u00e4lle"}]},{"@type":"WebSite","@id":"https:\/\/www.ffpassau.de\/hauptwache\/#website","url":"https:\/\/www.ffpassau.de\/hauptwache\/","name":"Feuerwehr Passau - L\u00f6schzug Hauptwache","description":"","publisher":{"@id":"https:\/\/www.ffpassau.de\/hauptwache\/#organization"},"potentialAction":[{"@type":"SearchAction","target":{"@type":"EntryPoint","urlTemplate":"https:\/\/www.ffpassau.de\/hauptwache\/?s={search_term_string}"},"query-input":{"@type":"PropertyValueSpecification","valueRequired":true,"valueName":"search_term_string"}}],"inLanguage":"de"},{"@type":"Organization","@id":"https:\/\/www.ffpassau.de\/hauptwache\/#organization","name":"Feuerwehr Passau - L\u00f6schzug Hauptwache","url":"https:\/\/www.ffpassau.de\/hauptwache\/","logo":{"@type":"ImageObject","inLanguage":"de","@id":"https:\/\/www.ffpassau.de\/hauptwache\/#\/schema\/logo\/image\/","url":"https:\/\/www.ffpassau.de\/hauptwache\/wp-content\/uploads\/sites\/4\/2020\/02\/lz_hauptwache_logo.svg","contentUrl":"https:\/\/www.ffpassau.de\/hauptwache\/wp-content\/uploads\/sites\/4\/2020\/02\/lz_hauptwache_logo.svg","width":1,"height":1,"caption":"Feuerwehr Passau - L\u00f6schzug Hauptwache"},"image":{"@id":"https:\/\/www.ffpassau.de\/hauptwache\/#\/schema\/logo\/image\/"}},{"@type":"Person","@id":"https:\/\/www.ffpassau.de\/hauptwache\/#\/schema\/person\/5ae0c9d446c9a5bab808bfc468e5d9d4","name":"Markus Kornexl","image":{"@type":"ImageObject","inLanguage":"de","@id":"https:\/\/www.ffpassau.de\/hauptwache\/#\/schema\/person\/image\/","url":"https:\/\/secure.gravatar.com\/avatar\/5ec59c8ad4f35a54a016a680fc15385d?s=96&d=mm&r=g","contentUrl":"https:\/\/secure.gravatar.com\/avatar\/5ec59c8ad4f35a54a016a680fc15385d?s=96&d=mm&r=g","caption":"Markus Kornexl"},"url":"https:\/\/www.ffpassau.de\/hauptwache\/author\/markuskornexl\/"}]}},"_links":{"self":[{"href":"https:\/\/www.ffpassau.de\/hauptwache\/wp-json\/wp\/v2\/posts\/1073","targetHints":{"allow":["GET"]}}],"collection":[{"href":"https:\/\/www.ffpassau.de\/hauptwache\/wp-json\/wp\/v2\/posts"}],"about":[{"href":"https:\/\/www.ffpassau.de\/hauptwache\/wp-json\/wp\/v2\/types\/post"}],"author":[{"embeddable":true,"href":"https:\/\/www.ffpassau.de\/hauptwache\/wp-json\/wp\/v2\/users\/4"}],"replies":[{"embeddable":true,"href":"https:\/\/www.ffpassau.de\/hauptwache\/wp-json\/wp\/v2\/comments?post=1073"}],"version-history":[{"count":2,"href":"https:\/\/www.ffpassau.de\/hauptwache\/wp-json\/wp\/v2\/posts\/1073\/revisions"}],"predecessor-version":[{"id":1081,"href":"https:\/\/www.ffpassau.de\/hauptwache\/wp-json\/wp\/v2\/posts\/1073\/revisions\/1081"}],"wp:featuredmedia":[{"embeddable":true,"href":"https:\/\/www.ffpassau.de\/hauptwache\/wp-json\/wp\/v2\/media\/1075"}],"wp:attachment":[{"href":"https:\/\/www.ffpassau.de\/hauptwache\/wp-json\/wp\/v2\/media?parent=1073"}],"wp:term":[{"taxonomy":"category","embeddable":true,"href":"https:\/\/www.ffpassau.de\/hauptwache\/wp-json\/wp\/v2\/categories?post=1073"},{"taxonomy":"post_tag","embeddable":true,"href":"https:\/\/www.ffpassau.de\/hauptwache\/wp-json\/wp\/v2\/tags?post=1073"}],"curies":[{"name":"wp","href":"https:\/\/api.w.org\/{rel}","templated":true}]}}