{"id":1166,"date":"2023-09-04T10:45:51","date_gmt":"2023-09-04T08:45:51","guid":{"rendered":"https:\/\/www.ffpassau.de\/hauptwache\/?p=1166"},"modified":"2023-09-04T10:45:51","modified_gmt":"2023-09-04T08:45:51","slug":"lange-nacht-der-feuerwehr-samstag-23-september-2023-ab-15-00-uhr","status":"publish","type":"post","link":"https:\/\/www.ffpassau.de\/hauptwache\/2023\/09\/04\/lange-nacht-der-feuerwehr-samstag-23-september-2023-ab-15-00-uhr\/","title":{"rendered":"Lange Nacht der Feuerwehr | Samstag 23. September 2023 ab 15.00 Uhr"},"content":{"rendered":"<p>HAUTNAHE EINBLICKE IN DIE ARBEIT DER FEUERWEHR<\/p>\n<p>Wir, die Freiwillige Feuerwehr, sind eine wichtige S\u00e4ule des t\u00e4glichen Lebens. In einem Notfall sind wir zur Stelle und helfen ad\u00e4quat aus jeder Situation. Gemeinsam und kameradschaftlich sind wir allem Gewachsen und f\u00fcllen das Ehrenamt Feuerwehr mit Leben, mit dem Grundgedanken des selbstlosen Einsatzes am N\u00e4chsten.<\/p>\n<p>An diesem Abend bieten wir allerlei interessante Informationen \u00fcber unsere Ausr\u00fcstung, unsere Fahrzeuge und unsere T\u00e4tigkeiten. Es besteht die M\u00f6glichkeit, unsere Fahrzeuge zu besichtigen und auch Ger\u00e4tschaften einmal selbst in die Hand zu nehmen. Im Bereich des Feuerwehrwesens gibt es zahlreiche Aufgaben, wo mit Sicherheit f\u00fcr jeden etwas dabei ist.<\/p>\n<p>Also: <strong>Save the Date \u2013 wir sehen uns am 23.09.2023 an der Hauptfeuerwache der Feuerwehr Passau<\/strong> (Leonhard-Paminger-Stra\u00dfe 20).<\/p>\n<p>Wir freuen uns auf Euren Besuch!<\/p>\n","protected":false},"excerpt":{"rendered":"<p>HAUTNAHE EINBLICKE IN DIE ARBEIT DER FEUERWEHR Wir, die Freiwillige Feuerwehr, sind eine wichtige S\u00e4ule des t\u00e4glichen Lebens. In einem Notfall sind wir zur Stelle und helfen ad\u00e4quat aus jeder Situation. Gemeinsam und kameradschaftlich sind wir allem Gewachsen und f\u00fcllen das Ehrenamt Feuerwehr mit Leben, mit dem Grundgedanken des selbstlosen Einsatzes am N\u00e4chsten. An diesem Abend bieten wir allerlei interessante Informationen \u00fcber unsere Ausr\u00fcstung, unsere Fahrzeuge und unsere T\u00e4tigkeiten. Es besteht die M\u00f6glichkeit, unsere Fahrzeuge zu besichtigen und auch Ger\u00e4tschaften einmal selbst in die Hand zu nehmen. Im Bereich des Feuerwehrwesens gibt es zahlreiche Aufgaben, wo mit Sicherheit f\u00fcr jeden etwas dabei ist. Also: Save the Date \u2013 wir sehen uns am 23.09.2023 an der Hauptfeuerwache der Feuerwehr Passau (Leonhard-Paminger-Stra\u00dfe 20). Wir freuen uns auf Euren Besuch!<\/p>\n","protected":false},"author":4,"featured_media":1167,"comment_status":"open","ping_status":"open","sticky":false,"template":"","format":"standard","meta":{"footnotes":""},"categories":[1],"tags":[],"class_list":["post-1166","post","type-post","status-publish","format-standard","has-post-thumbnail","hentry","category-allgemein"],"yoast_head":"<!-- This site is optimized with the Yoast SEO plugin v24.3 - https:\/\/yoast.com\/wordpress\/plugins\/seo\/ -->\n<title>Lange Nacht der Feuerwehr | Samstag 23. September 2023 ab 15.00 Uhr - Feuerwehr Passau - L\u00f6schzug Hauptwache<\/title>\n<meta name=\"robots\" content=\"index, follow, max-snippet:-1, max-image-preview:large, max-video-preview:-1\" \/>\n<link rel=\"canonical\" href=\"https:\/\/www.ffpassau.de\/hauptwache\/2023\/09\/04\/lange-nacht-der-feuerwehr-samstag-23-september-2023-ab-15-00-uhr\/\" \/>\n<meta property=\"og:locale\" content=\"de_DE\" \/>\n<meta property=\"og:type\" content=\"article\" \/>\n<meta property=\"og:title\" content=\"Lange Nacht der Feuerwehr | Samstag 23. September 2023 ab 15.00 Uhr - Feuerwehr Passau - L\u00f6schzug Hauptwache\" \/>\n<meta property=\"og:description\" content=\"HAUTNAHE EINBLICKE IN DIE ARBEIT DER FEUERWEHR Wir, die Freiwillige Feuerwehr, sind eine wichtige S\u00e4ule des t\u00e4glichen Lebens. In einem Notfall sind wir zur Stelle und helfen ad\u00e4quat aus jeder Situation. Gemeinsam und kameradschaftlich sind wir allem Gewachsen und f\u00fcllen das Ehrenamt Feuerwehr mit Leben, mit dem Grundgedanken des selbstlosen Einsatzes am N\u00e4chsten. An diesem Abend bieten wir allerlei interessante Informationen \u00fcber unsere Ausr\u00fcstung, unsere Fahrzeuge und unsere T\u00e4tigkeiten. Es besteht die M\u00f6glichkeit, unsere Fahrzeuge zu besichtigen und auch Ger\u00e4tschaften einmal selbst in die Hand zu nehmen. Im Bereich des Feuerwehrwesens gibt es zahlreiche Aufgaben, wo mit Sicherheit f\u00fcr jeden etwas dabei ist. Also: Save the Date \u2013 wir sehen uns am 23.09.2023 an der Hauptfeuerwache der Feuerwehr Passau (Leonhard-Paminger-Stra\u00dfe 20). Wir freuen uns auf Euren Besuch!\" \/>\n<meta property=\"og:url\" content=\"https:\/\/www.ffpassau.de\/hauptwache\/2023\/09\/04\/lange-nacht-der-feuerwehr-samstag-23-september-2023-ab-15-00-uhr\/\" \/>\n<meta property=\"og:site_name\" content=\"Feuerwehr Passau - L\u00f6schzug Hauptwache\" \/>\n<meta property=\"article:published_time\" content=\"2023-09-04T08:45:51+00:00\" \/>\n<meta property=\"og:image\" content=\"https:\/\/www.ffpassau.de\/hauptwache\/wp-content\/uploads\/sites\/4\/2023\/09\/Lange_Nacht_Feuerwehr_FRONT.jpg\" \/>\n\t<meta property=\"og:image:width\" content=\"1287\" \/>\n\t<meta property=\"og:image:height\" content=\"2528\" \/>\n\t<meta property=\"og:image:type\" content=\"image\/jpeg\" \/>\n<meta name=\"author\" content=\"Markus Kornexl\" \/>\n<meta name=\"twitter:card\" content=\"summary_large_image\" \/>\n<meta name=\"twitter:label1\" content=\"Verfasst von\" \/>\n\t<meta name=\"twitter:data1\" content=\"Markus Kornexl\" \/>\n\t<meta name=\"twitter:label2\" content=\"Gesch\u00e4tzte Lesezeit\" \/>\n\t<meta name=\"twitter:data2\" content=\"1\u00a0Minute\" \/>\n<script type=\"application\/ld+json\" class=\"yoast-schema-graph\">{\"@context\":\"https:\/\/schema.org\",\"@graph\":[{\"@type\":\"Article\",\"@id\":\"https:\/\/www.ffpassau.de\/hauptwache\/2023\/09\/04\/lange-nacht-der-feuerwehr-samstag-23-september-2023-ab-15-00-uhr\/#article\",\"isPartOf\":{\"@id\":\"https:\/\/www.ffpassau.de\/hauptwache\/2023\/09\/04\/lange-nacht-der-feuerwehr-samstag-23-september-2023-ab-15-00-uhr\/\"},\"author\":{\"name\":\"Markus Kornexl\",\"@id\":\"https:\/\/www.ffpassau.de\/hauptwache\/#\/schema\/person\/5ae0c9d446c9a5bab808bfc468e5d9d4\"},\"headline\":\"Lange Nacht der Feuerwehr | Samstag 23. September 2023 ab 15.00 Uhr\",\"datePublished\":\"2023-09-04T08:45:51+00:00\",\"dateModified\":\"2023-09-04T08:45:51+00:00\",\"mainEntityOfPage\":{\"@id\":\"https:\/\/www.ffpassau.de\/hauptwache\/2023\/09\/04\/lange-nacht-der-feuerwehr-samstag-23-september-2023-ab-15-00-uhr\/\"},\"wordCount\":143,\"commentCount\":0,\"publisher\":{\"@id\":\"https:\/\/www.ffpassau.de\/hauptwache\/#organization\"},\"image\":{\"@id\":\"https:\/\/www.ffpassau.de\/hauptwache\/2023\/09\/04\/lange-nacht-der-feuerwehr-samstag-23-september-2023-ab-15-00-uhr\/#primaryimage\"},\"thumbnailUrl\":\"https:\/\/www.ffpassau.de\/hauptwache\/wp-content\/uploads\/sites\/4\/2023\/09\/Lange_Nacht_Feuerwehr_FRONT.jpg\",\"inLanguage\":\"de\",\"potentialAction\":[{\"@type\":\"CommentAction\",\"name\":\"Comment\",\"target\":[\"https:\/\/www.ffpassau.de\/hauptwache\/2023\/09\/04\/lange-nacht-der-feuerwehr-samstag-23-september-2023-ab-15-00-uhr\/#respond\"]}]},{\"@type\":\"WebPage\",\"@id\":\"https:\/\/www.ffpassau.de\/hauptwache\/2023\/09\/04\/lange-nacht-der-feuerwehr-samstag-23-september-2023-ab-15-00-uhr\/\",\"url\":\"https:\/\/www.ffpassau.de\/hauptwache\/2023\/09\/04\/lange-nacht-der-feuerwehr-samstag-23-september-2023-ab-15-00-uhr\/\",\"name\":\"Lange Nacht der Feuerwehr | Samstag 23. September 2023 ab 15.00 Uhr - Feuerwehr Passau - L\u00f6schzug Hauptwache\",\"isPartOf\":{\"@id\":\"https:\/\/www.ffpassau.de\/hauptwache\/#website\"},\"primaryImageOfPage\":{\"@id\":\"https:\/\/www.ffpassau.de\/hauptwache\/2023\/09\/04\/lange-nacht-der-feuerwehr-samstag-23-september-2023-ab-15-00-uhr\/#primaryimage\"},\"image\":{\"@id\":\"https:\/\/www.ffpassau.de\/hauptwache\/2023\/09\/04\/lange-nacht-der-feuerwehr-samstag-23-september-2023-ab-15-00-uhr\/#primaryimage\"},\"thumbnailUrl\":\"https:\/\/www.ffpassau.de\/hauptwache\/wp-content\/uploads\/sites\/4\/2023\/09\/Lange_Nacht_Feuerwehr_FRONT.jpg\",\"datePublished\":\"2023-09-04T08:45:51+00:00\",\"dateModified\":\"2023-09-04T08:45:51+00:00\",\"breadcrumb\":{\"@id\":\"https:\/\/www.ffpassau.de\/hauptwache\/2023\/09\/04\/lange-nacht-der-feuerwehr-samstag-23-september-2023-ab-15-00-uhr\/#breadcrumb\"},\"inLanguage\":\"de\",\"potentialAction\":[{\"@type\":\"ReadAction\",\"target\":[\"https:\/\/www.ffpassau.de\/hauptwache\/2023\/09\/04\/lange-nacht-der-feuerwehr-samstag-23-september-2023-ab-15-00-uhr\/\"]}]},{\"@type\":\"ImageObject\",\"inLanguage\":\"de\",\"@id\":\"https:\/\/www.ffpassau.de\/hauptwache\/2023\/09\/04\/lange-nacht-der-feuerwehr-samstag-23-september-2023-ab-15-00-uhr\/#primaryimage\",\"url\":\"https:\/\/www.ffpassau.de\/hauptwache\/wp-content\/uploads\/sites\/4\/2023\/09\/Lange_Nacht_Feuerwehr_FRONT.jpg\",\"contentUrl\":\"https:\/\/www.ffpassau.de\/hauptwache\/wp-content\/uploads\/sites\/4\/2023\/09\/Lange_Nacht_Feuerwehr_FRONT.jpg\",\"width\":1287,\"height\":2528},{\"@type\":\"BreadcrumbList\",\"@id\":\"https:\/\/www.ffpassau.de\/hauptwache\/2023\/09\/04\/lange-nacht-der-feuerwehr-samstag-23-september-2023-ab-15-00-uhr\/#breadcrumb\",\"itemListElement\":[{\"@type\":\"ListItem\",\"position\":1,\"name\":\"Startseite\",\"item\":\"https:\/\/www.ffpassau.de\/hauptwache\/\"},{\"@type\":\"ListItem\",\"position\":2,\"name\":\"Lange Nacht der Feuerwehr | Samstag 23. September 2023 ab 15.00 Uhr\"}]},{\"@type\":\"WebSite\",\"@id\":\"https:\/\/www.ffpassau.de\/hauptwache\/#website\",\"url\":\"https:\/\/www.ffpassau.de\/hauptwache\/\",\"name\":\"Feuerwehr Passau - L\u00f6schzug Hauptwache\",\"description\":\"\",\"publisher\":{\"@id\":\"https:\/\/www.ffpassau.de\/hauptwache\/#organization\"},\"potentialAction\":[{\"@type\":\"SearchAction\",\"target\":{\"@type\":\"EntryPoint\",\"urlTemplate\":\"https:\/\/www.ffpassau.de\/hauptwache\/?s={search_term_string}\"},\"query-input\":{\"@type\":\"PropertyValueSpecification\",\"valueRequired\":true,\"valueName\":\"search_term_string\"}}],\"inLanguage\":\"de\"},{\"@type\":\"Organization\",\"@id\":\"https:\/\/www.ffpassau.de\/hauptwache\/#organization\",\"name\":\"Feuerwehr Passau - L\u00f6schzug Hauptwache\",\"url\":\"https:\/\/www.ffpassau.de\/hauptwache\/\",\"logo\":{\"@type\":\"ImageObject\",\"inLanguage\":\"de\",\"@id\":\"https:\/\/www.ffpassau.de\/hauptwache\/#\/schema\/logo\/image\/\",\"url\":\"https:\/\/www.ffpassau.de\/hauptwache\/wp-content\/uploads\/sites\/4\/2020\/02\/lz_hauptwache_logo.svg\",\"contentUrl\":\"https:\/\/www.ffpassau.de\/hauptwache\/wp-content\/uploads\/sites\/4\/2020\/02\/lz_hauptwache_logo.svg\",\"width\":1,\"height\":1,\"caption\":\"Feuerwehr Passau - L\u00f6schzug Hauptwache\"},\"image\":{\"@id\":\"https:\/\/www.ffpassau.de\/hauptwache\/#\/schema\/logo\/image\/\"}},{\"@type\":\"Person\",\"@id\":\"https:\/\/www.ffpassau.de\/hauptwache\/#\/schema\/person\/5ae0c9d446c9a5bab808bfc468e5d9d4\",\"name\":\"Markus Kornexl\",\"image\":{\"@type\":\"ImageObject\",\"inLanguage\":\"de\",\"@id\":\"https:\/\/www.ffpassau.de\/hauptwache\/#\/schema\/person\/image\/\",\"url\":\"https:\/\/secure.gravatar.com\/avatar\/5ec59c8ad4f35a54a016a680fc15385d?s=96&d=mm&r=g\",\"contentUrl\":\"https:\/\/secure.gravatar.com\/avatar\/5ec59c8ad4f35a54a016a680fc15385d?s=96&d=mm&r=g\",\"caption\":\"Markus Kornexl\"},\"url\":\"https:\/\/www.ffpassau.de\/hauptwache\/author\/markuskornexl\/\"}]}<\/script>\n<!-- \/ Yoast SEO plugin. -->","yoast_head_json":{"title":"Lange Nacht der Feuerwehr | Samstag 23. September 2023 ab 15.00 Uhr - Feuerwehr Passau - L\u00f6schzug Hauptwache","robots":{"index":"index","follow":"follow","max-snippet":"max-snippet:-1","max-image-preview":"max-image-preview:large","max-video-preview":"max-video-preview:-1"},"canonical":"https:\/\/www.ffpassau.de\/hauptwache\/2023\/09\/04\/lange-nacht-der-feuerwehr-samstag-23-september-2023-ab-15-00-uhr\/","og_locale":"de_DE","og_type":"article","og_title":"Lange Nacht der Feuerwehr | Samstag 23. September 2023 ab 15.00 Uhr - Feuerwehr Passau - L\u00f6schzug Hauptwache","og_description":"HAUTNAHE EINBLICKE IN DIE ARBEIT DER FEUERWEHR Wir, die Freiwillige Feuerwehr, sind eine wichtige S\u00e4ule des t\u00e4glichen Lebens. In einem Notfall sind wir zur Stelle und helfen ad\u00e4quat aus jeder Situation. Gemeinsam und kameradschaftlich sind wir allem Gewachsen und f\u00fcllen das Ehrenamt Feuerwehr mit Leben, mit dem Grundgedanken des selbstlosen Einsatzes am N\u00e4chsten. An diesem Abend bieten wir allerlei interessante Informationen \u00fcber unsere Ausr\u00fcstung, unsere Fahrzeuge und unsere T\u00e4tigkeiten. Es besteht die M\u00f6glichkeit, unsere Fahrzeuge zu besichtigen und auch Ger\u00e4tschaften einmal selbst in die Hand zu nehmen. Im Bereich des Feuerwehrwesens gibt es zahlreiche Aufgaben, wo mit Sicherheit f\u00fcr jeden etwas dabei ist. Also: Save the Date \u2013 wir sehen uns am 23.09.2023 an der Hauptfeuerwache der Feuerwehr Passau (Leonhard-Paminger-Stra\u00dfe 20). Wir freuen uns auf Euren Besuch!","og_url":"https:\/\/www.ffpassau.de\/hauptwache\/2023\/09\/04\/lange-nacht-der-feuerwehr-samstag-23-september-2023-ab-15-00-uhr\/","og_site_name":"Feuerwehr Passau - L\u00f6schzug Hauptwache","article_published_time":"2023-09-04T08:45:51+00:00","og_image":[{"width":1287,"height":2528,"url":"https:\/\/www.ffpassau.de\/hauptwache\/wp-content\/uploads\/sites\/4\/2023\/09\/Lange_Nacht_Feuerwehr_FRONT.jpg","type":"image\/jpeg"}],"author":"Markus Kornexl","twitter_card":"summary_large_image","twitter_misc":{"Verfasst von":"Markus Kornexl","Gesch\u00e4tzte Lesezeit":"1\u00a0Minute"},"schema":{"@context":"https:\/\/schema.org","@graph":[{"@type":"Article","@id":"https:\/\/www.ffpassau.de\/hauptwache\/2023\/09\/04\/lange-nacht-der-feuerwehr-samstag-23-september-2023-ab-15-00-uhr\/#article","isPartOf":{"@id":"https:\/\/www.ffpassau.de\/hauptwache\/2023\/09\/04\/lange-nacht-der-feuerwehr-samstag-23-september-2023-ab-15-00-uhr\/"},"author":{"name":"Markus Kornexl","@id":"https:\/\/www.ffpassau.de\/hauptwache\/#\/schema\/person\/5ae0c9d446c9a5bab808bfc468e5d9d4"},"headline":"Lange Nacht der Feuerwehr | Samstag 23. September 2023 ab 15.00 Uhr","datePublished":"2023-09-04T08:45:51+00:00","dateModified":"2023-09-04T08:45:51+00:00","mainEntityOfPage":{"@id":"https:\/\/www.ffpassau.de\/hauptwache\/2023\/09\/04\/lange-nacht-der-feuerwehr-samstag-23-september-2023-ab-15-00-uhr\/"},"wordCount":143,"commentCount":0,"publisher":{"@id":"https:\/\/www.ffpassau.de\/hauptwache\/#organization"},"image":{"@id":"https:\/\/www.ffpassau.de\/hauptwache\/2023\/09\/04\/lange-nacht-der-feuerwehr-samstag-23-september-2023-ab-15-00-uhr\/#primaryimage"},"thumbnailUrl":"https:\/\/www.ffpassau.de\/hauptwache\/wp-content\/uploads\/sites\/4\/2023\/09\/Lange_Nacht_Feuerwehr_FRONT.jpg","inLanguage":"de","potentialAction":[{"@type":"CommentAction","name":"Comment","target":["https:\/\/www.ffpassau.de\/hauptwache\/2023\/09\/04\/lange-nacht-der-feuerwehr-samstag-23-september-2023-ab-15-00-uhr\/#respond"]}]},{"@type":"WebPage","@id":"https:\/\/www.ffpassau.de\/hauptwache\/2023\/09\/04\/lange-nacht-der-feuerwehr-samstag-23-september-2023-ab-15-00-uhr\/","url":"https:\/\/www.ffpassau.de\/hauptwache\/2023\/09\/04\/lange-nacht-der-feuerwehr-samstag-23-september-2023-ab-15-00-uhr\/","name":"Lange Nacht der Feuerwehr | Samstag 23. September 2023 ab 15.00 Uhr - Feuerwehr Passau - L\u00f6schzug Hauptwache","isPartOf":{"@id":"https:\/\/www.ffpassau.de\/hauptwache\/#website"},"primaryImageOfPage":{"@id":"https:\/\/www.ffpassau.de\/hauptwache\/2023\/09\/04\/lange-nacht-der-feuerwehr-samstag-23-september-2023-ab-15-00-uhr\/#primaryimage"},"image":{"@id":"https:\/\/www.ffpassau.de\/hauptwache\/2023\/09\/04\/lange-nacht-der-feuerwehr-samstag-23-september-2023-ab-15-00-uhr\/#primaryimage"},"thumbnailUrl":"https:\/\/www.ffpassau.de\/hauptwache\/wp-content\/uploads\/sites\/4\/2023\/09\/Lange_Nacht_Feuerwehr_FRONT.jpg","datePublished":"2023-09-04T08:45:51+00:00","dateModified":"2023-09-04T08:45:51+00:00","breadcrumb":{"@id":"https:\/\/www.ffpassau.de\/hauptwache\/2023\/09\/04\/lange-nacht-der-feuerwehr-samstag-23-september-2023-ab-15-00-uhr\/#breadcrumb"},"inLanguage":"de","potentialAction":[{"@type":"ReadAction","target":["https:\/\/www.ffpassau.de\/hauptwache\/2023\/09\/04\/lange-nacht-der-feuerwehr-samstag-23-september-2023-ab-15-00-uhr\/"]}]},{"@type":"ImageObject","inLanguage":"de","@id":"https:\/\/www.ffpassau.de\/hauptwache\/2023\/09\/04\/lange-nacht-der-feuerwehr-samstag-23-september-2023-ab-15-00-uhr\/#primaryimage","url":"https:\/\/www.ffpassau.de\/hauptwache\/wp-content\/uploads\/sites\/4\/2023\/09\/Lange_Nacht_Feuerwehr_FRONT.jpg","contentUrl":"https:\/\/www.ffpassau.de\/hauptwache\/wp-content\/uploads\/sites\/4\/2023\/09\/Lange_Nacht_Feuerwehr_FRONT.jpg","width":1287,"height":2528},{"@type":"BreadcrumbList","@id":"https:\/\/www.ffpassau.de\/hauptwache\/2023\/09\/04\/lange-nacht-der-feuerwehr-samstag-23-september-2023-ab-15-00-uhr\/#breadcrumb","itemListElement":[{"@type":"ListItem","position":1,"name":"Startseite","item":"https:\/\/www.ffpassau.de\/hauptwache\/"},{"@type":"ListItem","position":2,"name":"Lange Nacht der Feuerwehr | Samstag 23. September 2023 ab 15.00 Uhr"}]},{"@type":"WebSite","@id":"https:\/\/www.ffpassau.de\/hauptwache\/#website","url":"https:\/\/www.ffpassau.de\/hauptwache\/","name":"Feuerwehr Passau - L\u00f6schzug Hauptwache","description":"","publisher":{"@id":"https:\/\/www.ffpassau.de\/hauptwache\/#organization"},"potentialAction":[{"@type":"SearchAction","target":{"@type":"EntryPoint","urlTemplate":"https:\/\/www.ffpassau.de\/hauptwache\/?s={search_term_string}"},"query-input":{"@type":"PropertyValueSpecification","valueRequired":true,"valueName":"search_term_string"}}],"inLanguage":"de"},{"@type":"Organization","@id":"https:\/\/www.ffpassau.de\/hauptwache\/#organization","name":"Feuerwehr Passau - L\u00f6schzug Hauptwache","url":"https:\/\/www.ffpassau.de\/hauptwache\/","logo":{"@type":"ImageObject","inLanguage":"de","@id":"https:\/\/www.ffpassau.de\/hauptwache\/#\/schema\/logo\/image\/","url":"https:\/\/www.ffpassau.de\/hauptwache\/wp-content\/uploads\/sites\/4\/2020\/02\/lz_hauptwache_logo.svg","contentUrl":"https:\/\/www.ffpassau.de\/hauptwache\/wp-content\/uploads\/sites\/4\/2020\/02\/lz_hauptwache_logo.svg","width":1,"height":1,"caption":"Feuerwehr Passau - L\u00f6schzug Hauptwache"},"image":{"@id":"https:\/\/www.ffpassau.de\/hauptwache\/#\/schema\/logo\/image\/"}},{"@type":"Person","@id":"https:\/\/www.ffpassau.de\/hauptwache\/#\/schema\/person\/5ae0c9d446c9a5bab808bfc468e5d9d4","name":"Markus Kornexl","image":{"@type":"ImageObject","inLanguage":"de","@id":"https:\/\/www.ffpassau.de\/hauptwache\/#\/schema\/person\/image\/","url":"https:\/\/secure.gravatar.com\/avatar\/5ec59c8ad4f35a54a016a680fc15385d?s=96&d=mm&r=g","contentUrl":"https:\/\/secure.gravatar.com\/avatar\/5ec59c8ad4f35a54a016a680fc15385d?s=96&d=mm&r=g","caption":"Markus Kornexl"},"url":"https:\/\/www.ffpassau.de\/hauptwache\/author\/markuskornexl\/"}]}},"_links":{"self":[{"href":"https:\/\/www.ffpassau.de\/hauptwache\/wp-json\/wp\/v2\/posts\/1166","targetHints":{"allow":["GET"]}}],"collection":[{"href":"https:\/\/www.ffpassau.de\/hauptwache\/wp-json\/wp\/v2\/posts"}],"about":[{"href":"https:\/\/www.ffpassau.de\/hauptwache\/wp-json\/wp\/v2\/types\/post"}],"author":[{"embeddable":true,"href":"https:\/\/www.ffpassau.de\/hauptwache\/wp-json\/wp\/v2\/users\/4"}],"replies":[{"embeddable":true,"href":"https:\/\/www.ffpassau.de\/hauptwache\/wp-json\/wp\/v2\/comments?post=1166"}],"version-history":[{"count":1,"href":"https:\/\/www.ffpassau.de\/hauptwache\/wp-json\/wp\/v2\/posts\/1166\/revisions"}],"predecessor-version":[{"id":1169,"href":"https:\/\/www.ffpassau.de\/hauptwache\/wp-json\/wp\/v2\/posts\/1166\/revisions\/1169"}],"wp:featuredmedia":[{"embeddable":true,"href":"https:\/\/www.ffpassau.de\/hauptwache\/wp-json\/wp\/v2\/media\/1167"}],"wp:attachment":[{"href":"https:\/\/www.ffpassau.de\/hauptwache\/wp-json\/wp\/v2\/media?parent=1166"}],"wp:term":[{"taxonomy":"category","embeddable":true,"href":"https:\/\/www.ffpassau.de\/hauptwache\/wp-json\/wp\/v2\/categories?post=1166"},{"taxonomy":"post_tag","embeddable":true,"href":"https:\/\/www.ffpassau.de\/hauptwache\/wp-json\/wp\/v2\/tags?post=1166"}],"curies":[{"name":"wp","href":"https:\/\/api.w.org\/{rel}","templated":true}]}}