{"id":1419,"date":"2025-04-27T12:26:22","date_gmt":"2025-04-27T10:26:22","guid":{"rendered":"https:\/\/www.ffpassau.de\/hauptwache\/?p=1419"},"modified":"2025-04-27T12:26:22","modified_gmt":"2025-04-27T10:26:22","slug":"sicher-und-professionell-ans-ziel-kraftfahrerweiterbildung","status":"publish","type":"post","link":"https:\/\/www.ffpassau.de\/hauptwache\/2025\/04\/27\/sicher-und-professionell-ans-ziel-kraftfahrerweiterbildung\/","title":{"rendered":"Sicher und professionell ans Ziel: Kraftfahrerweiterbildung"},"content":{"rendered":"<p style=\"font-weight: 400;\">Um die Sicherheit im Einsatzdienst weiterhin auf h\u00f6chstem Niveau zu gew\u00e4hrleisten, f\u00fchrte der L\u00f6schzug Hauptwache der Feuerwehr Passau eine umfassende Kraftfahrerweiterbildung durch. Insgesamt 21 Teilnehmer, darunter Stadtbrandrat Andreas Dittlmann und Zugf\u00fchrer Tobias Gleixner, nahmen an der Veranstaltung teil.<\/p>\n<p style=\"font-weight: 400;\">Organisiert wurde die Weiterbildung von Thomas Sageder, Ausbilder der Maschinisten im L\u00f6schzug Hauptwache. Unterst\u00fctzt wurde die Feuerwehr Passau dabei von der Verkehrswacht Stadt und Landkreis Passau e. V. mit den erfahrenen Ausbildern Ludwig Reitmaier (Moderator), Fredy Nowak (Moderator und Fahrschullehrer), Thomas Fuchs (stellvertretender Gruppenf\u00fchrer) sowie J\u00f6rg Witkowski (Gruppenf\u00fchrer).<\/p>\n<p style=\"font-weight: 400;\">Den Auftakt bildete ein theoretischer Unterricht, der sich insbesondere den Sonder- und Wegerechten im Einsatzfall widmete. Danach fand praktische und theoretische Ausbildung im Wechsel statt: W\u00e4hrend eine Gruppe an neun verschiedenen Stationen ein intensives Geschicklichkeitstraining mit Einsatzfahrzeugen \u2013 darunter Kleinalarmfahrzeug, Einsatzleitwagen, Drehleiter und Hilfeleistungsl\u00f6schgruppenfahrzeug \u00a0\u2013 absolvierte, vertiefte die zweite Gruppe ihr Wissen zu Rechten, Pflichten und Versicherungsschutz im Feuerwehrdienst.<\/p>\n<p style=\"font-weight: 400;\">Mit viel Engagement und Leidenschaft wurde an diesem Tag ge\u00fcbt, trainiert und Wissen vertieft. Die Teilnehmer zeigten dabei gro\u00dfen Ehrgeiz und waren hochzufrieden mit den vermittelten Inhalten.<\/p>\n","protected":false},"excerpt":{"rendered":"<p>Um die Sicherheit im Einsatzdienst weiterhin auf h\u00f6chstem Niveau zu gew\u00e4hrleisten, f\u00fchrte der L\u00f6schzug Hauptwache der Feuerwehr Passau eine umfassende Kraftfahrerweiterbildung durch. Insgesamt 21 Teilnehmer, darunter Stadtbrandrat Andreas Dittlmann und Zugf\u00fchrer Tobias Gleixner, nahmen an der Veranstaltung teil. Organisiert wurde die Weiterbildung von Thomas Sageder, Ausbilder der Maschinisten im L\u00f6schzug Hauptwache. Unterst\u00fctzt wurde die Feuerwehr Passau dabei von der Verkehrswacht Stadt und Landkreis Passau e. V. mit den erfahrenen Ausbildern Ludwig Reitmaier (Moderator), Fredy Nowak (Moderator und Fahrschullehrer), Thomas Fuchs (stellvertretender Gruppenf\u00fchrer) sowie J\u00f6rg Witkowski (Gruppenf\u00fchrer). Den Auftakt bildete ein theoretischer Unterricht, der sich insbesondere den Sonder- und Wegerechten im Einsatzfall widmete. Danach fand praktische und theoretische Ausbildung im Wechsel statt: W\u00e4hrend eine Gruppe an neun verschiedenen Stationen ein intensives Geschicklichkeitstraining mit Einsatzfahrzeugen \u2013 darunter Kleinalarmfahrzeug, Einsatzleitwagen, Drehleiter und Hilfeleistungsl\u00f6schgruppenfahrzeug \u00a0\u2013 absolvierte, vertiefte die zweite Gruppe ihr Wissen zu Rechten, [&hellip;]<\/p>\n","protected":false},"author":4,"featured_media":1421,"comment_status":"open","ping_status":"open","sticky":false,"template":"","format":"standard","meta":{"footnotes":""},"categories":[1],"tags":[],"class_list":["post-1419","post","type-post","status-publish","format-standard","has-post-thumbnail","hentry","category-allgemein"],"yoast_head":"<!-- This site is optimized with the Yoast SEO plugin v24.3 - https:\/\/yoast.com\/wordpress\/plugins\/seo\/ -->\n<title>Sicher und professionell ans Ziel: Kraftfahrerweiterbildung - Feuerwehr Passau - L\u00f6schzug Hauptwache<\/title>\n<meta name=\"robots\" content=\"index, follow, max-snippet:-1, max-image-preview:large, max-video-preview:-1\" \/>\n<link rel=\"canonical\" href=\"https:\/\/www.ffpassau.de\/hauptwache\/2025\/04\/27\/sicher-und-professionell-ans-ziel-kraftfahrerweiterbildung\/\" \/>\n<meta property=\"og:locale\" content=\"de_DE\" \/>\n<meta property=\"og:type\" content=\"article\" \/>\n<meta property=\"og:title\" content=\"Sicher und professionell ans Ziel: Kraftfahrerweiterbildung - Feuerwehr Passau - L\u00f6schzug Hauptwache\" \/>\n<meta property=\"og:description\" content=\"Um die Sicherheit im Einsatzdienst weiterhin auf h\u00f6chstem Niveau zu gew\u00e4hrleisten, f\u00fchrte der L\u00f6schzug Hauptwache der Feuerwehr Passau eine umfassende Kraftfahrerweiterbildung durch. Insgesamt 21 Teilnehmer, darunter Stadtbrandrat Andreas Dittlmann und Zugf\u00fchrer Tobias Gleixner, nahmen an der Veranstaltung teil. Organisiert wurde die Weiterbildung von Thomas Sageder, Ausbilder der Maschinisten im L\u00f6schzug Hauptwache. Unterst\u00fctzt wurde die Feuerwehr Passau dabei von der Verkehrswacht Stadt und Landkreis Passau e. V. mit den erfahrenen Ausbildern Ludwig Reitmaier (Moderator), Fredy Nowak (Moderator und Fahrschullehrer), Thomas Fuchs (stellvertretender Gruppenf\u00fchrer) sowie J\u00f6rg Witkowski (Gruppenf\u00fchrer). Den Auftakt bildete ein theoretischer Unterricht, der sich insbesondere den Sonder- und Wegerechten im Einsatzfall widmete. Danach fand praktische und theoretische Ausbildung im Wechsel statt: W\u00e4hrend eine Gruppe an neun verschiedenen Stationen ein intensives Geschicklichkeitstraining mit Einsatzfahrzeugen \u2013 darunter Kleinalarmfahrzeug, Einsatzleitwagen, Drehleiter und Hilfeleistungsl\u00f6schgruppenfahrzeug \u00a0\u2013 absolvierte, vertiefte die zweite Gruppe ihr Wissen zu Rechten, [&hellip;]\" \/>\n<meta property=\"og:url\" content=\"https:\/\/www.ffpassau.de\/hauptwache\/2025\/04\/27\/sicher-und-professionell-ans-ziel-kraftfahrerweiterbildung\/\" \/>\n<meta property=\"og:site_name\" content=\"Feuerwehr Passau - L\u00f6schzug Hauptwache\" \/>\n<meta property=\"article:published_time\" content=\"2025-04-27T10:26:22+00:00\" \/>\n<meta property=\"og:image\" content=\"https:\/\/www.ffpassau.de\/hauptwache\/wp-content\/uploads\/sites\/4\/2025\/04\/2025-04-26-Fahrsicherheitstraining-2-1024x771.jpg\" \/>\n\t<meta property=\"og:image:width\" content=\"1024\" \/>\n\t<meta property=\"og:image:height\" content=\"771\" \/>\n\t<meta property=\"og:image:type\" content=\"image\/jpeg\" \/>\n<meta name=\"author\" content=\"Markus Kornexl\" \/>\n<meta name=\"twitter:card\" content=\"summary_large_image\" \/>\n<meta name=\"twitter:label1\" content=\"Verfasst von\" \/>\n\t<meta name=\"twitter:data1\" content=\"Markus Kornexl\" \/>\n\t<meta name=\"twitter:label2\" content=\"Gesch\u00e4tzte Lesezeit\" \/>\n\t<meta name=\"twitter:data2\" content=\"2\u00a0Minuten\" \/>\n<script type=\"application\/ld+json\" class=\"yoast-schema-graph\">{\"@context\":\"https:\/\/schema.org\",\"@graph\":[{\"@type\":\"Article\",\"@id\":\"https:\/\/www.ffpassau.de\/hauptwache\/2025\/04\/27\/sicher-und-professionell-ans-ziel-kraftfahrerweiterbildung\/#article\",\"isPartOf\":{\"@id\":\"https:\/\/www.ffpassau.de\/hauptwache\/2025\/04\/27\/sicher-und-professionell-ans-ziel-kraftfahrerweiterbildung\/\"},\"author\":{\"name\":\"Markus Kornexl\",\"@id\":\"https:\/\/www.ffpassau.de\/hauptwache\/#\/schema\/person\/5ae0c9d446c9a5bab808bfc468e5d9d4\"},\"headline\":\"Sicher und professionell ans Ziel: Kraftfahrerweiterbildung\",\"datePublished\":\"2025-04-27T10:26:22+00:00\",\"dateModified\":\"2025-04-27T10:26:22+00:00\",\"mainEntityOfPage\":{\"@id\":\"https:\/\/www.ffpassau.de\/hauptwache\/2025\/04\/27\/sicher-und-professionell-ans-ziel-kraftfahrerweiterbildung\/\"},\"wordCount\":189,\"commentCount\":0,\"publisher\":{\"@id\":\"https:\/\/www.ffpassau.de\/hauptwache\/#organization\"},\"image\":{\"@id\":\"https:\/\/www.ffpassau.de\/hauptwache\/2025\/04\/27\/sicher-und-professionell-ans-ziel-kraftfahrerweiterbildung\/#primaryimage\"},\"thumbnailUrl\":\"https:\/\/www.ffpassau.de\/hauptwache\/wp-content\/uploads\/sites\/4\/2025\/04\/2025-04-26-Fahrsicherheitstraining-2.jpg\",\"inLanguage\":\"de\",\"potentialAction\":[{\"@type\":\"CommentAction\",\"name\":\"Comment\",\"target\":[\"https:\/\/www.ffpassau.de\/hauptwache\/2025\/04\/27\/sicher-und-professionell-ans-ziel-kraftfahrerweiterbildung\/#respond\"]}]},{\"@type\":\"WebPage\",\"@id\":\"https:\/\/www.ffpassau.de\/hauptwache\/2025\/04\/27\/sicher-und-professionell-ans-ziel-kraftfahrerweiterbildung\/\",\"url\":\"https:\/\/www.ffpassau.de\/hauptwache\/2025\/04\/27\/sicher-und-professionell-ans-ziel-kraftfahrerweiterbildung\/\",\"name\":\"Sicher und professionell ans Ziel: Kraftfahrerweiterbildung - Feuerwehr Passau - L\u00f6schzug Hauptwache\",\"isPartOf\":{\"@id\":\"https:\/\/www.ffpassau.de\/hauptwache\/#website\"},\"primaryImageOfPage\":{\"@id\":\"https:\/\/www.ffpassau.de\/hauptwache\/2025\/04\/27\/sicher-und-professionell-ans-ziel-kraftfahrerweiterbildung\/#primaryimage\"},\"image\":{\"@id\":\"https:\/\/www.ffpassau.de\/hauptwache\/2025\/04\/27\/sicher-und-professionell-ans-ziel-kraftfahrerweiterbildung\/#primaryimage\"},\"thumbnailUrl\":\"https:\/\/www.ffpassau.de\/hauptwache\/wp-content\/uploads\/sites\/4\/2025\/04\/2025-04-26-Fahrsicherheitstraining-2.jpg\",\"datePublished\":\"2025-04-27T10:26:22+00:00\",\"dateModified\":\"2025-04-27T10:26:22+00:00\",\"breadcrumb\":{\"@id\":\"https:\/\/www.ffpassau.de\/hauptwache\/2025\/04\/27\/sicher-und-professionell-ans-ziel-kraftfahrerweiterbildung\/#breadcrumb\"},\"inLanguage\":\"de\",\"potentialAction\":[{\"@type\":\"ReadAction\",\"target\":[\"https:\/\/www.ffpassau.de\/hauptwache\/2025\/04\/27\/sicher-und-professionell-ans-ziel-kraftfahrerweiterbildung\/\"]}]},{\"@type\":\"ImageObject\",\"inLanguage\":\"de\",\"@id\":\"https:\/\/www.ffpassau.de\/hauptwache\/2025\/04\/27\/sicher-und-professionell-ans-ziel-kraftfahrerweiterbildung\/#primaryimage\",\"url\":\"https:\/\/www.ffpassau.de\/hauptwache\/wp-content\/uploads\/sites\/4\/2025\/04\/2025-04-26-Fahrsicherheitstraining-2.jpg\",\"contentUrl\":\"https:\/\/www.ffpassau.de\/hauptwache\/wp-content\/uploads\/sites\/4\/2025\/04\/2025-04-26-Fahrsicherheitstraining-2.jpg\",\"width\":2048,\"height\":1542},{\"@type\":\"BreadcrumbList\",\"@id\":\"https:\/\/www.ffpassau.de\/hauptwache\/2025\/04\/27\/sicher-und-professionell-ans-ziel-kraftfahrerweiterbildung\/#breadcrumb\",\"itemListElement\":[{\"@type\":\"ListItem\",\"position\":1,\"name\":\"Startseite\",\"item\":\"https:\/\/www.ffpassau.de\/hauptwache\/\"},{\"@type\":\"ListItem\",\"position\":2,\"name\":\"Sicher und professionell ans Ziel: Kraftfahrerweiterbildung\"}]},{\"@type\":\"WebSite\",\"@id\":\"https:\/\/www.ffpassau.de\/hauptwache\/#website\",\"url\":\"https:\/\/www.ffpassau.de\/hauptwache\/\",\"name\":\"Feuerwehr Passau - L\u00f6schzug Hauptwache\",\"description\":\"\",\"publisher\":{\"@id\":\"https:\/\/www.ffpassau.de\/hauptwache\/#organization\"},\"potentialAction\":[{\"@type\":\"SearchAction\",\"target\":{\"@type\":\"EntryPoint\",\"urlTemplate\":\"https:\/\/www.ffpassau.de\/hauptwache\/?s={search_term_string}\"},\"query-input\":{\"@type\":\"PropertyValueSpecification\",\"valueRequired\":true,\"valueName\":\"search_term_string\"}}],\"inLanguage\":\"de\"},{\"@type\":\"Organization\",\"@id\":\"https:\/\/www.ffpassau.de\/hauptwache\/#organization\",\"name\":\"Feuerwehr Passau - L\u00f6schzug Hauptwache\",\"url\":\"https:\/\/www.ffpassau.de\/hauptwache\/\",\"logo\":{\"@type\":\"ImageObject\",\"inLanguage\":\"de\",\"@id\":\"https:\/\/www.ffpassau.de\/hauptwache\/#\/schema\/logo\/image\/\",\"url\":\"https:\/\/www.ffpassau.de\/hauptwache\/wp-content\/uploads\/sites\/4\/2020\/02\/lz_hauptwache_logo.svg\",\"contentUrl\":\"https:\/\/www.ffpassau.de\/hauptwache\/wp-content\/uploads\/sites\/4\/2020\/02\/lz_hauptwache_logo.svg\",\"width\":1,\"height\":1,\"caption\":\"Feuerwehr Passau - L\u00f6schzug Hauptwache\"},\"image\":{\"@id\":\"https:\/\/www.ffpassau.de\/hauptwache\/#\/schema\/logo\/image\/\"}},{\"@type\":\"Person\",\"@id\":\"https:\/\/www.ffpassau.de\/hauptwache\/#\/schema\/person\/5ae0c9d446c9a5bab808bfc468e5d9d4\",\"name\":\"Markus Kornexl\",\"image\":{\"@type\":\"ImageObject\",\"inLanguage\":\"de\",\"@id\":\"https:\/\/www.ffpassau.de\/hauptwache\/#\/schema\/person\/image\/\",\"url\":\"https:\/\/secure.gravatar.com\/avatar\/5ec59c8ad4f35a54a016a680fc15385d?s=96&d=mm&r=g\",\"contentUrl\":\"https:\/\/secure.gravatar.com\/avatar\/5ec59c8ad4f35a54a016a680fc15385d?s=96&d=mm&r=g\",\"caption\":\"Markus Kornexl\"},\"url\":\"https:\/\/www.ffpassau.de\/hauptwache\/author\/markuskornexl\/\"}]}<\/script>\n<!-- \/ Yoast SEO plugin. -->","yoast_head_json":{"title":"Sicher und professionell ans Ziel: Kraftfahrerweiterbildung - Feuerwehr Passau - L\u00f6schzug Hauptwache","robots":{"index":"index","follow":"follow","max-snippet":"max-snippet:-1","max-image-preview":"max-image-preview:large","max-video-preview":"max-video-preview:-1"},"canonical":"https:\/\/www.ffpassau.de\/hauptwache\/2025\/04\/27\/sicher-und-professionell-ans-ziel-kraftfahrerweiterbildung\/","og_locale":"de_DE","og_type":"article","og_title":"Sicher und professionell ans Ziel: Kraftfahrerweiterbildung - Feuerwehr Passau - L\u00f6schzug Hauptwache","og_description":"Um die Sicherheit im Einsatzdienst weiterhin auf h\u00f6chstem Niveau zu gew\u00e4hrleisten, f\u00fchrte der L\u00f6schzug Hauptwache der Feuerwehr Passau eine umfassende Kraftfahrerweiterbildung durch. Insgesamt 21 Teilnehmer, darunter Stadtbrandrat Andreas Dittlmann und Zugf\u00fchrer Tobias Gleixner, nahmen an der Veranstaltung teil. Organisiert wurde die Weiterbildung von Thomas Sageder, Ausbilder der Maschinisten im L\u00f6schzug Hauptwache. Unterst\u00fctzt wurde die Feuerwehr Passau dabei von der Verkehrswacht Stadt und Landkreis Passau e. V. mit den erfahrenen Ausbildern Ludwig Reitmaier (Moderator), Fredy Nowak (Moderator und Fahrschullehrer), Thomas Fuchs (stellvertretender Gruppenf\u00fchrer) sowie J\u00f6rg Witkowski (Gruppenf\u00fchrer). Den Auftakt bildete ein theoretischer Unterricht, der sich insbesondere den Sonder- und Wegerechten im Einsatzfall widmete. Danach fand praktische und theoretische Ausbildung im Wechsel statt: W\u00e4hrend eine Gruppe an neun verschiedenen Stationen ein intensives Geschicklichkeitstraining mit Einsatzfahrzeugen \u2013 darunter Kleinalarmfahrzeug, Einsatzleitwagen, Drehleiter und Hilfeleistungsl\u00f6schgruppenfahrzeug \u00a0\u2013 absolvierte, vertiefte die zweite Gruppe ihr Wissen zu Rechten, [&hellip;]","og_url":"https:\/\/www.ffpassau.de\/hauptwache\/2025\/04\/27\/sicher-und-professionell-ans-ziel-kraftfahrerweiterbildung\/","og_site_name":"Feuerwehr Passau - L\u00f6schzug Hauptwache","article_published_time":"2025-04-27T10:26:22+00:00","og_image":[{"width":1024,"height":771,"url":"https:\/\/www.ffpassau.de\/hauptwache\/wp-content\/uploads\/sites\/4\/2025\/04\/2025-04-26-Fahrsicherheitstraining-2-1024x771.jpg","type":"image\/jpeg"}],"author":"Markus Kornexl","twitter_card":"summary_large_image","twitter_misc":{"Verfasst von":"Markus Kornexl","Gesch\u00e4tzte Lesezeit":"2\u00a0Minuten"},"schema":{"@context":"https:\/\/schema.org","@graph":[{"@type":"Article","@id":"https:\/\/www.ffpassau.de\/hauptwache\/2025\/04\/27\/sicher-und-professionell-ans-ziel-kraftfahrerweiterbildung\/#article","isPartOf":{"@id":"https:\/\/www.ffpassau.de\/hauptwache\/2025\/04\/27\/sicher-und-professionell-ans-ziel-kraftfahrerweiterbildung\/"},"author":{"name":"Markus Kornexl","@id":"https:\/\/www.ffpassau.de\/hauptwache\/#\/schema\/person\/5ae0c9d446c9a5bab808bfc468e5d9d4"},"headline":"Sicher und professionell ans Ziel: Kraftfahrerweiterbildung","datePublished":"2025-04-27T10:26:22+00:00","dateModified":"2025-04-27T10:26:22+00:00","mainEntityOfPage":{"@id":"https:\/\/www.ffpassau.de\/hauptwache\/2025\/04\/27\/sicher-und-professionell-ans-ziel-kraftfahrerweiterbildung\/"},"wordCount":189,"commentCount":0,"publisher":{"@id":"https:\/\/www.ffpassau.de\/hauptwache\/#organization"},"image":{"@id":"https:\/\/www.ffpassau.de\/hauptwache\/2025\/04\/27\/sicher-und-professionell-ans-ziel-kraftfahrerweiterbildung\/#primaryimage"},"thumbnailUrl":"https:\/\/www.ffpassau.de\/hauptwache\/wp-content\/uploads\/sites\/4\/2025\/04\/2025-04-26-Fahrsicherheitstraining-2.jpg","inLanguage":"de","potentialAction":[{"@type":"CommentAction","name":"Comment","target":["https:\/\/www.ffpassau.de\/hauptwache\/2025\/04\/27\/sicher-und-professionell-ans-ziel-kraftfahrerweiterbildung\/#respond"]}]},{"@type":"WebPage","@id":"https:\/\/www.ffpassau.de\/hauptwache\/2025\/04\/27\/sicher-und-professionell-ans-ziel-kraftfahrerweiterbildung\/","url":"https:\/\/www.ffpassau.de\/hauptwache\/2025\/04\/27\/sicher-und-professionell-ans-ziel-kraftfahrerweiterbildung\/","name":"Sicher und professionell ans Ziel: Kraftfahrerweiterbildung - Feuerwehr Passau - L\u00f6schzug Hauptwache","isPartOf":{"@id":"https:\/\/www.ffpassau.de\/hauptwache\/#website"},"primaryImageOfPage":{"@id":"https:\/\/www.ffpassau.de\/hauptwache\/2025\/04\/27\/sicher-und-professionell-ans-ziel-kraftfahrerweiterbildung\/#primaryimage"},"image":{"@id":"https:\/\/www.ffpassau.de\/hauptwache\/2025\/04\/27\/sicher-und-professionell-ans-ziel-kraftfahrerweiterbildung\/#primaryimage"},"thumbnailUrl":"https:\/\/www.ffpassau.de\/hauptwache\/wp-content\/uploads\/sites\/4\/2025\/04\/2025-04-26-Fahrsicherheitstraining-2.jpg","datePublished":"2025-04-27T10:26:22+00:00","dateModified":"2025-04-27T10:26:22+00:00","breadcrumb":{"@id":"https:\/\/www.ffpassau.de\/hauptwache\/2025\/04\/27\/sicher-und-professionell-ans-ziel-kraftfahrerweiterbildung\/#breadcrumb"},"inLanguage":"de","potentialAction":[{"@type":"ReadAction","target":["https:\/\/www.ffpassau.de\/hauptwache\/2025\/04\/27\/sicher-und-professionell-ans-ziel-kraftfahrerweiterbildung\/"]}]},{"@type":"ImageObject","inLanguage":"de","@id":"https:\/\/www.ffpassau.de\/hauptwache\/2025\/04\/27\/sicher-und-professionell-ans-ziel-kraftfahrerweiterbildung\/#primaryimage","url":"https:\/\/www.ffpassau.de\/hauptwache\/wp-content\/uploads\/sites\/4\/2025\/04\/2025-04-26-Fahrsicherheitstraining-2.jpg","contentUrl":"https:\/\/www.ffpassau.de\/hauptwache\/wp-content\/uploads\/sites\/4\/2025\/04\/2025-04-26-Fahrsicherheitstraining-2.jpg","width":2048,"height":1542},{"@type":"BreadcrumbList","@id":"https:\/\/www.ffpassau.de\/hauptwache\/2025\/04\/27\/sicher-und-professionell-ans-ziel-kraftfahrerweiterbildung\/#breadcrumb","itemListElement":[{"@type":"ListItem","position":1,"name":"Startseite","item":"https:\/\/www.ffpassau.de\/hauptwache\/"},{"@type":"ListItem","position":2,"name":"Sicher und professionell ans Ziel: Kraftfahrerweiterbildung"}]},{"@type":"WebSite","@id":"https:\/\/www.ffpassau.de\/hauptwache\/#website","url":"https:\/\/www.ffpassau.de\/hauptwache\/","name":"Feuerwehr Passau - L\u00f6schzug Hauptwache","description":"","publisher":{"@id":"https:\/\/www.ffpassau.de\/hauptwache\/#organization"},"potentialAction":[{"@type":"SearchAction","target":{"@type":"EntryPoint","urlTemplate":"https:\/\/www.ffpassau.de\/hauptwache\/?s={search_term_string}"},"query-input":{"@type":"PropertyValueSpecification","valueRequired":true,"valueName":"search_term_string"}}],"inLanguage":"de"},{"@type":"Organization","@id":"https:\/\/www.ffpassau.de\/hauptwache\/#organization","name":"Feuerwehr Passau - L\u00f6schzug Hauptwache","url":"https:\/\/www.ffpassau.de\/hauptwache\/","logo":{"@type":"ImageObject","inLanguage":"de","@id":"https:\/\/www.ffpassau.de\/hauptwache\/#\/schema\/logo\/image\/","url":"https:\/\/www.ffpassau.de\/hauptwache\/wp-content\/uploads\/sites\/4\/2020\/02\/lz_hauptwache_logo.svg","contentUrl":"https:\/\/www.ffpassau.de\/hauptwache\/wp-content\/uploads\/sites\/4\/2020\/02\/lz_hauptwache_logo.svg","width":1,"height":1,"caption":"Feuerwehr Passau - L\u00f6schzug Hauptwache"},"image":{"@id":"https:\/\/www.ffpassau.de\/hauptwache\/#\/schema\/logo\/image\/"}},{"@type":"Person","@id":"https:\/\/www.ffpassau.de\/hauptwache\/#\/schema\/person\/5ae0c9d446c9a5bab808bfc468e5d9d4","name":"Markus Kornexl","image":{"@type":"ImageObject","inLanguage":"de","@id":"https:\/\/www.ffpassau.de\/hauptwache\/#\/schema\/person\/image\/","url":"https:\/\/secure.gravatar.com\/avatar\/5ec59c8ad4f35a54a016a680fc15385d?s=96&d=mm&r=g","contentUrl":"https:\/\/secure.gravatar.com\/avatar\/5ec59c8ad4f35a54a016a680fc15385d?s=96&d=mm&r=g","caption":"Markus Kornexl"},"url":"https:\/\/www.ffpassau.de\/hauptwache\/author\/markuskornexl\/"}]}},"_links":{"self":[{"href":"https:\/\/www.ffpassau.de\/hauptwache\/wp-json\/wp\/v2\/posts\/1419","targetHints":{"allow":["GET"]}}],"collection":[{"href":"https:\/\/www.ffpassau.de\/hauptwache\/wp-json\/wp\/v2\/posts"}],"about":[{"href":"https:\/\/www.ffpassau.de\/hauptwache\/wp-json\/wp\/v2\/types\/post"}],"author":[{"embeddable":true,"href":"https:\/\/www.ffpassau.de\/hauptwache\/wp-json\/wp\/v2\/users\/4"}],"replies":[{"embeddable":true,"href":"https:\/\/www.ffpassau.de\/hauptwache\/wp-json\/wp\/v2\/comments?post=1419"}],"version-history":[{"count":1,"href":"https:\/\/www.ffpassau.de\/hauptwache\/wp-json\/wp\/v2\/posts\/1419\/revisions"}],"predecessor-version":[{"id":1451,"href":"https:\/\/www.ffpassau.de\/hauptwache\/wp-json\/wp\/v2\/posts\/1419\/revisions\/1451"}],"wp:featuredmedia":[{"embeddable":true,"href":"https:\/\/www.ffpassau.de\/hauptwache\/wp-json\/wp\/v2\/media\/1421"}],"wp:attachment":[{"href":"https:\/\/www.ffpassau.de\/hauptwache\/wp-json\/wp\/v2\/media?parent=1419"}],"wp:term":[{"taxonomy":"category","embeddable":true,"href":"https:\/\/www.ffpassau.de\/hauptwache\/wp-json\/wp\/v2\/categories?post=1419"},{"taxonomy":"post_tag","embeddable":true,"href":"https:\/\/www.ffpassau.de\/hauptwache\/wp-json\/wp\/v2\/tags?post=1419"}],"curies":[{"name":"wp","href":"https:\/\/api.w.org\/{rel}","templated":true}]}}