{"id":1455,"date":"2025-07-21T10:21:42","date_gmt":"2025-07-21T08:21:42","guid":{"rendered":"https:\/\/www.ffpassau.de\/hauptwache\/?p=1455"},"modified":"2025-07-21T10:21:42","modified_gmt":"2025-07-21T08:21:42","slug":"modulare-truppausbildung-mta-pruefung-basismodul-2","status":"publish","type":"post","link":"https:\/\/www.ffpassau.de\/hauptwache\/2025\/07\/21\/modulare-truppausbildung-mta-pruefung-basismodul-2\/","title":{"rendered":"Modulare Truppausbildung (MTA) \u2013 Pr\u00fcfung Basismodul"},"content":{"rendered":"<p>Nach intensiver Ausbildung absolvierten nun sechs Teilnehmer des L\u00f6schzugs Hauptwache erfolgreich die Pr\u00fcfung Basismodul. Sie machen damit einen weiteren, wichtigen Schritt in der Ausbildung zum Feuerwehrmann.<\/p>\n<p>Neben dem \u00fcblichen Ausbildungs- und \u00dcbungsdienst k\u00f6nnen sie nun auch \u2013 im Rahmen der gesetzlichen Vorgaben \u2013 am Einsatzdienst teilnehmen. Und dabei weitere, wichtige Erfahrungen sammeln. Und ihr bereits erworbenes Wissen und K\u00f6nnen umsetzen und verbessern.<\/p>\n<p>Am Ende des Basismoduls sollte jeder Teilnehmer bereits alle grundlegenden T\u00e4tigkeiten kennengelernt haben und diese auch beherrschen. Anhand der Zwischenpr\u00fcfung k\u00f6nnen mitunter Ausbilder erkennen, ob der Lernstoff erfolgreich vermittelt wurde. Sie dient zudem dem Feuerwehrnachwuchs mitunter die M\u00f6glichkeit zur Selbstkontrolle.<\/p>\n<p>Neben einem theoretischen Test galt es auch, sein praktisches Wissen unter Beweis zu stellen. Vier Einzelaufgaben waren zu absolvieren. Alle gepr\u00fcften Kameradinnen und Kameraden haben den Test bestanden, die geforderten praktischen T\u00e4tigkeiten sicher und erfolgreich durchgef\u00fchrt und alle Fragen umfassend beantwortet. Ein wesentlicher Bestandteil der Bewertung ist dabei der Gesamteindruck, der sich aus der sicheren und z\u00fcgigen Ausf\u00fchrung der gestellten Aufgaben und dem Verhalten des Teilnehmers ergibt.<\/p>\n<p>N\u00e4chstes Ziel: Die Abschlusspr\u00fcfung der modularen Truppausbildung. Darin k\u00f6nnen die Pr\u00fcflinge dann unter Beweis stellen, dass sie gut auf ihre Aufgabe als Feuerwehrfrau bzw. Feuerwehrmann endg\u00fcltig gut vorbereitet sind. Die abgeschlossene Ausbildung (bestandene Abschlusspr\u00fcfung) ist zudem Voraussetzung f\u00fcr den Besuch aller weiterf\u00fchrenden Lehrg\u00e4nge.<\/p>\n","protected":false},"excerpt":{"rendered":"<p>Nach intensiver Ausbildung absolvierten nun sechs Teilnehmer des L\u00f6schzugs Hauptwache erfolgreich die Pr\u00fcfung Basismodul. Sie machen damit einen weiteren, wichtigen Schritt in der Ausbildung zum Feuerwehrmann. Neben dem \u00fcblichen Ausbildungs- und \u00dcbungsdienst k\u00f6nnen sie nun auch \u2013 im Rahmen der gesetzlichen Vorgaben \u2013 am Einsatzdienst teilnehmen. Und dabei weitere, wichtige Erfahrungen sammeln. Und ihr bereits erworbenes Wissen und K\u00f6nnen umsetzen und verbessern. Am Ende des Basismoduls sollte jeder Teilnehmer bereits alle grundlegenden T\u00e4tigkeiten kennengelernt haben und diese auch beherrschen. Anhand der Zwischenpr\u00fcfung k\u00f6nnen mitunter Ausbilder erkennen, ob der Lernstoff erfolgreich vermittelt wurde. Sie dient zudem dem Feuerwehrnachwuchs mitunter die M\u00f6glichkeit zur Selbstkontrolle. Neben einem theoretischen Test galt es auch, sein praktisches Wissen unter Beweis zu stellen. Vier Einzelaufgaben waren zu absolvieren. Alle gepr\u00fcften Kameradinnen und Kameraden haben den Test bestanden, die geforderten praktischen T\u00e4tigkeiten sicher und erfolgreich durchgef\u00fchrt und alle [&hellip;]<\/p>\n","protected":false},"author":4,"featured_media":1489,"comment_status":"open","ping_status":"open","sticky":false,"template":"","format":"standard","meta":{"footnotes":""},"categories":[1],"tags":[],"class_list":["post-1455","post","type-post","status-publish","format-standard","has-post-thumbnail","hentry","category-allgemein"],"yoast_head":"<!-- This site is optimized with the Yoast SEO plugin v24.3 - https:\/\/yoast.com\/wordpress\/plugins\/seo\/ -->\n<title>Modulare Truppausbildung (MTA) \u2013 Pr\u00fcfung Basismodul - Feuerwehr Passau - L\u00f6schzug Hauptwache<\/title>\n<meta name=\"robots\" content=\"index, follow, max-snippet:-1, max-image-preview:large, max-video-preview:-1\" \/>\n<link rel=\"canonical\" href=\"https:\/\/www.ffpassau.de\/hauptwache\/2025\/07\/21\/modulare-truppausbildung-mta-pruefung-basismodul-2\/\" \/>\n<meta property=\"og:locale\" content=\"de_DE\" \/>\n<meta property=\"og:type\" content=\"article\" \/>\n<meta property=\"og:title\" content=\"Modulare Truppausbildung (MTA) \u2013 Pr\u00fcfung Basismodul - Feuerwehr Passau - L\u00f6schzug Hauptwache\" \/>\n<meta property=\"og:description\" content=\"Nach intensiver Ausbildung absolvierten nun sechs Teilnehmer des L\u00f6schzugs Hauptwache erfolgreich die Pr\u00fcfung Basismodul. Sie machen damit einen weiteren, wichtigen Schritt in der Ausbildung zum Feuerwehrmann. Neben dem \u00fcblichen Ausbildungs- und \u00dcbungsdienst k\u00f6nnen sie nun auch \u2013 im Rahmen der gesetzlichen Vorgaben \u2013 am Einsatzdienst teilnehmen. Und dabei weitere, wichtige Erfahrungen sammeln. Und ihr bereits erworbenes Wissen und K\u00f6nnen umsetzen und verbessern. Am Ende des Basismoduls sollte jeder Teilnehmer bereits alle grundlegenden T\u00e4tigkeiten kennengelernt haben und diese auch beherrschen. Anhand der Zwischenpr\u00fcfung k\u00f6nnen mitunter Ausbilder erkennen, ob der Lernstoff erfolgreich vermittelt wurde. Sie dient zudem dem Feuerwehrnachwuchs mitunter die M\u00f6glichkeit zur Selbstkontrolle. Neben einem theoretischen Test galt es auch, sein praktisches Wissen unter Beweis zu stellen. Vier Einzelaufgaben waren zu absolvieren. Alle gepr\u00fcften Kameradinnen und Kameraden haben den Test bestanden, die geforderten praktischen T\u00e4tigkeiten sicher und erfolgreich durchgef\u00fchrt und alle [&hellip;]\" \/>\n<meta property=\"og:url\" content=\"https:\/\/www.ffpassau.de\/hauptwache\/2025\/07\/21\/modulare-truppausbildung-mta-pruefung-basismodul-2\/\" \/>\n<meta property=\"og:site_name\" content=\"Feuerwehr Passau - L\u00f6schzug Hauptwache\" \/>\n<meta property=\"article:published_time\" content=\"2025-07-21T08:21:42+00:00\" \/>\n<meta property=\"og:image\" content=\"https:\/\/www.ffpassau.de\/hauptwache\/wp-content\/uploads\/sites\/4\/2025\/07\/WhatsApp-Image-2025-07-12-at-18.39.57-1-scaled.jpeg\" \/>\n\t<meta property=\"og:image:width\" content=\"2560\" \/>\n\t<meta property=\"og:image:height\" content=\"1927\" \/>\n\t<meta property=\"og:image:type\" content=\"image\/jpeg\" \/>\n<meta name=\"author\" content=\"Markus Kornexl\" \/>\n<meta name=\"twitter:card\" content=\"summary_large_image\" \/>\n<meta name=\"twitter:label1\" content=\"Verfasst von\" \/>\n\t<meta name=\"twitter:data1\" content=\"Markus Kornexl\" \/>\n\t<meta name=\"twitter:label2\" content=\"Gesch\u00e4tzte Lesezeit\" \/>\n\t<meta name=\"twitter:data2\" content=\"2\u00a0Minuten\" \/>\n<script type=\"application\/ld+json\" class=\"yoast-schema-graph\">{\"@context\":\"https:\/\/schema.org\",\"@graph\":[{\"@type\":\"Article\",\"@id\":\"https:\/\/www.ffpassau.de\/hauptwache\/2025\/07\/21\/modulare-truppausbildung-mta-pruefung-basismodul-2\/#article\",\"isPartOf\":{\"@id\":\"https:\/\/www.ffpassau.de\/hauptwache\/2025\/07\/21\/modulare-truppausbildung-mta-pruefung-basismodul-2\/\"},\"author\":{\"name\":\"Markus Kornexl\",\"@id\":\"https:\/\/www.ffpassau.de\/hauptwache\/#\/schema\/person\/5ae0c9d446c9a5bab808bfc468e5d9d4\"},\"headline\":\"Modulare Truppausbildung (MTA) \u2013 Pr\u00fcfung Basismodul\",\"datePublished\":\"2025-07-21T08:21:42+00:00\",\"dateModified\":\"2025-07-21T08:21:42+00:00\",\"mainEntityOfPage\":{\"@id\":\"https:\/\/www.ffpassau.de\/hauptwache\/2025\/07\/21\/modulare-truppausbildung-mta-pruefung-basismodul-2\/\"},\"wordCount\":238,\"commentCount\":0,\"publisher\":{\"@id\":\"https:\/\/www.ffpassau.de\/hauptwache\/#organization\"},\"image\":{\"@id\":\"https:\/\/www.ffpassau.de\/hauptwache\/2025\/07\/21\/modulare-truppausbildung-mta-pruefung-basismodul-2\/#primaryimage\"},\"thumbnailUrl\":\"https:\/\/www.ffpassau.de\/hauptwache\/wp-content\/uploads\/sites\/4\/2025\/07\/WhatsApp-Image-2025-07-12-at-18.39.57-1-scaled.jpeg\",\"inLanguage\":\"de\",\"potentialAction\":[{\"@type\":\"CommentAction\",\"name\":\"Comment\",\"target\":[\"https:\/\/www.ffpassau.de\/hauptwache\/2025\/07\/21\/modulare-truppausbildung-mta-pruefung-basismodul-2\/#respond\"]}]},{\"@type\":\"WebPage\",\"@id\":\"https:\/\/www.ffpassau.de\/hauptwache\/2025\/07\/21\/modulare-truppausbildung-mta-pruefung-basismodul-2\/\",\"url\":\"https:\/\/www.ffpassau.de\/hauptwache\/2025\/07\/21\/modulare-truppausbildung-mta-pruefung-basismodul-2\/\",\"name\":\"Modulare Truppausbildung (MTA) \u2013 Pr\u00fcfung Basismodul - Feuerwehr Passau - L\u00f6schzug Hauptwache\",\"isPartOf\":{\"@id\":\"https:\/\/www.ffpassau.de\/hauptwache\/#website\"},\"primaryImageOfPage\":{\"@id\":\"https:\/\/www.ffpassau.de\/hauptwache\/2025\/07\/21\/modulare-truppausbildung-mta-pruefung-basismodul-2\/#primaryimage\"},\"image\":{\"@id\":\"https:\/\/www.ffpassau.de\/hauptwache\/2025\/07\/21\/modulare-truppausbildung-mta-pruefung-basismodul-2\/#primaryimage\"},\"thumbnailUrl\":\"https:\/\/www.ffpassau.de\/hauptwache\/wp-content\/uploads\/sites\/4\/2025\/07\/WhatsApp-Image-2025-07-12-at-18.39.57-1-scaled.jpeg\",\"datePublished\":\"2025-07-21T08:21:42+00:00\",\"dateModified\":\"2025-07-21T08:21:42+00:00\",\"breadcrumb\":{\"@id\":\"https:\/\/www.ffpassau.de\/hauptwache\/2025\/07\/21\/modulare-truppausbildung-mta-pruefung-basismodul-2\/#breadcrumb\"},\"inLanguage\":\"de\",\"potentialAction\":[{\"@type\":\"ReadAction\",\"target\":[\"https:\/\/www.ffpassau.de\/hauptwache\/2025\/07\/21\/modulare-truppausbildung-mta-pruefung-basismodul-2\/\"]}]},{\"@type\":\"ImageObject\",\"inLanguage\":\"de\",\"@id\":\"https:\/\/www.ffpassau.de\/hauptwache\/2025\/07\/21\/modulare-truppausbildung-mta-pruefung-basismodul-2\/#primaryimage\",\"url\":\"https:\/\/www.ffpassau.de\/hauptwache\/wp-content\/uploads\/sites\/4\/2025\/07\/WhatsApp-Image-2025-07-12-at-18.39.57-1-scaled.jpeg\",\"contentUrl\":\"https:\/\/www.ffpassau.de\/hauptwache\/wp-content\/uploads\/sites\/4\/2025\/07\/WhatsApp-Image-2025-07-12-at-18.39.57-1-scaled.jpeg\",\"width\":2560,\"height\":1927},{\"@type\":\"BreadcrumbList\",\"@id\":\"https:\/\/www.ffpassau.de\/hauptwache\/2025\/07\/21\/modulare-truppausbildung-mta-pruefung-basismodul-2\/#breadcrumb\",\"itemListElement\":[{\"@type\":\"ListItem\",\"position\":1,\"name\":\"Startseite\",\"item\":\"https:\/\/www.ffpassau.de\/hauptwache\/\"},{\"@type\":\"ListItem\",\"position\":2,\"name\":\"Modulare Truppausbildung (MTA) \u2013 Pr\u00fcfung Basismodul\"}]},{\"@type\":\"WebSite\",\"@id\":\"https:\/\/www.ffpassau.de\/hauptwache\/#website\",\"url\":\"https:\/\/www.ffpassau.de\/hauptwache\/\",\"name\":\"Feuerwehr Passau - L\u00f6schzug Hauptwache\",\"description\":\"\",\"publisher\":{\"@id\":\"https:\/\/www.ffpassau.de\/hauptwache\/#organization\"},\"potentialAction\":[{\"@type\":\"SearchAction\",\"target\":{\"@type\":\"EntryPoint\",\"urlTemplate\":\"https:\/\/www.ffpassau.de\/hauptwache\/?s={search_term_string}\"},\"query-input\":{\"@type\":\"PropertyValueSpecification\",\"valueRequired\":true,\"valueName\":\"search_term_string\"}}],\"inLanguage\":\"de\"},{\"@type\":\"Organization\",\"@id\":\"https:\/\/www.ffpassau.de\/hauptwache\/#organization\",\"name\":\"Feuerwehr Passau - L\u00f6schzug Hauptwache\",\"url\":\"https:\/\/www.ffpassau.de\/hauptwache\/\",\"logo\":{\"@type\":\"ImageObject\",\"inLanguage\":\"de\",\"@id\":\"https:\/\/www.ffpassau.de\/hauptwache\/#\/schema\/logo\/image\/\",\"url\":\"https:\/\/www.ffpassau.de\/hauptwache\/wp-content\/uploads\/sites\/4\/2020\/02\/lz_hauptwache_logo.svg\",\"contentUrl\":\"https:\/\/www.ffpassau.de\/hauptwache\/wp-content\/uploads\/sites\/4\/2020\/02\/lz_hauptwache_logo.svg\",\"width\":1,\"height\":1,\"caption\":\"Feuerwehr Passau - L\u00f6schzug Hauptwache\"},\"image\":{\"@id\":\"https:\/\/www.ffpassau.de\/hauptwache\/#\/schema\/logo\/image\/\"}},{\"@type\":\"Person\",\"@id\":\"https:\/\/www.ffpassau.de\/hauptwache\/#\/schema\/person\/5ae0c9d446c9a5bab808bfc468e5d9d4\",\"name\":\"Markus Kornexl\",\"image\":{\"@type\":\"ImageObject\",\"inLanguage\":\"de\",\"@id\":\"https:\/\/www.ffpassau.de\/hauptwache\/#\/schema\/person\/image\/\",\"url\":\"https:\/\/secure.gravatar.com\/avatar\/5ec59c8ad4f35a54a016a680fc15385d?s=96&d=mm&r=g\",\"contentUrl\":\"https:\/\/secure.gravatar.com\/avatar\/5ec59c8ad4f35a54a016a680fc15385d?s=96&d=mm&r=g\",\"caption\":\"Markus Kornexl\"},\"url\":\"https:\/\/www.ffpassau.de\/hauptwache\/author\/markuskornexl\/\"}]}<\/script>\n<!-- \/ Yoast SEO plugin. -->","yoast_head_json":{"title":"Modulare Truppausbildung (MTA) \u2013 Pr\u00fcfung Basismodul - Feuerwehr Passau - L\u00f6schzug Hauptwache","robots":{"index":"index","follow":"follow","max-snippet":"max-snippet:-1","max-image-preview":"max-image-preview:large","max-video-preview":"max-video-preview:-1"},"canonical":"https:\/\/www.ffpassau.de\/hauptwache\/2025\/07\/21\/modulare-truppausbildung-mta-pruefung-basismodul-2\/","og_locale":"de_DE","og_type":"article","og_title":"Modulare Truppausbildung (MTA) \u2013 Pr\u00fcfung Basismodul - Feuerwehr Passau - L\u00f6schzug Hauptwache","og_description":"Nach intensiver Ausbildung absolvierten nun sechs Teilnehmer des L\u00f6schzugs Hauptwache erfolgreich die Pr\u00fcfung Basismodul. Sie machen damit einen weiteren, wichtigen Schritt in der Ausbildung zum Feuerwehrmann. Neben dem \u00fcblichen Ausbildungs- und \u00dcbungsdienst k\u00f6nnen sie nun auch \u2013 im Rahmen der gesetzlichen Vorgaben \u2013 am Einsatzdienst teilnehmen. Und dabei weitere, wichtige Erfahrungen sammeln. Und ihr bereits erworbenes Wissen und K\u00f6nnen umsetzen und verbessern. Am Ende des Basismoduls sollte jeder Teilnehmer bereits alle grundlegenden T\u00e4tigkeiten kennengelernt haben und diese auch beherrschen. Anhand der Zwischenpr\u00fcfung k\u00f6nnen mitunter Ausbilder erkennen, ob der Lernstoff erfolgreich vermittelt wurde. Sie dient zudem dem Feuerwehrnachwuchs mitunter die M\u00f6glichkeit zur Selbstkontrolle. Neben einem theoretischen Test galt es auch, sein praktisches Wissen unter Beweis zu stellen. Vier Einzelaufgaben waren zu absolvieren. Alle gepr\u00fcften Kameradinnen und Kameraden haben den Test bestanden, die geforderten praktischen T\u00e4tigkeiten sicher und erfolgreich durchgef\u00fchrt und alle [&hellip;]","og_url":"https:\/\/www.ffpassau.de\/hauptwache\/2025\/07\/21\/modulare-truppausbildung-mta-pruefung-basismodul-2\/","og_site_name":"Feuerwehr Passau - L\u00f6schzug Hauptwache","article_published_time":"2025-07-21T08:21:42+00:00","og_image":[{"width":2560,"height":1927,"url":"https:\/\/www.ffpassau.de\/hauptwache\/wp-content\/uploads\/sites\/4\/2025\/07\/WhatsApp-Image-2025-07-12-at-18.39.57-1-scaled.jpeg","type":"image\/jpeg"}],"author":"Markus Kornexl","twitter_card":"summary_large_image","twitter_misc":{"Verfasst von":"Markus Kornexl","Gesch\u00e4tzte Lesezeit":"2\u00a0Minuten"},"schema":{"@context":"https:\/\/schema.org","@graph":[{"@type":"Article","@id":"https:\/\/www.ffpassau.de\/hauptwache\/2025\/07\/21\/modulare-truppausbildung-mta-pruefung-basismodul-2\/#article","isPartOf":{"@id":"https:\/\/www.ffpassau.de\/hauptwache\/2025\/07\/21\/modulare-truppausbildung-mta-pruefung-basismodul-2\/"},"author":{"name":"Markus Kornexl","@id":"https:\/\/www.ffpassau.de\/hauptwache\/#\/schema\/person\/5ae0c9d446c9a5bab808bfc468e5d9d4"},"headline":"Modulare Truppausbildung (MTA) \u2013 Pr\u00fcfung Basismodul","datePublished":"2025-07-21T08:21:42+00:00","dateModified":"2025-07-21T08:21:42+00:00","mainEntityOfPage":{"@id":"https:\/\/www.ffpassau.de\/hauptwache\/2025\/07\/21\/modulare-truppausbildung-mta-pruefung-basismodul-2\/"},"wordCount":238,"commentCount":0,"publisher":{"@id":"https:\/\/www.ffpassau.de\/hauptwache\/#organization"},"image":{"@id":"https:\/\/www.ffpassau.de\/hauptwache\/2025\/07\/21\/modulare-truppausbildung-mta-pruefung-basismodul-2\/#primaryimage"},"thumbnailUrl":"https:\/\/www.ffpassau.de\/hauptwache\/wp-content\/uploads\/sites\/4\/2025\/07\/WhatsApp-Image-2025-07-12-at-18.39.57-1-scaled.jpeg","inLanguage":"de","potentialAction":[{"@type":"CommentAction","name":"Comment","target":["https:\/\/www.ffpassau.de\/hauptwache\/2025\/07\/21\/modulare-truppausbildung-mta-pruefung-basismodul-2\/#respond"]}]},{"@type":"WebPage","@id":"https:\/\/www.ffpassau.de\/hauptwache\/2025\/07\/21\/modulare-truppausbildung-mta-pruefung-basismodul-2\/","url":"https:\/\/www.ffpassau.de\/hauptwache\/2025\/07\/21\/modulare-truppausbildung-mta-pruefung-basismodul-2\/","name":"Modulare Truppausbildung (MTA) \u2013 Pr\u00fcfung Basismodul - Feuerwehr Passau - L\u00f6schzug Hauptwache","isPartOf":{"@id":"https:\/\/www.ffpassau.de\/hauptwache\/#website"},"primaryImageOfPage":{"@id":"https:\/\/www.ffpassau.de\/hauptwache\/2025\/07\/21\/modulare-truppausbildung-mta-pruefung-basismodul-2\/#primaryimage"},"image":{"@id":"https:\/\/www.ffpassau.de\/hauptwache\/2025\/07\/21\/modulare-truppausbildung-mta-pruefung-basismodul-2\/#primaryimage"},"thumbnailUrl":"https:\/\/www.ffpassau.de\/hauptwache\/wp-content\/uploads\/sites\/4\/2025\/07\/WhatsApp-Image-2025-07-12-at-18.39.57-1-scaled.jpeg","datePublished":"2025-07-21T08:21:42+00:00","dateModified":"2025-07-21T08:21:42+00:00","breadcrumb":{"@id":"https:\/\/www.ffpassau.de\/hauptwache\/2025\/07\/21\/modulare-truppausbildung-mta-pruefung-basismodul-2\/#breadcrumb"},"inLanguage":"de","potentialAction":[{"@type":"ReadAction","target":["https:\/\/www.ffpassau.de\/hauptwache\/2025\/07\/21\/modulare-truppausbildung-mta-pruefung-basismodul-2\/"]}]},{"@type":"ImageObject","inLanguage":"de","@id":"https:\/\/www.ffpassau.de\/hauptwache\/2025\/07\/21\/modulare-truppausbildung-mta-pruefung-basismodul-2\/#primaryimage","url":"https:\/\/www.ffpassau.de\/hauptwache\/wp-content\/uploads\/sites\/4\/2025\/07\/WhatsApp-Image-2025-07-12-at-18.39.57-1-scaled.jpeg","contentUrl":"https:\/\/www.ffpassau.de\/hauptwache\/wp-content\/uploads\/sites\/4\/2025\/07\/WhatsApp-Image-2025-07-12-at-18.39.57-1-scaled.jpeg","width":2560,"height":1927},{"@type":"BreadcrumbList","@id":"https:\/\/www.ffpassau.de\/hauptwache\/2025\/07\/21\/modulare-truppausbildung-mta-pruefung-basismodul-2\/#breadcrumb","itemListElement":[{"@type":"ListItem","position":1,"name":"Startseite","item":"https:\/\/www.ffpassau.de\/hauptwache\/"},{"@type":"ListItem","position":2,"name":"Modulare Truppausbildung (MTA) \u2013 Pr\u00fcfung Basismodul"}]},{"@type":"WebSite","@id":"https:\/\/www.ffpassau.de\/hauptwache\/#website","url":"https:\/\/www.ffpassau.de\/hauptwache\/","name":"Feuerwehr Passau - L\u00f6schzug Hauptwache","description":"","publisher":{"@id":"https:\/\/www.ffpassau.de\/hauptwache\/#organization"},"potentialAction":[{"@type":"SearchAction","target":{"@type":"EntryPoint","urlTemplate":"https:\/\/www.ffpassau.de\/hauptwache\/?s={search_term_string}"},"query-input":{"@type":"PropertyValueSpecification","valueRequired":true,"valueName":"search_term_string"}}],"inLanguage":"de"},{"@type":"Organization","@id":"https:\/\/www.ffpassau.de\/hauptwache\/#organization","name":"Feuerwehr Passau - L\u00f6schzug Hauptwache","url":"https:\/\/www.ffpassau.de\/hauptwache\/","logo":{"@type":"ImageObject","inLanguage":"de","@id":"https:\/\/www.ffpassau.de\/hauptwache\/#\/schema\/logo\/image\/","url":"https:\/\/www.ffpassau.de\/hauptwache\/wp-content\/uploads\/sites\/4\/2020\/02\/lz_hauptwache_logo.svg","contentUrl":"https:\/\/www.ffpassau.de\/hauptwache\/wp-content\/uploads\/sites\/4\/2020\/02\/lz_hauptwache_logo.svg","width":1,"height":1,"caption":"Feuerwehr Passau - L\u00f6schzug Hauptwache"},"image":{"@id":"https:\/\/www.ffpassau.de\/hauptwache\/#\/schema\/logo\/image\/"}},{"@type":"Person","@id":"https:\/\/www.ffpassau.de\/hauptwache\/#\/schema\/person\/5ae0c9d446c9a5bab808bfc468e5d9d4","name":"Markus Kornexl","image":{"@type":"ImageObject","inLanguage":"de","@id":"https:\/\/www.ffpassau.de\/hauptwache\/#\/schema\/person\/image\/","url":"https:\/\/secure.gravatar.com\/avatar\/5ec59c8ad4f35a54a016a680fc15385d?s=96&d=mm&r=g","contentUrl":"https:\/\/secure.gravatar.com\/avatar\/5ec59c8ad4f35a54a016a680fc15385d?s=96&d=mm&r=g","caption":"Markus Kornexl"},"url":"https:\/\/www.ffpassau.de\/hauptwache\/author\/markuskornexl\/"}]}},"_links":{"self":[{"href":"https:\/\/www.ffpassau.de\/hauptwache\/wp-json\/wp\/v2\/posts\/1455","targetHints":{"allow":["GET"]}}],"collection":[{"href":"https:\/\/www.ffpassau.de\/hauptwache\/wp-json\/wp\/v2\/posts"}],"about":[{"href":"https:\/\/www.ffpassau.de\/hauptwache\/wp-json\/wp\/v2\/types\/post"}],"author":[{"embeddable":true,"href":"https:\/\/www.ffpassau.de\/hauptwache\/wp-json\/wp\/v2\/users\/4"}],"replies":[{"embeddable":true,"href":"https:\/\/www.ffpassau.de\/hauptwache\/wp-json\/wp\/v2\/comments?post=1455"}],"version-history":[{"count":1,"href":"https:\/\/www.ffpassau.de\/hauptwache\/wp-json\/wp\/v2\/posts\/1455\/revisions"}],"predecessor-version":[{"id":1490,"href":"https:\/\/www.ffpassau.de\/hauptwache\/wp-json\/wp\/v2\/posts\/1455\/revisions\/1490"}],"wp:featuredmedia":[{"embeddable":true,"href":"https:\/\/www.ffpassau.de\/hauptwache\/wp-json\/wp\/v2\/media\/1489"}],"wp:attachment":[{"href":"https:\/\/www.ffpassau.de\/hauptwache\/wp-json\/wp\/v2\/media?parent=1455"}],"wp:term":[{"taxonomy":"category","embeddable":true,"href":"https:\/\/www.ffpassau.de\/hauptwache\/wp-json\/wp\/v2\/categories?post=1455"},{"taxonomy":"post_tag","embeddable":true,"href":"https:\/\/www.ffpassau.de\/hauptwache\/wp-json\/wp\/v2\/tags?post=1455"}],"curies":[{"name":"wp","href":"https:\/\/api.w.org\/{rel}","templated":true}]}}