{"id":1491,"date":"2025-07-21T10:25:21","date_gmt":"2025-07-21T08:25:21","guid":{"rendered":"https:\/\/www.ffpassau.de\/hauptwache\/?p=1491"},"modified":"2025-07-21T10:31:41","modified_gmt":"2025-07-21T08:31:41","slug":"bayerische-jugendleistungspruefung-erfolgreich-bestanden","status":"publish","type":"post","link":"https:\/\/www.ffpassau.de\/hauptwache\/2025\/07\/21\/bayerische-jugendleistungspruefung-erfolgreich-bestanden\/","title":{"rendered":"Bayerische Jugendleistungspr\u00fcfung erfolgreich bestanden"},"content":{"rendered":"<p>Die Jugendleistungspr\u00fcfung ist die Leistungspr\u00fcfung der Jugendfeuerwehr Bayern und wurde 1983 durch das Bayerische Innenministerium eingef\u00fchrt. Die Leistungspr\u00fcfung dient zum Nachweis der Grundkenntnisse der Feuerwehr-Dienstvorschrift 3 (FwDV 3) \u201eEinheiten im L\u00f6sch- und Hilfeleistungseinsatz\u201d, der Ger\u00e4tekunde und der Unfallverh\u00fctungsvorschriften.<\/p>\n<p>Die Pr\u00fcfung besteht aus verschiedenen Aufgaben, die einzeln oder als Trupp den Schiedsrichtern vorgef\u00fchrt werden m\u00fcssen. Die Einzel\u00fcbungen sind: Anlegen eines Mastwurfs, Befestigen einer Feuerwehrleine an einem Strahlrohr mit Schlauch, Anlegen eines Brustbundes, Auswerfen eines doppelt gerollten C-Schlauchs innerhalb eines seitlich begrenzten Feldes und der Zielwurf mit einer Feuerwehrleine. Dar\u00fcber hinaus m\u00fcssen die Feuerwehranw\u00e4rter zu zweit bzw. zu viert folgende Aufgaben meistern: Kuppeln von zwei Saugschl\u00e4uchen als Wassertrupp und Schlauchtrupp, Ankuppeln eines C-Strahlrohrs an einem C-Schlauch, Zielspritzen mit der K\u00fcbelspritze, Erkennen und Zuordnen von Ger\u00e4tschaften und das Zusammenkuppeln einer 90m langen C-Leitung. Als dritter Teil muss in einer Theoretischen Pr\u00fcfung ein Fragebogen beantwortet werden.<\/p>\n<p>Neun Jugendfeuerwehrler des L\u00f6schzug Hauptwache und zwei Jugendliche des L\u00f6schzug Ilzstadt haben sich nun der Herausforderung gestellt. Und mit Bravour bestanden.<\/p>\n<div class=\"WaaZC\">\n<div class=\"RJPOee EIJn2\">\n<div class=\"rPeykc\" data-hveid=\"CAMQAQ\" data-ved=\"2ahUKEwjAjuWAxM2OAxV83QIHHU9DKYIQo_EKegQIAxAB\"><span data-huuid=\"18245941249653509793\">Das Bestehen des Bayerischen Jugendleistungsabzeichens ist eine Best\u00e4tigung der erbrachten Leistungen und es \u00dcbungsflei\u00dfes der Jugendlichen in der Feuerwehr. <\/span><span data-huuid=\"18245941249653506702\">Es ist ein sichtbares Zeichen des Erfolgs und kann mit Stolz getragen werden.<\/span><\/div>\n<\/div>\n<\/div>\n<div class=\"kHtcsd\"><\/div>\n<div><strong>Wir gratulieren allen Teilnehmern recht herzlich zur bestandenen Pr\u00fcfung!<\/strong><\/div>\n<div>Ein Dank an alle Ausbilder und Unterst\u00fctzer.<\/div>\n<div class=\"WaaZC\">\n<div class=\"RJPOee EIJn2\"><\/div>\n<\/div>\n","protected":false},"excerpt":{"rendered":"<p>Die Jugendleistungspr\u00fcfung ist die Leistungspr\u00fcfung der Jugendfeuerwehr Bayern und wurde 1983 durch das Bayerische Innenministerium eingef\u00fchrt. Die Leistungspr\u00fcfung dient zum Nachweis der Grundkenntnisse der Feuerwehr-Dienstvorschrift 3 (FwDV 3) \u201eEinheiten im L\u00f6sch- und Hilfeleistungseinsatz\u201d, der Ger\u00e4tekunde und der Unfallverh\u00fctungsvorschriften. Die Pr\u00fcfung besteht aus verschiedenen Aufgaben, die einzeln oder als Trupp den Schiedsrichtern vorgef\u00fchrt werden m\u00fcssen. Die Einzel\u00fcbungen sind: Anlegen eines Mastwurfs, Befestigen einer Feuerwehrleine an einem Strahlrohr mit Schlauch, Anlegen eines Brustbundes, Auswerfen eines doppelt gerollten C-Schlauchs innerhalb eines seitlich begrenzten Feldes und der Zielwurf mit einer Feuerwehrleine. Dar\u00fcber hinaus m\u00fcssen die Feuerwehranw\u00e4rter zu zweit bzw. zu viert folgende Aufgaben meistern: Kuppeln von zwei Saugschl\u00e4uchen als Wassertrupp und Schlauchtrupp, Ankuppeln eines C-Strahlrohrs an einem C-Schlauch, Zielspritzen mit der K\u00fcbelspritze, Erkennen und Zuordnen von Ger\u00e4tschaften und das Zusammenkuppeln einer 90m langen C-Leitung. Als dritter Teil muss in einer Theoretischen Pr\u00fcfung ein Fragebogen [&hellip;]<\/p>\n","protected":false},"author":4,"featured_media":1474,"comment_status":"open","ping_status":"open","sticky":false,"template":"","format":"standard","meta":{"footnotes":""},"categories":[1],"tags":[],"class_list":["post-1491","post","type-post","status-publish","format-standard","has-post-thumbnail","hentry","category-allgemein"],"yoast_head":"<!-- This site is optimized with the Yoast SEO plugin v24.3 - https:\/\/yoast.com\/wordpress\/plugins\/seo\/ -->\n<title>Bayerische Jugendleistungspr\u00fcfung erfolgreich bestanden - Feuerwehr Passau - L\u00f6schzug Hauptwache<\/title>\n<meta name=\"robots\" content=\"index, follow, max-snippet:-1, max-image-preview:large, max-video-preview:-1\" \/>\n<link rel=\"canonical\" href=\"https:\/\/www.ffpassau.de\/hauptwache\/2025\/07\/21\/bayerische-jugendleistungspruefung-erfolgreich-bestanden\/\" \/>\n<meta property=\"og:locale\" content=\"de_DE\" \/>\n<meta property=\"og:type\" content=\"article\" \/>\n<meta property=\"og:title\" content=\"Bayerische Jugendleistungspr\u00fcfung erfolgreich bestanden - Feuerwehr Passau - L\u00f6schzug Hauptwache\" \/>\n<meta property=\"og:description\" content=\"Die Jugendleistungspr\u00fcfung ist die Leistungspr\u00fcfung der Jugendfeuerwehr Bayern und wurde 1983 durch das Bayerische Innenministerium eingef\u00fchrt. Die Leistungspr\u00fcfung dient zum Nachweis der Grundkenntnisse der Feuerwehr-Dienstvorschrift 3 (FwDV 3) \u201eEinheiten im L\u00f6sch- und Hilfeleistungseinsatz\u201d, der Ger\u00e4tekunde und der Unfallverh\u00fctungsvorschriften. Die Pr\u00fcfung besteht aus verschiedenen Aufgaben, die einzeln oder als Trupp den Schiedsrichtern vorgef\u00fchrt werden m\u00fcssen. Die Einzel\u00fcbungen sind: Anlegen eines Mastwurfs, Befestigen einer Feuerwehrleine an einem Strahlrohr mit Schlauch, Anlegen eines Brustbundes, Auswerfen eines doppelt gerollten C-Schlauchs innerhalb eines seitlich begrenzten Feldes und der Zielwurf mit einer Feuerwehrleine. Dar\u00fcber hinaus m\u00fcssen die Feuerwehranw\u00e4rter zu zweit bzw. zu viert folgende Aufgaben meistern: Kuppeln von zwei Saugschl\u00e4uchen als Wassertrupp und Schlauchtrupp, Ankuppeln eines C-Strahlrohrs an einem C-Schlauch, Zielspritzen mit der K\u00fcbelspritze, Erkennen und Zuordnen von Ger\u00e4tschaften und das Zusammenkuppeln einer 90m langen C-Leitung. Als dritter Teil muss in einer Theoretischen Pr\u00fcfung ein Fragebogen [&hellip;]\" \/>\n<meta property=\"og:url\" content=\"https:\/\/www.ffpassau.de\/hauptwache\/2025\/07\/21\/bayerische-jugendleistungspruefung-erfolgreich-bestanden\/\" \/>\n<meta property=\"og:site_name\" content=\"Feuerwehr Passau - L\u00f6schzug Hauptwache\" \/>\n<meta property=\"article:published_time\" content=\"2025-07-21T08:25:21+00:00\" \/>\n<meta property=\"article:modified_time\" content=\"2025-07-21T08:31:41+00:00\" \/>\n<meta property=\"og:image\" content=\"https:\/\/www.ffpassau.de\/hauptwache\/wp-content\/uploads\/sites\/4\/2025\/07\/WhatsApp-Image-2025-07-20-at-12.20.43-1.jpeg\" \/>\n\t<meta property=\"og:image:width\" content=\"1600\" \/>\n\t<meta property=\"og:image:height\" content=\"1205\" \/>\n\t<meta property=\"og:image:type\" content=\"image\/jpeg\" \/>\n<meta name=\"author\" content=\"Markus Kornexl\" \/>\n<meta name=\"twitter:card\" content=\"summary_large_image\" \/>\n<meta name=\"twitter:label1\" content=\"Verfasst von\" \/>\n\t<meta name=\"twitter:data1\" content=\"Markus Kornexl\" \/>\n\t<meta name=\"twitter:label2\" content=\"Gesch\u00e4tzte Lesezeit\" \/>\n\t<meta name=\"twitter:data2\" content=\"2\u00a0Minuten\" \/>\n<script type=\"application\/ld+json\" class=\"yoast-schema-graph\">{\"@context\":\"https:\/\/schema.org\",\"@graph\":[{\"@type\":\"Article\",\"@id\":\"https:\/\/www.ffpassau.de\/hauptwache\/2025\/07\/21\/bayerische-jugendleistungspruefung-erfolgreich-bestanden\/#article\",\"isPartOf\":{\"@id\":\"https:\/\/www.ffpassau.de\/hauptwache\/2025\/07\/21\/bayerische-jugendleistungspruefung-erfolgreich-bestanden\/\"},\"author\":{\"name\":\"Markus Kornexl\",\"@id\":\"https:\/\/www.ffpassau.de\/hauptwache\/#\/schema\/person\/5ae0c9d446c9a5bab808bfc468e5d9d4\"},\"headline\":\"Bayerische Jugendleistungspr\u00fcfung erfolgreich bestanden\",\"datePublished\":\"2025-07-21T08:25:21+00:00\",\"dateModified\":\"2025-07-21T08:31:41+00:00\",\"mainEntityOfPage\":{\"@id\":\"https:\/\/www.ffpassau.de\/hauptwache\/2025\/07\/21\/bayerische-jugendleistungspruefung-erfolgreich-bestanden\/\"},\"wordCount\":237,\"commentCount\":0,\"publisher\":{\"@id\":\"https:\/\/www.ffpassau.de\/hauptwache\/#organization\"},\"image\":{\"@id\":\"https:\/\/www.ffpassau.de\/hauptwache\/2025\/07\/21\/bayerische-jugendleistungspruefung-erfolgreich-bestanden\/#primaryimage\"},\"thumbnailUrl\":\"https:\/\/www.ffpassau.de\/hauptwache\/wp-content\/uploads\/sites\/4\/2025\/07\/WhatsApp-Image-2025-07-20-at-12.20.43-1.jpeg\",\"inLanguage\":\"de\",\"potentialAction\":[{\"@type\":\"CommentAction\",\"name\":\"Comment\",\"target\":[\"https:\/\/www.ffpassau.de\/hauptwache\/2025\/07\/21\/bayerische-jugendleistungspruefung-erfolgreich-bestanden\/#respond\"]}]},{\"@type\":\"WebPage\",\"@id\":\"https:\/\/www.ffpassau.de\/hauptwache\/2025\/07\/21\/bayerische-jugendleistungspruefung-erfolgreich-bestanden\/\",\"url\":\"https:\/\/www.ffpassau.de\/hauptwache\/2025\/07\/21\/bayerische-jugendleistungspruefung-erfolgreich-bestanden\/\",\"name\":\"Bayerische Jugendleistungspr\u00fcfung erfolgreich bestanden - Feuerwehr Passau - L\u00f6schzug Hauptwache\",\"isPartOf\":{\"@id\":\"https:\/\/www.ffpassau.de\/hauptwache\/#website\"},\"primaryImageOfPage\":{\"@id\":\"https:\/\/www.ffpassau.de\/hauptwache\/2025\/07\/21\/bayerische-jugendleistungspruefung-erfolgreich-bestanden\/#primaryimage\"},\"image\":{\"@id\":\"https:\/\/www.ffpassau.de\/hauptwache\/2025\/07\/21\/bayerische-jugendleistungspruefung-erfolgreich-bestanden\/#primaryimage\"},\"thumbnailUrl\":\"https:\/\/www.ffpassau.de\/hauptwache\/wp-content\/uploads\/sites\/4\/2025\/07\/WhatsApp-Image-2025-07-20-at-12.20.43-1.jpeg\",\"datePublished\":\"2025-07-21T08:25:21+00:00\",\"dateModified\":\"2025-07-21T08:31:41+00:00\",\"breadcrumb\":{\"@id\":\"https:\/\/www.ffpassau.de\/hauptwache\/2025\/07\/21\/bayerische-jugendleistungspruefung-erfolgreich-bestanden\/#breadcrumb\"},\"inLanguage\":\"de\",\"potentialAction\":[{\"@type\":\"ReadAction\",\"target\":[\"https:\/\/www.ffpassau.de\/hauptwache\/2025\/07\/21\/bayerische-jugendleistungspruefung-erfolgreich-bestanden\/\"]}]},{\"@type\":\"ImageObject\",\"inLanguage\":\"de\",\"@id\":\"https:\/\/www.ffpassau.de\/hauptwache\/2025\/07\/21\/bayerische-jugendleistungspruefung-erfolgreich-bestanden\/#primaryimage\",\"url\":\"https:\/\/www.ffpassau.de\/hauptwache\/wp-content\/uploads\/sites\/4\/2025\/07\/WhatsApp-Image-2025-07-20-at-12.20.43-1.jpeg\",\"contentUrl\":\"https:\/\/www.ffpassau.de\/hauptwache\/wp-content\/uploads\/sites\/4\/2025\/07\/WhatsApp-Image-2025-07-20-at-12.20.43-1.jpeg\",\"width\":1600,\"height\":1205},{\"@type\":\"BreadcrumbList\",\"@id\":\"https:\/\/www.ffpassau.de\/hauptwache\/2025\/07\/21\/bayerische-jugendleistungspruefung-erfolgreich-bestanden\/#breadcrumb\",\"itemListElement\":[{\"@type\":\"ListItem\",\"position\":1,\"name\":\"Startseite\",\"item\":\"https:\/\/www.ffpassau.de\/hauptwache\/\"},{\"@type\":\"ListItem\",\"position\":2,\"name\":\"Bayerische Jugendleistungspr\u00fcfung erfolgreich bestanden\"}]},{\"@type\":\"WebSite\",\"@id\":\"https:\/\/www.ffpassau.de\/hauptwache\/#website\",\"url\":\"https:\/\/www.ffpassau.de\/hauptwache\/\",\"name\":\"Feuerwehr Passau - L\u00f6schzug Hauptwache\",\"description\":\"\",\"publisher\":{\"@id\":\"https:\/\/www.ffpassau.de\/hauptwache\/#organization\"},\"potentialAction\":[{\"@type\":\"SearchAction\",\"target\":{\"@type\":\"EntryPoint\",\"urlTemplate\":\"https:\/\/www.ffpassau.de\/hauptwache\/?s={search_term_string}\"},\"query-input\":{\"@type\":\"PropertyValueSpecification\",\"valueRequired\":true,\"valueName\":\"search_term_string\"}}],\"inLanguage\":\"de\"},{\"@type\":\"Organization\",\"@id\":\"https:\/\/www.ffpassau.de\/hauptwache\/#organization\",\"name\":\"Feuerwehr Passau - L\u00f6schzug Hauptwache\",\"url\":\"https:\/\/www.ffpassau.de\/hauptwache\/\",\"logo\":{\"@type\":\"ImageObject\",\"inLanguage\":\"de\",\"@id\":\"https:\/\/www.ffpassau.de\/hauptwache\/#\/schema\/logo\/image\/\",\"url\":\"https:\/\/www.ffpassau.de\/hauptwache\/wp-content\/uploads\/sites\/4\/2020\/02\/lz_hauptwache_logo.svg\",\"contentUrl\":\"https:\/\/www.ffpassau.de\/hauptwache\/wp-content\/uploads\/sites\/4\/2020\/02\/lz_hauptwache_logo.svg\",\"width\":1,\"height\":1,\"caption\":\"Feuerwehr Passau - L\u00f6schzug Hauptwache\"},\"image\":{\"@id\":\"https:\/\/www.ffpassau.de\/hauptwache\/#\/schema\/logo\/image\/\"}},{\"@type\":\"Person\",\"@id\":\"https:\/\/www.ffpassau.de\/hauptwache\/#\/schema\/person\/5ae0c9d446c9a5bab808bfc468e5d9d4\",\"name\":\"Markus Kornexl\",\"image\":{\"@type\":\"ImageObject\",\"inLanguage\":\"de\",\"@id\":\"https:\/\/www.ffpassau.de\/hauptwache\/#\/schema\/person\/image\/\",\"url\":\"https:\/\/secure.gravatar.com\/avatar\/5ec59c8ad4f35a54a016a680fc15385d?s=96&d=mm&r=g\",\"contentUrl\":\"https:\/\/secure.gravatar.com\/avatar\/5ec59c8ad4f35a54a016a680fc15385d?s=96&d=mm&r=g\",\"caption\":\"Markus Kornexl\"},\"url\":\"https:\/\/www.ffpassau.de\/hauptwache\/author\/markuskornexl\/\"}]}<\/script>\n<!-- \/ Yoast SEO plugin. -->","yoast_head_json":{"title":"Bayerische Jugendleistungspr\u00fcfung erfolgreich bestanden - Feuerwehr Passau - L\u00f6schzug Hauptwache","robots":{"index":"index","follow":"follow","max-snippet":"max-snippet:-1","max-image-preview":"max-image-preview:large","max-video-preview":"max-video-preview:-1"},"canonical":"https:\/\/www.ffpassau.de\/hauptwache\/2025\/07\/21\/bayerische-jugendleistungspruefung-erfolgreich-bestanden\/","og_locale":"de_DE","og_type":"article","og_title":"Bayerische Jugendleistungspr\u00fcfung erfolgreich bestanden - Feuerwehr Passau - L\u00f6schzug Hauptwache","og_description":"Die Jugendleistungspr\u00fcfung ist die Leistungspr\u00fcfung der Jugendfeuerwehr Bayern und wurde 1983 durch das Bayerische Innenministerium eingef\u00fchrt. Die Leistungspr\u00fcfung dient zum Nachweis der Grundkenntnisse der Feuerwehr-Dienstvorschrift 3 (FwDV 3) \u201eEinheiten im L\u00f6sch- und Hilfeleistungseinsatz\u201d, der Ger\u00e4tekunde und der Unfallverh\u00fctungsvorschriften. Die Pr\u00fcfung besteht aus verschiedenen Aufgaben, die einzeln oder als Trupp den Schiedsrichtern vorgef\u00fchrt werden m\u00fcssen. Die Einzel\u00fcbungen sind: Anlegen eines Mastwurfs, Befestigen einer Feuerwehrleine an einem Strahlrohr mit Schlauch, Anlegen eines Brustbundes, Auswerfen eines doppelt gerollten C-Schlauchs innerhalb eines seitlich begrenzten Feldes und der Zielwurf mit einer Feuerwehrleine. Dar\u00fcber hinaus m\u00fcssen die Feuerwehranw\u00e4rter zu zweit bzw. zu viert folgende Aufgaben meistern: Kuppeln von zwei Saugschl\u00e4uchen als Wassertrupp und Schlauchtrupp, Ankuppeln eines C-Strahlrohrs an einem C-Schlauch, Zielspritzen mit der K\u00fcbelspritze, Erkennen und Zuordnen von Ger\u00e4tschaften und das Zusammenkuppeln einer 90m langen C-Leitung. Als dritter Teil muss in einer Theoretischen Pr\u00fcfung ein Fragebogen [&hellip;]","og_url":"https:\/\/www.ffpassau.de\/hauptwache\/2025\/07\/21\/bayerische-jugendleistungspruefung-erfolgreich-bestanden\/","og_site_name":"Feuerwehr Passau - L\u00f6schzug Hauptwache","article_published_time":"2025-07-21T08:25:21+00:00","article_modified_time":"2025-07-21T08:31:41+00:00","og_image":[{"width":1600,"height":1205,"url":"https:\/\/www.ffpassau.de\/hauptwache\/wp-content\/uploads\/sites\/4\/2025\/07\/WhatsApp-Image-2025-07-20-at-12.20.43-1.jpeg","type":"image\/jpeg"}],"author":"Markus Kornexl","twitter_card":"summary_large_image","twitter_misc":{"Verfasst von":"Markus Kornexl","Gesch\u00e4tzte Lesezeit":"2\u00a0Minuten"},"schema":{"@context":"https:\/\/schema.org","@graph":[{"@type":"Article","@id":"https:\/\/www.ffpassau.de\/hauptwache\/2025\/07\/21\/bayerische-jugendleistungspruefung-erfolgreich-bestanden\/#article","isPartOf":{"@id":"https:\/\/www.ffpassau.de\/hauptwache\/2025\/07\/21\/bayerische-jugendleistungspruefung-erfolgreich-bestanden\/"},"author":{"name":"Markus Kornexl","@id":"https:\/\/www.ffpassau.de\/hauptwache\/#\/schema\/person\/5ae0c9d446c9a5bab808bfc468e5d9d4"},"headline":"Bayerische Jugendleistungspr\u00fcfung erfolgreich bestanden","datePublished":"2025-07-21T08:25:21+00:00","dateModified":"2025-07-21T08:31:41+00:00","mainEntityOfPage":{"@id":"https:\/\/www.ffpassau.de\/hauptwache\/2025\/07\/21\/bayerische-jugendleistungspruefung-erfolgreich-bestanden\/"},"wordCount":237,"commentCount":0,"publisher":{"@id":"https:\/\/www.ffpassau.de\/hauptwache\/#organization"},"image":{"@id":"https:\/\/www.ffpassau.de\/hauptwache\/2025\/07\/21\/bayerische-jugendleistungspruefung-erfolgreich-bestanden\/#primaryimage"},"thumbnailUrl":"https:\/\/www.ffpassau.de\/hauptwache\/wp-content\/uploads\/sites\/4\/2025\/07\/WhatsApp-Image-2025-07-20-at-12.20.43-1.jpeg","inLanguage":"de","potentialAction":[{"@type":"CommentAction","name":"Comment","target":["https:\/\/www.ffpassau.de\/hauptwache\/2025\/07\/21\/bayerische-jugendleistungspruefung-erfolgreich-bestanden\/#respond"]}]},{"@type":"WebPage","@id":"https:\/\/www.ffpassau.de\/hauptwache\/2025\/07\/21\/bayerische-jugendleistungspruefung-erfolgreich-bestanden\/","url":"https:\/\/www.ffpassau.de\/hauptwache\/2025\/07\/21\/bayerische-jugendleistungspruefung-erfolgreich-bestanden\/","name":"Bayerische Jugendleistungspr\u00fcfung erfolgreich bestanden - Feuerwehr Passau - L\u00f6schzug Hauptwache","isPartOf":{"@id":"https:\/\/www.ffpassau.de\/hauptwache\/#website"},"primaryImageOfPage":{"@id":"https:\/\/www.ffpassau.de\/hauptwache\/2025\/07\/21\/bayerische-jugendleistungspruefung-erfolgreich-bestanden\/#primaryimage"},"image":{"@id":"https:\/\/www.ffpassau.de\/hauptwache\/2025\/07\/21\/bayerische-jugendleistungspruefung-erfolgreich-bestanden\/#primaryimage"},"thumbnailUrl":"https:\/\/www.ffpassau.de\/hauptwache\/wp-content\/uploads\/sites\/4\/2025\/07\/WhatsApp-Image-2025-07-20-at-12.20.43-1.jpeg","datePublished":"2025-07-21T08:25:21+00:00","dateModified":"2025-07-21T08:31:41+00:00","breadcrumb":{"@id":"https:\/\/www.ffpassau.de\/hauptwache\/2025\/07\/21\/bayerische-jugendleistungspruefung-erfolgreich-bestanden\/#breadcrumb"},"inLanguage":"de","potentialAction":[{"@type":"ReadAction","target":["https:\/\/www.ffpassau.de\/hauptwache\/2025\/07\/21\/bayerische-jugendleistungspruefung-erfolgreich-bestanden\/"]}]},{"@type":"ImageObject","inLanguage":"de","@id":"https:\/\/www.ffpassau.de\/hauptwache\/2025\/07\/21\/bayerische-jugendleistungspruefung-erfolgreich-bestanden\/#primaryimage","url":"https:\/\/www.ffpassau.de\/hauptwache\/wp-content\/uploads\/sites\/4\/2025\/07\/WhatsApp-Image-2025-07-20-at-12.20.43-1.jpeg","contentUrl":"https:\/\/www.ffpassau.de\/hauptwache\/wp-content\/uploads\/sites\/4\/2025\/07\/WhatsApp-Image-2025-07-20-at-12.20.43-1.jpeg","width":1600,"height":1205},{"@type":"BreadcrumbList","@id":"https:\/\/www.ffpassau.de\/hauptwache\/2025\/07\/21\/bayerische-jugendleistungspruefung-erfolgreich-bestanden\/#breadcrumb","itemListElement":[{"@type":"ListItem","position":1,"name":"Startseite","item":"https:\/\/www.ffpassau.de\/hauptwache\/"},{"@type":"ListItem","position":2,"name":"Bayerische Jugendleistungspr\u00fcfung erfolgreich bestanden"}]},{"@type":"WebSite","@id":"https:\/\/www.ffpassau.de\/hauptwache\/#website","url":"https:\/\/www.ffpassau.de\/hauptwache\/","name":"Feuerwehr Passau - L\u00f6schzug Hauptwache","description":"","publisher":{"@id":"https:\/\/www.ffpassau.de\/hauptwache\/#organization"},"potentialAction":[{"@type":"SearchAction","target":{"@type":"EntryPoint","urlTemplate":"https:\/\/www.ffpassau.de\/hauptwache\/?s={search_term_string}"},"query-input":{"@type":"PropertyValueSpecification","valueRequired":true,"valueName":"search_term_string"}}],"inLanguage":"de"},{"@type":"Organization","@id":"https:\/\/www.ffpassau.de\/hauptwache\/#organization","name":"Feuerwehr Passau - L\u00f6schzug Hauptwache","url":"https:\/\/www.ffpassau.de\/hauptwache\/","logo":{"@type":"ImageObject","inLanguage":"de","@id":"https:\/\/www.ffpassau.de\/hauptwache\/#\/schema\/logo\/image\/","url":"https:\/\/www.ffpassau.de\/hauptwache\/wp-content\/uploads\/sites\/4\/2020\/02\/lz_hauptwache_logo.svg","contentUrl":"https:\/\/www.ffpassau.de\/hauptwache\/wp-content\/uploads\/sites\/4\/2020\/02\/lz_hauptwache_logo.svg","width":1,"height":1,"caption":"Feuerwehr Passau - L\u00f6schzug Hauptwache"},"image":{"@id":"https:\/\/www.ffpassau.de\/hauptwache\/#\/schema\/logo\/image\/"}},{"@type":"Person","@id":"https:\/\/www.ffpassau.de\/hauptwache\/#\/schema\/person\/5ae0c9d446c9a5bab808bfc468e5d9d4","name":"Markus Kornexl","image":{"@type":"ImageObject","inLanguage":"de","@id":"https:\/\/www.ffpassau.de\/hauptwache\/#\/schema\/person\/image\/","url":"https:\/\/secure.gravatar.com\/avatar\/5ec59c8ad4f35a54a016a680fc15385d?s=96&d=mm&r=g","contentUrl":"https:\/\/secure.gravatar.com\/avatar\/5ec59c8ad4f35a54a016a680fc15385d?s=96&d=mm&r=g","caption":"Markus Kornexl"},"url":"https:\/\/www.ffpassau.de\/hauptwache\/author\/markuskornexl\/"}]}},"_links":{"self":[{"href":"https:\/\/www.ffpassau.de\/hauptwache\/wp-json\/wp\/v2\/posts\/1491","targetHints":{"allow":["GET"]}}],"collection":[{"href":"https:\/\/www.ffpassau.de\/hauptwache\/wp-json\/wp\/v2\/posts"}],"about":[{"href":"https:\/\/www.ffpassau.de\/hauptwache\/wp-json\/wp\/v2\/types\/post"}],"author":[{"embeddable":true,"href":"https:\/\/www.ffpassau.de\/hauptwache\/wp-json\/wp\/v2\/users\/4"}],"replies":[{"embeddable":true,"href":"https:\/\/www.ffpassau.de\/hauptwache\/wp-json\/wp\/v2\/comments?post=1491"}],"version-history":[{"count":1,"href":"https:\/\/www.ffpassau.de\/hauptwache\/wp-json\/wp\/v2\/posts\/1491\/revisions"}],"predecessor-version":[{"id":1492,"href":"https:\/\/www.ffpassau.de\/hauptwache\/wp-json\/wp\/v2\/posts\/1491\/revisions\/1492"}],"wp:featuredmedia":[{"embeddable":true,"href":"https:\/\/www.ffpassau.de\/hauptwache\/wp-json\/wp\/v2\/media\/1474"}],"wp:attachment":[{"href":"https:\/\/www.ffpassau.de\/hauptwache\/wp-json\/wp\/v2\/media?parent=1491"}],"wp:term":[{"taxonomy":"category","embeddable":true,"href":"https:\/\/www.ffpassau.de\/hauptwache\/wp-json\/wp\/v2\/categories?post=1491"},{"taxonomy":"post_tag","embeddable":true,"href":"https:\/\/www.ffpassau.de\/hauptwache\/wp-json\/wp\/v2\/tags?post=1491"}],"curies":[{"name":"wp","href":"https:\/\/api.w.org\/{rel}","templated":true}]}}