{"id":1529,"date":"2025-12-11T10:23:15","date_gmt":"2025-12-11T09:23:15","guid":{"rendered":"https:\/\/www.ffpassau.de\/hauptwache\/?p=1529"},"modified":"2025-12-11T10:23:30","modified_gmt":"2025-12-11T09:23:30","slug":"christbaum-abhol-aktion-2026-anmeldeportal-online","status":"publish","type":"post","link":"https:\/\/www.ffpassau.de\/hauptwache\/2025\/12\/11\/christbaum-abhol-aktion-2026-anmeldeportal-online\/","title":{"rendered":"Christbaum Abhol-Aktion 2026 |\u00a0Anmeldeportal online"},"content":{"rendered":"<p data-start=\"297\" data-end=\"361\">Nach der gelungenen Christbaum-Abhol-Aktion im vergangenen Jahr freuen wir uns, mitteilen zu d\u00fcrfen, dass wir diese Aktion auch im Jahr <strong data-start=\"505\" data-end=\"513\">2026<\/strong> wieder durchf\u00fchren werden.<\/p>\n<p data-start=\"542\" data-end=\"659\">Am <strong data-start=\"545\" data-end=\"577\">Samstag, den 10. Januar 2026<\/strong>, sammeln wir \u2013 <strong data-start=\"593\" data-end=\"622\">nach vorheriger Anmeldung<\/strong> \u2013 Ihre ausgedienten Christb\u00e4ume ein.<\/p>\n<p data-start=\"542\" data-end=\"659\">Das Anmeldeportal ist bereits freigeschaltet und erreichbar: <span style=\"color: #ff0000;\"><strong><a style=\"color: #ff0000;\" href=\"https:\/\/christbaum.ffpassau.de\/anmeldung\">ANMELDEPORTAL<\/a><\/strong><\/span><\/p>\n<p data-start=\"661\" data-end=\"1048\">Unsere Feuerwehr leistet weit mehr als den klassischen Brandschutz. Menschen- und Tierrettung, Unfallhilfe, Katastrophenschutz sowie technische Hilfeleistungen geh\u00f6ren zu unseren t\u00e4glichen Aufgaben. Hinter der bekannten Formel <em data-start=\"888\" data-end=\"928\">\u201eRetten \u2013 L\u00f6schen \u2013 Bergen \u2013 Sch\u00fctzen\u201c<\/em> verbergen sich komplexe Anforderungen an unser Personal und unsere Ausr\u00fcstung \u2013 und diese Anforderungen wachsen stetig.<\/p>\n<p data-start=\"1050\" data-end=\"1241\">Damit wir diesen Erwartungen weiterhin gerecht werden k\u00f6nnen, sind wir auf Spenden angewiesen, die die \u00f6ffentliche Finanzierung sinnvoll erg\u00e4nzen. Ihre Teilnahme an der Christbaum Abhol-Aktion, und damit Ihre Unterst\u00fctzung erm\u00f6glicht unter anderem:<\/p>\n<ul data-start=\"1243\" data-end=\"1438\">\n<li data-start=\"1243\" data-end=\"1294\">\n<p data-start=\"1245\" data-end=\"1294\">die wichtige Arbeit unserer <strong data-start=\"1273\" data-end=\"1292\">Jugendfeuerwehr<\/strong><\/p>\n<\/li>\n<li data-start=\"1295\" data-end=\"1337\">\n<p data-start=\"1297\" data-end=\"1337\">den Aufbau unserer <strong data-start=\"1316\" data-end=\"1335\">Kinderfeuerwehr<\/strong><\/p>\n<\/li>\n<li data-start=\"1338\" data-end=\"1438\">\n<p data-start=\"1340\" data-end=\"1438\">die Anschaffung von <strong data-start=\"1360\" data-end=\"1400\">zus\u00e4tzlichen Ausr\u00fcstungsgegenst\u00e4nden<\/strong>, die im Einsatz Leben retten k\u00f6nnen<\/p>\n<\/li>\n<\/ul>\n<p data-start=\"1440\" data-end=\"1517\">Viele dieser Projekte w\u00e4ren ohne die Spendenbereitschaft in der Bev\u00f6lkerung nicht realisierbar.<\/p>\n<p data-start=\"1519\" data-end=\"1744\">Daf\u00fcr m\u00f6chten wir uns erneut herzlich bei bedanken. Die Teilnahme an unserer Aktion leistet einen wertvollen Beitrag f\u00fcr die Sicherheit unserer Stadt.<\/p>\n<p data-start=\"1746\" data-end=\"1859\"><strong data-start=\"1746\" data-end=\"1828\">Ihre Spende hilft \u2013 weil sie wirkt, etwas bewegt und echte Erfolge erm\u00f6glicht.<\/strong><\/p>\n<p data-start=\"1746\" data-end=\"1859\">Melden Sie sich jetzt an!<\/p>\n","protected":false},"excerpt":{"rendered":"<p>Nach der gelungenen Christbaum-Abhol-Aktion im vergangenen Jahr freuen wir uns, mitteilen zu d\u00fcrfen, dass wir diese Aktion auch im Jahr 2026 wieder durchf\u00fchren werden. Am Samstag, den 10. Januar 2026, sammeln wir \u2013 nach vorheriger Anmeldung \u2013 Ihre ausgedienten Christb\u00e4ume ein. Das Anmeldeportal ist bereits freigeschaltet und erreichbar: ANMELDEPORTAL Unsere Feuerwehr leistet weit mehr als den klassischen Brandschutz. Menschen- und Tierrettung, Unfallhilfe, Katastrophenschutz sowie technische Hilfeleistungen geh\u00f6ren zu unseren t\u00e4glichen Aufgaben. Hinter der bekannten Formel \u201eRetten \u2013 L\u00f6schen \u2013 Bergen \u2013 Sch\u00fctzen\u201c verbergen sich komplexe Anforderungen an unser Personal und unsere Ausr\u00fcstung \u2013 und diese Anforderungen wachsen stetig. Damit wir diesen Erwartungen weiterhin gerecht werden k\u00f6nnen, sind wir auf Spenden angewiesen, die die \u00f6ffentliche Finanzierung sinnvoll erg\u00e4nzen. Ihre Teilnahme an der Christbaum Abhol-Aktion, und damit Ihre Unterst\u00fctzung erm\u00f6glicht unter anderem: die wichtige Arbeit unserer Jugendfeuerwehr den Aufbau unserer Kinderfeuerwehr die [&hellip;]<\/p>\n","protected":false},"author":4,"featured_media":1535,"comment_status":"open","ping_status":"open","sticky":false,"template":"","format":"standard","meta":{"footnotes":""},"categories":[1],"tags":[],"class_list":["post-1529","post","type-post","status-publish","format-standard","has-post-thumbnail","hentry","category-allgemein"],"yoast_head":"<!-- This site is optimized with the Yoast SEO plugin v24.3 - https:\/\/yoast.com\/wordpress\/plugins\/seo\/ -->\n<title>Christbaum Abhol-Aktion 2026 |\u00a0Anmeldeportal online - Feuerwehr Passau - L\u00f6schzug Hauptwache<\/title>\n<meta name=\"robots\" content=\"index, follow, max-snippet:-1, max-image-preview:large, max-video-preview:-1\" \/>\n<link rel=\"canonical\" href=\"https:\/\/www.ffpassau.de\/hauptwache\/2025\/12\/11\/christbaum-abhol-aktion-2026-anmeldeportal-online\/\" \/>\n<meta property=\"og:locale\" content=\"de_DE\" \/>\n<meta property=\"og:type\" content=\"article\" \/>\n<meta property=\"og:title\" content=\"Christbaum Abhol-Aktion 2026 |\u00a0Anmeldeportal online - Feuerwehr Passau - L\u00f6schzug Hauptwache\" \/>\n<meta property=\"og:description\" content=\"Nach der gelungenen Christbaum-Abhol-Aktion im vergangenen Jahr freuen wir uns, mitteilen zu d\u00fcrfen, dass wir diese Aktion auch im Jahr 2026 wieder durchf\u00fchren werden. Am Samstag, den 10. Januar 2026, sammeln wir \u2013 nach vorheriger Anmeldung \u2013 Ihre ausgedienten Christb\u00e4ume ein. Das Anmeldeportal ist bereits freigeschaltet und erreichbar: ANMELDEPORTAL Unsere Feuerwehr leistet weit mehr als den klassischen Brandschutz. Menschen- und Tierrettung, Unfallhilfe, Katastrophenschutz sowie technische Hilfeleistungen geh\u00f6ren zu unseren t\u00e4glichen Aufgaben. Hinter der bekannten Formel \u201eRetten \u2013 L\u00f6schen \u2013 Bergen \u2013 Sch\u00fctzen\u201c verbergen sich komplexe Anforderungen an unser Personal und unsere Ausr\u00fcstung \u2013 und diese Anforderungen wachsen stetig. Damit wir diesen Erwartungen weiterhin gerecht werden k\u00f6nnen, sind wir auf Spenden angewiesen, die die \u00f6ffentliche Finanzierung sinnvoll erg\u00e4nzen. Ihre Teilnahme an der Christbaum Abhol-Aktion, und damit Ihre Unterst\u00fctzung erm\u00f6glicht unter anderem: die wichtige Arbeit unserer Jugendfeuerwehr den Aufbau unserer Kinderfeuerwehr die [&hellip;]\" \/>\n<meta property=\"og:url\" content=\"https:\/\/www.ffpassau.de\/hauptwache\/2025\/12\/11\/christbaum-abhol-aktion-2026-anmeldeportal-online\/\" \/>\n<meta property=\"og:site_name\" content=\"Feuerwehr Passau - L\u00f6schzug Hauptwache\" \/>\n<meta property=\"article:published_time\" content=\"2025-12-11T09:23:15+00:00\" \/>\n<meta property=\"article:modified_time\" content=\"2025-12-11T09:23:30+00:00\" \/>\n<meta property=\"og:image\" content=\"https:\/\/www.ffpassau.de\/hauptwache\/wp-content\/uploads\/sites\/4\/2025\/12\/2025-01-11_Christbaum_Abhol_2025-22-1024x771.jpg\" \/>\n\t<meta property=\"og:image:width\" content=\"1024\" \/>\n\t<meta property=\"og:image:height\" content=\"771\" \/>\n\t<meta property=\"og:image:type\" content=\"image\/jpeg\" \/>\n<meta name=\"author\" content=\"Markus Kornexl\" \/>\n<meta name=\"twitter:card\" content=\"summary_large_image\" \/>\n<meta name=\"twitter:label1\" content=\"Verfasst von\" \/>\n\t<meta name=\"twitter:data1\" content=\"Markus Kornexl\" \/>\n\t<meta name=\"twitter:label2\" content=\"Gesch\u00e4tzte Lesezeit\" \/>\n\t<meta name=\"twitter:data2\" content=\"2\u00a0Minuten\" \/>\n<script type=\"application\/ld+json\" class=\"yoast-schema-graph\">{\"@context\":\"https:\/\/schema.org\",\"@graph\":[{\"@type\":\"Article\",\"@id\":\"https:\/\/www.ffpassau.de\/hauptwache\/2025\/12\/11\/christbaum-abhol-aktion-2026-anmeldeportal-online\/#article\",\"isPartOf\":{\"@id\":\"https:\/\/www.ffpassau.de\/hauptwache\/2025\/12\/11\/christbaum-abhol-aktion-2026-anmeldeportal-online\/\"},\"author\":{\"name\":\"Markus Kornexl\",\"@id\":\"https:\/\/www.ffpassau.de\/hauptwache\/#\/schema\/person\/5ae0c9d446c9a5bab808bfc468e5d9d4\"},\"headline\":\"Christbaum Abhol-Aktion 2026 |\u00a0Anmeldeportal online\",\"datePublished\":\"2025-12-11T09:23:15+00:00\",\"dateModified\":\"2025-12-11T09:23:30+00:00\",\"mainEntityOfPage\":{\"@id\":\"https:\/\/www.ffpassau.de\/hauptwache\/2025\/12\/11\/christbaum-abhol-aktion-2026-anmeldeportal-online\/\"},\"wordCount\":218,\"commentCount\":0,\"publisher\":{\"@id\":\"https:\/\/www.ffpassau.de\/hauptwache\/#organization\"},\"image\":{\"@id\":\"https:\/\/www.ffpassau.de\/hauptwache\/2025\/12\/11\/christbaum-abhol-aktion-2026-anmeldeportal-online\/#primaryimage\"},\"thumbnailUrl\":\"https:\/\/www.ffpassau.de\/hauptwache\/wp-content\/uploads\/sites\/4\/2025\/12\/2025-01-11_Christbaum_Abhol_2025-22.jpg\",\"inLanguage\":\"de\",\"potentialAction\":[{\"@type\":\"CommentAction\",\"name\":\"Comment\",\"target\":[\"https:\/\/www.ffpassau.de\/hauptwache\/2025\/12\/11\/christbaum-abhol-aktion-2026-anmeldeportal-online\/#respond\"]}]},{\"@type\":\"WebPage\",\"@id\":\"https:\/\/www.ffpassau.de\/hauptwache\/2025\/12\/11\/christbaum-abhol-aktion-2026-anmeldeportal-online\/\",\"url\":\"https:\/\/www.ffpassau.de\/hauptwache\/2025\/12\/11\/christbaum-abhol-aktion-2026-anmeldeportal-online\/\",\"name\":\"Christbaum Abhol-Aktion 2026 |\u00a0Anmeldeportal online - Feuerwehr Passau - L\u00f6schzug Hauptwache\",\"isPartOf\":{\"@id\":\"https:\/\/www.ffpassau.de\/hauptwache\/#website\"},\"primaryImageOfPage\":{\"@id\":\"https:\/\/www.ffpassau.de\/hauptwache\/2025\/12\/11\/christbaum-abhol-aktion-2026-anmeldeportal-online\/#primaryimage\"},\"image\":{\"@id\":\"https:\/\/www.ffpassau.de\/hauptwache\/2025\/12\/11\/christbaum-abhol-aktion-2026-anmeldeportal-online\/#primaryimage\"},\"thumbnailUrl\":\"https:\/\/www.ffpassau.de\/hauptwache\/wp-content\/uploads\/sites\/4\/2025\/12\/2025-01-11_Christbaum_Abhol_2025-22.jpg\",\"datePublished\":\"2025-12-11T09:23:15+00:00\",\"dateModified\":\"2025-12-11T09:23:30+00:00\",\"breadcrumb\":{\"@id\":\"https:\/\/www.ffpassau.de\/hauptwache\/2025\/12\/11\/christbaum-abhol-aktion-2026-anmeldeportal-online\/#breadcrumb\"},\"inLanguage\":\"de\",\"potentialAction\":[{\"@type\":\"ReadAction\",\"target\":[\"https:\/\/www.ffpassau.de\/hauptwache\/2025\/12\/11\/christbaum-abhol-aktion-2026-anmeldeportal-online\/\"]}]},{\"@type\":\"ImageObject\",\"inLanguage\":\"de\",\"@id\":\"https:\/\/www.ffpassau.de\/hauptwache\/2025\/12\/11\/christbaum-abhol-aktion-2026-anmeldeportal-online\/#primaryimage\",\"url\":\"https:\/\/www.ffpassau.de\/hauptwache\/wp-content\/uploads\/sites\/4\/2025\/12\/2025-01-11_Christbaum_Abhol_2025-22.jpg\",\"contentUrl\":\"https:\/\/www.ffpassau.de\/hauptwache\/wp-content\/uploads\/sites\/4\/2025\/12\/2025-01-11_Christbaum_Abhol_2025-22.jpg\",\"width\":2400,\"height\":1806},{\"@type\":\"BreadcrumbList\",\"@id\":\"https:\/\/www.ffpassau.de\/hauptwache\/2025\/12\/11\/christbaum-abhol-aktion-2026-anmeldeportal-online\/#breadcrumb\",\"itemListElement\":[{\"@type\":\"ListItem\",\"position\":1,\"name\":\"Startseite\",\"item\":\"https:\/\/www.ffpassau.de\/hauptwache\/\"},{\"@type\":\"ListItem\",\"position\":2,\"name\":\"Christbaum Abhol-Aktion 2026 |\u00a0Anmeldeportal online\"}]},{\"@type\":\"WebSite\",\"@id\":\"https:\/\/www.ffpassau.de\/hauptwache\/#website\",\"url\":\"https:\/\/www.ffpassau.de\/hauptwache\/\",\"name\":\"Feuerwehr Passau - L\u00f6schzug Hauptwache\",\"description\":\"\",\"publisher\":{\"@id\":\"https:\/\/www.ffpassau.de\/hauptwache\/#organization\"},\"potentialAction\":[{\"@type\":\"SearchAction\",\"target\":{\"@type\":\"EntryPoint\",\"urlTemplate\":\"https:\/\/www.ffpassau.de\/hauptwache\/?s={search_term_string}\"},\"query-input\":{\"@type\":\"PropertyValueSpecification\",\"valueRequired\":true,\"valueName\":\"search_term_string\"}}],\"inLanguage\":\"de\"},{\"@type\":\"Organization\",\"@id\":\"https:\/\/www.ffpassau.de\/hauptwache\/#organization\",\"name\":\"Feuerwehr Passau - L\u00f6schzug Hauptwache\",\"url\":\"https:\/\/www.ffpassau.de\/hauptwache\/\",\"logo\":{\"@type\":\"ImageObject\",\"inLanguage\":\"de\",\"@id\":\"https:\/\/www.ffpassau.de\/hauptwache\/#\/schema\/logo\/image\/\",\"url\":\"https:\/\/www.ffpassau.de\/hauptwache\/wp-content\/uploads\/sites\/4\/2020\/02\/lz_hauptwache_logo.svg\",\"contentUrl\":\"https:\/\/www.ffpassau.de\/hauptwache\/wp-content\/uploads\/sites\/4\/2020\/02\/lz_hauptwache_logo.svg\",\"width\":1,\"height\":1,\"caption\":\"Feuerwehr Passau - L\u00f6schzug Hauptwache\"},\"image\":{\"@id\":\"https:\/\/www.ffpassau.de\/hauptwache\/#\/schema\/logo\/image\/\"}},{\"@type\":\"Person\",\"@id\":\"https:\/\/www.ffpassau.de\/hauptwache\/#\/schema\/person\/5ae0c9d446c9a5bab808bfc468e5d9d4\",\"name\":\"Markus Kornexl\",\"image\":{\"@type\":\"ImageObject\",\"inLanguage\":\"de\",\"@id\":\"https:\/\/www.ffpassau.de\/hauptwache\/#\/schema\/person\/image\/\",\"url\":\"https:\/\/secure.gravatar.com\/avatar\/5ec59c8ad4f35a54a016a680fc15385d?s=96&d=mm&r=g\",\"contentUrl\":\"https:\/\/secure.gravatar.com\/avatar\/5ec59c8ad4f35a54a016a680fc15385d?s=96&d=mm&r=g\",\"caption\":\"Markus Kornexl\"},\"url\":\"https:\/\/www.ffpassau.de\/hauptwache\/author\/markuskornexl\/\"}]}<\/script>\n<!-- \/ Yoast SEO plugin. -->","yoast_head_json":{"title":"Christbaum Abhol-Aktion 2026 |\u00a0Anmeldeportal online - Feuerwehr Passau - L\u00f6schzug Hauptwache","robots":{"index":"index","follow":"follow","max-snippet":"max-snippet:-1","max-image-preview":"max-image-preview:large","max-video-preview":"max-video-preview:-1"},"canonical":"https:\/\/www.ffpassau.de\/hauptwache\/2025\/12\/11\/christbaum-abhol-aktion-2026-anmeldeportal-online\/","og_locale":"de_DE","og_type":"article","og_title":"Christbaum Abhol-Aktion 2026 |\u00a0Anmeldeportal online - Feuerwehr Passau - L\u00f6schzug Hauptwache","og_description":"Nach der gelungenen Christbaum-Abhol-Aktion im vergangenen Jahr freuen wir uns, mitteilen zu d\u00fcrfen, dass wir diese Aktion auch im Jahr 2026 wieder durchf\u00fchren werden. Am Samstag, den 10. Januar 2026, sammeln wir \u2013 nach vorheriger Anmeldung \u2013 Ihre ausgedienten Christb\u00e4ume ein. Das Anmeldeportal ist bereits freigeschaltet und erreichbar: ANMELDEPORTAL Unsere Feuerwehr leistet weit mehr als den klassischen Brandschutz. Menschen- und Tierrettung, Unfallhilfe, Katastrophenschutz sowie technische Hilfeleistungen geh\u00f6ren zu unseren t\u00e4glichen Aufgaben. Hinter der bekannten Formel \u201eRetten \u2013 L\u00f6schen \u2013 Bergen \u2013 Sch\u00fctzen\u201c verbergen sich komplexe Anforderungen an unser Personal und unsere Ausr\u00fcstung \u2013 und diese Anforderungen wachsen stetig. Damit wir diesen Erwartungen weiterhin gerecht werden k\u00f6nnen, sind wir auf Spenden angewiesen, die die \u00f6ffentliche Finanzierung sinnvoll erg\u00e4nzen. Ihre Teilnahme an der Christbaum Abhol-Aktion, und damit Ihre Unterst\u00fctzung erm\u00f6glicht unter anderem: die wichtige Arbeit unserer Jugendfeuerwehr den Aufbau unserer Kinderfeuerwehr die [&hellip;]","og_url":"https:\/\/www.ffpassau.de\/hauptwache\/2025\/12\/11\/christbaum-abhol-aktion-2026-anmeldeportal-online\/","og_site_name":"Feuerwehr Passau - L\u00f6schzug Hauptwache","article_published_time":"2025-12-11T09:23:15+00:00","article_modified_time":"2025-12-11T09:23:30+00:00","og_image":[{"width":1024,"height":771,"url":"https:\/\/www.ffpassau.de\/hauptwache\/wp-content\/uploads\/sites\/4\/2025\/12\/2025-01-11_Christbaum_Abhol_2025-22-1024x771.jpg","type":"image\/jpeg"}],"author":"Markus Kornexl","twitter_card":"summary_large_image","twitter_misc":{"Verfasst von":"Markus Kornexl","Gesch\u00e4tzte Lesezeit":"2\u00a0Minuten"},"schema":{"@context":"https:\/\/schema.org","@graph":[{"@type":"Article","@id":"https:\/\/www.ffpassau.de\/hauptwache\/2025\/12\/11\/christbaum-abhol-aktion-2026-anmeldeportal-online\/#article","isPartOf":{"@id":"https:\/\/www.ffpassau.de\/hauptwache\/2025\/12\/11\/christbaum-abhol-aktion-2026-anmeldeportal-online\/"},"author":{"name":"Markus Kornexl","@id":"https:\/\/www.ffpassau.de\/hauptwache\/#\/schema\/person\/5ae0c9d446c9a5bab808bfc468e5d9d4"},"headline":"Christbaum Abhol-Aktion 2026 |\u00a0Anmeldeportal online","datePublished":"2025-12-11T09:23:15+00:00","dateModified":"2025-12-11T09:23:30+00:00","mainEntityOfPage":{"@id":"https:\/\/www.ffpassau.de\/hauptwache\/2025\/12\/11\/christbaum-abhol-aktion-2026-anmeldeportal-online\/"},"wordCount":218,"commentCount":0,"publisher":{"@id":"https:\/\/www.ffpassau.de\/hauptwache\/#organization"},"image":{"@id":"https:\/\/www.ffpassau.de\/hauptwache\/2025\/12\/11\/christbaum-abhol-aktion-2026-anmeldeportal-online\/#primaryimage"},"thumbnailUrl":"https:\/\/www.ffpassau.de\/hauptwache\/wp-content\/uploads\/sites\/4\/2025\/12\/2025-01-11_Christbaum_Abhol_2025-22.jpg","inLanguage":"de","potentialAction":[{"@type":"CommentAction","name":"Comment","target":["https:\/\/www.ffpassau.de\/hauptwache\/2025\/12\/11\/christbaum-abhol-aktion-2026-anmeldeportal-online\/#respond"]}]},{"@type":"WebPage","@id":"https:\/\/www.ffpassau.de\/hauptwache\/2025\/12\/11\/christbaum-abhol-aktion-2026-anmeldeportal-online\/","url":"https:\/\/www.ffpassau.de\/hauptwache\/2025\/12\/11\/christbaum-abhol-aktion-2026-anmeldeportal-online\/","name":"Christbaum Abhol-Aktion 2026 |\u00a0Anmeldeportal online - Feuerwehr Passau - L\u00f6schzug Hauptwache","isPartOf":{"@id":"https:\/\/www.ffpassau.de\/hauptwache\/#website"},"primaryImageOfPage":{"@id":"https:\/\/www.ffpassau.de\/hauptwache\/2025\/12\/11\/christbaum-abhol-aktion-2026-anmeldeportal-online\/#primaryimage"},"image":{"@id":"https:\/\/www.ffpassau.de\/hauptwache\/2025\/12\/11\/christbaum-abhol-aktion-2026-anmeldeportal-online\/#primaryimage"},"thumbnailUrl":"https:\/\/www.ffpassau.de\/hauptwache\/wp-content\/uploads\/sites\/4\/2025\/12\/2025-01-11_Christbaum_Abhol_2025-22.jpg","datePublished":"2025-12-11T09:23:15+00:00","dateModified":"2025-12-11T09:23:30+00:00","breadcrumb":{"@id":"https:\/\/www.ffpassau.de\/hauptwache\/2025\/12\/11\/christbaum-abhol-aktion-2026-anmeldeportal-online\/#breadcrumb"},"inLanguage":"de","potentialAction":[{"@type":"ReadAction","target":["https:\/\/www.ffpassau.de\/hauptwache\/2025\/12\/11\/christbaum-abhol-aktion-2026-anmeldeportal-online\/"]}]},{"@type":"ImageObject","inLanguage":"de","@id":"https:\/\/www.ffpassau.de\/hauptwache\/2025\/12\/11\/christbaum-abhol-aktion-2026-anmeldeportal-online\/#primaryimage","url":"https:\/\/www.ffpassau.de\/hauptwache\/wp-content\/uploads\/sites\/4\/2025\/12\/2025-01-11_Christbaum_Abhol_2025-22.jpg","contentUrl":"https:\/\/www.ffpassau.de\/hauptwache\/wp-content\/uploads\/sites\/4\/2025\/12\/2025-01-11_Christbaum_Abhol_2025-22.jpg","width":2400,"height":1806},{"@type":"BreadcrumbList","@id":"https:\/\/www.ffpassau.de\/hauptwache\/2025\/12\/11\/christbaum-abhol-aktion-2026-anmeldeportal-online\/#breadcrumb","itemListElement":[{"@type":"ListItem","position":1,"name":"Startseite","item":"https:\/\/www.ffpassau.de\/hauptwache\/"},{"@type":"ListItem","position":2,"name":"Christbaum Abhol-Aktion 2026 |\u00a0Anmeldeportal online"}]},{"@type":"WebSite","@id":"https:\/\/www.ffpassau.de\/hauptwache\/#website","url":"https:\/\/www.ffpassau.de\/hauptwache\/","name":"Feuerwehr Passau - L\u00f6schzug Hauptwache","description":"","publisher":{"@id":"https:\/\/www.ffpassau.de\/hauptwache\/#organization"},"potentialAction":[{"@type":"SearchAction","target":{"@type":"EntryPoint","urlTemplate":"https:\/\/www.ffpassau.de\/hauptwache\/?s={search_term_string}"},"query-input":{"@type":"PropertyValueSpecification","valueRequired":true,"valueName":"search_term_string"}}],"inLanguage":"de"},{"@type":"Organization","@id":"https:\/\/www.ffpassau.de\/hauptwache\/#organization","name":"Feuerwehr Passau - L\u00f6schzug Hauptwache","url":"https:\/\/www.ffpassau.de\/hauptwache\/","logo":{"@type":"ImageObject","inLanguage":"de","@id":"https:\/\/www.ffpassau.de\/hauptwache\/#\/schema\/logo\/image\/","url":"https:\/\/www.ffpassau.de\/hauptwache\/wp-content\/uploads\/sites\/4\/2020\/02\/lz_hauptwache_logo.svg","contentUrl":"https:\/\/www.ffpassau.de\/hauptwache\/wp-content\/uploads\/sites\/4\/2020\/02\/lz_hauptwache_logo.svg","width":1,"height":1,"caption":"Feuerwehr Passau - L\u00f6schzug Hauptwache"},"image":{"@id":"https:\/\/www.ffpassau.de\/hauptwache\/#\/schema\/logo\/image\/"}},{"@type":"Person","@id":"https:\/\/www.ffpassau.de\/hauptwache\/#\/schema\/person\/5ae0c9d446c9a5bab808bfc468e5d9d4","name":"Markus Kornexl","image":{"@type":"ImageObject","inLanguage":"de","@id":"https:\/\/www.ffpassau.de\/hauptwache\/#\/schema\/person\/image\/","url":"https:\/\/secure.gravatar.com\/avatar\/5ec59c8ad4f35a54a016a680fc15385d?s=96&d=mm&r=g","contentUrl":"https:\/\/secure.gravatar.com\/avatar\/5ec59c8ad4f35a54a016a680fc15385d?s=96&d=mm&r=g","caption":"Markus Kornexl"},"url":"https:\/\/www.ffpassau.de\/hauptwache\/author\/markuskornexl\/"}]}},"_links":{"self":[{"href":"https:\/\/www.ffpassau.de\/hauptwache\/wp-json\/wp\/v2\/posts\/1529","targetHints":{"allow":["GET"]}}],"collection":[{"href":"https:\/\/www.ffpassau.de\/hauptwache\/wp-json\/wp\/v2\/posts"}],"about":[{"href":"https:\/\/www.ffpassau.de\/hauptwache\/wp-json\/wp\/v2\/types\/post"}],"author":[{"embeddable":true,"href":"https:\/\/www.ffpassau.de\/hauptwache\/wp-json\/wp\/v2\/users\/4"}],"replies":[{"embeddable":true,"href":"https:\/\/www.ffpassau.de\/hauptwache\/wp-json\/wp\/v2\/comments?post=1529"}],"version-history":[{"count":1,"href":"https:\/\/www.ffpassau.de\/hauptwache\/wp-json\/wp\/v2\/posts\/1529\/revisions"}],"predecessor-version":[{"id":1537,"href":"https:\/\/www.ffpassau.de\/hauptwache\/wp-json\/wp\/v2\/posts\/1529\/revisions\/1537"}],"wp:featuredmedia":[{"embeddable":true,"href":"https:\/\/www.ffpassau.de\/hauptwache\/wp-json\/wp\/v2\/media\/1535"}],"wp:attachment":[{"href":"https:\/\/www.ffpassau.de\/hauptwache\/wp-json\/wp\/v2\/media?parent=1529"}],"wp:term":[{"taxonomy":"category","embeddable":true,"href":"https:\/\/www.ffpassau.de\/hauptwache\/wp-json\/wp\/v2\/categories?post=1529"},{"taxonomy":"post_tag","embeddable":true,"href":"https:\/\/www.ffpassau.de\/hauptwache\/wp-json\/wp\/v2\/tags?post=1529"}],"curies":[{"name":"wp","href":"https:\/\/api.w.org\/{rel}","templated":true}]}}