{"id":286,"date":"2019-09-20T14:18:59","date_gmt":"2019-09-20T12:18:59","guid":{"rendered":"https:\/\/www.ffpassau.de\/hauptwache\/?p=286"},"modified":"2020-02-27T16:08:48","modified_gmt":"2020-02-27T15:08:48","slug":"nicht-nur-wenns-brennt-20-000-stunden-dienst-an-den-menschen","status":"publish","type":"post","link":"https:\/\/www.ffpassau.de\/hauptwache\/2019\/09\/20\/nicht-nur-wenns-brennt-20-000-stunden-dienst-an-den-menschen\/","title":{"rendered":"Nicht nur wenn&#8217;s brennt: 20.000 Stunden Dienst an den Menschen"},"content":{"rendered":"<p><em>6 500 Einsatzkr\u00e4fte sind f\u00fcr die B\u00fcrger Tag und Nacht im Einsatz\u00a0<\/em><\/p>\n<p>Von Tatjana Brand<\/p>\n<p><strong>Passau.\u00a0<\/strong>Sie sind zur Stelle, wenn es brennt, sich ein Unfall ereignet hat, oder eine Katze nicht mehr vom Baum runterkommt. Schnell, effektiv und fast unbemerkt tun sie ihre Arbeit.<\/p>\n<p><img decoding=\"async\" class=\"s5_lazyload aligncenter\" src=\"https:\/\/www.ffpassau.de\/images\/allgemein\/Bildschirmfoto_2019-09-20_um_16.29.26.png\" alt=\"Bildschirmfoto 2019 09 20 um 16.29.26\" \/><\/p>\n<p>So wie Manfred Fasching (52). Als stellvertretender Zugf\u00fchrer ist er meistens mittendrin im Geschehen. Dabei reichen die technischen Hilfeleistungen der Feuer- wehr viel weiter, als \u201enur\u201c Br\u00e4nde zu l\u00f6schen! Verkehrsunf\u00e4lle, Eingeklemmte Personen, Tierrettung, Wespennester, Sturmsch\u00e4den, Hochwasser, schm\u00fccken von Mai und Weihnachtsb\u00e4umen mittels Drehleiter, Hochwassereins\u00e4tze, \u00d6lunf\u00e4lle, Gasalarm, Suizid, Suizidversuch &#8230; die Liste der Zust\u00e4ndigkeitsbereiche der Feuerwehr lie\u00dfe sich noch um einiges erweitern. Rund 20 000 Arbeitsstunden leisten die aktiven Feuerwehrleute im Jahr. Respekt!<\/p>\n<p>Manfred Fasching erkl\u00e4rt: \u201eDie Eins\u00e4tze f\u00fcr technische Hilfeleistungen betrugen etwa 3 000 Stunden von circa 6 500 Einsatzkr\u00e4ften in rund 381 Fahrzeugen.\u201c Junge M\u00e4nner und \u00e4ltere Menschen verursachen dabei die meisten Unf\u00e4lle. Der h\u00e4ufigste<\/p>\n<p>Grund f\u00fcr Unf\u00e4lle: Die untersch\u00e4tzten Pferdest\u00e4rken unter der Haube auch von kleinen Fahrzeugen. \u201eIn den Gro\u00dfst\u00e4dten gibt es schon illegale Autorennen. Bei uns sind die zum Gl\u00fcck noch kein Thema. Mal schauen wie lange noch \u201c, erkl\u00e4rt Fasching.\u00a0<img loading=\"lazy\" decoding=\"async\" class=\"s5_lazyload alignright\" src=\"https:\/\/www.ffpassau.de\/images\/allgemein\/Bildschirmfoto_2019-09-20_um_16.29.38.png\" alt=\"Bildschirmfoto 2019 09 20 um 16.29.38\" width=\"300\" height=\"245\" \/><\/p>\n<p>Unf\u00e4lle geh\u00f6ren zum \u201eTagesgesch\u00e4ft\u201c der Feuerwehr. Die gute Nachricht: Die Zahl der schweren Unf\u00e4lle im Stadtgebiet gehen \u2013 auch dank der modernen Technik in den Fahrzeugen \u2013 stetig zur\u00fcck. \u201eDieses richtig grobe eingeklemmt sein, wie es bis vor zehn Jahren noch vorkam, gibt es heute eigentlich nicht mehr.\u201c Ein Beispiel gef\u00e4llig? \u201e2018 \u2013 ein schlimmer Lkw-Unfall an der Auffahrt Passau Nord \u2013 ein Lkw raste ungebremst auf einen liegen gebliebenen Lkw. Das Alu-Geh\u00e4use des Unfallgegners wickelte sich komplett um das F\u00fchrerhaus des stehenden Lkw\u2018s und schob es nach hinten. Wir brauchten eineinhalb Stunden, um den Fahrer rauszuschneiden \u2013 aber passiert ist ihm nichts.\u201c<\/p>\n<p>Nicht immer gehen Vorf\u00e4lle, die zu den Eins\u00e4tzen f\u00fchren, so glimpflich aus. Ein weiteres Beispiel aus dem harten und mitunter belastenden Alltag bei der Feuerwehr: Ein Mann f\u00e4hrt mit dem Zug, steigt an einer Haltestelle aus, um eine Zigarette zu rauchen. Der Zug f\u00e4hrt los, der Fahrgast m\u00f6chte noch die T\u00fcr \u00f6ffnen und wird zwischen Zug und Bahnsteig gesogen. Tot! Kein sch\u00f6ner Anblick.<\/p>\n<p>Ein anderer Mann setzt sich einfach auf die Schienen und wartet \u2013 erfolgreicher Suizid! Kurze Zeit sp\u00e4ter \u00fcberquert eine verwirrte Frau die Gleise \u2013 ebenfalls tot! Nicht alle Feuerwehrler k\u00f6nnen damit so gut umgehen wie Manfred Fasching: \u201eIch habe noch nie von einem Einsatz getr\u00e4umt. Und ich kann auch hinterher nie sagen, wie die Leute ausgesehen haben. Kann sein, dass ich das verdr\u00e4nge.\u201c<\/p>\n<p>Die To Do-Liste der Feuerwehr-Eins\u00e4tze ist ein buntes Potpourri: T\u00fcr\u00f6ffnung, Person im Wasser, PKW im Wasser, Person im Kellerschacht, Entflogener Bienenschwarm, T\u00fcr\u00f6ffnung, Aufzug\u00f6ffnung, Baum auf der Fahrbahn, aufgeschwemmter Gullydeckel, Keller unter Wasser \u2013 vor allem Feuerwehr-Eins\u00e4tze sind es, die den Menschen das Leben erleichtern und die Arbeit der Feuerwehr so wichtig machen.<\/p>\n<p><img loading=\"lazy\" decoding=\"async\" class=\"s5_lazyload alignleft\" src=\"https:\/\/www.ffpassau.de\/images\/allgemein\/Bildschirmfoto_2019-09-20_um_16.29.52.png\" alt=\"Bildschirmfoto 2019 09 20 um 16.29.52\" width=\"150\" height=\"279\" \/><br \/>\nUnd als ob die 71 aktiven Feuerwehrleute der Hauptwache in Passau-Kohlbruck nicht schon genug zu tun h\u00e4tten, gibt es im Durchschnitt j\u00e4hrlich auch noch um 70 bis 80 Fehlalarme \u2013 Tendenz stetig steigend! Die 70 Fehlalarme des Jahres 2017 sind (bis- her) ein trauriger Rekord. \u201eNeben der stetig steigenden Zahl von Alarmen durch Brandmeldeanlagen f\u00fchren auch Rauchmelder in privaten R\u00e4umen und Wahrnehmungen von Nachbarn zu einem weiteren Anstieg von Eins\u00e4tzen. \u201eMeist liegen hier Irrt\u00fcmer vor. Aber besser einmal umsonst melden, als einmal zu sp\u00e4t\u201c, meint Fasching. Allerdings leisten die rund 1 350 Frauen und M\u00e4nner durchschnittlich rund 500 Stunden f\u00fcr die Feuerwehr im Jahr. Viele Fehlalarme sind dabei auf ausgel\u00f6ste Brandmeldeanlagen zur\u00fcckzuf\u00fchren \u2013 \u00e4rgerlich f\u00fcr die Feuerwehr. \u201eLeider ist hier die finanzielle Belastung f\u00fcr die Betreiber dieser Anlage noch immer zu gering\u201c, meint Fasching.<\/p>\n<p>Ein Problem sieht er zudem in der steigenden Zahl an E-Mobilen. \u201eUm brennende E-Fahrzeuge zu l\u00f6schen, braucht man schier Unmengen an Wasser.\u201c Eine gute Nachricht gibt es allerdings: Vor allem im Stadtgebiet geht die Zahl der schweren Unf\u00e4lle zur\u00fcck \u2013 nicht zuletzt dank der neuen Technik. Das wei\u00df auch Manfred Fasching, stellvertretender Zugf\u00fchrer und seit 1983 eingefleischter Feuerwehrler.<\/p>\n<p>Eine Anekdote aus seinem Feuerwehrleben bei der Feuerwehr Hauptwache in Passau-Kohlbruck: \u201eIch wei\u00df nicht, wie viele Katzen wir insgesamt schon vom Baum geholt haben. Ehrlich gesagt, kann ich es den Katzen mittlerweile ansehen, wenn sie einfach nur gerettet werden wollen.\u201c So manch einer Katze ist der Weg nach unten wohl einfach zu anstrengend. \u201eDenn mal ehrlich, wer hat schon jemals ein Katzenskelett in einem Baum gesehen? Da fragt man sich schon, wem wohl geholfen wird, der Katze oder dem Menschen \u2013 ich denke beiden!\u201c<\/p>\n","protected":false},"excerpt":{"rendered":"<p>6 500 Einsatzkr\u00e4fte sind f\u00fcr die B\u00fcrger Tag und Nacht im Einsatz\u00a0 Von Tatjana Brand Passau.\u00a0Sie sind zur Stelle, wenn es brennt, sich ein Unfall ereignet hat, oder eine Katze nicht mehr vom Baum runterkommt. Schnell, effektiv und fast unbemerkt tun sie ihre Arbeit. So wie Manfred Fasching (52). Als stellvertretender Zugf\u00fchrer ist er meistens mittendrin im Geschehen. Dabei reichen die technischen Hilfeleistungen der Feuer- wehr viel weiter, als \u201enur\u201c Br\u00e4nde zu l\u00f6schen! Verkehrsunf\u00e4lle, Eingeklemmte Personen, Tierrettung, Wespennester, Sturmsch\u00e4den, Hochwasser, schm\u00fccken von Mai und Weihnachtsb\u00e4umen mittels Drehleiter, Hochwassereins\u00e4tze, \u00d6lunf\u00e4lle, Gasalarm, Suizid, Suizidversuch &#8230; die Liste der Zust\u00e4ndigkeitsbereiche der Feuerwehr lie\u00dfe sich noch um einiges erweitern. Rund 20 000 Arbeitsstunden leisten die aktiven Feuerwehrleute im Jahr. Respekt! Manfred Fasching erkl\u00e4rt: \u201eDie Eins\u00e4tze f\u00fcr technische Hilfeleistungen betrugen etwa 3 000 Stunden von circa 6 500 Einsatzkr\u00e4ften in rund 381 Fahrzeugen.\u201c Junge M\u00e4nner [&hellip;]<\/p>\n","protected":false},"author":4,"featured_media":287,"comment_status":"open","ping_status":"open","sticky":false,"template":"","format":"standard","meta":{"footnotes":""},"categories":[1],"tags":[],"class_list":["post-286","post","type-post","status-publish","format-standard","has-post-thumbnail","hentry","category-allgemein"],"yoast_head":"<!-- This site is optimized with the Yoast SEO plugin v24.3 - https:\/\/yoast.com\/wordpress\/plugins\/seo\/ -->\n<title>Nicht nur wenn&#039;s brennt: 20.000 Stunden Dienst an den Menschen - Feuerwehr Passau - L\u00f6schzug Hauptwache<\/title>\n<meta name=\"robots\" content=\"index, follow, max-snippet:-1, max-image-preview:large, max-video-preview:-1\" \/>\n<link rel=\"canonical\" href=\"https:\/\/www.ffpassau.de\/hauptwache\/2019\/09\/20\/nicht-nur-wenns-brennt-20-000-stunden-dienst-an-den-menschen\/\" \/>\n<meta property=\"og:locale\" content=\"de_DE\" \/>\n<meta property=\"og:type\" content=\"article\" \/>\n<meta property=\"og:title\" content=\"Nicht nur wenn&#039;s brennt: 20.000 Stunden Dienst an den Menschen - Feuerwehr Passau - L\u00f6schzug Hauptwache\" \/>\n<meta property=\"og:description\" content=\"6 500 Einsatzkr\u00e4fte sind f\u00fcr die B\u00fcrger Tag und Nacht im Einsatz\u00a0 Von Tatjana Brand Passau.\u00a0Sie sind zur Stelle, wenn es brennt, sich ein Unfall ereignet hat, oder eine Katze nicht mehr vom Baum runterkommt. Schnell, effektiv und fast unbemerkt tun sie ihre Arbeit. So wie Manfred Fasching (52). Als stellvertretender Zugf\u00fchrer ist er meistens mittendrin im Geschehen. Dabei reichen die technischen Hilfeleistungen der Feuer- wehr viel weiter, als \u201enur\u201c Br\u00e4nde zu l\u00f6schen! Verkehrsunf\u00e4lle, Eingeklemmte Personen, Tierrettung, Wespennester, Sturmsch\u00e4den, Hochwasser, schm\u00fccken von Mai und Weihnachtsb\u00e4umen mittels Drehleiter, Hochwassereins\u00e4tze, \u00d6lunf\u00e4lle, Gasalarm, Suizid, Suizidversuch &#8230; die Liste der Zust\u00e4ndigkeitsbereiche der Feuerwehr lie\u00dfe sich noch um einiges erweitern. Rund 20 000 Arbeitsstunden leisten die aktiven Feuerwehrleute im Jahr. Respekt! Manfred Fasching erkl\u00e4rt: \u201eDie Eins\u00e4tze f\u00fcr technische Hilfeleistungen betrugen etwa 3 000 Stunden von circa 6 500 Einsatzkr\u00e4ften in rund 381 Fahrzeugen.\u201c Junge M\u00e4nner [&hellip;]\" \/>\n<meta property=\"og:url\" content=\"https:\/\/www.ffpassau.de\/hauptwache\/2019\/09\/20\/nicht-nur-wenns-brennt-20-000-stunden-dienst-an-den-menschen\/\" \/>\n<meta property=\"og:site_name\" content=\"Feuerwehr Passau - L\u00f6schzug Hauptwache\" \/>\n<meta property=\"article:published_time\" content=\"2019-09-20T12:18:59+00:00\" \/>\n<meta property=\"article:modified_time\" content=\"2020-02-27T15:08:48+00:00\" \/>\n<meta property=\"og:image\" content=\"https:\/\/www.ffpassau.de\/hauptwache\/wp-content\/uploads\/sites\/4\/2020\/02\/IMG-20190419-WA0024.jpg\" \/>\n\t<meta property=\"og:image:width\" content=\"1024\" \/>\n\t<meta property=\"og:image:height\" content=\"768\" \/>\n\t<meta property=\"og:image:type\" content=\"image\/jpeg\" \/>\n<meta name=\"author\" content=\"Markus Kornexl\" \/>\n<meta name=\"twitter:card\" content=\"summary_large_image\" \/>\n<meta name=\"twitter:label1\" content=\"Verfasst von\" \/>\n\t<meta name=\"twitter:data1\" content=\"Markus Kornexl\" \/>\n\t<meta name=\"twitter:label2\" content=\"Gesch\u00e4tzte Lesezeit\" \/>\n\t<meta name=\"twitter:data2\" content=\"4\u00a0Minuten\" \/>\n<script type=\"application\/ld+json\" class=\"yoast-schema-graph\">{\"@context\":\"https:\/\/schema.org\",\"@graph\":[{\"@type\":\"Article\",\"@id\":\"https:\/\/www.ffpassau.de\/hauptwache\/2019\/09\/20\/nicht-nur-wenns-brennt-20-000-stunden-dienst-an-den-menschen\/#article\",\"isPartOf\":{\"@id\":\"https:\/\/www.ffpassau.de\/hauptwache\/2019\/09\/20\/nicht-nur-wenns-brennt-20-000-stunden-dienst-an-den-menschen\/\"},\"author\":{\"name\":\"Markus Kornexl\",\"@id\":\"https:\/\/www.ffpassau.de\/hauptwache\/#\/schema\/person\/5ae0c9d446c9a5bab808bfc468e5d9d4\"},\"headline\":\"Nicht nur wenn&#8217;s brennt: 20.000 Stunden Dienst an den Menschen\",\"datePublished\":\"2019-09-20T12:18:59+00:00\",\"dateModified\":\"2020-02-27T15:08:48+00:00\",\"mainEntityOfPage\":{\"@id\":\"https:\/\/www.ffpassau.de\/hauptwache\/2019\/09\/20\/nicht-nur-wenns-brennt-20-000-stunden-dienst-an-den-menschen\/\"},\"wordCount\":796,\"commentCount\":0,\"publisher\":{\"@id\":\"https:\/\/www.ffpassau.de\/hauptwache\/#organization\"},\"image\":{\"@id\":\"https:\/\/www.ffpassau.de\/hauptwache\/2019\/09\/20\/nicht-nur-wenns-brennt-20-000-stunden-dienst-an-den-menschen\/#primaryimage\"},\"thumbnailUrl\":\"https:\/\/www.ffpassau.de\/hauptwache\/wp-content\/uploads\/sites\/4\/2020\/02\/IMG-20190419-WA0024.jpg\",\"inLanguage\":\"de\",\"potentialAction\":[{\"@type\":\"CommentAction\",\"name\":\"Comment\",\"target\":[\"https:\/\/www.ffpassau.de\/hauptwache\/2019\/09\/20\/nicht-nur-wenns-brennt-20-000-stunden-dienst-an-den-menschen\/#respond\"]}]},{\"@type\":\"WebPage\",\"@id\":\"https:\/\/www.ffpassau.de\/hauptwache\/2019\/09\/20\/nicht-nur-wenns-brennt-20-000-stunden-dienst-an-den-menschen\/\",\"url\":\"https:\/\/www.ffpassau.de\/hauptwache\/2019\/09\/20\/nicht-nur-wenns-brennt-20-000-stunden-dienst-an-den-menschen\/\",\"name\":\"Nicht nur wenn's brennt: 20.000 Stunden Dienst an den Menschen - Feuerwehr Passau - L\u00f6schzug Hauptwache\",\"isPartOf\":{\"@id\":\"https:\/\/www.ffpassau.de\/hauptwache\/#website\"},\"primaryImageOfPage\":{\"@id\":\"https:\/\/www.ffpassau.de\/hauptwache\/2019\/09\/20\/nicht-nur-wenns-brennt-20-000-stunden-dienst-an-den-menschen\/#primaryimage\"},\"image\":{\"@id\":\"https:\/\/www.ffpassau.de\/hauptwache\/2019\/09\/20\/nicht-nur-wenns-brennt-20-000-stunden-dienst-an-den-menschen\/#primaryimage\"},\"thumbnailUrl\":\"https:\/\/www.ffpassau.de\/hauptwache\/wp-content\/uploads\/sites\/4\/2020\/02\/IMG-20190419-WA0024.jpg\",\"datePublished\":\"2019-09-20T12:18:59+00:00\",\"dateModified\":\"2020-02-27T15:08:48+00:00\",\"breadcrumb\":{\"@id\":\"https:\/\/www.ffpassau.de\/hauptwache\/2019\/09\/20\/nicht-nur-wenns-brennt-20-000-stunden-dienst-an-den-menschen\/#breadcrumb\"},\"inLanguage\":\"de\",\"potentialAction\":[{\"@type\":\"ReadAction\",\"target\":[\"https:\/\/www.ffpassau.de\/hauptwache\/2019\/09\/20\/nicht-nur-wenns-brennt-20-000-stunden-dienst-an-den-menschen\/\"]}]},{\"@type\":\"ImageObject\",\"inLanguage\":\"de\",\"@id\":\"https:\/\/www.ffpassau.de\/hauptwache\/2019\/09\/20\/nicht-nur-wenns-brennt-20-000-stunden-dienst-an-den-menschen\/#primaryimage\",\"url\":\"https:\/\/www.ffpassau.de\/hauptwache\/wp-content\/uploads\/sites\/4\/2020\/02\/IMG-20190419-WA0024.jpg\",\"contentUrl\":\"https:\/\/www.ffpassau.de\/hauptwache\/wp-content\/uploads\/sites\/4\/2020\/02\/IMG-20190419-WA0024.jpg\",\"width\":1024,\"height\":768},{\"@type\":\"BreadcrumbList\",\"@id\":\"https:\/\/www.ffpassau.de\/hauptwache\/2019\/09\/20\/nicht-nur-wenns-brennt-20-000-stunden-dienst-an-den-menschen\/#breadcrumb\",\"itemListElement\":[{\"@type\":\"ListItem\",\"position\":1,\"name\":\"Startseite\",\"item\":\"https:\/\/www.ffpassau.de\/hauptwache\/\"},{\"@type\":\"ListItem\",\"position\":2,\"name\":\"Nicht nur wenn&#8217;s brennt: 20.000 Stunden Dienst an den Menschen\"}]},{\"@type\":\"WebSite\",\"@id\":\"https:\/\/www.ffpassau.de\/hauptwache\/#website\",\"url\":\"https:\/\/www.ffpassau.de\/hauptwache\/\",\"name\":\"Feuerwehr Passau - L\u00f6schzug Hauptwache\",\"description\":\"\",\"publisher\":{\"@id\":\"https:\/\/www.ffpassau.de\/hauptwache\/#organization\"},\"potentialAction\":[{\"@type\":\"SearchAction\",\"target\":{\"@type\":\"EntryPoint\",\"urlTemplate\":\"https:\/\/www.ffpassau.de\/hauptwache\/?s={search_term_string}\"},\"query-input\":{\"@type\":\"PropertyValueSpecification\",\"valueRequired\":true,\"valueName\":\"search_term_string\"}}],\"inLanguage\":\"de\"},{\"@type\":\"Organization\",\"@id\":\"https:\/\/www.ffpassau.de\/hauptwache\/#organization\",\"name\":\"Feuerwehr Passau - L\u00f6schzug Hauptwache\",\"url\":\"https:\/\/www.ffpassau.de\/hauptwache\/\",\"logo\":{\"@type\":\"ImageObject\",\"inLanguage\":\"de\",\"@id\":\"https:\/\/www.ffpassau.de\/hauptwache\/#\/schema\/logo\/image\/\",\"url\":\"https:\/\/www.ffpassau.de\/hauptwache\/wp-content\/uploads\/sites\/4\/2020\/02\/lz_hauptwache_logo.svg\",\"contentUrl\":\"https:\/\/www.ffpassau.de\/hauptwache\/wp-content\/uploads\/sites\/4\/2020\/02\/lz_hauptwache_logo.svg\",\"width\":1,\"height\":1,\"caption\":\"Feuerwehr Passau - L\u00f6schzug Hauptwache\"},\"image\":{\"@id\":\"https:\/\/www.ffpassau.de\/hauptwache\/#\/schema\/logo\/image\/\"}},{\"@type\":\"Person\",\"@id\":\"https:\/\/www.ffpassau.de\/hauptwache\/#\/schema\/person\/5ae0c9d446c9a5bab808bfc468e5d9d4\",\"name\":\"Markus Kornexl\",\"image\":{\"@type\":\"ImageObject\",\"inLanguage\":\"de\",\"@id\":\"https:\/\/www.ffpassau.de\/hauptwache\/#\/schema\/person\/image\/\",\"url\":\"https:\/\/secure.gravatar.com\/avatar\/5ec59c8ad4f35a54a016a680fc15385d?s=96&d=mm&r=g\",\"contentUrl\":\"https:\/\/secure.gravatar.com\/avatar\/5ec59c8ad4f35a54a016a680fc15385d?s=96&d=mm&r=g\",\"caption\":\"Markus Kornexl\"},\"url\":\"https:\/\/www.ffpassau.de\/hauptwache\/author\/markuskornexl\/\"}]}<\/script>\n<!-- \/ Yoast SEO plugin. -->","yoast_head_json":{"title":"Nicht nur wenn's brennt: 20.000 Stunden Dienst an den Menschen - Feuerwehr Passau - L\u00f6schzug Hauptwache","robots":{"index":"index","follow":"follow","max-snippet":"max-snippet:-1","max-image-preview":"max-image-preview:large","max-video-preview":"max-video-preview:-1"},"canonical":"https:\/\/www.ffpassau.de\/hauptwache\/2019\/09\/20\/nicht-nur-wenns-brennt-20-000-stunden-dienst-an-den-menschen\/","og_locale":"de_DE","og_type":"article","og_title":"Nicht nur wenn's brennt: 20.000 Stunden Dienst an den Menschen - Feuerwehr Passau - L\u00f6schzug Hauptwache","og_description":"6 500 Einsatzkr\u00e4fte sind f\u00fcr die B\u00fcrger Tag und Nacht im Einsatz\u00a0 Von Tatjana Brand Passau.\u00a0Sie sind zur Stelle, wenn es brennt, sich ein Unfall ereignet hat, oder eine Katze nicht mehr vom Baum runterkommt. Schnell, effektiv und fast unbemerkt tun sie ihre Arbeit. So wie Manfred Fasching (52). Als stellvertretender Zugf\u00fchrer ist er meistens mittendrin im Geschehen. Dabei reichen die technischen Hilfeleistungen der Feuer- wehr viel weiter, als \u201enur\u201c Br\u00e4nde zu l\u00f6schen! Verkehrsunf\u00e4lle, Eingeklemmte Personen, Tierrettung, Wespennester, Sturmsch\u00e4den, Hochwasser, schm\u00fccken von Mai und Weihnachtsb\u00e4umen mittels Drehleiter, Hochwassereins\u00e4tze, \u00d6lunf\u00e4lle, Gasalarm, Suizid, Suizidversuch &#8230; die Liste der Zust\u00e4ndigkeitsbereiche der Feuerwehr lie\u00dfe sich noch um einiges erweitern. Rund 20 000 Arbeitsstunden leisten die aktiven Feuerwehrleute im Jahr. Respekt! Manfred Fasching erkl\u00e4rt: \u201eDie Eins\u00e4tze f\u00fcr technische Hilfeleistungen betrugen etwa 3 000 Stunden von circa 6 500 Einsatzkr\u00e4ften in rund 381 Fahrzeugen.\u201c Junge M\u00e4nner [&hellip;]","og_url":"https:\/\/www.ffpassau.de\/hauptwache\/2019\/09\/20\/nicht-nur-wenns-brennt-20-000-stunden-dienst-an-den-menschen\/","og_site_name":"Feuerwehr Passau - L\u00f6schzug Hauptwache","article_published_time":"2019-09-20T12:18:59+00:00","article_modified_time":"2020-02-27T15:08:48+00:00","og_image":[{"width":1024,"height":768,"url":"https:\/\/www.ffpassau.de\/hauptwache\/wp-content\/uploads\/sites\/4\/2020\/02\/IMG-20190419-WA0024.jpg","type":"image\/jpeg"}],"author":"Markus Kornexl","twitter_card":"summary_large_image","twitter_misc":{"Verfasst von":"Markus Kornexl","Gesch\u00e4tzte Lesezeit":"4\u00a0Minuten"},"schema":{"@context":"https:\/\/schema.org","@graph":[{"@type":"Article","@id":"https:\/\/www.ffpassau.de\/hauptwache\/2019\/09\/20\/nicht-nur-wenns-brennt-20-000-stunden-dienst-an-den-menschen\/#article","isPartOf":{"@id":"https:\/\/www.ffpassau.de\/hauptwache\/2019\/09\/20\/nicht-nur-wenns-brennt-20-000-stunden-dienst-an-den-menschen\/"},"author":{"name":"Markus Kornexl","@id":"https:\/\/www.ffpassau.de\/hauptwache\/#\/schema\/person\/5ae0c9d446c9a5bab808bfc468e5d9d4"},"headline":"Nicht nur wenn&#8217;s brennt: 20.000 Stunden Dienst an den Menschen","datePublished":"2019-09-20T12:18:59+00:00","dateModified":"2020-02-27T15:08:48+00:00","mainEntityOfPage":{"@id":"https:\/\/www.ffpassau.de\/hauptwache\/2019\/09\/20\/nicht-nur-wenns-brennt-20-000-stunden-dienst-an-den-menschen\/"},"wordCount":796,"commentCount":0,"publisher":{"@id":"https:\/\/www.ffpassau.de\/hauptwache\/#organization"},"image":{"@id":"https:\/\/www.ffpassau.de\/hauptwache\/2019\/09\/20\/nicht-nur-wenns-brennt-20-000-stunden-dienst-an-den-menschen\/#primaryimage"},"thumbnailUrl":"https:\/\/www.ffpassau.de\/hauptwache\/wp-content\/uploads\/sites\/4\/2020\/02\/IMG-20190419-WA0024.jpg","inLanguage":"de","potentialAction":[{"@type":"CommentAction","name":"Comment","target":["https:\/\/www.ffpassau.de\/hauptwache\/2019\/09\/20\/nicht-nur-wenns-brennt-20-000-stunden-dienst-an-den-menschen\/#respond"]}]},{"@type":"WebPage","@id":"https:\/\/www.ffpassau.de\/hauptwache\/2019\/09\/20\/nicht-nur-wenns-brennt-20-000-stunden-dienst-an-den-menschen\/","url":"https:\/\/www.ffpassau.de\/hauptwache\/2019\/09\/20\/nicht-nur-wenns-brennt-20-000-stunden-dienst-an-den-menschen\/","name":"Nicht nur wenn's brennt: 20.000 Stunden Dienst an den Menschen - Feuerwehr Passau - L\u00f6schzug Hauptwache","isPartOf":{"@id":"https:\/\/www.ffpassau.de\/hauptwache\/#website"},"primaryImageOfPage":{"@id":"https:\/\/www.ffpassau.de\/hauptwache\/2019\/09\/20\/nicht-nur-wenns-brennt-20-000-stunden-dienst-an-den-menschen\/#primaryimage"},"image":{"@id":"https:\/\/www.ffpassau.de\/hauptwache\/2019\/09\/20\/nicht-nur-wenns-brennt-20-000-stunden-dienst-an-den-menschen\/#primaryimage"},"thumbnailUrl":"https:\/\/www.ffpassau.de\/hauptwache\/wp-content\/uploads\/sites\/4\/2020\/02\/IMG-20190419-WA0024.jpg","datePublished":"2019-09-20T12:18:59+00:00","dateModified":"2020-02-27T15:08:48+00:00","breadcrumb":{"@id":"https:\/\/www.ffpassau.de\/hauptwache\/2019\/09\/20\/nicht-nur-wenns-brennt-20-000-stunden-dienst-an-den-menschen\/#breadcrumb"},"inLanguage":"de","potentialAction":[{"@type":"ReadAction","target":["https:\/\/www.ffpassau.de\/hauptwache\/2019\/09\/20\/nicht-nur-wenns-brennt-20-000-stunden-dienst-an-den-menschen\/"]}]},{"@type":"ImageObject","inLanguage":"de","@id":"https:\/\/www.ffpassau.de\/hauptwache\/2019\/09\/20\/nicht-nur-wenns-brennt-20-000-stunden-dienst-an-den-menschen\/#primaryimage","url":"https:\/\/www.ffpassau.de\/hauptwache\/wp-content\/uploads\/sites\/4\/2020\/02\/IMG-20190419-WA0024.jpg","contentUrl":"https:\/\/www.ffpassau.de\/hauptwache\/wp-content\/uploads\/sites\/4\/2020\/02\/IMG-20190419-WA0024.jpg","width":1024,"height":768},{"@type":"BreadcrumbList","@id":"https:\/\/www.ffpassau.de\/hauptwache\/2019\/09\/20\/nicht-nur-wenns-brennt-20-000-stunden-dienst-an-den-menschen\/#breadcrumb","itemListElement":[{"@type":"ListItem","position":1,"name":"Startseite","item":"https:\/\/www.ffpassau.de\/hauptwache\/"},{"@type":"ListItem","position":2,"name":"Nicht nur wenn&#8217;s brennt: 20.000 Stunden Dienst an den Menschen"}]},{"@type":"WebSite","@id":"https:\/\/www.ffpassau.de\/hauptwache\/#website","url":"https:\/\/www.ffpassau.de\/hauptwache\/","name":"Feuerwehr Passau - L\u00f6schzug Hauptwache","description":"","publisher":{"@id":"https:\/\/www.ffpassau.de\/hauptwache\/#organization"},"potentialAction":[{"@type":"SearchAction","target":{"@type":"EntryPoint","urlTemplate":"https:\/\/www.ffpassau.de\/hauptwache\/?s={search_term_string}"},"query-input":{"@type":"PropertyValueSpecification","valueRequired":true,"valueName":"search_term_string"}}],"inLanguage":"de"},{"@type":"Organization","@id":"https:\/\/www.ffpassau.de\/hauptwache\/#organization","name":"Feuerwehr Passau - L\u00f6schzug Hauptwache","url":"https:\/\/www.ffpassau.de\/hauptwache\/","logo":{"@type":"ImageObject","inLanguage":"de","@id":"https:\/\/www.ffpassau.de\/hauptwache\/#\/schema\/logo\/image\/","url":"https:\/\/www.ffpassau.de\/hauptwache\/wp-content\/uploads\/sites\/4\/2020\/02\/lz_hauptwache_logo.svg","contentUrl":"https:\/\/www.ffpassau.de\/hauptwache\/wp-content\/uploads\/sites\/4\/2020\/02\/lz_hauptwache_logo.svg","width":1,"height":1,"caption":"Feuerwehr Passau - L\u00f6schzug Hauptwache"},"image":{"@id":"https:\/\/www.ffpassau.de\/hauptwache\/#\/schema\/logo\/image\/"}},{"@type":"Person","@id":"https:\/\/www.ffpassau.de\/hauptwache\/#\/schema\/person\/5ae0c9d446c9a5bab808bfc468e5d9d4","name":"Markus Kornexl","image":{"@type":"ImageObject","inLanguage":"de","@id":"https:\/\/www.ffpassau.de\/hauptwache\/#\/schema\/person\/image\/","url":"https:\/\/secure.gravatar.com\/avatar\/5ec59c8ad4f35a54a016a680fc15385d?s=96&d=mm&r=g","contentUrl":"https:\/\/secure.gravatar.com\/avatar\/5ec59c8ad4f35a54a016a680fc15385d?s=96&d=mm&r=g","caption":"Markus Kornexl"},"url":"https:\/\/www.ffpassau.de\/hauptwache\/author\/markuskornexl\/"}]}},"_links":{"self":[{"href":"https:\/\/www.ffpassau.de\/hauptwache\/wp-json\/wp\/v2\/posts\/286","targetHints":{"allow":["GET"]}}],"collection":[{"href":"https:\/\/www.ffpassau.de\/hauptwache\/wp-json\/wp\/v2\/posts"}],"about":[{"href":"https:\/\/www.ffpassau.de\/hauptwache\/wp-json\/wp\/v2\/types\/post"}],"author":[{"embeddable":true,"href":"https:\/\/www.ffpassau.de\/hauptwache\/wp-json\/wp\/v2\/users\/4"}],"replies":[{"embeddable":true,"href":"https:\/\/www.ffpassau.de\/hauptwache\/wp-json\/wp\/v2\/comments?post=286"}],"version-history":[{"count":2,"href":"https:\/\/www.ffpassau.de\/hauptwache\/wp-json\/wp\/v2\/posts\/286\/revisions"}],"predecessor-version":[{"id":316,"href":"https:\/\/www.ffpassau.de\/hauptwache\/wp-json\/wp\/v2\/posts\/286\/revisions\/316"}],"wp:featuredmedia":[{"embeddable":true,"href":"https:\/\/www.ffpassau.de\/hauptwache\/wp-json\/wp\/v2\/media\/287"}],"wp:attachment":[{"href":"https:\/\/www.ffpassau.de\/hauptwache\/wp-json\/wp\/v2\/media?parent=286"}],"wp:term":[{"taxonomy":"category","embeddable":true,"href":"https:\/\/www.ffpassau.de\/hauptwache\/wp-json\/wp\/v2\/categories?post=286"},{"taxonomy":"post_tag","embeddable":true,"href":"https:\/\/www.ffpassau.de\/hauptwache\/wp-json\/wp\/v2\/tags?post=286"}],"curies":[{"name":"wp","href":"https:\/\/api.w.org\/{rel}","templated":true}]}}