{"id":526,"date":"2020-04-23T15:38:39","date_gmt":"2020-04-23T13:38:39","guid":{"rendered":"https:\/\/www.ffpassau.de\/hauptwache\/?p=526"},"modified":"2020-04-23T15:51:22","modified_gmt":"2020-04-23T13:51:22","slug":"526","status":"publish","type":"post","link":"https:\/\/www.ffpassau.de\/hauptwache\/2020\/04\/23\/526\/","title":{"rendered":"Brandgefahr beim Maskenreinigen in der Mikrowelle"},"content":{"rendered":"<p>In Bayern ist es durch Gesichtsmasken bereits mehrfach zu Feuerwehreins\u00e4tzen gekommen.<\/p>\n<p>Viele der angebotenen und benutzten Gesichtsmasken besitzen als Verst\u00e4rkung im Nasenbereich einen Drahtb\u00fcgel aus Metall.<\/p>\n<p>Diese Masken d\u00fcrfen zur Reinigung <strong>NICHT in die Mikrowelle!\u00a0<\/strong>Durch den Draht kann es zu heftiger Funkenbildung kommen, welche die Mikrowelle in Brand setzen kann.<\/p>\n<p>Nutzen Sie daher eine andere M\u00f6glichkeit zur Reinigung der Masken. Empfohlen wird zum Beispiel die Masken zu b\u00fcgeln oder bei 60 Grad in der Waschmaschine zu waschen.<\/p>\n","protected":false},"excerpt":{"rendered":"<p>In Bayern ist es durch Gesichtsmasken bereits mehrfach zu Feuerwehreins\u00e4tzen gekommen. Viele der angebotenen und benutzten Gesichtsmasken besitzen als Verst\u00e4rkung im Nasenbereich einen Drahtb\u00fcgel aus Metall. Diese Masken d\u00fcrfen zur Reinigung NICHT in die Mikrowelle!\u00a0Durch den Draht kann es zu heftiger Funkenbildung kommen, welche die Mikrowelle in Brand setzen kann. Nutzen Sie daher eine andere M\u00f6glichkeit zur Reinigung der Masken. Empfohlen wird zum Beispiel die Masken zu b\u00fcgeln oder bei 60 Grad in der Waschmaschine zu waschen.<\/p>\n","protected":false},"author":4,"featured_media":530,"comment_status":"open","ping_status":"open","sticky":false,"template":"","format":"standard","meta":{"footnotes":""},"categories":[1],"tags":[],"class_list":["post-526","post","type-post","status-publish","format-standard","has-post-thumbnail","hentry","category-allgemein"],"yoast_head":"<!-- This site is optimized with the Yoast SEO plugin v24.3 - https:\/\/yoast.com\/wordpress\/plugins\/seo\/ -->\n<title>Brandgefahr beim Maskenreinigen in der Mikrowelle - Feuerwehr Passau - L\u00f6schzug Hauptwache<\/title>\n<meta name=\"robots\" content=\"index, follow, max-snippet:-1, max-image-preview:large, max-video-preview:-1\" \/>\n<link rel=\"canonical\" href=\"https:\/\/www.ffpassau.de\/hauptwache\/2020\/04\/23\/526\/\" \/>\n<meta property=\"og:locale\" content=\"de_DE\" \/>\n<meta property=\"og:type\" content=\"article\" \/>\n<meta property=\"og:title\" content=\"Brandgefahr beim Maskenreinigen in der Mikrowelle - Feuerwehr Passau - L\u00f6schzug Hauptwache\" \/>\n<meta property=\"og:description\" content=\"In Bayern ist es durch Gesichtsmasken bereits mehrfach zu Feuerwehreins\u00e4tzen gekommen. Viele der angebotenen und benutzten Gesichtsmasken besitzen als Verst\u00e4rkung im Nasenbereich einen Drahtb\u00fcgel aus Metall. Diese Masken d\u00fcrfen zur Reinigung NICHT in die Mikrowelle!\u00a0Durch den Draht kann es zu heftiger Funkenbildung kommen, welche die Mikrowelle in Brand setzen kann. Nutzen Sie daher eine andere M\u00f6glichkeit zur Reinigung der Masken. Empfohlen wird zum Beispiel die Masken zu b\u00fcgeln oder bei 60 Grad in der Waschmaschine zu waschen.\" \/>\n<meta property=\"og:url\" content=\"https:\/\/www.ffpassau.de\/hauptwache\/2020\/04\/23\/526\/\" \/>\n<meta property=\"og:site_name\" content=\"Feuerwehr Passau - L\u00f6schzug Hauptwache\" \/>\n<meta property=\"article:published_time\" content=\"2020-04-23T13:38:39+00:00\" \/>\n<meta property=\"article:modified_time\" content=\"2020-04-23T13:51:22+00:00\" \/>\n<meta property=\"og:image\" content=\"https:\/\/www.ffpassau.de\/hauptwache\/wp-content\/uploads\/sites\/4\/2020\/04\/20200423_154958-rotated.jpg\" \/>\n\t<meta property=\"og:image:width\" content=\"1272\" \/>\n\t<meta property=\"og:image:height\" content=\"954\" \/>\n\t<meta property=\"og:image:type\" content=\"image\/jpeg\" \/>\n<meta name=\"author\" content=\"Markus Kornexl\" \/>\n<meta name=\"twitter:card\" content=\"summary_large_image\" \/>\n<meta name=\"twitter:label1\" content=\"Verfasst von\" \/>\n\t<meta name=\"twitter:data1\" content=\"Markus Kornexl\" \/>\n<script type=\"application\/ld+json\" class=\"yoast-schema-graph\">{\"@context\":\"https:\/\/schema.org\",\"@graph\":[{\"@type\":\"Article\",\"@id\":\"https:\/\/www.ffpassau.de\/hauptwache\/2020\/04\/23\/526\/#article\",\"isPartOf\":{\"@id\":\"https:\/\/www.ffpassau.de\/hauptwache\/2020\/04\/23\/526\/\"},\"author\":{\"name\":\"Markus Kornexl\",\"@id\":\"https:\/\/www.ffpassau.de\/hauptwache\/#\/schema\/person\/5ae0c9d446c9a5bab808bfc468e5d9d4\"},\"headline\":\"Brandgefahr beim Maskenreinigen in der Mikrowelle\",\"datePublished\":\"2020-04-23T13:38:39+00:00\",\"dateModified\":\"2020-04-23T13:51:22+00:00\",\"mainEntityOfPage\":{\"@id\":\"https:\/\/www.ffpassau.de\/hauptwache\/2020\/04\/23\/526\/\"},\"wordCount\":89,\"commentCount\":0,\"publisher\":{\"@id\":\"https:\/\/www.ffpassau.de\/hauptwache\/#organization\"},\"image\":{\"@id\":\"https:\/\/www.ffpassau.de\/hauptwache\/2020\/04\/23\/526\/#primaryimage\"},\"thumbnailUrl\":\"https:\/\/www.ffpassau.de\/hauptwache\/wp-content\/uploads\/sites\/4\/2020\/04\/20200423_154958-rotated.jpg\",\"inLanguage\":\"de\",\"potentialAction\":[{\"@type\":\"CommentAction\",\"name\":\"Comment\",\"target\":[\"https:\/\/www.ffpassau.de\/hauptwache\/2020\/04\/23\/526\/#respond\"]}]},{\"@type\":\"WebPage\",\"@id\":\"https:\/\/www.ffpassau.de\/hauptwache\/2020\/04\/23\/526\/\",\"url\":\"https:\/\/www.ffpassau.de\/hauptwache\/2020\/04\/23\/526\/\",\"name\":\"Brandgefahr beim Maskenreinigen in der Mikrowelle - Feuerwehr Passau - L\u00f6schzug Hauptwache\",\"isPartOf\":{\"@id\":\"https:\/\/www.ffpassau.de\/hauptwache\/#website\"},\"primaryImageOfPage\":{\"@id\":\"https:\/\/www.ffpassau.de\/hauptwache\/2020\/04\/23\/526\/#primaryimage\"},\"image\":{\"@id\":\"https:\/\/www.ffpassau.de\/hauptwache\/2020\/04\/23\/526\/#primaryimage\"},\"thumbnailUrl\":\"https:\/\/www.ffpassau.de\/hauptwache\/wp-content\/uploads\/sites\/4\/2020\/04\/20200423_154958-rotated.jpg\",\"datePublished\":\"2020-04-23T13:38:39+00:00\",\"dateModified\":\"2020-04-23T13:51:22+00:00\",\"breadcrumb\":{\"@id\":\"https:\/\/www.ffpassau.de\/hauptwache\/2020\/04\/23\/526\/#breadcrumb\"},\"inLanguage\":\"de\",\"potentialAction\":[{\"@type\":\"ReadAction\",\"target\":[\"https:\/\/www.ffpassau.de\/hauptwache\/2020\/04\/23\/526\/\"]}]},{\"@type\":\"ImageObject\",\"inLanguage\":\"de\",\"@id\":\"https:\/\/www.ffpassau.de\/hauptwache\/2020\/04\/23\/526\/#primaryimage\",\"url\":\"https:\/\/www.ffpassau.de\/hauptwache\/wp-content\/uploads\/sites\/4\/2020\/04\/20200423_154958-rotated.jpg\",\"contentUrl\":\"https:\/\/www.ffpassau.de\/hauptwache\/wp-content\/uploads\/sites\/4\/2020\/04\/20200423_154958-rotated.jpg\",\"width\":1272,\"height\":954},{\"@type\":\"BreadcrumbList\",\"@id\":\"https:\/\/www.ffpassau.de\/hauptwache\/2020\/04\/23\/526\/#breadcrumb\",\"itemListElement\":[{\"@type\":\"ListItem\",\"position\":1,\"name\":\"Startseite\",\"item\":\"https:\/\/www.ffpassau.de\/hauptwache\/\"},{\"@type\":\"ListItem\",\"position\":2,\"name\":\"Brandgefahr beim Maskenreinigen in der Mikrowelle\"}]},{\"@type\":\"WebSite\",\"@id\":\"https:\/\/www.ffpassau.de\/hauptwache\/#website\",\"url\":\"https:\/\/www.ffpassau.de\/hauptwache\/\",\"name\":\"Feuerwehr Passau - L\u00f6schzug Hauptwache\",\"description\":\"\",\"publisher\":{\"@id\":\"https:\/\/www.ffpassau.de\/hauptwache\/#organization\"},\"potentialAction\":[{\"@type\":\"SearchAction\",\"target\":{\"@type\":\"EntryPoint\",\"urlTemplate\":\"https:\/\/www.ffpassau.de\/hauptwache\/?s={search_term_string}\"},\"query-input\":{\"@type\":\"PropertyValueSpecification\",\"valueRequired\":true,\"valueName\":\"search_term_string\"}}],\"inLanguage\":\"de\"},{\"@type\":\"Organization\",\"@id\":\"https:\/\/www.ffpassau.de\/hauptwache\/#organization\",\"name\":\"Feuerwehr Passau - L\u00f6schzug Hauptwache\",\"url\":\"https:\/\/www.ffpassau.de\/hauptwache\/\",\"logo\":{\"@type\":\"ImageObject\",\"inLanguage\":\"de\",\"@id\":\"https:\/\/www.ffpassau.de\/hauptwache\/#\/schema\/logo\/image\/\",\"url\":\"https:\/\/www.ffpassau.de\/hauptwache\/wp-content\/uploads\/sites\/4\/2020\/02\/lz_hauptwache_logo.svg\",\"contentUrl\":\"https:\/\/www.ffpassau.de\/hauptwache\/wp-content\/uploads\/sites\/4\/2020\/02\/lz_hauptwache_logo.svg\",\"width\":1,\"height\":1,\"caption\":\"Feuerwehr Passau - L\u00f6schzug Hauptwache\"},\"image\":{\"@id\":\"https:\/\/www.ffpassau.de\/hauptwache\/#\/schema\/logo\/image\/\"}},{\"@type\":\"Person\",\"@id\":\"https:\/\/www.ffpassau.de\/hauptwache\/#\/schema\/person\/5ae0c9d446c9a5bab808bfc468e5d9d4\",\"name\":\"Markus Kornexl\",\"image\":{\"@type\":\"ImageObject\",\"inLanguage\":\"de\",\"@id\":\"https:\/\/www.ffpassau.de\/hauptwache\/#\/schema\/person\/image\/\",\"url\":\"https:\/\/secure.gravatar.com\/avatar\/5ec59c8ad4f35a54a016a680fc15385d?s=96&d=mm&r=g\",\"contentUrl\":\"https:\/\/secure.gravatar.com\/avatar\/5ec59c8ad4f35a54a016a680fc15385d?s=96&d=mm&r=g\",\"caption\":\"Markus Kornexl\"},\"url\":\"https:\/\/www.ffpassau.de\/hauptwache\/author\/markuskornexl\/\"}]}<\/script>\n<!-- \/ Yoast SEO plugin. -->","yoast_head_json":{"title":"Brandgefahr beim Maskenreinigen in der Mikrowelle - Feuerwehr Passau - L\u00f6schzug Hauptwache","robots":{"index":"index","follow":"follow","max-snippet":"max-snippet:-1","max-image-preview":"max-image-preview:large","max-video-preview":"max-video-preview:-1"},"canonical":"https:\/\/www.ffpassau.de\/hauptwache\/2020\/04\/23\/526\/","og_locale":"de_DE","og_type":"article","og_title":"Brandgefahr beim Maskenreinigen in der Mikrowelle - Feuerwehr Passau - L\u00f6schzug Hauptwache","og_description":"In Bayern ist es durch Gesichtsmasken bereits mehrfach zu Feuerwehreins\u00e4tzen gekommen. Viele der angebotenen und benutzten Gesichtsmasken besitzen als Verst\u00e4rkung im Nasenbereich einen Drahtb\u00fcgel aus Metall. Diese Masken d\u00fcrfen zur Reinigung NICHT in die Mikrowelle!\u00a0Durch den Draht kann es zu heftiger Funkenbildung kommen, welche die Mikrowelle in Brand setzen kann. Nutzen Sie daher eine andere M\u00f6glichkeit zur Reinigung der Masken. Empfohlen wird zum Beispiel die Masken zu b\u00fcgeln oder bei 60 Grad in der Waschmaschine zu waschen.","og_url":"https:\/\/www.ffpassau.de\/hauptwache\/2020\/04\/23\/526\/","og_site_name":"Feuerwehr Passau - L\u00f6schzug Hauptwache","article_published_time":"2020-04-23T13:38:39+00:00","article_modified_time":"2020-04-23T13:51:22+00:00","og_image":[{"width":1272,"height":954,"url":"https:\/\/www.ffpassau.de\/hauptwache\/wp-content\/uploads\/sites\/4\/2020\/04\/20200423_154958-rotated.jpg","type":"image\/jpeg"}],"author":"Markus Kornexl","twitter_card":"summary_large_image","twitter_misc":{"Verfasst von":"Markus Kornexl"},"schema":{"@context":"https:\/\/schema.org","@graph":[{"@type":"Article","@id":"https:\/\/www.ffpassau.de\/hauptwache\/2020\/04\/23\/526\/#article","isPartOf":{"@id":"https:\/\/www.ffpassau.de\/hauptwache\/2020\/04\/23\/526\/"},"author":{"name":"Markus Kornexl","@id":"https:\/\/www.ffpassau.de\/hauptwache\/#\/schema\/person\/5ae0c9d446c9a5bab808bfc468e5d9d4"},"headline":"Brandgefahr beim Maskenreinigen in der Mikrowelle","datePublished":"2020-04-23T13:38:39+00:00","dateModified":"2020-04-23T13:51:22+00:00","mainEntityOfPage":{"@id":"https:\/\/www.ffpassau.de\/hauptwache\/2020\/04\/23\/526\/"},"wordCount":89,"commentCount":0,"publisher":{"@id":"https:\/\/www.ffpassau.de\/hauptwache\/#organization"},"image":{"@id":"https:\/\/www.ffpassau.de\/hauptwache\/2020\/04\/23\/526\/#primaryimage"},"thumbnailUrl":"https:\/\/www.ffpassau.de\/hauptwache\/wp-content\/uploads\/sites\/4\/2020\/04\/20200423_154958-rotated.jpg","inLanguage":"de","potentialAction":[{"@type":"CommentAction","name":"Comment","target":["https:\/\/www.ffpassau.de\/hauptwache\/2020\/04\/23\/526\/#respond"]}]},{"@type":"WebPage","@id":"https:\/\/www.ffpassau.de\/hauptwache\/2020\/04\/23\/526\/","url":"https:\/\/www.ffpassau.de\/hauptwache\/2020\/04\/23\/526\/","name":"Brandgefahr beim Maskenreinigen in der Mikrowelle - Feuerwehr Passau - L\u00f6schzug Hauptwache","isPartOf":{"@id":"https:\/\/www.ffpassau.de\/hauptwache\/#website"},"primaryImageOfPage":{"@id":"https:\/\/www.ffpassau.de\/hauptwache\/2020\/04\/23\/526\/#primaryimage"},"image":{"@id":"https:\/\/www.ffpassau.de\/hauptwache\/2020\/04\/23\/526\/#primaryimage"},"thumbnailUrl":"https:\/\/www.ffpassau.de\/hauptwache\/wp-content\/uploads\/sites\/4\/2020\/04\/20200423_154958-rotated.jpg","datePublished":"2020-04-23T13:38:39+00:00","dateModified":"2020-04-23T13:51:22+00:00","breadcrumb":{"@id":"https:\/\/www.ffpassau.de\/hauptwache\/2020\/04\/23\/526\/#breadcrumb"},"inLanguage":"de","potentialAction":[{"@type":"ReadAction","target":["https:\/\/www.ffpassau.de\/hauptwache\/2020\/04\/23\/526\/"]}]},{"@type":"ImageObject","inLanguage":"de","@id":"https:\/\/www.ffpassau.de\/hauptwache\/2020\/04\/23\/526\/#primaryimage","url":"https:\/\/www.ffpassau.de\/hauptwache\/wp-content\/uploads\/sites\/4\/2020\/04\/20200423_154958-rotated.jpg","contentUrl":"https:\/\/www.ffpassau.de\/hauptwache\/wp-content\/uploads\/sites\/4\/2020\/04\/20200423_154958-rotated.jpg","width":1272,"height":954},{"@type":"BreadcrumbList","@id":"https:\/\/www.ffpassau.de\/hauptwache\/2020\/04\/23\/526\/#breadcrumb","itemListElement":[{"@type":"ListItem","position":1,"name":"Startseite","item":"https:\/\/www.ffpassau.de\/hauptwache\/"},{"@type":"ListItem","position":2,"name":"Brandgefahr beim Maskenreinigen in der Mikrowelle"}]},{"@type":"WebSite","@id":"https:\/\/www.ffpassau.de\/hauptwache\/#website","url":"https:\/\/www.ffpassau.de\/hauptwache\/","name":"Feuerwehr Passau - L\u00f6schzug Hauptwache","description":"","publisher":{"@id":"https:\/\/www.ffpassau.de\/hauptwache\/#organization"},"potentialAction":[{"@type":"SearchAction","target":{"@type":"EntryPoint","urlTemplate":"https:\/\/www.ffpassau.de\/hauptwache\/?s={search_term_string}"},"query-input":{"@type":"PropertyValueSpecification","valueRequired":true,"valueName":"search_term_string"}}],"inLanguage":"de"},{"@type":"Organization","@id":"https:\/\/www.ffpassau.de\/hauptwache\/#organization","name":"Feuerwehr Passau - L\u00f6schzug Hauptwache","url":"https:\/\/www.ffpassau.de\/hauptwache\/","logo":{"@type":"ImageObject","inLanguage":"de","@id":"https:\/\/www.ffpassau.de\/hauptwache\/#\/schema\/logo\/image\/","url":"https:\/\/www.ffpassau.de\/hauptwache\/wp-content\/uploads\/sites\/4\/2020\/02\/lz_hauptwache_logo.svg","contentUrl":"https:\/\/www.ffpassau.de\/hauptwache\/wp-content\/uploads\/sites\/4\/2020\/02\/lz_hauptwache_logo.svg","width":1,"height":1,"caption":"Feuerwehr Passau - L\u00f6schzug Hauptwache"},"image":{"@id":"https:\/\/www.ffpassau.de\/hauptwache\/#\/schema\/logo\/image\/"}},{"@type":"Person","@id":"https:\/\/www.ffpassau.de\/hauptwache\/#\/schema\/person\/5ae0c9d446c9a5bab808bfc468e5d9d4","name":"Markus Kornexl","image":{"@type":"ImageObject","inLanguage":"de","@id":"https:\/\/www.ffpassau.de\/hauptwache\/#\/schema\/person\/image\/","url":"https:\/\/secure.gravatar.com\/avatar\/5ec59c8ad4f35a54a016a680fc15385d?s=96&d=mm&r=g","contentUrl":"https:\/\/secure.gravatar.com\/avatar\/5ec59c8ad4f35a54a016a680fc15385d?s=96&d=mm&r=g","caption":"Markus Kornexl"},"url":"https:\/\/www.ffpassau.de\/hauptwache\/author\/markuskornexl\/"}]}},"_links":{"self":[{"href":"https:\/\/www.ffpassau.de\/hauptwache\/wp-json\/wp\/v2\/posts\/526","targetHints":{"allow":["GET"]}}],"collection":[{"href":"https:\/\/www.ffpassau.de\/hauptwache\/wp-json\/wp\/v2\/posts"}],"about":[{"href":"https:\/\/www.ffpassau.de\/hauptwache\/wp-json\/wp\/v2\/types\/post"}],"author":[{"embeddable":true,"href":"https:\/\/www.ffpassau.de\/hauptwache\/wp-json\/wp\/v2\/users\/4"}],"replies":[{"embeddable":true,"href":"https:\/\/www.ffpassau.de\/hauptwache\/wp-json\/wp\/v2\/comments?post=526"}],"version-history":[{"count":2,"href":"https:\/\/www.ffpassau.de\/hauptwache\/wp-json\/wp\/v2\/posts\/526\/revisions"}],"predecessor-version":[{"id":529,"href":"https:\/\/www.ffpassau.de\/hauptwache\/wp-json\/wp\/v2\/posts\/526\/revisions\/529"}],"wp:featuredmedia":[{"embeddable":true,"href":"https:\/\/www.ffpassau.de\/hauptwache\/wp-json\/wp\/v2\/media\/530"}],"wp:attachment":[{"href":"https:\/\/www.ffpassau.de\/hauptwache\/wp-json\/wp\/v2\/media?parent=526"}],"wp:term":[{"taxonomy":"category","embeddable":true,"href":"https:\/\/www.ffpassau.de\/hauptwache\/wp-json\/wp\/v2\/categories?post=526"},{"taxonomy":"post_tag","embeddable":true,"href":"https:\/\/www.ffpassau.de\/hauptwache\/wp-json\/wp\/v2\/tags?post=526"}],"curies":[{"name":"wp","href":"https:\/\/api.w.org\/{rel}","templated":true}]}}