{"id":540,"date":"2020-07-01T22:57:35","date_gmt":"2020-07-01T20:57:35","guid":{"rendered":"https:\/\/www.ffpassau.de\/hauptwache\/?p=540"},"modified":"2020-07-02T09:15:19","modified_gmt":"2020-07-02T07:15:19","slug":"transporter-fuer-die-freiwillige-feuerwehr-passau","status":"publish","type":"post","link":"https:\/\/www.ffpassau.de\/hauptwache\/2020\/07\/01\/transporter-fuer-die-freiwillige-feuerwehr-passau\/","title":{"rendered":"Transporter f\u00fcr die Freiwillige Feuerwehr Passau"},"content":{"rendered":"<p><strong>Oberb\u00fcrgermeister J\u00fcrgen Dupper \u00fcbergibt L\u00f6schzug Hauptwache neues Fahrzeug <\/strong><\/p>\n<p>Um f\u00fcr Eins\u00e4tze optimal ger\u00fcstet zu sein, hat die Stadt Passau f\u00fcr die Freiwillige Feuerwehr Passau einen neuen Mannschaftstransportwagen angeschafft. Den etwa 95.000 Euro teuren Neuerwerb hat Oberb\u00fcrgermeister J\u00fcrgen Dupper bei einem Ortstermin in der Hauptwache an Stadtbrandrat Andreas Dittlmann und die zust\u00e4ndigen Feuerwehrleute des L\u00f6schzugs Hauptwache \u00fcbergeben.<\/p>\n<p>Oberb\u00fcrgermeister J\u00fcrgen Dupper: \u201eUnsere Feuerwehren verrichten einen unsch\u00e4tzbar wertvollen Dienst an der gesamten B\u00fcrgerschaft. Neben dem ehrenamtlichen Engagement der Aktiven ist daf\u00fcr eine Ausstattung vonn\u00f6ten, die stets den aktuellen Anforderungen und Standards entspricht. Ich freue mich deswegen sehr, dass nun der L\u00f6schzug Hauptwache ein einsatztaktisch optimal ausgestattetes Fahrzeug erhalten hat.\u201c<\/p>\n<p>Der neue Mannschaftstransportwagen f\u00fcr die Hauptwache hat ein MAN Fahrgestell mit Allrad. Durch das Klappdisplay auf dem Dach hat das Fahrzeug eine Zusatzausstattung, die vor allem bei Verkehrsunf\u00e4llen die weiteren Verkehrsteilnehmer warnen und die Unfallstellen besser absichern kann. Und um f\u00fcr die Aktiven bei den zahlreichen Verkehrsabsicherungsma\u00dfnahmen zus\u00e4tzliche Sicherheit durch bessere Sichtbarkeit zu gew\u00e4hrleisten.<\/p>\n<p>Die Kosten belaufen sich insgesamt auf rund 95.000 Euro. Die Regierung von Niederbayern f\u00f6rdert die Anschaffung mit einem Betrag in H\u00f6he von zirka 18.000 Euro.<\/p>\n","protected":false},"excerpt":{"rendered":"<p>Oberb\u00fcrgermeister J\u00fcrgen Dupper \u00fcbergibt L\u00f6schzug Hauptwache neues Fahrzeug Um f\u00fcr Eins\u00e4tze optimal ger\u00fcstet zu sein, hat die Stadt Passau f\u00fcr die Freiwillige Feuerwehr Passau einen neuen Mannschaftstransportwagen angeschafft. Den etwa 95.000 Euro teuren Neuerwerb hat Oberb\u00fcrgermeister J\u00fcrgen Dupper bei einem Ortstermin in der Hauptwache an Stadtbrandrat Andreas Dittlmann und die zust\u00e4ndigen Feuerwehrleute des L\u00f6schzugs Hauptwache \u00fcbergeben. Oberb\u00fcrgermeister J\u00fcrgen Dupper: \u201eUnsere Feuerwehren verrichten einen unsch\u00e4tzbar wertvollen Dienst an der gesamten B\u00fcrgerschaft. Neben dem ehrenamtlichen Engagement der Aktiven ist daf\u00fcr eine Ausstattung vonn\u00f6ten, die stets den aktuellen Anforderungen und Standards entspricht. Ich freue mich deswegen sehr, dass nun der L\u00f6schzug Hauptwache ein einsatztaktisch optimal ausgestattetes Fahrzeug erhalten hat.\u201c Der neue Mannschaftstransportwagen f\u00fcr die Hauptwache hat ein MAN Fahrgestell mit Allrad. Durch das Klappdisplay auf dem Dach hat das Fahrzeug eine Zusatzausstattung, die vor allem bei Verkehrsunf\u00e4llen die weiteren Verkehrsteilnehmer warnen und die [&hellip;]<\/p>\n","protected":false},"author":4,"featured_media":549,"comment_status":"open","ping_status":"open","sticky":false,"template":"","format":"standard","meta":{"footnotes":""},"categories":[1],"tags":[],"class_list":["post-540","post","type-post","status-publish","format-standard","has-post-thumbnail","hentry","category-allgemein"],"yoast_head":"<!-- This site is optimized with the Yoast SEO plugin v24.3 - https:\/\/yoast.com\/wordpress\/plugins\/seo\/ -->\n<title>Transporter f\u00fcr die Freiwillige Feuerwehr Passau - Feuerwehr Passau - L\u00f6schzug Hauptwache<\/title>\n<meta name=\"robots\" content=\"index, follow, max-snippet:-1, max-image-preview:large, max-video-preview:-1\" \/>\n<link rel=\"canonical\" href=\"https:\/\/www.ffpassau.de\/hauptwache\/2020\/07\/01\/transporter-fuer-die-freiwillige-feuerwehr-passau\/\" \/>\n<meta property=\"og:locale\" content=\"de_DE\" \/>\n<meta property=\"og:type\" content=\"article\" \/>\n<meta property=\"og:title\" content=\"Transporter f\u00fcr die Freiwillige Feuerwehr Passau - Feuerwehr Passau - L\u00f6schzug Hauptwache\" \/>\n<meta property=\"og:description\" content=\"Oberb\u00fcrgermeister J\u00fcrgen Dupper \u00fcbergibt L\u00f6schzug Hauptwache neues Fahrzeug Um f\u00fcr Eins\u00e4tze optimal ger\u00fcstet zu sein, hat die Stadt Passau f\u00fcr die Freiwillige Feuerwehr Passau einen neuen Mannschaftstransportwagen angeschafft. Den etwa 95.000 Euro teuren Neuerwerb hat Oberb\u00fcrgermeister J\u00fcrgen Dupper bei einem Ortstermin in der Hauptwache an Stadtbrandrat Andreas Dittlmann und die zust\u00e4ndigen Feuerwehrleute des L\u00f6schzugs Hauptwache \u00fcbergeben. Oberb\u00fcrgermeister J\u00fcrgen Dupper: \u201eUnsere Feuerwehren verrichten einen unsch\u00e4tzbar wertvollen Dienst an der gesamten B\u00fcrgerschaft. Neben dem ehrenamtlichen Engagement der Aktiven ist daf\u00fcr eine Ausstattung vonn\u00f6ten, die stets den aktuellen Anforderungen und Standards entspricht. Ich freue mich deswegen sehr, dass nun der L\u00f6schzug Hauptwache ein einsatztaktisch optimal ausgestattetes Fahrzeug erhalten hat.\u201c Der neue Mannschaftstransportwagen f\u00fcr die Hauptwache hat ein MAN Fahrgestell mit Allrad. Durch das Klappdisplay auf dem Dach hat das Fahrzeug eine Zusatzausstattung, die vor allem bei Verkehrsunf\u00e4llen die weiteren Verkehrsteilnehmer warnen und die [&hellip;]\" \/>\n<meta property=\"og:url\" content=\"https:\/\/www.ffpassau.de\/hauptwache\/2020\/07\/01\/transporter-fuer-die-freiwillige-feuerwehr-passau\/\" \/>\n<meta property=\"og:site_name\" content=\"Feuerwehr Passau - L\u00f6schzug Hauptwache\" \/>\n<meta property=\"article:published_time\" content=\"2020-07-01T20:57:35+00:00\" \/>\n<meta property=\"article:modified_time\" content=\"2020-07-02T07:15:19+00:00\" \/>\n<meta property=\"og:image\" content=\"https:\/\/www.ffpassau.de\/hauptwache\/wp-content\/uploads\/sites\/4\/2020\/07\/20200618_mK_ffP_Uebergab_MTW_OB_-27-scaled.jpg\" \/>\n\t<meta property=\"og:image:width\" content=\"2560\" \/>\n\t<meta property=\"og:image:height\" content=\"1707\" \/>\n\t<meta property=\"og:image:type\" content=\"image\/jpeg\" \/>\n<meta name=\"author\" content=\"Markus Kornexl\" \/>\n<meta name=\"twitter:card\" content=\"summary_large_image\" \/>\n<meta name=\"twitter:label1\" content=\"Verfasst von\" \/>\n\t<meta name=\"twitter:data1\" content=\"Markus Kornexl\" \/>\n\t<meta name=\"twitter:label2\" content=\"Gesch\u00e4tzte Lesezeit\" \/>\n\t<meta name=\"twitter:data2\" content=\"1\u00a0Minute\" \/>\n<script type=\"application\/ld+json\" class=\"yoast-schema-graph\">{\"@context\":\"https:\/\/schema.org\",\"@graph\":[{\"@type\":\"Article\",\"@id\":\"https:\/\/www.ffpassau.de\/hauptwache\/2020\/07\/01\/transporter-fuer-die-freiwillige-feuerwehr-passau\/#article\",\"isPartOf\":{\"@id\":\"https:\/\/www.ffpassau.de\/hauptwache\/2020\/07\/01\/transporter-fuer-die-freiwillige-feuerwehr-passau\/\"},\"author\":{\"name\":\"Markus Kornexl\",\"@id\":\"https:\/\/www.ffpassau.de\/hauptwache\/#\/schema\/person\/5ae0c9d446c9a5bab808bfc468e5d9d4\"},\"headline\":\"Transporter f\u00fcr die Freiwillige Feuerwehr Passau\",\"datePublished\":\"2020-07-01T20:57:35+00:00\",\"dateModified\":\"2020-07-02T07:15:19+00:00\",\"mainEntityOfPage\":{\"@id\":\"https:\/\/www.ffpassau.de\/hauptwache\/2020\/07\/01\/transporter-fuer-die-freiwillige-feuerwehr-passau\/\"},\"wordCount\":215,\"commentCount\":0,\"publisher\":{\"@id\":\"https:\/\/www.ffpassau.de\/hauptwache\/#organization\"},\"image\":{\"@id\":\"https:\/\/www.ffpassau.de\/hauptwache\/2020\/07\/01\/transporter-fuer-die-freiwillige-feuerwehr-passau\/#primaryimage\"},\"thumbnailUrl\":\"https:\/\/www.ffpassau.de\/hauptwache\/wp-content\/uploads\/sites\/4\/2020\/07\/20200618_mK_ffP_Uebergab_MTW_OB_-27-scaled.jpg\",\"inLanguage\":\"de\",\"potentialAction\":[{\"@type\":\"CommentAction\",\"name\":\"Comment\",\"target\":[\"https:\/\/www.ffpassau.de\/hauptwache\/2020\/07\/01\/transporter-fuer-die-freiwillige-feuerwehr-passau\/#respond\"]}]},{\"@type\":\"WebPage\",\"@id\":\"https:\/\/www.ffpassau.de\/hauptwache\/2020\/07\/01\/transporter-fuer-die-freiwillige-feuerwehr-passau\/\",\"url\":\"https:\/\/www.ffpassau.de\/hauptwache\/2020\/07\/01\/transporter-fuer-die-freiwillige-feuerwehr-passau\/\",\"name\":\"Transporter f\u00fcr die Freiwillige Feuerwehr Passau - Feuerwehr Passau - L\u00f6schzug Hauptwache\",\"isPartOf\":{\"@id\":\"https:\/\/www.ffpassau.de\/hauptwache\/#website\"},\"primaryImageOfPage\":{\"@id\":\"https:\/\/www.ffpassau.de\/hauptwache\/2020\/07\/01\/transporter-fuer-die-freiwillige-feuerwehr-passau\/#primaryimage\"},\"image\":{\"@id\":\"https:\/\/www.ffpassau.de\/hauptwache\/2020\/07\/01\/transporter-fuer-die-freiwillige-feuerwehr-passau\/#primaryimage\"},\"thumbnailUrl\":\"https:\/\/www.ffpassau.de\/hauptwache\/wp-content\/uploads\/sites\/4\/2020\/07\/20200618_mK_ffP_Uebergab_MTW_OB_-27-scaled.jpg\",\"datePublished\":\"2020-07-01T20:57:35+00:00\",\"dateModified\":\"2020-07-02T07:15:19+00:00\",\"breadcrumb\":{\"@id\":\"https:\/\/www.ffpassau.de\/hauptwache\/2020\/07\/01\/transporter-fuer-die-freiwillige-feuerwehr-passau\/#breadcrumb\"},\"inLanguage\":\"de\",\"potentialAction\":[{\"@type\":\"ReadAction\",\"target\":[\"https:\/\/www.ffpassau.de\/hauptwache\/2020\/07\/01\/transporter-fuer-die-freiwillige-feuerwehr-passau\/\"]}]},{\"@type\":\"ImageObject\",\"inLanguage\":\"de\",\"@id\":\"https:\/\/www.ffpassau.de\/hauptwache\/2020\/07\/01\/transporter-fuer-die-freiwillige-feuerwehr-passau\/#primaryimage\",\"url\":\"https:\/\/www.ffpassau.de\/hauptwache\/wp-content\/uploads\/sites\/4\/2020\/07\/20200618_mK_ffP_Uebergab_MTW_OB_-27-scaled.jpg\",\"contentUrl\":\"https:\/\/www.ffpassau.de\/hauptwache\/wp-content\/uploads\/sites\/4\/2020\/07\/20200618_mK_ffP_Uebergab_MTW_OB_-27-scaled.jpg\",\"width\":2560,\"height\":1707},{\"@type\":\"BreadcrumbList\",\"@id\":\"https:\/\/www.ffpassau.de\/hauptwache\/2020\/07\/01\/transporter-fuer-die-freiwillige-feuerwehr-passau\/#breadcrumb\",\"itemListElement\":[{\"@type\":\"ListItem\",\"position\":1,\"name\":\"Startseite\",\"item\":\"https:\/\/www.ffpassau.de\/hauptwache\/\"},{\"@type\":\"ListItem\",\"position\":2,\"name\":\"Transporter f\u00fcr die Freiwillige Feuerwehr Passau\"}]},{\"@type\":\"WebSite\",\"@id\":\"https:\/\/www.ffpassau.de\/hauptwache\/#website\",\"url\":\"https:\/\/www.ffpassau.de\/hauptwache\/\",\"name\":\"Feuerwehr Passau - L\u00f6schzug Hauptwache\",\"description\":\"\",\"publisher\":{\"@id\":\"https:\/\/www.ffpassau.de\/hauptwache\/#organization\"},\"potentialAction\":[{\"@type\":\"SearchAction\",\"target\":{\"@type\":\"EntryPoint\",\"urlTemplate\":\"https:\/\/www.ffpassau.de\/hauptwache\/?s={search_term_string}\"},\"query-input\":{\"@type\":\"PropertyValueSpecification\",\"valueRequired\":true,\"valueName\":\"search_term_string\"}}],\"inLanguage\":\"de\"},{\"@type\":\"Organization\",\"@id\":\"https:\/\/www.ffpassau.de\/hauptwache\/#organization\",\"name\":\"Feuerwehr Passau - L\u00f6schzug Hauptwache\",\"url\":\"https:\/\/www.ffpassau.de\/hauptwache\/\",\"logo\":{\"@type\":\"ImageObject\",\"inLanguage\":\"de\",\"@id\":\"https:\/\/www.ffpassau.de\/hauptwache\/#\/schema\/logo\/image\/\",\"url\":\"https:\/\/www.ffpassau.de\/hauptwache\/wp-content\/uploads\/sites\/4\/2020\/02\/lz_hauptwache_logo.svg\",\"contentUrl\":\"https:\/\/www.ffpassau.de\/hauptwache\/wp-content\/uploads\/sites\/4\/2020\/02\/lz_hauptwache_logo.svg\",\"width\":1,\"height\":1,\"caption\":\"Feuerwehr Passau - L\u00f6schzug Hauptwache\"},\"image\":{\"@id\":\"https:\/\/www.ffpassau.de\/hauptwache\/#\/schema\/logo\/image\/\"}},{\"@type\":\"Person\",\"@id\":\"https:\/\/www.ffpassau.de\/hauptwache\/#\/schema\/person\/5ae0c9d446c9a5bab808bfc468e5d9d4\",\"name\":\"Markus Kornexl\",\"image\":{\"@type\":\"ImageObject\",\"inLanguage\":\"de\",\"@id\":\"https:\/\/www.ffpassau.de\/hauptwache\/#\/schema\/person\/image\/\",\"url\":\"https:\/\/secure.gravatar.com\/avatar\/5ec59c8ad4f35a54a016a680fc15385d?s=96&d=mm&r=g\",\"contentUrl\":\"https:\/\/secure.gravatar.com\/avatar\/5ec59c8ad4f35a54a016a680fc15385d?s=96&d=mm&r=g\",\"caption\":\"Markus Kornexl\"},\"url\":\"https:\/\/www.ffpassau.de\/hauptwache\/author\/markuskornexl\/\"}]}<\/script>\n<!-- \/ Yoast SEO plugin. -->","yoast_head_json":{"title":"Transporter f\u00fcr die Freiwillige Feuerwehr Passau - Feuerwehr Passau - L\u00f6schzug Hauptwache","robots":{"index":"index","follow":"follow","max-snippet":"max-snippet:-1","max-image-preview":"max-image-preview:large","max-video-preview":"max-video-preview:-1"},"canonical":"https:\/\/www.ffpassau.de\/hauptwache\/2020\/07\/01\/transporter-fuer-die-freiwillige-feuerwehr-passau\/","og_locale":"de_DE","og_type":"article","og_title":"Transporter f\u00fcr die Freiwillige Feuerwehr Passau - Feuerwehr Passau - L\u00f6schzug Hauptwache","og_description":"Oberb\u00fcrgermeister J\u00fcrgen Dupper \u00fcbergibt L\u00f6schzug Hauptwache neues Fahrzeug Um f\u00fcr Eins\u00e4tze optimal ger\u00fcstet zu sein, hat die Stadt Passau f\u00fcr die Freiwillige Feuerwehr Passau einen neuen Mannschaftstransportwagen angeschafft. Den etwa 95.000 Euro teuren Neuerwerb hat Oberb\u00fcrgermeister J\u00fcrgen Dupper bei einem Ortstermin in der Hauptwache an Stadtbrandrat Andreas Dittlmann und die zust\u00e4ndigen Feuerwehrleute des L\u00f6schzugs Hauptwache \u00fcbergeben. Oberb\u00fcrgermeister J\u00fcrgen Dupper: \u201eUnsere Feuerwehren verrichten einen unsch\u00e4tzbar wertvollen Dienst an der gesamten B\u00fcrgerschaft. Neben dem ehrenamtlichen Engagement der Aktiven ist daf\u00fcr eine Ausstattung vonn\u00f6ten, die stets den aktuellen Anforderungen und Standards entspricht. Ich freue mich deswegen sehr, dass nun der L\u00f6schzug Hauptwache ein einsatztaktisch optimal ausgestattetes Fahrzeug erhalten hat.\u201c Der neue Mannschaftstransportwagen f\u00fcr die Hauptwache hat ein MAN Fahrgestell mit Allrad. Durch das Klappdisplay auf dem Dach hat das Fahrzeug eine Zusatzausstattung, die vor allem bei Verkehrsunf\u00e4llen die weiteren Verkehrsteilnehmer warnen und die [&hellip;]","og_url":"https:\/\/www.ffpassau.de\/hauptwache\/2020\/07\/01\/transporter-fuer-die-freiwillige-feuerwehr-passau\/","og_site_name":"Feuerwehr Passau - L\u00f6schzug Hauptwache","article_published_time":"2020-07-01T20:57:35+00:00","article_modified_time":"2020-07-02T07:15:19+00:00","og_image":[{"width":2560,"height":1707,"url":"https:\/\/www.ffpassau.de\/hauptwache\/wp-content\/uploads\/sites\/4\/2020\/07\/20200618_mK_ffP_Uebergab_MTW_OB_-27-scaled.jpg","type":"image\/jpeg"}],"author":"Markus Kornexl","twitter_card":"summary_large_image","twitter_misc":{"Verfasst von":"Markus Kornexl","Gesch\u00e4tzte Lesezeit":"1\u00a0Minute"},"schema":{"@context":"https:\/\/schema.org","@graph":[{"@type":"Article","@id":"https:\/\/www.ffpassau.de\/hauptwache\/2020\/07\/01\/transporter-fuer-die-freiwillige-feuerwehr-passau\/#article","isPartOf":{"@id":"https:\/\/www.ffpassau.de\/hauptwache\/2020\/07\/01\/transporter-fuer-die-freiwillige-feuerwehr-passau\/"},"author":{"name":"Markus Kornexl","@id":"https:\/\/www.ffpassau.de\/hauptwache\/#\/schema\/person\/5ae0c9d446c9a5bab808bfc468e5d9d4"},"headline":"Transporter f\u00fcr die Freiwillige Feuerwehr Passau","datePublished":"2020-07-01T20:57:35+00:00","dateModified":"2020-07-02T07:15:19+00:00","mainEntityOfPage":{"@id":"https:\/\/www.ffpassau.de\/hauptwache\/2020\/07\/01\/transporter-fuer-die-freiwillige-feuerwehr-passau\/"},"wordCount":215,"commentCount":0,"publisher":{"@id":"https:\/\/www.ffpassau.de\/hauptwache\/#organization"},"image":{"@id":"https:\/\/www.ffpassau.de\/hauptwache\/2020\/07\/01\/transporter-fuer-die-freiwillige-feuerwehr-passau\/#primaryimage"},"thumbnailUrl":"https:\/\/www.ffpassau.de\/hauptwache\/wp-content\/uploads\/sites\/4\/2020\/07\/20200618_mK_ffP_Uebergab_MTW_OB_-27-scaled.jpg","inLanguage":"de","potentialAction":[{"@type":"CommentAction","name":"Comment","target":["https:\/\/www.ffpassau.de\/hauptwache\/2020\/07\/01\/transporter-fuer-die-freiwillige-feuerwehr-passau\/#respond"]}]},{"@type":"WebPage","@id":"https:\/\/www.ffpassau.de\/hauptwache\/2020\/07\/01\/transporter-fuer-die-freiwillige-feuerwehr-passau\/","url":"https:\/\/www.ffpassau.de\/hauptwache\/2020\/07\/01\/transporter-fuer-die-freiwillige-feuerwehr-passau\/","name":"Transporter f\u00fcr die Freiwillige Feuerwehr Passau - Feuerwehr Passau - L\u00f6schzug Hauptwache","isPartOf":{"@id":"https:\/\/www.ffpassau.de\/hauptwache\/#website"},"primaryImageOfPage":{"@id":"https:\/\/www.ffpassau.de\/hauptwache\/2020\/07\/01\/transporter-fuer-die-freiwillige-feuerwehr-passau\/#primaryimage"},"image":{"@id":"https:\/\/www.ffpassau.de\/hauptwache\/2020\/07\/01\/transporter-fuer-die-freiwillige-feuerwehr-passau\/#primaryimage"},"thumbnailUrl":"https:\/\/www.ffpassau.de\/hauptwache\/wp-content\/uploads\/sites\/4\/2020\/07\/20200618_mK_ffP_Uebergab_MTW_OB_-27-scaled.jpg","datePublished":"2020-07-01T20:57:35+00:00","dateModified":"2020-07-02T07:15:19+00:00","breadcrumb":{"@id":"https:\/\/www.ffpassau.de\/hauptwache\/2020\/07\/01\/transporter-fuer-die-freiwillige-feuerwehr-passau\/#breadcrumb"},"inLanguage":"de","potentialAction":[{"@type":"ReadAction","target":["https:\/\/www.ffpassau.de\/hauptwache\/2020\/07\/01\/transporter-fuer-die-freiwillige-feuerwehr-passau\/"]}]},{"@type":"ImageObject","inLanguage":"de","@id":"https:\/\/www.ffpassau.de\/hauptwache\/2020\/07\/01\/transporter-fuer-die-freiwillige-feuerwehr-passau\/#primaryimage","url":"https:\/\/www.ffpassau.de\/hauptwache\/wp-content\/uploads\/sites\/4\/2020\/07\/20200618_mK_ffP_Uebergab_MTW_OB_-27-scaled.jpg","contentUrl":"https:\/\/www.ffpassau.de\/hauptwache\/wp-content\/uploads\/sites\/4\/2020\/07\/20200618_mK_ffP_Uebergab_MTW_OB_-27-scaled.jpg","width":2560,"height":1707},{"@type":"BreadcrumbList","@id":"https:\/\/www.ffpassau.de\/hauptwache\/2020\/07\/01\/transporter-fuer-die-freiwillige-feuerwehr-passau\/#breadcrumb","itemListElement":[{"@type":"ListItem","position":1,"name":"Startseite","item":"https:\/\/www.ffpassau.de\/hauptwache\/"},{"@type":"ListItem","position":2,"name":"Transporter f\u00fcr die Freiwillige Feuerwehr Passau"}]},{"@type":"WebSite","@id":"https:\/\/www.ffpassau.de\/hauptwache\/#website","url":"https:\/\/www.ffpassau.de\/hauptwache\/","name":"Feuerwehr Passau - L\u00f6schzug Hauptwache","description":"","publisher":{"@id":"https:\/\/www.ffpassau.de\/hauptwache\/#organization"},"potentialAction":[{"@type":"SearchAction","target":{"@type":"EntryPoint","urlTemplate":"https:\/\/www.ffpassau.de\/hauptwache\/?s={search_term_string}"},"query-input":{"@type":"PropertyValueSpecification","valueRequired":true,"valueName":"search_term_string"}}],"inLanguage":"de"},{"@type":"Organization","@id":"https:\/\/www.ffpassau.de\/hauptwache\/#organization","name":"Feuerwehr Passau - L\u00f6schzug Hauptwache","url":"https:\/\/www.ffpassau.de\/hauptwache\/","logo":{"@type":"ImageObject","inLanguage":"de","@id":"https:\/\/www.ffpassau.de\/hauptwache\/#\/schema\/logo\/image\/","url":"https:\/\/www.ffpassau.de\/hauptwache\/wp-content\/uploads\/sites\/4\/2020\/02\/lz_hauptwache_logo.svg","contentUrl":"https:\/\/www.ffpassau.de\/hauptwache\/wp-content\/uploads\/sites\/4\/2020\/02\/lz_hauptwache_logo.svg","width":1,"height":1,"caption":"Feuerwehr Passau - L\u00f6schzug Hauptwache"},"image":{"@id":"https:\/\/www.ffpassau.de\/hauptwache\/#\/schema\/logo\/image\/"}},{"@type":"Person","@id":"https:\/\/www.ffpassau.de\/hauptwache\/#\/schema\/person\/5ae0c9d446c9a5bab808bfc468e5d9d4","name":"Markus Kornexl","image":{"@type":"ImageObject","inLanguage":"de","@id":"https:\/\/www.ffpassau.de\/hauptwache\/#\/schema\/person\/image\/","url":"https:\/\/secure.gravatar.com\/avatar\/5ec59c8ad4f35a54a016a680fc15385d?s=96&d=mm&r=g","contentUrl":"https:\/\/secure.gravatar.com\/avatar\/5ec59c8ad4f35a54a016a680fc15385d?s=96&d=mm&r=g","caption":"Markus Kornexl"},"url":"https:\/\/www.ffpassau.de\/hauptwache\/author\/markuskornexl\/"}]}},"_links":{"self":[{"href":"https:\/\/www.ffpassau.de\/hauptwache\/wp-json\/wp\/v2\/posts\/540","targetHints":{"allow":["GET"]}}],"collection":[{"href":"https:\/\/www.ffpassau.de\/hauptwache\/wp-json\/wp\/v2\/posts"}],"about":[{"href":"https:\/\/www.ffpassau.de\/hauptwache\/wp-json\/wp\/v2\/types\/post"}],"author":[{"embeddable":true,"href":"https:\/\/www.ffpassau.de\/hauptwache\/wp-json\/wp\/v2\/users\/4"}],"replies":[{"embeddable":true,"href":"https:\/\/www.ffpassau.de\/hauptwache\/wp-json\/wp\/v2\/comments?post=540"}],"version-history":[{"count":2,"href":"https:\/\/www.ffpassau.de\/hauptwache\/wp-json\/wp\/v2\/posts\/540\/revisions"}],"predecessor-version":[{"id":552,"href":"https:\/\/www.ffpassau.de\/hauptwache\/wp-json\/wp\/v2\/posts\/540\/revisions\/552"}],"wp:featuredmedia":[{"embeddable":true,"href":"https:\/\/www.ffpassau.de\/hauptwache\/wp-json\/wp\/v2\/media\/549"}],"wp:attachment":[{"href":"https:\/\/www.ffpassau.de\/hauptwache\/wp-json\/wp\/v2\/media?parent=540"}],"wp:term":[{"taxonomy":"category","embeddable":true,"href":"https:\/\/www.ffpassau.de\/hauptwache\/wp-json\/wp\/v2\/categories?post=540"},{"taxonomy":"post_tag","embeddable":true,"href":"https:\/\/www.ffpassau.de\/hauptwache\/wp-json\/wp\/v2\/tags?post=540"}],"curies":[{"name":"wp","href":"https:\/\/api.w.org\/{rel}","templated":true}]}}