{"id":769,"date":"2020-12-05T11:59:00","date_gmt":"2020-12-05T10:59:00","guid":{"rendered":"https:\/\/www.ffpassau.de\/hauptwache\/?p=769"},"modified":"2020-12-05T12:00:06","modified_gmt":"2020-12-05T11:00:06","slug":"freiwilligfuerpassau-packmitan","status":"publish","type":"post","link":"https:\/\/www.ffpassau.de\/hauptwache\/2020\/12\/05\/freiwilligfuerpassau-packmitan\/","title":{"rendered":"#freiwilligf\u00fcrPAssau |\u00a0#PAckmitan"},"content":{"rendered":"<div class=\"kvgmc6g5 cxmmr5t8 oygrvhab hcukyx3x c1et5uql ii04i59q\">\n<div dir=\"auto\"><strong>Wir haben ein Ziel. Wir haben einen Plan.\u00a0<\/strong><strong>Werbung ist wichtig.<\/strong><\/div>\n<\/div>\n<div class=\"o9v6fnle cxmmr5t8 oygrvhab hcukyx3x c1et5uql ii04i59q\">\n<div dir=\"auto\">Die Ergebnisse einiger Modellberechnungen machen deutlich, was viele bereits vermuten: die Mitgliederzahlen bei den Freiwilligen Feuerwehren werden zur\u00fcckgehen. In zehn Jahren werden die Feuerwehren voraussichtlich \u00fcber rund 15% weniger Personal verf\u00fcgen.<\/div>\n<\/div>\n<div class=\"o9v6fnle cxmmr5t8 oygrvhab hcukyx3x c1et5uql ii04i59q\">\n<div dir=\"auto\">Die demografische Entwicklung l\u00e4sst sich nicht aufhalten, aber es gibt keinen Grund den Kopf in den Sand zu stecken. Man muss dieser Entwicklung bereits heute gegensteuern. Um das Ehrenamt Feuerwehr auch f\u00fcr die Zukunft zu sichern.<\/div>\n<\/div>\n<div class=\"o9v6fnle cxmmr5t8 oygrvhab hcukyx3x c1et5uql ii04i59q\">\n<div dir=\"auto\">In Zeiten der Digitalisierung und Schnelllebigkeit k\u00f6nnen sich nur noch wenige Menschen f\u00fcr ein ehrenamtliches Engagement in einem Verein wie der Feuerwehr begeistern. Dabei ist diese Beteiligung ein elementarer Baustein und hat gro\u00dfe Bedeutung f\u00fcr den gesellschaftlichen Zusammenhalt.<\/div>\n<\/div>\n<div class=\"o9v6fnle cxmmr5t8 oygrvhab hcukyx3x c1et5uql ii04i59q\">\n<div dir=\"auto\">Ein Verein lebt von seinen Mitgliedern. Und neue Mitglieder zu finden wird immer schwieriger. Wir m\u00f6chten jedoch noch viele Mitb\u00fcrgerinnen und Mitb\u00fcrger dazu bewegen, sich in ihrem Freizeitverhalten umzuorientieren. Zu Gunsten der Allgemeinheit.<\/div>\n<\/div>\n<div class=\"o9v6fnle cxmmr5t8 oygrvhab hcukyx3x c1et5uql ii04i59q\">\n<div dir=\"auto\" style=\"text-align: center;\"><span style=\"color: #ff0000;\"><a class=\"oajrlxb2 g5ia77u1 qu0x051f esr5mh6w e9989ue4 r7d6kgcz rq0escxv nhd2j8a9 nc684nl6 p7hjln8o kvgmc6g5 cxmmr5t8 oygrvhab hcukyx3x jb3vyjys rz4wbd8a qt6c0cv9 a8nywdso i1ao9s8h esuyzwwr f1sip0of lzcic4wl q66pz984 gpro0wi8 b1v8xokw\" style=\"color: #ff0000;\" tabindex=\"0\" role=\"link\" href=\"https:\/\/www.facebook.com\/hashtag\/freiwilligf%C3%BCrpassau?__eep__=6&amp;__cft__[0]=AZWCkJm3PE2i14S95NRNZHs9ANkJ5ECJUvkLqhQ5WrCGLuLbXlr8NXD_4f_bLulIs9ip8us3V_0okZkffjkD3fTjSG6ho8lGz253Evutb3GbLqdqcR-SpdGK75Xy79n114a5a-wOdITKcnI6mnwB_i3Mz6ubs5LhJed_XvqASRUCkR0YPzygbHFqWtNNwNENjEU&amp;__tn__=*NK-R\">#freiwilligf\u00fcrPAssau<\/a><\/span><\/div>\n<\/div>\n<div class=\"o9v6fnle cxmmr5t8 oygrvhab hcukyx3x c1et5uql ii04i59q\">\n<div dir=\"auto\">Wir m\u00f6chten nicht einfach tatenlos darauf warten, dass Interessierte zu uns kommen. Wir m\u00f6chten bereits fr\u00fchzeitig das Interesse wecken.<\/div>\n<\/div>\n<div class=\"o9v6fnle cxmmr5t8 oygrvhab hcukyx3x c1et5uql ii04i59q\">\n<div dir=\"auto\" style=\"text-align: center;\"><span style=\"color: #ff0000;\"><a class=\"oajrlxb2 g5ia77u1 qu0x051f esr5mh6w e9989ue4 r7d6kgcz rq0escxv nhd2j8a9 nc684nl6 p7hjln8o kvgmc6g5 cxmmr5t8 oygrvhab hcukyx3x jb3vyjys rz4wbd8a qt6c0cv9 a8nywdso i1ao9s8h esuyzwwr f1sip0of lzcic4wl q66pz984 gpro0wi8 b1v8xokw\" style=\"color: #ff0000;\" tabindex=\"0\" role=\"link\" href=\"https:\/\/www.facebook.com\/hashtag\/packmitan?__eep__=6&amp;__cft__[0]=AZWCkJm3PE2i14S95NRNZHs9ANkJ5ECJUvkLqhQ5WrCGLuLbXlr8NXD_4f_bLulIs9ip8us3V_0okZkffjkD3fTjSG6ho8lGz253Evutb3GbLqdqcR-SpdGK75Xy79n114a5a-wOdITKcnI6mnwB_i3Mz6ubs5LhJed_XvqASRUCkR0YPzygbHFqWtNNwNENjEU&amp;__tn__=*NK-R\">#PAckmitan<\/a><\/span><\/div>\n<\/div>\n<div class=\"o9v6fnle cxmmr5t8 oygrvhab hcukyx3x c1et5uql ii04i59q\">\n<div dir=\"auto\">Setz auch Du Dich in Deiner Freizeit f\u00fcr das Gemeinwohl ein. Dieses Engagement ist wichtig.<\/div>\n<\/div>\n","protected":false},"excerpt":{"rendered":"<p>Wir haben ein Ziel. Wir haben einen Plan.\u00a0Werbung ist wichtig. Die Ergebnisse einiger Modellberechnungen machen deutlich, was viele bereits vermuten: die Mitgliederzahlen bei den Freiwilligen Feuerwehren werden zur\u00fcckgehen. In zehn Jahren werden die Feuerwehren voraussichtlich \u00fcber rund 15% weniger Personal verf\u00fcgen. Die demografische Entwicklung l\u00e4sst sich nicht aufhalten, aber es gibt keinen Grund den Kopf in den Sand zu stecken. Man muss dieser Entwicklung bereits heute gegensteuern. Um das Ehrenamt Feuerwehr auch f\u00fcr die Zukunft zu sichern. In Zeiten der Digitalisierung und Schnelllebigkeit k\u00f6nnen sich nur noch wenige Menschen f\u00fcr ein ehrenamtliches Engagement in einem Verein wie der Feuerwehr begeistern. Dabei ist diese Beteiligung ein elementarer Baustein und hat gro\u00dfe Bedeutung f\u00fcr den gesellschaftlichen Zusammenhalt. Ein Verein lebt von seinen Mitgliedern. Und neue Mitglieder zu finden wird immer schwieriger. Wir m\u00f6chten jedoch noch viele Mitb\u00fcrgerinnen und Mitb\u00fcrger dazu bewegen, sich [&hellip;]<\/p>\n","protected":false},"author":4,"featured_media":770,"comment_status":"open","ping_status":"open","sticky":false,"template":"","format":"standard","meta":{"footnotes":""},"categories":[1],"tags":[],"class_list":["post-769","post","type-post","status-publish","format-standard","has-post-thumbnail","hentry","category-allgemein"],"yoast_head":"<!-- This site is optimized with the Yoast SEO plugin v24.3 - https:\/\/yoast.com\/wordpress\/plugins\/seo\/ -->\n<title>#freiwilligf\u00fcrPAssau |\u00a0#PAckmitan - Feuerwehr Passau - L\u00f6schzug Hauptwache<\/title>\n<meta name=\"robots\" content=\"index, follow, max-snippet:-1, max-image-preview:large, max-video-preview:-1\" \/>\n<link rel=\"canonical\" href=\"https:\/\/www.ffpassau.de\/hauptwache\/2020\/12\/05\/freiwilligfuerpassau-packmitan\/\" \/>\n<meta property=\"og:locale\" content=\"de_DE\" \/>\n<meta property=\"og:type\" content=\"article\" \/>\n<meta property=\"og:title\" content=\"#freiwilligf\u00fcrPAssau |\u00a0#PAckmitan - Feuerwehr Passau - L\u00f6schzug Hauptwache\" \/>\n<meta property=\"og:description\" content=\"Wir haben ein Ziel. Wir haben einen Plan.\u00a0Werbung ist wichtig. Die Ergebnisse einiger Modellberechnungen machen deutlich, was viele bereits vermuten: die Mitgliederzahlen bei den Freiwilligen Feuerwehren werden zur\u00fcckgehen. In zehn Jahren werden die Feuerwehren voraussichtlich \u00fcber rund 15% weniger Personal verf\u00fcgen. Die demografische Entwicklung l\u00e4sst sich nicht aufhalten, aber es gibt keinen Grund den Kopf in den Sand zu stecken. Man muss dieser Entwicklung bereits heute gegensteuern. Um das Ehrenamt Feuerwehr auch f\u00fcr die Zukunft zu sichern. In Zeiten der Digitalisierung und Schnelllebigkeit k\u00f6nnen sich nur noch wenige Menschen f\u00fcr ein ehrenamtliches Engagement in einem Verein wie der Feuerwehr begeistern. Dabei ist diese Beteiligung ein elementarer Baustein und hat gro\u00dfe Bedeutung f\u00fcr den gesellschaftlichen Zusammenhalt. Ein Verein lebt von seinen Mitgliedern. Und neue Mitglieder zu finden wird immer schwieriger. Wir m\u00f6chten jedoch noch viele Mitb\u00fcrgerinnen und Mitb\u00fcrger dazu bewegen, sich [&hellip;]\" \/>\n<meta property=\"og:url\" content=\"https:\/\/www.ffpassau.de\/hauptwache\/2020\/12\/05\/freiwilligfuerpassau-packmitan\/\" \/>\n<meta property=\"og:site_name\" content=\"Feuerwehr Passau - L\u00f6schzug Hauptwache\" \/>\n<meta property=\"article:published_time\" content=\"2020-12-05T10:59:00+00:00\" \/>\n<meta property=\"article:modified_time\" content=\"2020-12-05T11:00:06+00:00\" \/>\n<meta property=\"og:image\" content=\"https:\/\/www.ffpassau.de\/hauptwache\/wp-content\/uploads\/sites\/4\/2020\/12\/Plakat_Mitgliederwerbung_FB-scaled.jpg\" \/>\n\t<meta property=\"og:image:width\" content=\"2560\" \/>\n\t<meta property=\"og:image:height\" content=\"1808\" \/>\n\t<meta property=\"og:image:type\" content=\"image\/jpeg\" \/>\n<meta name=\"author\" content=\"Markus Kornexl\" \/>\n<meta name=\"twitter:card\" content=\"summary_large_image\" \/>\n<meta name=\"twitter:label1\" content=\"Verfasst von\" \/>\n\t<meta name=\"twitter:data1\" content=\"Markus Kornexl\" \/>\n\t<meta name=\"twitter:label2\" content=\"Gesch\u00e4tzte Lesezeit\" \/>\n\t<meta name=\"twitter:data2\" content=\"1\u00a0Minute\" \/>\n<script type=\"application\/ld+json\" class=\"yoast-schema-graph\">{\"@context\":\"https:\/\/schema.org\",\"@graph\":[{\"@type\":\"Article\",\"@id\":\"https:\/\/www.ffpassau.de\/hauptwache\/2020\/12\/05\/freiwilligfuerpassau-packmitan\/#article\",\"isPartOf\":{\"@id\":\"https:\/\/www.ffpassau.de\/hauptwache\/2020\/12\/05\/freiwilligfuerpassau-packmitan\/\"},\"author\":{\"name\":\"Markus Kornexl\",\"@id\":\"https:\/\/www.ffpassau.de\/hauptwache\/#\/schema\/person\/5ae0c9d446c9a5bab808bfc468e5d9d4\"},\"headline\":\"#freiwilligf\u00fcrPAssau |\u00a0#PAckmitan\",\"datePublished\":\"2020-12-05T10:59:00+00:00\",\"dateModified\":\"2020-12-05T11:00:06+00:00\",\"mainEntityOfPage\":{\"@id\":\"https:\/\/www.ffpassau.de\/hauptwache\/2020\/12\/05\/freiwilligfuerpassau-packmitan\/\"},\"wordCount\":203,\"commentCount\":0,\"publisher\":{\"@id\":\"https:\/\/www.ffpassau.de\/hauptwache\/#organization\"},\"image\":{\"@id\":\"https:\/\/www.ffpassau.de\/hauptwache\/2020\/12\/05\/freiwilligfuerpassau-packmitan\/#primaryimage\"},\"thumbnailUrl\":\"https:\/\/www.ffpassau.de\/hauptwache\/wp-content\/uploads\/sites\/4\/2020\/12\/Plakat_Mitgliederwerbung_FB-scaled.jpg\",\"inLanguage\":\"de\",\"potentialAction\":[{\"@type\":\"CommentAction\",\"name\":\"Comment\",\"target\":[\"https:\/\/www.ffpassau.de\/hauptwache\/2020\/12\/05\/freiwilligfuerpassau-packmitan\/#respond\"]}]},{\"@type\":\"WebPage\",\"@id\":\"https:\/\/www.ffpassau.de\/hauptwache\/2020\/12\/05\/freiwilligfuerpassau-packmitan\/\",\"url\":\"https:\/\/www.ffpassau.de\/hauptwache\/2020\/12\/05\/freiwilligfuerpassau-packmitan\/\",\"name\":\"#freiwilligf\u00fcrPAssau |\u00a0#PAckmitan - Feuerwehr Passau - L\u00f6schzug Hauptwache\",\"isPartOf\":{\"@id\":\"https:\/\/www.ffpassau.de\/hauptwache\/#website\"},\"primaryImageOfPage\":{\"@id\":\"https:\/\/www.ffpassau.de\/hauptwache\/2020\/12\/05\/freiwilligfuerpassau-packmitan\/#primaryimage\"},\"image\":{\"@id\":\"https:\/\/www.ffpassau.de\/hauptwache\/2020\/12\/05\/freiwilligfuerpassau-packmitan\/#primaryimage\"},\"thumbnailUrl\":\"https:\/\/www.ffpassau.de\/hauptwache\/wp-content\/uploads\/sites\/4\/2020\/12\/Plakat_Mitgliederwerbung_FB-scaled.jpg\",\"datePublished\":\"2020-12-05T10:59:00+00:00\",\"dateModified\":\"2020-12-05T11:00:06+00:00\",\"breadcrumb\":{\"@id\":\"https:\/\/www.ffpassau.de\/hauptwache\/2020\/12\/05\/freiwilligfuerpassau-packmitan\/#breadcrumb\"},\"inLanguage\":\"de\",\"potentialAction\":[{\"@type\":\"ReadAction\",\"target\":[\"https:\/\/www.ffpassau.de\/hauptwache\/2020\/12\/05\/freiwilligfuerpassau-packmitan\/\"]}]},{\"@type\":\"ImageObject\",\"inLanguage\":\"de\",\"@id\":\"https:\/\/www.ffpassau.de\/hauptwache\/2020\/12\/05\/freiwilligfuerpassau-packmitan\/#primaryimage\",\"url\":\"https:\/\/www.ffpassau.de\/hauptwache\/wp-content\/uploads\/sites\/4\/2020\/12\/Plakat_Mitgliederwerbung_FB-scaled.jpg\",\"contentUrl\":\"https:\/\/www.ffpassau.de\/hauptwache\/wp-content\/uploads\/sites\/4\/2020\/12\/Plakat_Mitgliederwerbung_FB-scaled.jpg\",\"width\":2560,\"height\":1808},{\"@type\":\"BreadcrumbList\",\"@id\":\"https:\/\/www.ffpassau.de\/hauptwache\/2020\/12\/05\/freiwilligfuerpassau-packmitan\/#breadcrumb\",\"itemListElement\":[{\"@type\":\"ListItem\",\"position\":1,\"name\":\"Startseite\",\"item\":\"https:\/\/www.ffpassau.de\/hauptwache\/\"},{\"@type\":\"ListItem\",\"position\":2,\"name\":\"#freiwilligf\u00fcrPAssau |\u00a0#PAckmitan\"}]},{\"@type\":\"WebSite\",\"@id\":\"https:\/\/www.ffpassau.de\/hauptwache\/#website\",\"url\":\"https:\/\/www.ffpassau.de\/hauptwache\/\",\"name\":\"Feuerwehr Passau - L\u00f6schzug Hauptwache\",\"description\":\"\",\"publisher\":{\"@id\":\"https:\/\/www.ffpassau.de\/hauptwache\/#organization\"},\"potentialAction\":[{\"@type\":\"SearchAction\",\"target\":{\"@type\":\"EntryPoint\",\"urlTemplate\":\"https:\/\/www.ffpassau.de\/hauptwache\/?s={search_term_string}\"},\"query-input\":{\"@type\":\"PropertyValueSpecification\",\"valueRequired\":true,\"valueName\":\"search_term_string\"}}],\"inLanguage\":\"de\"},{\"@type\":\"Organization\",\"@id\":\"https:\/\/www.ffpassau.de\/hauptwache\/#organization\",\"name\":\"Feuerwehr Passau - L\u00f6schzug Hauptwache\",\"url\":\"https:\/\/www.ffpassau.de\/hauptwache\/\",\"logo\":{\"@type\":\"ImageObject\",\"inLanguage\":\"de\",\"@id\":\"https:\/\/www.ffpassau.de\/hauptwache\/#\/schema\/logo\/image\/\",\"url\":\"https:\/\/www.ffpassau.de\/hauptwache\/wp-content\/uploads\/sites\/4\/2020\/02\/lz_hauptwache_logo.svg\",\"contentUrl\":\"https:\/\/www.ffpassau.de\/hauptwache\/wp-content\/uploads\/sites\/4\/2020\/02\/lz_hauptwache_logo.svg\",\"width\":1,\"height\":1,\"caption\":\"Feuerwehr Passau - L\u00f6schzug Hauptwache\"},\"image\":{\"@id\":\"https:\/\/www.ffpassau.de\/hauptwache\/#\/schema\/logo\/image\/\"}},{\"@type\":\"Person\",\"@id\":\"https:\/\/www.ffpassau.de\/hauptwache\/#\/schema\/person\/5ae0c9d446c9a5bab808bfc468e5d9d4\",\"name\":\"Markus Kornexl\",\"image\":{\"@type\":\"ImageObject\",\"inLanguage\":\"de\",\"@id\":\"https:\/\/www.ffpassau.de\/hauptwache\/#\/schema\/person\/image\/\",\"url\":\"https:\/\/secure.gravatar.com\/avatar\/5ec59c8ad4f35a54a016a680fc15385d?s=96&d=mm&r=g\",\"contentUrl\":\"https:\/\/secure.gravatar.com\/avatar\/5ec59c8ad4f35a54a016a680fc15385d?s=96&d=mm&r=g\",\"caption\":\"Markus Kornexl\"},\"url\":\"https:\/\/www.ffpassau.de\/hauptwache\/author\/markuskornexl\/\"}]}<\/script>\n<!-- \/ Yoast SEO plugin. -->","yoast_head_json":{"title":"#freiwilligf\u00fcrPAssau |\u00a0#PAckmitan - Feuerwehr Passau - L\u00f6schzug Hauptwache","robots":{"index":"index","follow":"follow","max-snippet":"max-snippet:-1","max-image-preview":"max-image-preview:large","max-video-preview":"max-video-preview:-1"},"canonical":"https:\/\/www.ffpassau.de\/hauptwache\/2020\/12\/05\/freiwilligfuerpassau-packmitan\/","og_locale":"de_DE","og_type":"article","og_title":"#freiwilligf\u00fcrPAssau |\u00a0#PAckmitan - Feuerwehr Passau - L\u00f6schzug Hauptwache","og_description":"Wir haben ein Ziel. Wir haben einen Plan.\u00a0Werbung ist wichtig. Die Ergebnisse einiger Modellberechnungen machen deutlich, was viele bereits vermuten: die Mitgliederzahlen bei den Freiwilligen Feuerwehren werden zur\u00fcckgehen. In zehn Jahren werden die Feuerwehren voraussichtlich \u00fcber rund 15% weniger Personal verf\u00fcgen. Die demografische Entwicklung l\u00e4sst sich nicht aufhalten, aber es gibt keinen Grund den Kopf in den Sand zu stecken. Man muss dieser Entwicklung bereits heute gegensteuern. Um das Ehrenamt Feuerwehr auch f\u00fcr die Zukunft zu sichern. In Zeiten der Digitalisierung und Schnelllebigkeit k\u00f6nnen sich nur noch wenige Menschen f\u00fcr ein ehrenamtliches Engagement in einem Verein wie der Feuerwehr begeistern. Dabei ist diese Beteiligung ein elementarer Baustein und hat gro\u00dfe Bedeutung f\u00fcr den gesellschaftlichen Zusammenhalt. Ein Verein lebt von seinen Mitgliedern. Und neue Mitglieder zu finden wird immer schwieriger. Wir m\u00f6chten jedoch noch viele Mitb\u00fcrgerinnen und Mitb\u00fcrger dazu bewegen, sich [&hellip;]","og_url":"https:\/\/www.ffpassau.de\/hauptwache\/2020\/12\/05\/freiwilligfuerpassau-packmitan\/","og_site_name":"Feuerwehr Passau - L\u00f6schzug Hauptwache","article_published_time":"2020-12-05T10:59:00+00:00","article_modified_time":"2020-12-05T11:00:06+00:00","og_image":[{"width":2560,"height":1808,"url":"https:\/\/www.ffpassau.de\/hauptwache\/wp-content\/uploads\/sites\/4\/2020\/12\/Plakat_Mitgliederwerbung_FB-scaled.jpg","type":"image\/jpeg"}],"author":"Markus Kornexl","twitter_card":"summary_large_image","twitter_misc":{"Verfasst von":"Markus Kornexl","Gesch\u00e4tzte Lesezeit":"1\u00a0Minute"},"schema":{"@context":"https:\/\/schema.org","@graph":[{"@type":"Article","@id":"https:\/\/www.ffpassau.de\/hauptwache\/2020\/12\/05\/freiwilligfuerpassau-packmitan\/#article","isPartOf":{"@id":"https:\/\/www.ffpassau.de\/hauptwache\/2020\/12\/05\/freiwilligfuerpassau-packmitan\/"},"author":{"name":"Markus Kornexl","@id":"https:\/\/www.ffpassau.de\/hauptwache\/#\/schema\/person\/5ae0c9d446c9a5bab808bfc468e5d9d4"},"headline":"#freiwilligf\u00fcrPAssau |\u00a0#PAckmitan","datePublished":"2020-12-05T10:59:00+00:00","dateModified":"2020-12-05T11:00:06+00:00","mainEntityOfPage":{"@id":"https:\/\/www.ffpassau.de\/hauptwache\/2020\/12\/05\/freiwilligfuerpassau-packmitan\/"},"wordCount":203,"commentCount":0,"publisher":{"@id":"https:\/\/www.ffpassau.de\/hauptwache\/#organization"},"image":{"@id":"https:\/\/www.ffpassau.de\/hauptwache\/2020\/12\/05\/freiwilligfuerpassau-packmitan\/#primaryimage"},"thumbnailUrl":"https:\/\/www.ffpassau.de\/hauptwache\/wp-content\/uploads\/sites\/4\/2020\/12\/Plakat_Mitgliederwerbung_FB-scaled.jpg","inLanguage":"de","potentialAction":[{"@type":"CommentAction","name":"Comment","target":["https:\/\/www.ffpassau.de\/hauptwache\/2020\/12\/05\/freiwilligfuerpassau-packmitan\/#respond"]}]},{"@type":"WebPage","@id":"https:\/\/www.ffpassau.de\/hauptwache\/2020\/12\/05\/freiwilligfuerpassau-packmitan\/","url":"https:\/\/www.ffpassau.de\/hauptwache\/2020\/12\/05\/freiwilligfuerpassau-packmitan\/","name":"#freiwilligf\u00fcrPAssau |\u00a0#PAckmitan - Feuerwehr Passau - L\u00f6schzug Hauptwache","isPartOf":{"@id":"https:\/\/www.ffpassau.de\/hauptwache\/#website"},"primaryImageOfPage":{"@id":"https:\/\/www.ffpassau.de\/hauptwache\/2020\/12\/05\/freiwilligfuerpassau-packmitan\/#primaryimage"},"image":{"@id":"https:\/\/www.ffpassau.de\/hauptwache\/2020\/12\/05\/freiwilligfuerpassau-packmitan\/#primaryimage"},"thumbnailUrl":"https:\/\/www.ffpassau.de\/hauptwache\/wp-content\/uploads\/sites\/4\/2020\/12\/Plakat_Mitgliederwerbung_FB-scaled.jpg","datePublished":"2020-12-05T10:59:00+00:00","dateModified":"2020-12-05T11:00:06+00:00","breadcrumb":{"@id":"https:\/\/www.ffpassau.de\/hauptwache\/2020\/12\/05\/freiwilligfuerpassau-packmitan\/#breadcrumb"},"inLanguage":"de","potentialAction":[{"@type":"ReadAction","target":["https:\/\/www.ffpassau.de\/hauptwache\/2020\/12\/05\/freiwilligfuerpassau-packmitan\/"]}]},{"@type":"ImageObject","inLanguage":"de","@id":"https:\/\/www.ffpassau.de\/hauptwache\/2020\/12\/05\/freiwilligfuerpassau-packmitan\/#primaryimage","url":"https:\/\/www.ffpassau.de\/hauptwache\/wp-content\/uploads\/sites\/4\/2020\/12\/Plakat_Mitgliederwerbung_FB-scaled.jpg","contentUrl":"https:\/\/www.ffpassau.de\/hauptwache\/wp-content\/uploads\/sites\/4\/2020\/12\/Plakat_Mitgliederwerbung_FB-scaled.jpg","width":2560,"height":1808},{"@type":"BreadcrumbList","@id":"https:\/\/www.ffpassau.de\/hauptwache\/2020\/12\/05\/freiwilligfuerpassau-packmitan\/#breadcrumb","itemListElement":[{"@type":"ListItem","position":1,"name":"Startseite","item":"https:\/\/www.ffpassau.de\/hauptwache\/"},{"@type":"ListItem","position":2,"name":"#freiwilligf\u00fcrPAssau |\u00a0#PAckmitan"}]},{"@type":"WebSite","@id":"https:\/\/www.ffpassau.de\/hauptwache\/#website","url":"https:\/\/www.ffpassau.de\/hauptwache\/","name":"Feuerwehr Passau - L\u00f6schzug Hauptwache","description":"","publisher":{"@id":"https:\/\/www.ffpassau.de\/hauptwache\/#organization"},"potentialAction":[{"@type":"SearchAction","target":{"@type":"EntryPoint","urlTemplate":"https:\/\/www.ffpassau.de\/hauptwache\/?s={search_term_string}"},"query-input":{"@type":"PropertyValueSpecification","valueRequired":true,"valueName":"search_term_string"}}],"inLanguage":"de"},{"@type":"Organization","@id":"https:\/\/www.ffpassau.de\/hauptwache\/#organization","name":"Feuerwehr Passau - L\u00f6schzug Hauptwache","url":"https:\/\/www.ffpassau.de\/hauptwache\/","logo":{"@type":"ImageObject","inLanguage":"de","@id":"https:\/\/www.ffpassau.de\/hauptwache\/#\/schema\/logo\/image\/","url":"https:\/\/www.ffpassau.de\/hauptwache\/wp-content\/uploads\/sites\/4\/2020\/02\/lz_hauptwache_logo.svg","contentUrl":"https:\/\/www.ffpassau.de\/hauptwache\/wp-content\/uploads\/sites\/4\/2020\/02\/lz_hauptwache_logo.svg","width":1,"height":1,"caption":"Feuerwehr Passau - L\u00f6schzug Hauptwache"},"image":{"@id":"https:\/\/www.ffpassau.de\/hauptwache\/#\/schema\/logo\/image\/"}},{"@type":"Person","@id":"https:\/\/www.ffpassau.de\/hauptwache\/#\/schema\/person\/5ae0c9d446c9a5bab808bfc468e5d9d4","name":"Markus Kornexl","image":{"@type":"ImageObject","inLanguage":"de","@id":"https:\/\/www.ffpassau.de\/hauptwache\/#\/schema\/person\/image\/","url":"https:\/\/secure.gravatar.com\/avatar\/5ec59c8ad4f35a54a016a680fc15385d?s=96&d=mm&r=g","contentUrl":"https:\/\/secure.gravatar.com\/avatar\/5ec59c8ad4f35a54a016a680fc15385d?s=96&d=mm&r=g","caption":"Markus Kornexl"},"url":"https:\/\/www.ffpassau.de\/hauptwache\/author\/markuskornexl\/"}]}},"_links":{"self":[{"href":"https:\/\/www.ffpassau.de\/hauptwache\/wp-json\/wp\/v2\/posts\/769","targetHints":{"allow":["GET"]}}],"collection":[{"href":"https:\/\/www.ffpassau.de\/hauptwache\/wp-json\/wp\/v2\/posts"}],"about":[{"href":"https:\/\/www.ffpassau.de\/hauptwache\/wp-json\/wp\/v2\/types\/post"}],"author":[{"embeddable":true,"href":"https:\/\/www.ffpassau.de\/hauptwache\/wp-json\/wp\/v2\/users\/4"}],"replies":[{"embeddable":true,"href":"https:\/\/www.ffpassau.de\/hauptwache\/wp-json\/wp\/v2\/comments?post=769"}],"version-history":[{"count":1,"href":"https:\/\/www.ffpassau.de\/hauptwache\/wp-json\/wp\/v2\/posts\/769\/revisions"}],"predecessor-version":[{"id":771,"href":"https:\/\/www.ffpassau.de\/hauptwache\/wp-json\/wp\/v2\/posts\/769\/revisions\/771"}],"wp:featuredmedia":[{"embeddable":true,"href":"https:\/\/www.ffpassau.de\/hauptwache\/wp-json\/wp\/v2\/media\/770"}],"wp:attachment":[{"href":"https:\/\/www.ffpassau.de\/hauptwache\/wp-json\/wp\/v2\/media?parent=769"}],"wp:term":[{"taxonomy":"category","embeddable":true,"href":"https:\/\/www.ffpassau.de\/hauptwache\/wp-json\/wp\/v2\/categories?post=769"},{"taxonomy":"post_tag","embeddable":true,"href":"https:\/\/www.ffpassau.de\/hauptwache\/wp-json\/wp\/v2\/tags?post=769"}],"curies":[{"name":"wp","href":"https:\/\/api.w.org\/{rel}","templated":true}]}}