{"id":772,"date":"2020-12-06T12:45:02","date_gmt":"2020-12-06T11:45:02","guid":{"rendered":"https:\/\/www.ffpassau.de\/hauptwache\/?p=772"},"modified":"2020-12-06T12:48:21","modified_gmt":"2020-12-06T11:48:21","slug":"nikolaustag-6-dezember-2020","status":"publish","type":"post","link":"https:\/\/www.ffpassau.de\/hauptwache\/2020\/12\/06\/nikolaustag-6-dezember-2020\/","title":{"rendered":"Nikolaustag &#8211; 6. Dezember 2020"},"content":{"rendered":"<div class=\"kvgmc6g5 cxmmr5t8 oygrvhab hcukyx3x c1et5uql ii04i59q\">\n<div dir=\"auto\">Der Nikolausbesuch in diesem Jahr wird anders. Ist anders. Wie so Vieles gestaltet sich auch der Dezember im Jahr der Corona-Pandemie anders als gewohnt.<\/div>\n<\/div>\n<div class=\"o9v6fnle cxmmr5t8 oygrvhab hcukyx3x c1et5uql ii04i59q\">\n<div dir=\"auto\"><em>\u201eGr\u00fc\u00df\u2018 Euch Gott, ihr flei\u00df\u2019gen Feuerwehrleut&#8216;. Jetzt bin ich da, jetzt ist es also wieder Mal soweit\u2026\u201c.<\/em><\/div>\n<div dir=\"auto\">So beginnt er f\u00fcr gew\u00f6hnlich. Nicht jedoch in diesem Jahr.<\/div>\n<\/div>\n<div class=\"o9v6fnle cxmmr5t8 oygrvhab hcukyx3x c1et5uql ii04i59q\">\n<div dir=\"auto\">Im Allgemeinen besucht der gute Mann die Kameradinnen und Kameraden der Hauptwache auf deren Weihnachtsfeier. Um mit zahlreichen Geschichten aus dem Einsatzalltag des Jahres aufzuwarten. Als kr\u00f6nenden Jahresabschluss. Nicht 2020. Denn wie viele andere Vereine, musste auch der L\u00f6schzug Hauptwache dieses ansonsten gesetzte Event aus dem Kalender streichen.<\/div>\n<\/div>\n<div class=\"o9v6fnle cxmmr5t8 oygrvhab hcukyx3x c1et5uql ii04i59q\">\n<div dir=\"auto\">Der Nikolaus soll aber definitiv nicht komplett ausfallen. Corona-konform unter Beachtung der geltenden Regeln besuchte er die Hauptfeuerwache Passau \u2013 mit Sicherheitsabstand und Mund-Nasen-Schutz, ohne Gesang und nur f\u00fcr wenige Minuten.<\/div>\n<\/div>\n<div class=\"o9v6fnle cxmmr5t8 oygrvhab hcukyx3x c1et5uql ii04i59q\">\n<div dir=\"auto\"><em>\u201eFlei\u00dfig seid\u2019s g\u2019wesen, tagein und tagaus, Virus hin oder her, nicht \u00fcber die G\u2019schichten berichten zu k\u00f6nnen, es f\u00e4llt mir schwer.\u201c<\/em><\/div>\n<\/div>\n<div class=\"o9v6fnle cxmmr5t8 oygrvhab hcukyx3x c1et5uql ii04i59q\">\n<div dir=\"auto\">Und er brachte den Einsatzkr\u00e4ften eine s\u00fc\u00dfe \u00dcberraschung mit. Angesichts der weiterhin hohen Einsatzzahlen (408 Eins\u00e4tze waren es im Jahr 2020 bisweilen), stellte er sein Mitbringsel jedoch auf den Spinden ab. Die Geschenke einer Tradition folgend in die Stiefel zu packen erschien ihm zu riskant.<\/div>\n<\/div>\n<div class=\"o9v6fnle cxmmr5t8 oygrvhab hcukyx3x c1et5uql ii04i59q\">\n<div dir=\"auto\"><em>\u201eBleibt\u2019s g&#8217;sund und kommt\u2019s von de\u2018 Eins\u00e4tz\u2019 g\u2019sund wieder z\u2018ruck, ich euch f\u00fcr s\u2019n\u00e4chste Jahr wieder ganz fest die Daumen druck\u2018. Macht\u2019s es gut, w\u00fcnsch\u2019 Euch des Jahr noch sch\u00f6n, bin mir sicher: 2021 wer\u2019n wir uns wiederseh\u2019n.\u201c<\/em><\/div>\n<\/div>\n<div class=\"o9v6fnle cxmmr5t8 oygrvhab hcukyx3x c1et5uql ii04i59q\">\n<div dir=\"auto\"><strong>Wir w\u00fcnschen allen Einsatzkr\u00e4ften einen sch\u00f6nen Nikolaustag!<\/strong><\/div>\n<\/div>\n","protected":false},"excerpt":{"rendered":"<p>Der Nikolausbesuch in diesem Jahr wird anders. Ist anders. Wie so Vieles gestaltet sich auch der Dezember im Jahr der Corona-Pandemie anders als gewohnt. \u201eGr\u00fc\u00df\u2018 Euch Gott, ihr flei\u00df\u2019gen Feuerwehrleut&#8216;. Jetzt bin ich da, jetzt ist es also wieder Mal soweit\u2026\u201c. So beginnt er f\u00fcr gew\u00f6hnlich. Nicht jedoch in diesem Jahr. Im Allgemeinen besucht der gute Mann die Kameradinnen und Kameraden der Hauptwache auf deren Weihnachtsfeier. Um mit zahlreichen Geschichten aus dem Einsatzalltag des Jahres aufzuwarten. Als kr\u00f6nenden Jahresabschluss. Nicht 2020. Denn wie viele andere Vereine, musste auch der L\u00f6schzug Hauptwache dieses ansonsten gesetzte Event aus dem Kalender streichen. Der Nikolaus soll aber definitiv nicht komplett ausfallen. Corona-konform unter Beachtung der geltenden Regeln besuchte er die Hauptfeuerwache Passau \u2013 mit Sicherheitsabstand und Mund-Nasen-Schutz, ohne Gesang und nur f\u00fcr wenige Minuten. \u201eFlei\u00dfig seid\u2019s g\u2019wesen, tagein und tagaus, Virus hin oder her, [&hellip;]<\/p>\n","protected":false},"author":4,"featured_media":778,"comment_status":"open","ping_status":"open","sticky":false,"template":"","format":"standard","meta":{"footnotes":""},"categories":[1],"tags":[],"class_list":["post-772","post","type-post","status-publish","format-standard","has-post-thumbnail","hentry","category-allgemein"],"yoast_head":"<!-- This site is optimized with the Yoast SEO plugin v24.3 - https:\/\/yoast.com\/wordpress\/plugins\/seo\/ -->\n<title>Nikolaustag - 6. Dezember 2020 - Feuerwehr Passau - L\u00f6schzug Hauptwache<\/title>\n<meta name=\"robots\" content=\"index, follow, max-snippet:-1, max-image-preview:large, max-video-preview:-1\" \/>\n<link rel=\"canonical\" href=\"https:\/\/www.ffpassau.de\/hauptwache\/2020\/12\/06\/nikolaustag-6-dezember-2020\/\" \/>\n<meta property=\"og:locale\" content=\"de_DE\" \/>\n<meta property=\"og:type\" content=\"article\" \/>\n<meta property=\"og:title\" content=\"Nikolaustag - 6. Dezember 2020 - Feuerwehr Passau - L\u00f6schzug Hauptwache\" \/>\n<meta property=\"og:description\" content=\"Der Nikolausbesuch in diesem Jahr wird anders. Ist anders. Wie so Vieles gestaltet sich auch der Dezember im Jahr der Corona-Pandemie anders als gewohnt. \u201eGr\u00fc\u00df\u2018 Euch Gott, ihr flei\u00df\u2019gen Feuerwehrleut&#8216;. Jetzt bin ich da, jetzt ist es also wieder Mal soweit\u2026\u201c. So beginnt er f\u00fcr gew\u00f6hnlich. Nicht jedoch in diesem Jahr. Im Allgemeinen besucht der gute Mann die Kameradinnen und Kameraden der Hauptwache auf deren Weihnachtsfeier. Um mit zahlreichen Geschichten aus dem Einsatzalltag des Jahres aufzuwarten. Als kr\u00f6nenden Jahresabschluss. Nicht 2020. Denn wie viele andere Vereine, musste auch der L\u00f6schzug Hauptwache dieses ansonsten gesetzte Event aus dem Kalender streichen. Der Nikolaus soll aber definitiv nicht komplett ausfallen. Corona-konform unter Beachtung der geltenden Regeln besuchte er die Hauptfeuerwache Passau \u2013 mit Sicherheitsabstand und Mund-Nasen-Schutz, ohne Gesang und nur f\u00fcr wenige Minuten. \u201eFlei\u00dfig seid\u2019s g\u2019wesen, tagein und tagaus, Virus hin oder her, [&hellip;]\" \/>\n<meta property=\"og:url\" content=\"https:\/\/www.ffpassau.de\/hauptwache\/2020\/12\/06\/nikolaustag-6-dezember-2020\/\" \/>\n<meta property=\"og:site_name\" content=\"Feuerwehr Passau - L\u00f6schzug Hauptwache\" \/>\n<meta property=\"article:published_time\" content=\"2020-12-06T11:45:02+00:00\" \/>\n<meta property=\"article:modified_time\" content=\"2020-12-06T11:48:21+00:00\" \/>\n<meta property=\"og:image\" content=\"https:\/\/www.ffpassau.de\/hauptwache\/wp-content\/uploads\/sites\/4\/2020\/12\/2020-12-05_ffP_mK_Nikolaus_Hauptwache__COMP_-6.jpg\" \/>\n\t<meta property=\"og:image:width\" content=\"1920\" \/>\n\t<meta property=\"og:image:height\" content=\"1280\" \/>\n\t<meta property=\"og:image:type\" content=\"image\/jpeg\" \/>\n<meta name=\"author\" content=\"Markus Kornexl\" \/>\n<meta name=\"twitter:card\" content=\"summary_large_image\" \/>\n<meta name=\"twitter:label1\" content=\"Verfasst von\" \/>\n\t<meta name=\"twitter:data1\" content=\"Markus Kornexl\" \/>\n\t<meta name=\"twitter:label2\" content=\"Gesch\u00e4tzte Lesezeit\" \/>\n\t<meta name=\"twitter:data2\" content=\"1\u00a0Minute\" \/>\n<script type=\"application\/ld+json\" class=\"yoast-schema-graph\">{\"@context\":\"https:\/\/schema.org\",\"@graph\":[{\"@type\":\"Article\",\"@id\":\"https:\/\/www.ffpassau.de\/hauptwache\/2020\/12\/06\/nikolaustag-6-dezember-2020\/#article\",\"isPartOf\":{\"@id\":\"https:\/\/www.ffpassau.de\/hauptwache\/2020\/12\/06\/nikolaustag-6-dezember-2020\/\"},\"author\":{\"name\":\"Markus Kornexl\",\"@id\":\"https:\/\/www.ffpassau.de\/hauptwache\/#\/schema\/person\/5ae0c9d446c9a5bab808bfc468e5d9d4\"},\"headline\":\"Nikolaustag &#8211; 6. Dezember 2020\",\"datePublished\":\"2020-12-06T11:45:02+00:00\",\"dateModified\":\"2020-12-06T11:48:21+00:00\",\"mainEntityOfPage\":{\"@id\":\"https:\/\/www.ffpassau.de\/hauptwache\/2020\/12\/06\/nikolaustag-6-dezember-2020\/\"},\"wordCount\":270,\"commentCount\":0,\"publisher\":{\"@id\":\"https:\/\/www.ffpassau.de\/hauptwache\/#organization\"},\"image\":{\"@id\":\"https:\/\/www.ffpassau.de\/hauptwache\/2020\/12\/06\/nikolaustag-6-dezember-2020\/#primaryimage\"},\"thumbnailUrl\":\"https:\/\/www.ffpassau.de\/hauptwache\/wp-content\/uploads\/sites\/4\/2020\/12\/2020-12-05_ffP_mK_Nikolaus_Hauptwache__COMP_-6.jpg\",\"inLanguage\":\"de\",\"potentialAction\":[{\"@type\":\"CommentAction\",\"name\":\"Comment\",\"target\":[\"https:\/\/www.ffpassau.de\/hauptwache\/2020\/12\/06\/nikolaustag-6-dezember-2020\/#respond\"]}]},{\"@type\":\"WebPage\",\"@id\":\"https:\/\/www.ffpassau.de\/hauptwache\/2020\/12\/06\/nikolaustag-6-dezember-2020\/\",\"url\":\"https:\/\/www.ffpassau.de\/hauptwache\/2020\/12\/06\/nikolaustag-6-dezember-2020\/\",\"name\":\"Nikolaustag - 6. Dezember 2020 - Feuerwehr Passau - L\u00f6schzug Hauptwache\",\"isPartOf\":{\"@id\":\"https:\/\/www.ffpassau.de\/hauptwache\/#website\"},\"primaryImageOfPage\":{\"@id\":\"https:\/\/www.ffpassau.de\/hauptwache\/2020\/12\/06\/nikolaustag-6-dezember-2020\/#primaryimage\"},\"image\":{\"@id\":\"https:\/\/www.ffpassau.de\/hauptwache\/2020\/12\/06\/nikolaustag-6-dezember-2020\/#primaryimage\"},\"thumbnailUrl\":\"https:\/\/www.ffpassau.de\/hauptwache\/wp-content\/uploads\/sites\/4\/2020\/12\/2020-12-05_ffP_mK_Nikolaus_Hauptwache__COMP_-6.jpg\",\"datePublished\":\"2020-12-06T11:45:02+00:00\",\"dateModified\":\"2020-12-06T11:48:21+00:00\",\"breadcrumb\":{\"@id\":\"https:\/\/www.ffpassau.de\/hauptwache\/2020\/12\/06\/nikolaustag-6-dezember-2020\/#breadcrumb\"},\"inLanguage\":\"de\",\"potentialAction\":[{\"@type\":\"ReadAction\",\"target\":[\"https:\/\/www.ffpassau.de\/hauptwache\/2020\/12\/06\/nikolaustag-6-dezember-2020\/\"]}]},{\"@type\":\"ImageObject\",\"inLanguage\":\"de\",\"@id\":\"https:\/\/www.ffpassau.de\/hauptwache\/2020\/12\/06\/nikolaustag-6-dezember-2020\/#primaryimage\",\"url\":\"https:\/\/www.ffpassau.de\/hauptwache\/wp-content\/uploads\/sites\/4\/2020\/12\/2020-12-05_ffP_mK_Nikolaus_Hauptwache__COMP_-6.jpg\",\"contentUrl\":\"https:\/\/www.ffpassau.de\/hauptwache\/wp-content\/uploads\/sites\/4\/2020\/12\/2020-12-05_ffP_mK_Nikolaus_Hauptwache__COMP_-6.jpg\",\"width\":1920,\"height\":1280},{\"@type\":\"BreadcrumbList\",\"@id\":\"https:\/\/www.ffpassau.de\/hauptwache\/2020\/12\/06\/nikolaustag-6-dezember-2020\/#breadcrumb\",\"itemListElement\":[{\"@type\":\"ListItem\",\"position\":1,\"name\":\"Startseite\",\"item\":\"https:\/\/www.ffpassau.de\/hauptwache\/\"},{\"@type\":\"ListItem\",\"position\":2,\"name\":\"Nikolaustag &#8211; 6. Dezember 2020\"}]},{\"@type\":\"WebSite\",\"@id\":\"https:\/\/www.ffpassau.de\/hauptwache\/#website\",\"url\":\"https:\/\/www.ffpassau.de\/hauptwache\/\",\"name\":\"Feuerwehr Passau - L\u00f6schzug Hauptwache\",\"description\":\"\",\"publisher\":{\"@id\":\"https:\/\/www.ffpassau.de\/hauptwache\/#organization\"},\"potentialAction\":[{\"@type\":\"SearchAction\",\"target\":{\"@type\":\"EntryPoint\",\"urlTemplate\":\"https:\/\/www.ffpassau.de\/hauptwache\/?s={search_term_string}\"},\"query-input\":{\"@type\":\"PropertyValueSpecification\",\"valueRequired\":true,\"valueName\":\"search_term_string\"}}],\"inLanguage\":\"de\"},{\"@type\":\"Organization\",\"@id\":\"https:\/\/www.ffpassau.de\/hauptwache\/#organization\",\"name\":\"Feuerwehr Passau - L\u00f6schzug Hauptwache\",\"url\":\"https:\/\/www.ffpassau.de\/hauptwache\/\",\"logo\":{\"@type\":\"ImageObject\",\"inLanguage\":\"de\",\"@id\":\"https:\/\/www.ffpassau.de\/hauptwache\/#\/schema\/logo\/image\/\",\"url\":\"https:\/\/www.ffpassau.de\/hauptwache\/wp-content\/uploads\/sites\/4\/2020\/02\/lz_hauptwache_logo.svg\",\"contentUrl\":\"https:\/\/www.ffpassau.de\/hauptwache\/wp-content\/uploads\/sites\/4\/2020\/02\/lz_hauptwache_logo.svg\",\"width\":1,\"height\":1,\"caption\":\"Feuerwehr Passau - L\u00f6schzug Hauptwache\"},\"image\":{\"@id\":\"https:\/\/www.ffpassau.de\/hauptwache\/#\/schema\/logo\/image\/\"}},{\"@type\":\"Person\",\"@id\":\"https:\/\/www.ffpassau.de\/hauptwache\/#\/schema\/person\/5ae0c9d446c9a5bab808bfc468e5d9d4\",\"name\":\"Markus Kornexl\",\"image\":{\"@type\":\"ImageObject\",\"inLanguage\":\"de\",\"@id\":\"https:\/\/www.ffpassau.de\/hauptwache\/#\/schema\/person\/image\/\",\"url\":\"https:\/\/secure.gravatar.com\/avatar\/5ec59c8ad4f35a54a016a680fc15385d?s=96&d=mm&r=g\",\"contentUrl\":\"https:\/\/secure.gravatar.com\/avatar\/5ec59c8ad4f35a54a016a680fc15385d?s=96&d=mm&r=g\",\"caption\":\"Markus Kornexl\"},\"url\":\"https:\/\/www.ffpassau.de\/hauptwache\/author\/markuskornexl\/\"}]}<\/script>\n<!-- \/ Yoast SEO plugin. -->","yoast_head_json":{"title":"Nikolaustag - 6. Dezember 2020 - Feuerwehr Passau - L\u00f6schzug Hauptwache","robots":{"index":"index","follow":"follow","max-snippet":"max-snippet:-1","max-image-preview":"max-image-preview:large","max-video-preview":"max-video-preview:-1"},"canonical":"https:\/\/www.ffpassau.de\/hauptwache\/2020\/12\/06\/nikolaustag-6-dezember-2020\/","og_locale":"de_DE","og_type":"article","og_title":"Nikolaustag - 6. Dezember 2020 - Feuerwehr Passau - L\u00f6schzug Hauptwache","og_description":"Der Nikolausbesuch in diesem Jahr wird anders. Ist anders. Wie so Vieles gestaltet sich auch der Dezember im Jahr der Corona-Pandemie anders als gewohnt. \u201eGr\u00fc\u00df\u2018 Euch Gott, ihr flei\u00df\u2019gen Feuerwehrleut&#8216;. Jetzt bin ich da, jetzt ist es also wieder Mal soweit\u2026\u201c. So beginnt er f\u00fcr gew\u00f6hnlich. Nicht jedoch in diesem Jahr. Im Allgemeinen besucht der gute Mann die Kameradinnen und Kameraden der Hauptwache auf deren Weihnachtsfeier. Um mit zahlreichen Geschichten aus dem Einsatzalltag des Jahres aufzuwarten. Als kr\u00f6nenden Jahresabschluss. Nicht 2020. Denn wie viele andere Vereine, musste auch der L\u00f6schzug Hauptwache dieses ansonsten gesetzte Event aus dem Kalender streichen. Der Nikolaus soll aber definitiv nicht komplett ausfallen. Corona-konform unter Beachtung der geltenden Regeln besuchte er die Hauptfeuerwache Passau \u2013 mit Sicherheitsabstand und Mund-Nasen-Schutz, ohne Gesang und nur f\u00fcr wenige Minuten. \u201eFlei\u00dfig seid\u2019s g\u2019wesen, tagein und tagaus, Virus hin oder her, [&hellip;]","og_url":"https:\/\/www.ffpassau.de\/hauptwache\/2020\/12\/06\/nikolaustag-6-dezember-2020\/","og_site_name":"Feuerwehr Passau - L\u00f6schzug Hauptwache","article_published_time":"2020-12-06T11:45:02+00:00","article_modified_time":"2020-12-06T11:48:21+00:00","og_image":[{"width":1920,"height":1280,"url":"https:\/\/www.ffpassau.de\/hauptwache\/wp-content\/uploads\/sites\/4\/2020\/12\/2020-12-05_ffP_mK_Nikolaus_Hauptwache__COMP_-6.jpg","type":"image\/jpeg"}],"author":"Markus Kornexl","twitter_card":"summary_large_image","twitter_misc":{"Verfasst von":"Markus Kornexl","Gesch\u00e4tzte Lesezeit":"1\u00a0Minute"},"schema":{"@context":"https:\/\/schema.org","@graph":[{"@type":"Article","@id":"https:\/\/www.ffpassau.de\/hauptwache\/2020\/12\/06\/nikolaustag-6-dezember-2020\/#article","isPartOf":{"@id":"https:\/\/www.ffpassau.de\/hauptwache\/2020\/12\/06\/nikolaustag-6-dezember-2020\/"},"author":{"name":"Markus Kornexl","@id":"https:\/\/www.ffpassau.de\/hauptwache\/#\/schema\/person\/5ae0c9d446c9a5bab808bfc468e5d9d4"},"headline":"Nikolaustag &#8211; 6. Dezember 2020","datePublished":"2020-12-06T11:45:02+00:00","dateModified":"2020-12-06T11:48:21+00:00","mainEntityOfPage":{"@id":"https:\/\/www.ffpassau.de\/hauptwache\/2020\/12\/06\/nikolaustag-6-dezember-2020\/"},"wordCount":270,"commentCount":0,"publisher":{"@id":"https:\/\/www.ffpassau.de\/hauptwache\/#organization"},"image":{"@id":"https:\/\/www.ffpassau.de\/hauptwache\/2020\/12\/06\/nikolaustag-6-dezember-2020\/#primaryimage"},"thumbnailUrl":"https:\/\/www.ffpassau.de\/hauptwache\/wp-content\/uploads\/sites\/4\/2020\/12\/2020-12-05_ffP_mK_Nikolaus_Hauptwache__COMP_-6.jpg","inLanguage":"de","potentialAction":[{"@type":"CommentAction","name":"Comment","target":["https:\/\/www.ffpassau.de\/hauptwache\/2020\/12\/06\/nikolaustag-6-dezember-2020\/#respond"]}]},{"@type":"WebPage","@id":"https:\/\/www.ffpassau.de\/hauptwache\/2020\/12\/06\/nikolaustag-6-dezember-2020\/","url":"https:\/\/www.ffpassau.de\/hauptwache\/2020\/12\/06\/nikolaustag-6-dezember-2020\/","name":"Nikolaustag - 6. Dezember 2020 - Feuerwehr Passau - L\u00f6schzug Hauptwache","isPartOf":{"@id":"https:\/\/www.ffpassau.de\/hauptwache\/#website"},"primaryImageOfPage":{"@id":"https:\/\/www.ffpassau.de\/hauptwache\/2020\/12\/06\/nikolaustag-6-dezember-2020\/#primaryimage"},"image":{"@id":"https:\/\/www.ffpassau.de\/hauptwache\/2020\/12\/06\/nikolaustag-6-dezember-2020\/#primaryimage"},"thumbnailUrl":"https:\/\/www.ffpassau.de\/hauptwache\/wp-content\/uploads\/sites\/4\/2020\/12\/2020-12-05_ffP_mK_Nikolaus_Hauptwache__COMP_-6.jpg","datePublished":"2020-12-06T11:45:02+00:00","dateModified":"2020-12-06T11:48:21+00:00","breadcrumb":{"@id":"https:\/\/www.ffpassau.de\/hauptwache\/2020\/12\/06\/nikolaustag-6-dezember-2020\/#breadcrumb"},"inLanguage":"de","potentialAction":[{"@type":"ReadAction","target":["https:\/\/www.ffpassau.de\/hauptwache\/2020\/12\/06\/nikolaustag-6-dezember-2020\/"]}]},{"@type":"ImageObject","inLanguage":"de","@id":"https:\/\/www.ffpassau.de\/hauptwache\/2020\/12\/06\/nikolaustag-6-dezember-2020\/#primaryimage","url":"https:\/\/www.ffpassau.de\/hauptwache\/wp-content\/uploads\/sites\/4\/2020\/12\/2020-12-05_ffP_mK_Nikolaus_Hauptwache__COMP_-6.jpg","contentUrl":"https:\/\/www.ffpassau.de\/hauptwache\/wp-content\/uploads\/sites\/4\/2020\/12\/2020-12-05_ffP_mK_Nikolaus_Hauptwache__COMP_-6.jpg","width":1920,"height":1280},{"@type":"BreadcrumbList","@id":"https:\/\/www.ffpassau.de\/hauptwache\/2020\/12\/06\/nikolaustag-6-dezember-2020\/#breadcrumb","itemListElement":[{"@type":"ListItem","position":1,"name":"Startseite","item":"https:\/\/www.ffpassau.de\/hauptwache\/"},{"@type":"ListItem","position":2,"name":"Nikolaustag &#8211; 6. Dezember 2020"}]},{"@type":"WebSite","@id":"https:\/\/www.ffpassau.de\/hauptwache\/#website","url":"https:\/\/www.ffpassau.de\/hauptwache\/","name":"Feuerwehr Passau - L\u00f6schzug Hauptwache","description":"","publisher":{"@id":"https:\/\/www.ffpassau.de\/hauptwache\/#organization"},"potentialAction":[{"@type":"SearchAction","target":{"@type":"EntryPoint","urlTemplate":"https:\/\/www.ffpassau.de\/hauptwache\/?s={search_term_string}"},"query-input":{"@type":"PropertyValueSpecification","valueRequired":true,"valueName":"search_term_string"}}],"inLanguage":"de"},{"@type":"Organization","@id":"https:\/\/www.ffpassau.de\/hauptwache\/#organization","name":"Feuerwehr Passau - L\u00f6schzug Hauptwache","url":"https:\/\/www.ffpassau.de\/hauptwache\/","logo":{"@type":"ImageObject","inLanguage":"de","@id":"https:\/\/www.ffpassau.de\/hauptwache\/#\/schema\/logo\/image\/","url":"https:\/\/www.ffpassau.de\/hauptwache\/wp-content\/uploads\/sites\/4\/2020\/02\/lz_hauptwache_logo.svg","contentUrl":"https:\/\/www.ffpassau.de\/hauptwache\/wp-content\/uploads\/sites\/4\/2020\/02\/lz_hauptwache_logo.svg","width":1,"height":1,"caption":"Feuerwehr Passau - L\u00f6schzug Hauptwache"},"image":{"@id":"https:\/\/www.ffpassau.de\/hauptwache\/#\/schema\/logo\/image\/"}},{"@type":"Person","@id":"https:\/\/www.ffpassau.de\/hauptwache\/#\/schema\/person\/5ae0c9d446c9a5bab808bfc468e5d9d4","name":"Markus Kornexl","image":{"@type":"ImageObject","inLanguage":"de","@id":"https:\/\/www.ffpassau.de\/hauptwache\/#\/schema\/person\/image\/","url":"https:\/\/secure.gravatar.com\/avatar\/5ec59c8ad4f35a54a016a680fc15385d?s=96&d=mm&r=g","contentUrl":"https:\/\/secure.gravatar.com\/avatar\/5ec59c8ad4f35a54a016a680fc15385d?s=96&d=mm&r=g","caption":"Markus Kornexl"},"url":"https:\/\/www.ffpassau.de\/hauptwache\/author\/markuskornexl\/"}]}},"_links":{"self":[{"href":"https:\/\/www.ffpassau.de\/hauptwache\/wp-json\/wp\/v2\/posts\/772","targetHints":{"allow":["GET"]}}],"collection":[{"href":"https:\/\/www.ffpassau.de\/hauptwache\/wp-json\/wp\/v2\/posts"}],"about":[{"href":"https:\/\/www.ffpassau.de\/hauptwache\/wp-json\/wp\/v2\/types\/post"}],"author":[{"embeddable":true,"href":"https:\/\/www.ffpassau.de\/hauptwache\/wp-json\/wp\/v2\/users\/4"}],"replies":[{"embeddable":true,"href":"https:\/\/www.ffpassau.de\/hauptwache\/wp-json\/wp\/v2\/comments?post=772"}],"version-history":[{"count":3,"href":"https:\/\/www.ffpassau.de\/hauptwache\/wp-json\/wp\/v2\/posts\/772\/revisions"}],"predecessor-version":[{"id":781,"href":"https:\/\/www.ffpassau.de\/hauptwache\/wp-json\/wp\/v2\/posts\/772\/revisions\/781"}],"wp:featuredmedia":[{"embeddable":true,"href":"https:\/\/www.ffpassau.de\/hauptwache\/wp-json\/wp\/v2\/media\/778"}],"wp:attachment":[{"href":"https:\/\/www.ffpassau.de\/hauptwache\/wp-json\/wp\/v2\/media?parent=772"}],"wp:term":[{"taxonomy":"category","embeddable":true,"href":"https:\/\/www.ffpassau.de\/hauptwache\/wp-json\/wp\/v2\/categories?post=772"},{"taxonomy":"post_tag","embeddable":true,"href":"https:\/\/www.ffpassau.de\/hauptwache\/wp-json\/wp\/v2\/tags?post=772"}],"curies":[{"name":"wp","href":"https:\/\/api.w.org\/{rel}","templated":true}]}}