{"id":832,"date":"2021-03-31T14:32:48","date_gmt":"2021-03-31T12:32:48","guid":{"rendered":"https:\/\/www.ffpassau.de\/hauptwache\/?p=832"},"modified":"2021-03-31T14:32:48","modified_gmt":"2021-03-31T12:32:48","slug":"abrollbehaelter-wasser-in-dienst-gestellt","status":"publish","type":"post","link":"https:\/\/www.ffpassau.de\/hauptwache\/2021\/03\/31\/abrollbehaelter-wasser-in-dienst-gestellt\/","title":{"rendered":"Abrollbeh\u00e4lter Wasser in Dienst gestellt"},"content":{"rendered":"<div class=\"o9v6fnle cxmmr5t8 oygrvhab hcukyx3x c1et5uql ii04i59q\">\n<div dir=\"auto\"><strong>\u00dcbergabe des multifunktionalen Ger\u00e4ts durch Oberb\u00fcrgermeister J\u00fcrgen Dupper<\/strong><\/div>\n<\/div>\n<div class=\"o9v6fnle cxmmr5t8 oygrvhab hcukyx3x c1et5uql ii04i59q\">\n<div dir=\"auto\">\u201eL\u00f6schen, abpumpen, reinigen \u2013 das sind drei wesentliche Aufgabenfelder der Passauer Feuerwehr. Daher bin ich sehr froh, dass wir mit dem neuen Abrollbeh\u00e4lter nun ein Hilfsmittel zur Verf\u00fcgung stellen k\u00f6nnen, das alle drei Anforderungen erf\u00fcllt\u201c, so Oberb\u00fcrgermeister Dupper.<\/div>\n<\/div>\n<div class=\"o9v6fnle cxmmr5t8 oygrvhab hcukyx3x c1et5uql ii04i59q\">\n<div dir=\"auto\">Die Erfahrungen bei den Katastropheneins\u00e4tzen 2013 in der Stadt Passau sowie 2016 in Simbach am Inn und im Stadtteil Haibach waren Ausl\u00f6ser f\u00fcr Konzeptionierung und Umsetzung dieses Einsatzmittels. Dank der Saugfunktion des Abrollbeh\u00e4lters k\u00f6nnen Wehren bei Unwetter- und Hochwassereins\u00e4tzen verstopfte Abfl\u00fcsse schnellstm\u00f6glich wieder freibekommen. Mit einem entsprechenden Spr\u00fchbalken f\u00fcr das Tr\u00e4gerfahrzeug k\u00f6nnen \u00fcberdies die Kr\u00e4fte des st\u00e4dtischen Bauhofs oder der anderen Stadtteilfeuerwehren unterst\u00fctzt werden, wenn es gilt, die Verkehrsfl\u00e4chen z\u00fcgig zu reinigen, um Verkehrsbehinderungen zu beseitigen. Und auch bei Br\u00e4nden aller Art kann dieser Abrollbeh\u00e4lter mit seiner enormen Kapazit\u00e4t wertvolle Dienste leisten, etwa als Pufferspeicher zwischen der eigentlichen L\u00f6schwasserversorgung und den L\u00f6schfahrzeugen am Einsatz oder als erg\u00e4nzende Quelle beziehungsweise Vorratspuffer beispielsweise bei Fahrzeugbr\u00e4nden auf der Bundesautobahn oder bei Eins\u00e4tzen im Bereich G\u00fcterbahnhof.<\/div>\n<\/div>\n<div class=\"o9v6fnle cxmmr5t8 oygrvhab hcukyx3x c1et5uql ii04i59q\">\n<div dir=\"auto\">Der Abrollbeh\u00e4lter ist mit seiner H\u00f6he von maximal zwei Metern speziell so konzeptioniert, dass er auf beiden vorhandenen Wechselladerfahrzeugen in der Fahrzeughalle untergestellt werden kann. Der Beh\u00e4lter ist feuerverzinkt, verf\u00fcgt am Heck und seitlich \u00fcber Sauganschl\u00fcsse, hat beidseits Ablagek\u00e4sten und ist mit einem Tankinhalt von 8000 Litern ausgelegt. Die seitlichen wei\u00dfen Kunststoffcontainer haben eine Kapazit\u00e4t von jeweils 250 Litern Frischwasser, also insgesamt 1000 Liter, f\u00fcr die mitgelieferte Hochdruckreinigungsanlage.<\/div>\n<\/div>\n<div class=\"o9v6fnle cxmmr5t8 oygrvhab hcukyx3x c1et5uql ii04i59q\">\n<div dir=\"auto\">Die Gesamtkosten belaufen sich auf rund 61 800 Euro, wobei ein staatlicher Zuschuss in H\u00f6he von 34 700 Euro gew\u00e4hrt wurde.<\/div>\n<\/div>\n","protected":false},"excerpt":{"rendered":"<p>\u00dcbergabe des multifunktionalen Ger\u00e4ts durch Oberb\u00fcrgermeister J\u00fcrgen Dupper \u201eL\u00f6schen, abpumpen, reinigen \u2013 das sind drei wesentliche Aufgabenfelder der Passauer Feuerwehr. Daher bin ich sehr froh, dass wir mit dem neuen Abrollbeh\u00e4lter nun ein Hilfsmittel zur Verf\u00fcgung stellen k\u00f6nnen, das alle drei Anforderungen erf\u00fcllt\u201c, so Oberb\u00fcrgermeister Dupper. Die Erfahrungen bei den Katastropheneins\u00e4tzen 2013 in der Stadt Passau sowie 2016 in Simbach am Inn und im Stadtteil Haibach waren Ausl\u00f6ser f\u00fcr Konzeptionierung und Umsetzung dieses Einsatzmittels. Dank der Saugfunktion des Abrollbeh\u00e4lters k\u00f6nnen Wehren bei Unwetter- und Hochwassereins\u00e4tzen verstopfte Abfl\u00fcsse schnellstm\u00f6glich wieder freibekommen. Mit einem entsprechenden Spr\u00fchbalken f\u00fcr das Tr\u00e4gerfahrzeug k\u00f6nnen \u00fcberdies die Kr\u00e4fte des st\u00e4dtischen Bauhofs oder der anderen Stadtteilfeuerwehren unterst\u00fctzt werden, wenn es gilt, die Verkehrsfl\u00e4chen z\u00fcgig zu reinigen, um Verkehrsbehinderungen zu beseitigen. Und auch bei Br\u00e4nden aller Art kann dieser Abrollbeh\u00e4lter mit seiner enormen Kapazit\u00e4t wertvolle Dienste leisten, etwa als [&hellip;]<\/p>\n","protected":false},"author":4,"featured_media":833,"comment_status":"open","ping_status":"open","sticky":false,"template":"","format":"standard","meta":{"footnotes":""},"categories":[1],"tags":[],"class_list":["post-832","post","type-post","status-publish","format-standard","has-post-thumbnail","hentry","category-allgemein"],"yoast_head":"<!-- This site is optimized with the Yoast SEO plugin v24.3 - https:\/\/yoast.com\/wordpress\/plugins\/seo\/ -->\n<title>Abrollbeh\u00e4lter Wasser in Dienst gestellt - Feuerwehr Passau - L\u00f6schzug Hauptwache<\/title>\n<meta name=\"robots\" content=\"index, follow, max-snippet:-1, max-image-preview:large, max-video-preview:-1\" \/>\n<link rel=\"canonical\" href=\"https:\/\/www.ffpassau.de\/hauptwache\/2021\/03\/31\/abrollbehaelter-wasser-in-dienst-gestellt\/\" \/>\n<meta property=\"og:locale\" content=\"de_DE\" \/>\n<meta property=\"og:type\" content=\"article\" \/>\n<meta property=\"og:title\" content=\"Abrollbeh\u00e4lter Wasser in Dienst gestellt - Feuerwehr Passau - L\u00f6schzug Hauptwache\" \/>\n<meta property=\"og:description\" content=\"\u00dcbergabe des multifunktionalen Ger\u00e4ts durch Oberb\u00fcrgermeister J\u00fcrgen Dupper \u201eL\u00f6schen, abpumpen, reinigen \u2013 das sind drei wesentliche Aufgabenfelder der Passauer Feuerwehr. Daher bin ich sehr froh, dass wir mit dem neuen Abrollbeh\u00e4lter nun ein Hilfsmittel zur Verf\u00fcgung stellen k\u00f6nnen, das alle drei Anforderungen erf\u00fcllt\u201c, so Oberb\u00fcrgermeister Dupper. Die Erfahrungen bei den Katastropheneins\u00e4tzen 2013 in der Stadt Passau sowie 2016 in Simbach am Inn und im Stadtteil Haibach waren Ausl\u00f6ser f\u00fcr Konzeptionierung und Umsetzung dieses Einsatzmittels. Dank der Saugfunktion des Abrollbeh\u00e4lters k\u00f6nnen Wehren bei Unwetter- und Hochwassereins\u00e4tzen verstopfte Abfl\u00fcsse schnellstm\u00f6glich wieder freibekommen. Mit einem entsprechenden Spr\u00fchbalken f\u00fcr das Tr\u00e4gerfahrzeug k\u00f6nnen \u00fcberdies die Kr\u00e4fte des st\u00e4dtischen Bauhofs oder der anderen Stadtteilfeuerwehren unterst\u00fctzt werden, wenn es gilt, die Verkehrsfl\u00e4chen z\u00fcgig zu reinigen, um Verkehrsbehinderungen zu beseitigen. Und auch bei Br\u00e4nden aller Art kann dieser Abrollbeh\u00e4lter mit seiner enormen Kapazit\u00e4t wertvolle Dienste leisten, etwa als [&hellip;]\" \/>\n<meta property=\"og:url\" content=\"https:\/\/www.ffpassau.de\/hauptwache\/2021\/03\/31\/abrollbehaelter-wasser-in-dienst-gestellt\/\" \/>\n<meta property=\"og:site_name\" content=\"Feuerwehr Passau - L\u00f6schzug Hauptwache\" \/>\n<meta property=\"article:published_time\" content=\"2021-03-31T12:32:48+00:00\" \/>\n<meta property=\"og:image\" content=\"https:\/\/www.ffpassau.de\/hauptwache\/wp-content\/uploads\/sites\/4\/2021\/03\/2021-02-09_mK_ffP_OB_Ueberg_AB_Wasser_1-scaled.jpg\" \/>\n\t<meta property=\"og:image:width\" content=\"2560\" \/>\n\t<meta property=\"og:image:height\" content=\"1707\" \/>\n\t<meta property=\"og:image:type\" content=\"image\/jpeg\" \/>\n<meta name=\"author\" content=\"Markus Kornexl\" \/>\n<meta name=\"twitter:card\" content=\"summary_large_image\" \/>\n<meta name=\"twitter:label1\" content=\"Verfasst von\" \/>\n\t<meta name=\"twitter:data1\" content=\"Markus Kornexl\" \/>\n\t<meta name=\"twitter:label2\" content=\"Gesch\u00e4tzte Lesezeit\" \/>\n\t<meta name=\"twitter:data2\" content=\"2\u00a0Minuten\" \/>\n<script type=\"application\/ld+json\" class=\"yoast-schema-graph\">{\"@context\":\"https:\/\/schema.org\",\"@graph\":[{\"@type\":\"Article\",\"@id\":\"https:\/\/www.ffpassau.de\/hauptwache\/2021\/03\/31\/abrollbehaelter-wasser-in-dienst-gestellt\/#article\",\"isPartOf\":{\"@id\":\"https:\/\/www.ffpassau.de\/hauptwache\/2021\/03\/31\/abrollbehaelter-wasser-in-dienst-gestellt\/\"},\"author\":{\"name\":\"Markus Kornexl\",\"@id\":\"https:\/\/www.ffpassau.de\/hauptwache\/#\/schema\/person\/5ae0c9d446c9a5bab808bfc468e5d9d4\"},\"headline\":\"Abrollbeh\u00e4lter Wasser in Dienst gestellt\",\"datePublished\":\"2021-03-31T12:32:48+00:00\",\"dateModified\":\"2021-03-31T12:32:48+00:00\",\"mainEntityOfPage\":{\"@id\":\"https:\/\/www.ffpassau.de\/hauptwache\/2021\/03\/31\/abrollbehaelter-wasser-in-dienst-gestellt\/\"},\"wordCount\":299,\"commentCount\":0,\"publisher\":{\"@id\":\"https:\/\/www.ffpassau.de\/hauptwache\/#organization\"},\"image\":{\"@id\":\"https:\/\/www.ffpassau.de\/hauptwache\/2021\/03\/31\/abrollbehaelter-wasser-in-dienst-gestellt\/#primaryimage\"},\"thumbnailUrl\":\"https:\/\/www.ffpassau.de\/hauptwache\/wp-content\/uploads\/sites\/4\/2021\/03\/2021-02-09_mK_ffP_OB_Ueberg_AB_Wasser_1-scaled.jpg\",\"inLanguage\":\"de\",\"potentialAction\":[{\"@type\":\"CommentAction\",\"name\":\"Comment\",\"target\":[\"https:\/\/www.ffpassau.de\/hauptwache\/2021\/03\/31\/abrollbehaelter-wasser-in-dienst-gestellt\/#respond\"]}]},{\"@type\":\"WebPage\",\"@id\":\"https:\/\/www.ffpassau.de\/hauptwache\/2021\/03\/31\/abrollbehaelter-wasser-in-dienst-gestellt\/\",\"url\":\"https:\/\/www.ffpassau.de\/hauptwache\/2021\/03\/31\/abrollbehaelter-wasser-in-dienst-gestellt\/\",\"name\":\"Abrollbeh\u00e4lter Wasser in Dienst gestellt - Feuerwehr Passau - L\u00f6schzug Hauptwache\",\"isPartOf\":{\"@id\":\"https:\/\/www.ffpassau.de\/hauptwache\/#website\"},\"primaryImageOfPage\":{\"@id\":\"https:\/\/www.ffpassau.de\/hauptwache\/2021\/03\/31\/abrollbehaelter-wasser-in-dienst-gestellt\/#primaryimage\"},\"image\":{\"@id\":\"https:\/\/www.ffpassau.de\/hauptwache\/2021\/03\/31\/abrollbehaelter-wasser-in-dienst-gestellt\/#primaryimage\"},\"thumbnailUrl\":\"https:\/\/www.ffpassau.de\/hauptwache\/wp-content\/uploads\/sites\/4\/2021\/03\/2021-02-09_mK_ffP_OB_Ueberg_AB_Wasser_1-scaled.jpg\",\"datePublished\":\"2021-03-31T12:32:48+00:00\",\"dateModified\":\"2021-03-31T12:32:48+00:00\",\"breadcrumb\":{\"@id\":\"https:\/\/www.ffpassau.de\/hauptwache\/2021\/03\/31\/abrollbehaelter-wasser-in-dienst-gestellt\/#breadcrumb\"},\"inLanguage\":\"de\",\"potentialAction\":[{\"@type\":\"ReadAction\",\"target\":[\"https:\/\/www.ffpassau.de\/hauptwache\/2021\/03\/31\/abrollbehaelter-wasser-in-dienst-gestellt\/\"]}]},{\"@type\":\"ImageObject\",\"inLanguage\":\"de\",\"@id\":\"https:\/\/www.ffpassau.de\/hauptwache\/2021\/03\/31\/abrollbehaelter-wasser-in-dienst-gestellt\/#primaryimage\",\"url\":\"https:\/\/www.ffpassau.de\/hauptwache\/wp-content\/uploads\/sites\/4\/2021\/03\/2021-02-09_mK_ffP_OB_Ueberg_AB_Wasser_1-scaled.jpg\",\"contentUrl\":\"https:\/\/www.ffpassau.de\/hauptwache\/wp-content\/uploads\/sites\/4\/2021\/03\/2021-02-09_mK_ffP_OB_Ueberg_AB_Wasser_1-scaled.jpg\",\"width\":2560,\"height\":1707},{\"@type\":\"BreadcrumbList\",\"@id\":\"https:\/\/www.ffpassau.de\/hauptwache\/2021\/03\/31\/abrollbehaelter-wasser-in-dienst-gestellt\/#breadcrumb\",\"itemListElement\":[{\"@type\":\"ListItem\",\"position\":1,\"name\":\"Startseite\",\"item\":\"https:\/\/www.ffpassau.de\/hauptwache\/\"},{\"@type\":\"ListItem\",\"position\":2,\"name\":\"Abrollbeh\u00e4lter Wasser in Dienst gestellt\"}]},{\"@type\":\"WebSite\",\"@id\":\"https:\/\/www.ffpassau.de\/hauptwache\/#website\",\"url\":\"https:\/\/www.ffpassau.de\/hauptwache\/\",\"name\":\"Feuerwehr Passau - L\u00f6schzug Hauptwache\",\"description\":\"\",\"publisher\":{\"@id\":\"https:\/\/www.ffpassau.de\/hauptwache\/#organization\"},\"potentialAction\":[{\"@type\":\"SearchAction\",\"target\":{\"@type\":\"EntryPoint\",\"urlTemplate\":\"https:\/\/www.ffpassau.de\/hauptwache\/?s={search_term_string}\"},\"query-input\":{\"@type\":\"PropertyValueSpecification\",\"valueRequired\":true,\"valueName\":\"search_term_string\"}}],\"inLanguage\":\"de\"},{\"@type\":\"Organization\",\"@id\":\"https:\/\/www.ffpassau.de\/hauptwache\/#organization\",\"name\":\"Feuerwehr Passau - L\u00f6schzug Hauptwache\",\"url\":\"https:\/\/www.ffpassau.de\/hauptwache\/\",\"logo\":{\"@type\":\"ImageObject\",\"inLanguage\":\"de\",\"@id\":\"https:\/\/www.ffpassau.de\/hauptwache\/#\/schema\/logo\/image\/\",\"url\":\"https:\/\/www.ffpassau.de\/hauptwache\/wp-content\/uploads\/sites\/4\/2020\/02\/lz_hauptwache_logo.svg\",\"contentUrl\":\"https:\/\/www.ffpassau.de\/hauptwache\/wp-content\/uploads\/sites\/4\/2020\/02\/lz_hauptwache_logo.svg\",\"width\":1,\"height\":1,\"caption\":\"Feuerwehr Passau - L\u00f6schzug Hauptwache\"},\"image\":{\"@id\":\"https:\/\/www.ffpassau.de\/hauptwache\/#\/schema\/logo\/image\/\"}},{\"@type\":\"Person\",\"@id\":\"https:\/\/www.ffpassau.de\/hauptwache\/#\/schema\/person\/5ae0c9d446c9a5bab808bfc468e5d9d4\",\"name\":\"Markus Kornexl\",\"image\":{\"@type\":\"ImageObject\",\"inLanguage\":\"de\",\"@id\":\"https:\/\/www.ffpassau.de\/hauptwache\/#\/schema\/person\/image\/\",\"url\":\"https:\/\/secure.gravatar.com\/avatar\/5ec59c8ad4f35a54a016a680fc15385d?s=96&d=mm&r=g\",\"contentUrl\":\"https:\/\/secure.gravatar.com\/avatar\/5ec59c8ad4f35a54a016a680fc15385d?s=96&d=mm&r=g\",\"caption\":\"Markus Kornexl\"},\"url\":\"https:\/\/www.ffpassau.de\/hauptwache\/author\/markuskornexl\/\"}]}<\/script>\n<!-- \/ Yoast SEO plugin. -->","yoast_head_json":{"title":"Abrollbeh\u00e4lter Wasser in Dienst gestellt - Feuerwehr Passau - L\u00f6schzug Hauptwache","robots":{"index":"index","follow":"follow","max-snippet":"max-snippet:-1","max-image-preview":"max-image-preview:large","max-video-preview":"max-video-preview:-1"},"canonical":"https:\/\/www.ffpassau.de\/hauptwache\/2021\/03\/31\/abrollbehaelter-wasser-in-dienst-gestellt\/","og_locale":"de_DE","og_type":"article","og_title":"Abrollbeh\u00e4lter Wasser in Dienst gestellt - Feuerwehr Passau - L\u00f6schzug Hauptwache","og_description":"\u00dcbergabe des multifunktionalen Ger\u00e4ts durch Oberb\u00fcrgermeister J\u00fcrgen Dupper \u201eL\u00f6schen, abpumpen, reinigen \u2013 das sind drei wesentliche Aufgabenfelder der Passauer Feuerwehr. Daher bin ich sehr froh, dass wir mit dem neuen Abrollbeh\u00e4lter nun ein Hilfsmittel zur Verf\u00fcgung stellen k\u00f6nnen, das alle drei Anforderungen erf\u00fcllt\u201c, so Oberb\u00fcrgermeister Dupper. Die Erfahrungen bei den Katastropheneins\u00e4tzen 2013 in der Stadt Passau sowie 2016 in Simbach am Inn und im Stadtteil Haibach waren Ausl\u00f6ser f\u00fcr Konzeptionierung und Umsetzung dieses Einsatzmittels. Dank der Saugfunktion des Abrollbeh\u00e4lters k\u00f6nnen Wehren bei Unwetter- und Hochwassereins\u00e4tzen verstopfte Abfl\u00fcsse schnellstm\u00f6glich wieder freibekommen. Mit einem entsprechenden Spr\u00fchbalken f\u00fcr das Tr\u00e4gerfahrzeug k\u00f6nnen \u00fcberdies die Kr\u00e4fte des st\u00e4dtischen Bauhofs oder der anderen Stadtteilfeuerwehren unterst\u00fctzt werden, wenn es gilt, die Verkehrsfl\u00e4chen z\u00fcgig zu reinigen, um Verkehrsbehinderungen zu beseitigen. Und auch bei Br\u00e4nden aller Art kann dieser Abrollbeh\u00e4lter mit seiner enormen Kapazit\u00e4t wertvolle Dienste leisten, etwa als [&hellip;]","og_url":"https:\/\/www.ffpassau.de\/hauptwache\/2021\/03\/31\/abrollbehaelter-wasser-in-dienst-gestellt\/","og_site_name":"Feuerwehr Passau - L\u00f6schzug Hauptwache","article_published_time":"2021-03-31T12:32:48+00:00","og_image":[{"width":2560,"height":1707,"url":"https:\/\/www.ffpassau.de\/hauptwache\/wp-content\/uploads\/sites\/4\/2021\/03\/2021-02-09_mK_ffP_OB_Ueberg_AB_Wasser_1-scaled.jpg","type":"image\/jpeg"}],"author":"Markus Kornexl","twitter_card":"summary_large_image","twitter_misc":{"Verfasst von":"Markus Kornexl","Gesch\u00e4tzte Lesezeit":"2\u00a0Minuten"},"schema":{"@context":"https:\/\/schema.org","@graph":[{"@type":"Article","@id":"https:\/\/www.ffpassau.de\/hauptwache\/2021\/03\/31\/abrollbehaelter-wasser-in-dienst-gestellt\/#article","isPartOf":{"@id":"https:\/\/www.ffpassau.de\/hauptwache\/2021\/03\/31\/abrollbehaelter-wasser-in-dienst-gestellt\/"},"author":{"name":"Markus Kornexl","@id":"https:\/\/www.ffpassau.de\/hauptwache\/#\/schema\/person\/5ae0c9d446c9a5bab808bfc468e5d9d4"},"headline":"Abrollbeh\u00e4lter Wasser in Dienst gestellt","datePublished":"2021-03-31T12:32:48+00:00","dateModified":"2021-03-31T12:32:48+00:00","mainEntityOfPage":{"@id":"https:\/\/www.ffpassau.de\/hauptwache\/2021\/03\/31\/abrollbehaelter-wasser-in-dienst-gestellt\/"},"wordCount":299,"commentCount":0,"publisher":{"@id":"https:\/\/www.ffpassau.de\/hauptwache\/#organization"},"image":{"@id":"https:\/\/www.ffpassau.de\/hauptwache\/2021\/03\/31\/abrollbehaelter-wasser-in-dienst-gestellt\/#primaryimage"},"thumbnailUrl":"https:\/\/www.ffpassau.de\/hauptwache\/wp-content\/uploads\/sites\/4\/2021\/03\/2021-02-09_mK_ffP_OB_Ueberg_AB_Wasser_1-scaled.jpg","inLanguage":"de","potentialAction":[{"@type":"CommentAction","name":"Comment","target":["https:\/\/www.ffpassau.de\/hauptwache\/2021\/03\/31\/abrollbehaelter-wasser-in-dienst-gestellt\/#respond"]}]},{"@type":"WebPage","@id":"https:\/\/www.ffpassau.de\/hauptwache\/2021\/03\/31\/abrollbehaelter-wasser-in-dienst-gestellt\/","url":"https:\/\/www.ffpassau.de\/hauptwache\/2021\/03\/31\/abrollbehaelter-wasser-in-dienst-gestellt\/","name":"Abrollbeh\u00e4lter Wasser in Dienst gestellt - Feuerwehr Passau - L\u00f6schzug Hauptwache","isPartOf":{"@id":"https:\/\/www.ffpassau.de\/hauptwache\/#website"},"primaryImageOfPage":{"@id":"https:\/\/www.ffpassau.de\/hauptwache\/2021\/03\/31\/abrollbehaelter-wasser-in-dienst-gestellt\/#primaryimage"},"image":{"@id":"https:\/\/www.ffpassau.de\/hauptwache\/2021\/03\/31\/abrollbehaelter-wasser-in-dienst-gestellt\/#primaryimage"},"thumbnailUrl":"https:\/\/www.ffpassau.de\/hauptwache\/wp-content\/uploads\/sites\/4\/2021\/03\/2021-02-09_mK_ffP_OB_Ueberg_AB_Wasser_1-scaled.jpg","datePublished":"2021-03-31T12:32:48+00:00","dateModified":"2021-03-31T12:32:48+00:00","breadcrumb":{"@id":"https:\/\/www.ffpassau.de\/hauptwache\/2021\/03\/31\/abrollbehaelter-wasser-in-dienst-gestellt\/#breadcrumb"},"inLanguage":"de","potentialAction":[{"@type":"ReadAction","target":["https:\/\/www.ffpassau.de\/hauptwache\/2021\/03\/31\/abrollbehaelter-wasser-in-dienst-gestellt\/"]}]},{"@type":"ImageObject","inLanguage":"de","@id":"https:\/\/www.ffpassau.de\/hauptwache\/2021\/03\/31\/abrollbehaelter-wasser-in-dienst-gestellt\/#primaryimage","url":"https:\/\/www.ffpassau.de\/hauptwache\/wp-content\/uploads\/sites\/4\/2021\/03\/2021-02-09_mK_ffP_OB_Ueberg_AB_Wasser_1-scaled.jpg","contentUrl":"https:\/\/www.ffpassau.de\/hauptwache\/wp-content\/uploads\/sites\/4\/2021\/03\/2021-02-09_mK_ffP_OB_Ueberg_AB_Wasser_1-scaled.jpg","width":2560,"height":1707},{"@type":"BreadcrumbList","@id":"https:\/\/www.ffpassau.de\/hauptwache\/2021\/03\/31\/abrollbehaelter-wasser-in-dienst-gestellt\/#breadcrumb","itemListElement":[{"@type":"ListItem","position":1,"name":"Startseite","item":"https:\/\/www.ffpassau.de\/hauptwache\/"},{"@type":"ListItem","position":2,"name":"Abrollbeh\u00e4lter Wasser in Dienst gestellt"}]},{"@type":"WebSite","@id":"https:\/\/www.ffpassau.de\/hauptwache\/#website","url":"https:\/\/www.ffpassau.de\/hauptwache\/","name":"Feuerwehr Passau - L\u00f6schzug Hauptwache","description":"","publisher":{"@id":"https:\/\/www.ffpassau.de\/hauptwache\/#organization"},"potentialAction":[{"@type":"SearchAction","target":{"@type":"EntryPoint","urlTemplate":"https:\/\/www.ffpassau.de\/hauptwache\/?s={search_term_string}"},"query-input":{"@type":"PropertyValueSpecification","valueRequired":true,"valueName":"search_term_string"}}],"inLanguage":"de"},{"@type":"Organization","@id":"https:\/\/www.ffpassau.de\/hauptwache\/#organization","name":"Feuerwehr Passau - L\u00f6schzug Hauptwache","url":"https:\/\/www.ffpassau.de\/hauptwache\/","logo":{"@type":"ImageObject","inLanguage":"de","@id":"https:\/\/www.ffpassau.de\/hauptwache\/#\/schema\/logo\/image\/","url":"https:\/\/www.ffpassau.de\/hauptwache\/wp-content\/uploads\/sites\/4\/2020\/02\/lz_hauptwache_logo.svg","contentUrl":"https:\/\/www.ffpassau.de\/hauptwache\/wp-content\/uploads\/sites\/4\/2020\/02\/lz_hauptwache_logo.svg","width":1,"height":1,"caption":"Feuerwehr Passau - L\u00f6schzug Hauptwache"},"image":{"@id":"https:\/\/www.ffpassau.de\/hauptwache\/#\/schema\/logo\/image\/"}},{"@type":"Person","@id":"https:\/\/www.ffpassau.de\/hauptwache\/#\/schema\/person\/5ae0c9d446c9a5bab808bfc468e5d9d4","name":"Markus Kornexl","image":{"@type":"ImageObject","inLanguage":"de","@id":"https:\/\/www.ffpassau.de\/hauptwache\/#\/schema\/person\/image\/","url":"https:\/\/secure.gravatar.com\/avatar\/5ec59c8ad4f35a54a016a680fc15385d?s=96&d=mm&r=g","contentUrl":"https:\/\/secure.gravatar.com\/avatar\/5ec59c8ad4f35a54a016a680fc15385d?s=96&d=mm&r=g","caption":"Markus Kornexl"},"url":"https:\/\/www.ffpassau.de\/hauptwache\/author\/markuskornexl\/"}]}},"_links":{"self":[{"href":"https:\/\/www.ffpassau.de\/hauptwache\/wp-json\/wp\/v2\/posts\/832","targetHints":{"allow":["GET"]}}],"collection":[{"href":"https:\/\/www.ffpassau.de\/hauptwache\/wp-json\/wp\/v2\/posts"}],"about":[{"href":"https:\/\/www.ffpassau.de\/hauptwache\/wp-json\/wp\/v2\/types\/post"}],"author":[{"embeddable":true,"href":"https:\/\/www.ffpassau.de\/hauptwache\/wp-json\/wp\/v2\/users\/4"}],"replies":[{"embeddable":true,"href":"https:\/\/www.ffpassau.de\/hauptwache\/wp-json\/wp\/v2\/comments?post=832"}],"version-history":[{"count":1,"href":"https:\/\/www.ffpassau.de\/hauptwache\/wp-json\/wp\/v2\/posts\/832\/revisions"}],"predecessor-version":[{"id":834,"href":"https:\/\/www.ffpassau.de\/hauptwache\/wp-json\/wp\/v2\/posts\/832\/revisions\/834"}],"wp:featuredmedia":[{"embeddable":true,"href":"https:\/\/www.ffpassau.de\/hauptwache\/wp-json\/wp\/v2\/media\/833"}],"wp:attachment":[{"href":"https:\/\/www.ffpassau.de\/hauptwache\/wp-json\/wp\/v2\/media?parent=832"}],"wp:term":[{"taxonomy":"category","embeddable":true,"href":"https:\/\/www.ffpassau.de\/hauptwache\/wp-json\/wp\/v2\/categories?post=832"},{"taxonomy":"post_tag","embeddable":true,"href":"https:\/\/www.ffpassau.de\/hauptwache\/wp-json\/wp\/v2\/tags?post=832"}],"curies":[{"name":"wp","href":"https:\/\/api.w.org\/{rel}","templated":true}]}}