{"id":1010,"date":"2025-04-12T11:52:09","date_gmt":"2025-04-12T09:52:09","guid":{"rendered":"https:\/\/www.ffpassau.de\/ilzstadt\/?p=1010"},"modified":"2025-04-12T11:52:09","modified_gmt":"2025-04-12T09:52:09","slug":"jahreshauptversammlung-beim-loeschzug-ilzstadt","status":"publish","type":"post","link":"https:\/\/www.ffpassau.de\/ilzstadt\/2025\/04\/12\/jahreshauptversammlung-beim-loeschzug-ilzstadt\/","title":{"rendered":"Jahreshauptversammlung beim L\u00f6schzug Ilzstadt"},"content":{"rendered":"<p><strong>Andreas Auer und Alissa Hutwelker als neue Vorst\u00e4nde gew\u00e4hlt<\/strong><\/p>\n<p>Bei der Jahreshauptversammlung des L\u00f6schzug Ilzstadt w\u00e4hlten die zahlreich anwesenden Mitglieder <em>Andreas Auer<\/em> zum neuen Vorsitzenden und <em>Alissa Hutwelke<\/em>r zur stellvertretenden Vorsitzenden. Aufgrund der hohen Teilnehmerzahl von \u00fcber 60 G\u00e4sten und Mitgliedern wurde die Veranstaltung kurzfristig in die neuen Fahrzeughallen verlegt.<\/p>\n<p>\u201eEs ist eine gro\u00dfe Ehre, dieses Amt zu \u00fcbernehmen. Gemeinsam mit unserem engagierten Team k\u00f6nnen wir viel bewegen und die Zukunft des L\u00f6schzugs Ilzstadt aktiv gestalten\u201c, sagen Auer und Hutwelker. Kassier <em>Alexander Breitenfellner<\/em> bleibt auch nach 15 Jahren im Amt. <em>Zacharias Zanella<\/em> und <em>Dorina Spannbauer<\/em> wurden als Beisitzer gew\u00e4hlt. Ihre Wahlen erfolgten alle einstimmig. Die Sitzung wurde vom Interimsvorstand <em>Max Entfellner<\/em> geleitet, der bei der anschlie\u00dfenden Neuwahl einstimmig in seinem Amt als Schriftf\u00fchrer best\u00e4tigt wurde.<\/p>\n<p><strong>Einsatzstatistik und besondere Eins\u00e4tze 2024<\/strong>:<\/p>\n<p>64 Eins\u00e4tze davon 13 Br\u00e4nde &#8211; 75 Technische Hilfeleistungen &#8211; 20 Fehlalarme und 56 Sicherheitswachen.<br \/>\nInsgesamt geleistete Stunden lagen bei 9065h davon ca. 2600 in Eins\u00e4tzen.<\/p>\n<p>In seinem Gru\u00dfwort betonte <em>B\u00fcrgermeister Andreas Rother<\/em> die herausragende Bedeutung der ehrenamtlichen Arbeit der Feuerwehr und bezeichnete sie als die \u201eK\u00f6nigsdisziplin des Ehrenamts\u201c. Der Stadtrat war au\u00dferdem vertreten durch <em>B\u00fcrgermeister Armin Dickl<\/em> sowie den <em>Stadtr\u00e4ten Siegfried Kapfer<\/em> (FWG), <em>Martin Burkert<\/em> (FWG), <em>Hans-J\u00fcrgen Bauer<\/em> (SPD), <em>Markus Sturm<\/em> (SPD), <em>Wolfgang Wagner<\/em> (SPD), <em>Michael Hasenberger<\/em> (CSU), <em>Rudolf Ramelsberger<\/em> (CSU), <em>Matthias Weigl<\/em> (Gr\u00fcne) und <em>Stefanie Auer<\/em> (Gr\u00fcne).<\/p>\n<p>Zugf\u00fchrer Christopher Craxton appellierte an die anwesenden Stadtratsmitglieder, sich verst\u00e4rkt f\u00fcr bezahlbaren Wohnraum in der Altstadt einzusetzen. Er wies darauf hin, dass der Wegzug junger Familien zunehmend zu einem Problem werde und sich dies negativ auf die Einsatzkr\u00e4ftesituation der Feuerwehr auswirke.<\/p>\n<p>Gleichzeitig dankte er dem Stadtrat f\u00fcr die Neubeschaffung eines Mannschaftstransportwagens (MTW) sowie die im Haushalt 2025 vorgesehene Ersatzbeschaffung eines Rettungsboots. Das Boot der Ilzer Feuerwehr, oft als die &#8222;Marine der Feuerwehr Passau&#8220; bezeichnet, ist das schnellste Einsatzboot im Bereich zwischen Kachlet, Ingling und L\u00f6wenm\u00fchle.<\/p>\n<p><strong>Hochwassereinsatz 2024<\/strong><\/p>\n<p>Das Juni-Hochwasser 2024 war der gr\u00f6\u00dfte Einsatz des Jahres. Die Feuerwehr Ilzstadt war elf Tage im Dauereinsatz und bew\u00e4ltigte die Leitung der Abschnittf\u00fchrungsstelle Altstadt sowie des Unterabschnitts Altstadt-Mitte mit gro\u00dfem Erfolg. \u201eMan hat aus 2013 die richtigen Lehren gezogen und war sehr gut vorbereitet\u201c, res\u00fcmierte Zugf\u00fchrer Craxton.<\/p>\n<p>Ebenfalls wurde in einer Gro\u00df\u00fcbung das neue Brandschutzkonzept des Oberhauses getestet. Dabei bew\u00e4hrte sich das daf\u00fcr angeschaffte Pumpenfahrzeug des L\u00f6schzugs sowie das vom Feuerwehrverein gespendet und finanzierte UTV. Der Initiator der \u00dcbung, Stadtbrandrat Andreas Dittlmann, lobte den Einsatz, merkte jedoch an: \u201eAufgrund des Morgennebels waren leider keine Drohnenaufnahmen m\u00f6glich.\u201c<\/p>\n<p><strong>Fazit eines ereignisreichen Jahres<\/strong><\/p>\n<p>Das Jahr 2024 war f\u00fcr den L\u00f6schzug Ilzstadt von zahlreichen Eins\u00e4tzen und Herausforderungen gepr\u00e4gt. Dennoch sorgten eine starke Mannschaft und eine gute Ausbildung daf\u00fcr, dass sich das Jahr ruhiger anf\u00fchlte, als es tats\u00e4chlich war.<\/p>\n","protected":false},"excerpt":{"rendered":"<p>Andreas Auer und Alissa Hutwelker als neue Vorst\u00e4nde gew\u00e4hlt Bei der Jahreshauptversammlung des L\u00f6schzug Ilzstadt w\u00e4hlten die zahlreich anwesenden Mitglieder Andreas Auer zum neuen Vorsitzenden und Alissa Hutwelker zur stellvertretenden Vorsitzenden. Aufgrund der hohen Teilnehmerzahl von \u00fcber 60 G\u00e4sten und Mitgliedern wurde die Veranstaltung kurzfristig in die neuen Fahrzeughallen verlegt. \u201eEs ist eine gro\u00dfe Ehre, dieses Amt zu \u00fcbernehmen. Gemeinsam mit unserem engagierten Team k\u00f6nnen wir viel bewegen und die Zukunft des L\u00f6schzugs Ilzstadt aktiv gestalten\u201c, sagen Auer und Hutwelker. Kassier Alexander Breitenfellner bleibt auch nach 15 Jahren im Amt. Zacharias Zanella und Dorina Spannbauer wurden als Beisitzer gew\u00e4hlt. Ihre Wahlen erfolgten alle einstimmig. Die Sitzung wurde vom Interimsvorstand Max Entfellner geleitet, der bei der anschlie\u00dfenden Neuwahl einstimmig in seinem Amt als Schriftf\u00fchrer best\u00e4tigt wurde. Einsatzstatistik und besondere Eins\u00e4tze 2024: 64 Eins\u00e4tze davon 13 Br\u00e4nde &#8211; 75 Technische Hilfeleistungen &#8211; [&hellip;]<\/p>\n","protected":false},"author":25,"featured_media":1014,"comment_status":"open","ping_status":"open","sticky":false,"template":"","format":"standard","meta":{"footnotes":""},"categories":[1,7],"tags":[],"class_list":["post-1010","post","type-post","status-publish","format-standard","has-post-thumbnail","hentry","category-allgemein","category-news"],"yoast_head":"<!-- This site is optimized with the Yoast SEO plugin v24.3 - https:\/\/yoast.com\/wordpress\/plugins\/seo\/ -->\n<title>Jahreshauptversammlung beim L\u00f6schzug Ilzstadt - Feuerwehr Passau - L\u00f6schzug Ilzstadt<\/title>\n<meta name=\"robots\" content=\"index, follow, max-snippet:-1, max-image-preview:large, max-video-preview:-1\" \/>\n<link rel=\"canonical\" href=\"https:\/\/www.ffpassau.de\/ilzstadt\/2025\/04\/12\/jahreshauptversammlung-beim-loeschzug-ilzstadt\/\" \/>\n<meta property=\"og:locale\" content=\"de_DE\" \/>\n<meta property=\"og:type\" content=\"article\" \/>\n<meta property=\"og:title\" content=\"Jahreshauptversammlung beim L\u00f6schzug Ilzstadt - Feuerwehr Passau - L\u00f6schzug Ilzstadt\" \/>\n<meta property=\"og:description\" content=\"Andreas Auer und Alissa Hutwelker als neue Vorst\u00e4nde gew\u00e4hlt Bei der Jahreshauptversammlung des L\u00f6schzug Ilzstadt w\u00e4hlten die zahlreich anwesenden Mitglieder Andreas Auer zum neuen Vorsitzenden und Alissa Hutwelker zur stellvertretenden Vorsitzenden. Aufgrund der hohen Teilnehmerzahl von \u00fcber 60 G\u00e4sten und Mitgliedern wurde die Veranstaltung kurzfristig in die neuen Fahrzeughallen verlegt. \u201eEs ist eine gro\u00dfe Ehre, dieses Amt zu \u00fcbernehmen. Gemeinsam mit unserem engagierten Team k\u00f6nnen wir viel bewegen und die Zukunft des L\u00f6schzugs Ilzstadt aktiv gestalten\u201c, sagen Auer und Hutwelker. Kassier Alexander Breitenfellner bleibt auch nach 15 Jahren im Amt. Zacharias Zanella und Dorina Spannbauer wurden als Beisitzer gew\u00e4hlt. Ihre Wahlen erfolgten alle einstimmig. Die Sitzung wurde vom Interimsvorstand Max Entfellner geleitet, der bei der anschlie\u00dfenden Neuwahl einstimmig in seinem Amt als Schriftf\u00fchrer best\u00e4tigt wurde. Einsatzstatistik und besondere Eins\u00e4tze 2024: 64 Eins\u00e4tze davon 13 Br\u00e4nde &#8211; 75 Technische Hilfeleistungen &#8211; [&hellip;]\" \/>\n<meta property=\"og:url\" content=\"https:\/\/www.ffpassau.de\/ilzstadt\/2025\/04\/12\/jahreshauptversammlung-beim-loeschzug-ilzstadt\/\" \/>\n<meta property=\"og:site_name\" content=\"Feuerwehr Passau - L\u00f6schzug Ilzstadt\" \/>\n<meta property=\"article:published_time\" content=\"2025-04-12T09:52:09+00:00\" \/>\n<meta property=\"og:image\" content=\"https:\/\/www.ffpassau.de\/ilzstadt\/wp-content\/uploads\/sites\/3\/2025\/04\/Gruppenfoto-JHV-Ilzstadt-1-1.jpeg\" \/>\n\t<meta property=\"og:image:width\" content=\"1024\" \/>\n\t<meta property=\"og:image:height\" content=\"769\" \/>\n\t<meta property=\"og:image:type\" content=\"image\/jpeg\" \/>\n<meta name=\"author\" content=\"florianemmer\" \/>\n<meta name=\"twitter:card\" content=\"summary_large_image\" \/>\n<meta name=\"twitter:label1\" content=\"Verfasst von\" \/>\n\t<meta name=\"twitter:data1\" content=\"florianemmer\" \/>\n\t<meta name=\"twitter:label2\" content=\"Gesch\u00e4tzte Lesezeit\" \/>\n\t<meta name=\"twitter:data2\" content=\"3\u00a0Minuten\" \/>\n<script type=\"application\/ld+json\" class=\"yoast-schema-graph\">{\"@context\":\"https:\/\/schema.org\",\"@graph\":[{\"@type\":\"Article\",\"@id\":\"https:\/\/www.ffpassau.de\/ilzstadt\/2025\/04\/12\/jahreshauptversammlung-beim-loeschzug-ilzstadt\/#article\",\"isPartOf\":{\"@id\":\"https:\/\/www.ffpassau.de\/ilzstadt\/2025\/04\/12\/jahreshauptversammlung-beim-loeschzug-ilzstadt\/\"},\"author\":{\"name\":\"florianemmer\",\"@id\":\"https:\/\/www.ffpassau.de\/ilzstadt\/#\/schema\/person\/0a8a328696d64ce03df696cfa71fff6e\"},\"headline\":\"Jahreshauptversammlung beim L\u00f6schzug Ilzstadt\",\"datePublished\":\"2025-04-12T09:52:09+00:00\",\"dateModified\":\"2025-04-12T09:52:09+00:00\",\"mainEntityOfPage\":{\"@id\":\"https:\/\/www.ffpassau.de\/ilzstadt\/2025\/04\/12\/jahreshauptversammlung-beim-loeschzug-ilzstadt\/\"},\"wordCount\":481,\"commentCount\":0,\"publisher\":{\"@id\":\"https:\/\/www.ffpassau.de\/ilzstadt\/#organization\"},\"image\":{\"@id\":\"https:\/\/www.ffpassau.de\/ilzstadt\/2025\/04\/12\/jahreshauptversammlung-beim-loeschzug-ilzstadt\/#primaryimage\"},\"thumbnailUrl\":\"https:\/\/www.ffpassau.de\/ilzstadt\/wp-content\/uploads\/sites\/3\/2025\/04\/Gruppenfoto-JHV-Ilzstadt-1-1.jpeg\",\"articleSection\":{\"1\":\"News\"},\"inLanguage\":\"de\",\"potentialAction\":[{\"@type\":\"CommentAction\",\"name\":\"Comment\",\"target\":[\"https:\/\/www.ffpassau.de\/ilzstadt\/2025\/04\/12\/jahreshauptversammlung-beim-loeschzug-ilzstadt\/#respond\"]}]},{\"@type\":\"WebPage\",\"@id\":\"https:\/\/www.ffpassau.de\/ilzstadt\/2025\/04\/12\/jahreshauptversammlung-beim-loeschzug-ilzstadt\/\",\"url\":\"https:\/\/www.ffpassau.de\/ilzstadt\/2025\/04\/12\/jahreshauptversammlung-beim-loeschzug-ilzstadt\/\",\"name\":\"Jahreshauptversammlung beim L\u00f6schzug Ilzstadt - Feuerwehr Passau - L\u00f6schzug Ilzstadt\",\"isPartOf\":{\"@id\":\"https:\/\/www.ffpassau.de\/ilzstadt\/#website\"},\"primaryImageOfPage\":{\"@id\":\"https:\/\/www.ffpassau.de\/ilzstadt\/2025\/04\/12\/jahreshauptversammlung-beim-loeschzug-ilzstadt\/#primaryimage\"},\"image\":{\"@id\":\"https:\/\/www.ffpassau.de\/ilzstadt\/2025\/04\/12\/jahreshauptversammlung-beim-loeschzug-ilzstadt\/#primaryimage\"},\"thumbnailUrl\":\"https:\/\/www.ffpassau.de\/ilzstadt\/wp-content\/uploads\/sites\/3\/2025\/04\/Gruppenfoto-JHV-Ilzstadt-1-1.jpeg\",\"datePublished\":\"2025-04-12T09:52:09+00:00\",\"dateModified\":\"2025-04-12T09:52:09+00:00\",\"breadcrumb\":{\"@id\":\"https:\/\/www.ffpassau.de\/ilzstadt\/2025\/04\/12\/jahreshauptversammlung-beim-loeschzug-ilzstadt\/#breadcrumb\"},\"inLanguage\":\"de\",\"potentialAction\":[{\"@type\":\"ReadAction\",\"target\":[\"https:\/\/www.ffpassau.de\/ilzstadt\/2025\/04\/12\/jahreshauptversammlung-beim-loeschzug-ilzstadt\/\"]}]},{\"@type\":\"ImageObject\",\"inLanguage\":\"de\",\"@id\":\"https:\/\/www.ffpassau.de\/ilzstadt\/2025\/04\/12\/jahreshauptversammlung-beim-loeschzug-ilzstadt\/#primaryimage\",\"url\":\"https:\/\/www.ffpassau.de\/ilzstadt\/wp-content\/uploads\/sites\/3\/2025\/04\/Gruppenfoto-JHV-Ilzstadt-1-1.jpeg\",\"contentUrl\":\"https:\/\/www.ffpassau.de\/ilzstadt\/wp-content\/uploads\/sites\/3\/2025\/04\/Gruppenfoto-JHV-Ilzstadt-1-1.jpeg\",\"width\":1024,\"height\":769},{\"@type\":\"BreadcrumbList\",\"@id\":\"https:\/\/www.ffpassau.de\/ilzstadt\/2025\/04\/12\/jahreshauptversammlung-beim-loeschzug-ilzstadt\/#breadcrumb\",\"itemListElement\":[{\"@type\":\"ListItem\",\"position\":1,\"name\":\"Startseite\",\"item\":\"https:\/\/www.ffpassau.de\/ilzstadt\/\"},{\"@type\":\"ListItem\",\"position\":2,\"name\":\"Jahreshauptversammlung beim L\u00f6schzug Ilzstadt\"}]},{\"@type\":\"WebSite\",\"@id\":\"https:\/\/www.ffpassau.de\/ilzstadt\/#website\",\"url\":\"https:\/\/www.ffpassau.de\/ilzstadt\/\",\"name\":\"Feuerwehr Passau - L\u00f6schzug Ilztadt\",\"description\":\"\",\"publisher\":{\"@id\":\"https:\/\/www.ffpassau.de\/ilzstadt\/#organization\"},\"potentialAction\":[{\"@type\":\"SearchAction\",\"target\":{\"@type\":\"EntryPoint\",\"urlTemplate\":\"https:\/\/www.ffpassau.de\/ilzstadt\/?s={search_term_string}\"},\"query-input\":{\"@type\":\"PropertyValueSpecification\",\"valueRequired\":true,\"valueName\":\"search_term_string\"}}],\"inLanguage\":\"de\"},{\"@type\":\"Organization\",\"@id\":\"https:\/\/www.ffpassau.de\/ilzstadt\/#organization\",\"name\":\"Feuerwehr Passau - L\u00f6schzug Ilztadt\",\"url\":\"https:\/\/www.ffpassau.de\/ilzstadt\/\",\"logo\":{\"@type\":\"ImageObject\",\"inLanguage\":\"de\",\"@id\":\"https:\/\/www.ffpassau.de\/ilzstadt\/#\/schema\/logo\/image\/\",\"url\":\"https:\/\/www.ffpassau.de\/ilzstadt\/wp-content\/uploads\/sites\/3\/2020\/02\/lz_ilzstadt_logo.svg\",\"contentUrl\":\"https:\/\/www.ffpassau.de\/ilzstadt\/wp-content\/uploads\/sites\/3\/2020\/02\/lz_ilzstadt_logo.svg\",\"width\":1,\"height\":1,\"caption\":\"Feuerwehr Passau - L\u00f6schzug Ilztadt\"},\"image\":{\"@id\":\"https:\/\/www.ffpassau.de\/ilzstadt\/#\/schema\/logo\/image\/\"}},{\"@type\":\"Person\",\"@id\":\"https:\/\/www.ffpassau.de\/ilzstadt\/#\/schema\/person\/0a8a328696d64ce03df696cfa71fff6e\",\"name\":\"florianemmer\",\"image\":{\"@type\":\"ImageObject\",\"inLanguage\":\"de\",\"@id\":\"https:\/\/www.ffpassau.de\/ilzstadt\/#\/schema\/person\/image\/\",\"url\":\"https:\/\/secure.gravatar.com\/avatar\/d873e44cf51ef076311ae3fd16951164?s=96&d=mm&r=g\",\"contentUrl\":\"https:\/\/secure.gravatar.com\/avatar\/d873e44cf51ef076311ae3fd16951164?s=96&d=mm&r=g\",\"caption\":\"florianemmer\"},\"url\":\"https:\/\/www.ffpassau.de\/ilzstadt\/author\/florianemmer\/\"}]}<\/script>\n<!-- \/ Yoast SEO plugin. -->","yoast_head_json":{"title":"Jahreshauptversammlung beim L\u00f6schzug Ilzstadt - Feuerwehr Passau - L\u00f6schzug Ilzstadt","robots":{"index":"index","follow":"follow","max-snippet":"max-snippet:-1","max-image-preview":"max-image-preview:large","max-video-preview":"max-video-preview:-1"},"canonical":"https:\/\/www.ffpassau.de\/ilzstadt\/2025\/04\/12\/jahreshauptversammlung-beim-loeschzug-ilzstadt\/","og_locale":"de_DE","og_type":"article","og_title":"Jahreshauptversammlung beim L\u00f6schzug Ilzstadt - Feuerwehr Passau - L\u00f6schzug Ilzstadt","og_description":"Andreas Auer und Alissa Hutwelker als neue Vorst\u00e4nde gew\u00e4hlt Bei der Jahreshauptversammlung des L\u00f6schzug Ilzstadt w\u00e4hlten die zahlreich anwesenden Mitglieder Andreas Auer zum neuen Vorsitzenden und Alissa Hutwelker zur stellvertretenden Vorsitzenden. Aufgrund der hohen Teilnehmerzahl von \u00fcber 60 G\u00e4sten und Mitgliedern wurde die Veranstaltung kurzfristig in die neuen Fahrzeughallen verlegt. \u201eEs ist eine gro\u00dfe Ehre, dieses Amt zu \u00fcbernehmen. Gemeinsam mit unserem engagierten Team k\u00f6nnen wir viel bewegen und die Zukunft des L\u00f6schzugs Ilzstadt aktiv gestalten\u201c, sagen Auer und Hutwelker. Kassier Alexander Breitenfellner bleibt auch nach 15 Jahren im Amt. Zacharias Zanella und Dorina Spannbauer wurden als Beisitzer gew\u00e4hlt. Ihre Wahlen erfolgten alle einstimmig. Die Sitzung wurde vom Interimsvorstand Max Entfellner geleitet, der bei der anschlie\u00dfenden Neuwahl einstimmig in seinem Amt als Schriftf\u00fchrer best\u00e4tigt wurde. Einsatzstatistik und besondere Eins\u00e4tze 2024: 64 Eins\u00e4tze davon 13 Br\u00e4nde &#8211; 75 Technische Hilfeleistungen &#8211; [&hellip;]","og_url":"https:\/\/www.ffpassau.de\/ilzstadt\/2025\/04\/12\/jahreshauptversammlung-beim-loeschzug-ilzstadt\/","og_site_name":"Feuerwehr Passau - L\u00f6schzug Ilzstadt","article_published_time":"2025-04-12T09:52:09+00:00","og_image":[{"width":1024,"height":769,"url":"https:\/\/www.ffpassau.de\/ilzstadt\/wp-content\/uploads\/sites\/3\/2025\/04\/Gruppenfoto-JHV-Ilzstadt-1-1.jpeg","type":"image\/jpeg"}],"author":"florianemmer","twitter_card":"summary_large_image","twitter_misc":{"Verfasst von":"florianemmer","Gesch\u00e4tzte Lesezeit":"3\u00a0Minuten"},"schema":{"@context":"https:\/\/schema.org","@graph":[{"@type":"Article","@id":"https:\/\/www.ffpassau.de\/ilzstadt\/2025\/04\/12\/jahreshauptversammlung-beim-loeschzug-ilzstadt\/#article","isPartOf":{"@id":"https:\/\/www.ffpassau.de\/ilzstadt\/2025\/04\/12\/jahreshauptversammlung-beim-loeschzug-ilzstadt\/"},"author":{"name":"florianemmer","@id":"https:\/\/www.ffpassau.de\/ilzstadt\/#\/schema\/person\/0a8a328696d64ce03df696cfa71fff6e"},"headline":"Jahreshauptversammlung beim L\u00f6schzug Ilzstadt","datePublished":"2025-04-12T09:52:09+00:00","dateModified":"2025-04-12T09:52:09+00:00","mainEntityOfPage":{"@id":"https:\/\/www.ffpassau.de\/ilzstadt\/2025\/04\/12\/jahreshauptversammlung-beim-loeschzug-ilzstadt\/"},"wordCount":481,"commentCount":0,"publisher":{"@id":"https:\/\/www.ffpassau.de\/ilzstadt\/#organization"},"image":{"@id":"https:\/\/www.ffpassau.de\/ilzstadt\/2025\/04\/12\/jahreshauptversammlung-beim-loeschzug-ilzstadt\/#primaryimage"},"thumbnailUrl":"https:\/\/www.ffpassau.de\/ilzstadt\/wp-content\/uploads\/sites\/3\/2025\/04\/Gruppenfoto-JHV-Ilzstadt-1-1.jpeg","articleSection":{"1":"News"},"inLanguage":"de","potentialAction":[{"@type":"CommentAction","name":"Comment","target":["https:\/\/www.ffpassau.de\/ilzstadt\/2025\/04\/12\/jahreshauptversammlung-beim-loeschzug-ilzstadt\/#respond"]}]},{"@type":"WebPage","@id":"https:\/\/www.ffpassau.de\/ilzstadt\/2025\/04\/12\/jahreshauptversammlung-beim-loeschzug-ilzstadt\/","url":"https:\/\/www.ffpassau.de\/ilzstadt\/2025\/04\/12\/jahreshauptversammlung-beim-loeschzug-ilzstadt\/","name":"Jahreshauptversammlung beim L\u00f6schzug Ilzstadt - Feuerwehr Passau - L\u00f6schzug Ilzstadt","isPartOf":{"@id":"https:\/\/www.ffpassau.de\/ilzstadt\/#website"},"primaryImageOfPage":{"@id":"https:\/\/www.ffpassau.de\/ilzstadt\/2025\/04\/12\/jahreshauptversammlung-beim-loeschzug-ilzstadt\/#primaryimage"},"image":{"@id":"https:\/\/www.ffpassau.de\/ilzstadt\/2025\/04\/12\/jahreshauptversammlung-beim-loeschzug-ilzstadt\/#primaryimage"},"thumbnailUrl":"https:\/\/www.ffpassau.de\/ilzstadt\/wp-content\/uploads\/sites\/3\/2025\/04\/Gruppenfoto-JHV-Ilzstadt-1-1.jpeg","datePublished":"2025-04-12T09:52:09+00:00","dateModified":"2025-04-12T09:52:09+00:00","breadcrumb":{"@id":"https:\/\/www.ffpassau.de\/ilzstadt\/2025\/04\/12\/jahreshauptversammlung-beim-loeschzug-ilzstadt\/#breadcrumb"},"inLanguage":"de","potentialAction":[{"@type":"ReadAction","target":["https:\/\/www.ffpassau.de\/ilzstadt\/2025\/04\/12\/jahreshauptversammlung-beim-loeschzug-ilzstadt\/"]}]},{"@type":"ImageObject","inLanguage":"de","@id":"https:\/\/www.ffpassau.de\/ilzstadt\/2025\/04\/12\/jahreshauptversammlung-beim-loeschzug-ilzstadt\/#primaryimage","url":"https:\/\/www.ffpassau.de\/ilzstadt\/wp-content\/uploads\/sites\/3\/2025\/04\/Gruppenfoto-JHV-Ilzstadt-1-1.jpeg","contentUrl":"https:\/\/www.ffpassau.de\/ilzstadt\/wp-content\/uploads\/sites\/3\/2025\/04\/Gruppenfoto-JHV-Ilzstadt-1-1.jpeg","width":1024,"height":769},{"@type":"BreadcrumbList","@id":"https:\/\/www.ffpassau.de\/ilzstadt\/2025\/04\/12\/jahreshauptversammlung-beim-loeschzug-ilzstadt\/#breadcrumb","itemListElement":[{"@type":"ListItem","position":1,"name":"Startseite","item":"https:\/\/www.ffpassau.de\/ilzstadt\/"},{"@type":"ListItem","position":2,"name":"Jahreshauptversammlung beim L\u00f6schzug Ilzstadt"}]},{"@type":"WebSite","@id":"https:\/\/www.ffpassau.de\/ilzstadt\/#website","url":"https:\/\/www.ffpassau.de\/ilzstadt\/","name":"Feuerwehr Passau - L\u00f6schzug Ilztadt","description":"","publisher":{"@id":"https:\/\/www.ffpassau.de\/ilzstadt\/#organization"},"potentialAction":[{"@type":"SearchAction","target":{"@type":"EntryPoint","urlTemplate":"https:\/\/www.ffpassau.de\/ilzstadt\/?s={search_term_string}"},"query-input":{"@type":"PropertyValueSpecification","valueRequired":true,"valueName":"search_term_string"}}],"inLanguage":"de"},{"@type":"Organization","@id":"https:\/\/www.ffpassau.de\/ilzstadt\/#organization","name":"Feuerwehr Passau - L\u00f6schzug Ilztadt","url":"https:\/\/www.ffpassau.de\/ilzstadt\/","logo":{"@type":"ImageObject","inLanguage":"de","@id":"https:\/\/www.ffpassau.de\/ilzstadt\/#\/schema\/logo\/image\/","url":"https:\/\/www.ffpassau.de\/ilzstadt\/wp-content\/uploads\/sites\/3\/2020\/02\/lz_ilzstadt_logo.svg","contentUrl":"https:\/\/www.ffpassau.de\/ilzstadt\/wp-content\/uploads\/sites\/3\/2020\/02\/lz_ilzstadt_logo.svg","width":1,"height":1,"caption":"Feuerwehr Passau - L\u00f6schzug Ilztadt"},"image":{"@id":"https:\/\/www.ffpassau.de\/ilzstadt\/#\/schema\/logo\/image\/"}},{"@type":"Person","@id":"https:\/\/www.ffpassau.de\/ilzstadt\/#\/schema\/person\/0a8a328696d64ce03df696cfa71fff6e","name":"florianemmer","image":{"@type":"ImageObject","inLanguage":"de","@id":"https:\/\/www.ffpassau.de\/ilzstadt\/#\/schema\/person\/image\/","url":"https:\/\/secure.gravatar.com\/avatar\/d873e44cf51ef076311ae3fd16951164?s=96&d=mm&r=g","contentUrl":"https:\/\/secure.gravatar.com\/avatar\/d873e44cf51ef076311ae3fd16951164?s=96&d=mm&r=g","caption":"florianemmer"},"url":"https:\/\/www.ffpassau.de\/ilzstadt\/author\/florianemmer\/"}]}},"_links":{"self":[{"href":"https:\/\/www.ffpassau.de\/ilzstadt\/wp-json\/wp\/v2\/posts\/1010","targetHints":{"allow":["GET"]}}],"collection":[{"href":"https:\/\/www.ffpassau.de\/ilzstadt\/wp-json\/wp\/v2\/posts"}],"about":[{"href":"https:\/\/www.ffpassau.de\/ilzstadt\/wp-json\/wp\/v2\/types\/post"}],"author":[{"embeddable":true,"href":"https:\/\/www.ffpassau.de\/ilzstadt\/wp-json\/wp\/v2\/users\/25"}],"replies":[{"embeddable":true,"href":"https:\/\/www.ffpassau.de\/ilzstadt\/wp-json\/wp\/v2\/comments?post=1010"}],"version-history":[{"count":1,"href":"https:\/\/www.ffpassau.de\/ilzstadt\/wp-json\/wp\/v2\/posts\/1010\/revisions"}],"predecessor-version":[{"id":1015,"href":"https:\/\/www.ffpassau.de\/ilzstadt\/wp-json\/wp\/v2\/posts\/1010\/revisions\/1015"}],"wp:featuredmedia":[{"embeddable":true,"href":"https:\/\/www.ffpassau.de\/ilzstadt\/wp-json\/wp\/v2\/media\/1014"}],"wp:attachment":[{"href":"https:\/\/www.ffpassau.de\/ilzstadt\/wp-json\/wp\/v2\/media?parent=1010"}],"wp:term":[{"taxonomy":"category","embeddable":true,"href":"https:\/\/www.ffpassau.de\/ilzstadt\/wp-json\/wp\/v2\/categories?post=1010"},{"taxonomy":"post_tag","embeddable":true,"href":"https:\/\/www.ffpassau.de\/ilzstadt\/wp-json\/wp\/v2\/tags?post=1010"}],"curies":[{"name":"wp","href":"https:\/\/api.w.org\/{rel}","templated":true}]}}