{"id":161,"date":"2020-03-12T14:47:42","date_gmt":"2020-03-12T13:47:42","guid":{"rendered":"https:\/\/www.ffpassau.de\/ilzstadt\/?p=161"},"modified":"2020-03-24T21:03:21","modified_gmt":"2020-03-24T20:03:21","slug":"loeschzug-ilzstadt-steht-vor-grossen-herausforderungen","status":"publish","type":"post","link":"https:\/\/www.ffpassau.de\/ilzstadt\/2020\/03\/12\/loeschzug-ilzstadt-steht-vor-grossen-herausforderungen\/","title":{"rendered":"L\u00f6schzug Ilzstadt steht vor gro\u00dfen Herausforderungen"},"content":{"rendered":"<p><em>115-mal wurden die Kameraden der Feuerwehr Passau Lz. Ilzstadt 2019 zu Hilfe geholt<\/em><\/p>\n<p>&nbsp;<\/p>\n<p>Vergangenen Samstag blickte der L\u00f6schzug zur\u00fcck auf das vergangene Jahr. 39 aktive Kameraden helfen bei den Eins\u00e4tzen im zweiten L\u00f6schzug der Feuerwehr Passau mit. Sie bew\u00e4ltigten im letzten Jahr 10 Br\u00e4nde, 57 technische Hilfeleistungen und stellten 30 Sicherheitswachen. 18-mal wurden die Ilzer Feuerwehrleute auch fehlerhaft alarmiert, da leer werdende Batterien in privaten Hausrauchmeldern oder falsch verwendete Brandmeldeanlagen irrt\u00fcmlicherweise einen Brand vort\u00e4uschten. Zugf\u00fchrer und Stadtbrandinspektor Florian Emmer merkt an, dass das Engagement der Mannschaft beeindruckend sei. 8.000 Stunden seien im abgelaufenen Jahr zum Gemeinwohl geleistet worden.<\/p>\n<p>Beeindruckend ist auch die Arbeit der Jugendabteilung, die der Vereinsvorsitzende Andreas H\u00fchn in seinem Bericht lobend erw\u00e4hnt. Mittlerweile sind 7 Kinder ab 8 Jahren bei den Feuerwehrminis unter der Leitung von Veronika Aufschl\u00e4ger. Zudem bereiten sich 5 Jugendliche unter Anleitung der Jugendwarte Stefan Aufschl\u00e4ger und Julia Buchner auf den Dienst bei der Freiwilligen Feuerwehr vor.<\/p>\n<p>Neben dem Kinderfest im Bsch\u00fcttpark und dem Haferlfest in der Ilzstadt half der zweite L\u00f6schzug auch beim gro\u00dfen Feuerwehrerlebnistag in der Dreil\u00e4nderhalle mit. Oberb\u00fcrgermeister J\u00fcrgen Dupper bat darum, dieses Gro\u00dfevent im Abstand von ein paar Jahren zu wiederholen.<br \/>\nAuch grenz\u00fcberschreitend waren die Wehrleute aktiv: Gleich zweimal besuchten die Feuerwehrler ihre Kameraden in Krems. Einmal bei einem Vereinsausflug in die Wachau und ein anderes Mal zum Jubil\u00e4um der 50-j\u00e4hrigen Partnerschaft der zwei Feuerwehren.<br \/>\nTrotz der vielen Aktivit\u00e4ten konnte der Verein eine positive Kassenbilanz vorweisen und Kassiererin Katrin Klenk mit dem restlichen Vorstandsteam einstimmig entlasten. Bei den Neuwahlen der Beisitzer wurden Caroline Seibel neu- und Marina Probst wiedergew\u00e4hlt. Josef K\u00f6ck stand f\u00fcr keine weitere Amtszeit zur Verf\u00fcgung. Durch eine ebenso einstimmig beschlossene Satzungs\u00e4nderung unterst\u00fctzt zuk\u00fcnftig auch der stellvertretende Zugf\u00fchrer, zur Zeit David Stockbauer-Muhr, die Vorstandschaft beratend.<\/p>\n<p>Gro\u00dfes Gespr\u00e4chsthema war auch in diesem Jahr die schwimmende Bootsgarage. Momentan muss das Boot der Ilzer Wehr \u00fcber den Winter aus dem Wasser genommen werden. Eine Bootsgarage soll das \u00e4ndern. Seit Langem ist diese Bootsgarage in Planung, nun ist die Ausschreibung endlich erfolgt und es sind Planungsb\u00fcros gefunden. Stadtbrandinspektor Florian Emmer hofft gemeinsam mit Oberb\u00fcrgermeister Dupper, auf eine Fertigstellung noch in diesem Jahr. Auch weitere Planungen m\u00fcssen vorangetrieben werden: Das Ilzer Ger\u00e4tehaus ist das \u00e4lteste der Stadt Passau. Die Unterrichts-, Sozial- und Verwaltungsr\u00e4ume wurden nach dem Hochwasser 2013 aufwendig renoviert und modernisiert. Die Fahrzeughallen entsprechen allerdings bei Weitem nicht mehr den aktuellen Anforderungen. Hier gibt es bereits Ideen, wie verh\u00e4ltnism\u00e4\u00dfig einfach Abhilfe geschaffen werden kann.<\/p>\n<p>Im Schutzgebiet der Ilzer stellen Passauer Schmuckst\u00fccke, wie beispielsweise die Veste Oberhaus, den Brandschutz vor gro\u00dfe Herausforderungen. In der Altstadt hat die Gro\u00df\u00fcbung am Stephansdom gezeigt, wie schnell selbst in der Dreifl\u00fcssestadt die Grenzen der L\u00f6schwasserversorgung erreicht sind. Das anhaltende Niedrigwasser macht die Fl\u00fcsse f\u00fcr die Feuerwehr oft unerreichbar. Auch der Klimawandel mit Starkregen oder dem schnellen Ilzhochwasser, wie zuletzt im Fr\u00fchjahr 2019 in Hals, stellen die Floriansj\u00fcnger vor immer neue Aufgaben. Hierzu wird unter Federf\u00fchrung von Stadtbrandrat Andreas dittelmann in enger Abstimmung mit der Stadtverwaltung an L\u00f6sungen gearbeitet.<\/p>\n<p>In seinem Ausblick appellierte Vorsitzender Andreas H\u00fchn an den Stadtbrandrat, die Schutzgebietsgrenzen zu \u00fcberdenken. Der Verein hat die Aufgabe, aktive Mitglieder f\u00fcr die \u00f6ffentliche Einrichtung Feuerwehr zu stellen. Es ist f\u00fcr den Verein aber schwierig, diejenigen zu erreichen, die mit der Ilzer Wehr ausr\u00fccken k\u00f6nnten, jedoch im Zust\u00e4ndigkeitsbereich einer anderen Feuerwehr Wohnen und Arbeiten.<\/p>\n<p>Gru\u00dfworte hielten sowohl Oberb\u00fcrgermeister J\u00fcrgen Dupper und Stadtbrandrat Andreas Dittlmann als auch der Vorsitzende der Feuerwehr Passau, Ludwig Kapfhammer. Sie alle bedankten sich f\u00fcr die wichtige Arbeit des zweiten L\u00f6schzugs. Gegen\u00fcber den anwesenden Stadtr\u00e4ten Sigfried Kapfer, Armin Dickl, Hans-J\u00fcrgen Bauer, Katja Reitmeier und Clemens Damberger unterstrich Dupper die Bedeutung der Freiwilligen Feuerwehr: &#8222;Dieser L\u00f6schzug ist elementar wichtig &#8211; ist doch das Rathaus in der Obhut der Ilzer&#8220;.<\/p>\n","protected":false},"excerpt":{"rendered":"<p>115-mal wurden die Kameraden der Feuerwehr Passau Lz. Ilzstadt 2019 zu Hilfe geholt &nbsp; Vergangenen Samstag blickte der L\u00f6schzug zur\u00fcck auf das vergangene Jahr. 39 aktive Kameraden helfen bei den Eins\u00e4tzen im zweiten L\u00f6schzug der Feuerwehr Passau mit. Sie bew\u00e4ltigten im letzten Jahr 10 Br\u00e4nde, 57 technische Hilfeleistungen und stellten 30 Sicherheitswachen. 18-mal wurden die Ilzer Feuerwehrleute auch fehlerhaft alarmiert, da leer werdende Batterien in privaten Hausrauchmeldern oder falsch verwendete Brandmeldeanlagen irrt\u00fcmlicherweise einen Brand vort\u00e4uschten. Zugf\u00fchrer und Stadtbrandinspektor Florian Emmer merkt an, dass das Engagement der Mannschaft beeindruckend sei. 8.000 Stunden seien im abgelaufenen Jahr zum Gemeinwohl geleistet worden. Beeindruckend ist auch die Arbeit der Jugendabteilung, die der Vereinsvorsitzende Andreas H\u00fchn in seinem Bericht lobend erw\u00e4hnt. Mittlerweile sind 7 Kinder ab 8 Jahren bei den Feuerwehrminis unter der Leitung von Veronika Aufschl\u00e4ger. Zudem bereiten sich 5 Jugendliche unter Anleitung der [&hellip;]<\/p>\n","protected":false},"author":22,"featured_media":162,"comment_status":"open","ping_status":"open","sticky":false,"template":"","format":"standard","meta":{"footnotes":""},"categories":[1,7],"tags":[],"class_list":["post-161","post","type-post","status-publish","format-standard","has-post-thumbnail","hentry","category-allgemein","category-news"],"yoast_head":"<!-- This site is optimized with the Yoast SEO plugin v24.3 - https:\/\/yoast.com\/wordpress\/plugins\/seo\/ -->\n<title>L\u00f6schzug Ilzstadt steht vor gro\u00dfen Herausforderungen - Feuerwehr Passau - L\u00f6schzug Ilzstadt<\/title>\n<meta name=\"robots\" content=\"index, follow, max-snippet:-1, max-image-preview:large, max-video-preview:-1\" \/>\n<link rel=\"canonical\" href=\"https:\/\/www.ffpassau.de\/ilzstadt\/2020\/03\/12\/loeschzug-ilzstadt-steht-vor-grossen-herausforderungen\/\" \/>\n<meta property=\"og:locale\" content=\"de_DE\" \/>\n<meta property=\"og:type\" content=\"article\" \/>\n<meta property=\"og:title\" content=\"L\u00f6schzug Ilzstadt steht vor gro\u00dfen Herausforderungen - Feuerwehr Passau - L\u00f6schzug Ilzstadt\" \/>\n<meta property=\"og:description\" content=\"115-mal wurden die Kameraden der Feuerwehr Passau Lz. Ilzstadt 2019 zu Hilfe geholt &nbsp; Vergangenen Samstag blickte der L\u00f6schzug zur\u00fcck auf das vergangene Jahr. 39 aktive Kameraden helfen bei den Eins\u00e4tzen im zweiten L\u00f6schzug der Feuerwehr Passau mit. Sie bew\u00e4ltigten im letzten Jahr 10 Br\u00e4nde, 57 technische Hilfeleistungen und stellten 30 Sicherheitswachen. 18-mal wurden die Ilzer Feuerwehrleute auch fehlerhaft alarmiert, da leer werdende Batterien in privaten Hausrauchmeldern oder falsch verwendete Brandmeldeanlagen irrt\u00fcmlicherweise einen Brand vort\u00e4uschten. Zugf\u00fchrer und Stadtbrandinspektor Florian Emmer merkt an, dass das Engagement der Mannschaft beeindruckend sei. 8.000 Stunden seien im abgelaufenen Jahr zum Gemeinwohl geleistet worden. Beeindruckend ist auch die Arbeit der Jugendabteilung, die der Vereinsvorsitzende Andreas H\u00fchn in seinem Bericht lobend erw\u00e4hnt. Mittlerweile sind 7 Kinder ab 8 Jahren bei den Feuerwehrminis unter der Leitung von Veronika Aufschl\u00e4ger. Zudem bereiten sich 5 Jugendliche unter Anleitung der [&hellip;]\" \/>\n<meta property=\"og:url\" content=\"https:\/\/www.ffpassau.de\/ilzstadt\/2020\/03\/12\/loeschzug-ilzstadt-steht-vor-grossen-herausforderungen\/\" \/>\n<meta property=\"og:site_name\" content=\"Feuerwehr Passau - L\u00f6schzug Ilzstadt\" \/>\n<meta property=\"article:published_time\" content=\"2020-03-12T13:47:42+00:00\" \/>\n<meta property=\"article:modified_time\" content=\"2020-03-24T20:03:21+00:00\" \/>\n<meta property=\"og:image\" content=\"https:\/\/www.ffpassau.de\/ilzstadt\/wp-content\/uploads\/sites\/3\/2020\/03\/2020-03-07-Bericht-Vorstand.jpg\" \/>\n\t<meta property=\"og:image:width\" content=\"2048\" \/>\n\t<meta property=\"og:image:height\" content=\"1363\" \/>\n\t<meta property=\"og:image:type\" content=\"image\/jpeg\" \/>\n<meta name=\"twitter:card\" content=\"summary_large_image\" \/>\n<meta name=\"twitter:label1\" content=\"Verfasst von\" \/>\n\t<meta name=\"twitter:data1\" content=\"\" \/>\n\t<meta name=\"twitter:label2\" content=\"Gesch\u00e4tzte Lesezeit\" \/>\n\t<meta name=\"twitter:data2\" content=\"3\u00a0Minuten\" \/>\n<script type=\"application\/ld+json\" class=\"yoast-schema-graph\">{\"@context\":\"https:\/\/schema.org\",\"@graph\":[{\"@type\":\"Article\",\"@id\":\"https:\/\/www.ffpassau.de\/ilzstadt\/2020\/03\/12\/loeschzug-ilzstadt-steht-vor-grossen-herausforderungen\/#article\",\"isPartOf\":{\"@id\":\"https:\/\/www.ffpassau.de\/ilzstadt\/2020\/03\/12\/loeschzug-ilzstadt-steht-vor-grossen-herausforderungen\/\"},\"author\":{\"name\":\"\",\"@id\":\"\"},\"headline\":\"L\u00f6schzug Ilzstadt steht vor gro\u00dfen Herausforderungen\",\"datePublished\":\"2020-03-12T13:47:42+00:00\",\"dateModified\":\"2020-03-24T20:03:21+00:00\",\"mainEntityOfPage\":{\"@id\":\"https:\/\/www.ffpassau.de\/ilzstadt\/2020\/03\/12\/loeschzug-ilzstadt-steht-vor-grossen-herausforderungen\/\"},\"wordCount\":677,\"commentCount\":0,\"publisher\":{\"@id\":\"https:\/\/www.ffpassau.de\/ilzstadt\/#organization\"},\"image\":{\"@id\":\"https:\/\/www.ffpassau.de\/ilzstadt\/2020\/03\/12\/loeschzug-ilzstadt-steht-vor-grossen-herausforderungen\/#primaryimage\"},\"thumbnailUrl\":\"https:\/\/www.ffpassau.de\/ilzstadt\/wp-content\/uploads\/sites\/3\/2020\/03\/2020-03-07-Bericht-Vorstand.jpg\",\"articleSection\":{\"1\":\"News\"},\"inLanguage\":\"de\",\"potentialAction\":[{\"@type\":\"CommentAction\",\"name\":\"Comment\",\"target\":[\"https:\/\/www.ffpassau.de\/ilzstadt\/2020\/03\/12\/loeschzug-ilzstadt-steht-vor-grossen-herausforderungen\/#respond\"]}]},{\"@type\":\"WebPage\",\"@id\":\"https:\/\/www.ffpassau.de\/ilzstadt\/2020\/03\/12\/loeschzug-ilzstadt-steht-vor-grossen-herausforderungen\/\",\"url\":\"https:\/\/www.ffpassau.de\/ilzstadt\/2020\/03\/12\/loeschzug-ilzstadt-steht-vor-grossen-herausforderungen\/\",\"name\":\"L\u00f6schzug Ilzstadt steht vor gro\u00dfen Herausforderungen - Feuerwehr Passau - L\u00f6schzug Ilzstadt\",\"isPartOf\":{\"@id\":\"https:\/\/www.ffpassau.de\/ilzstadt\/#website\"},\"primaryImageOfPage\":{\"@id\":\"https:\/\/www.ffpassau.de\/ilzstadt\/2020\/03\/12\/loeschzug-ilzstadt-steht-vor-grossen-herausforderungen\/#primaryimage\"},\"image\":{\"@id\":\"https:\/\/www.ffpassau.de\/ilzstadt\/2020\/03\/12\/loeschzug-ilzstadt-steht-vor-grossen-herausforderungen\/#primaryimage\"},\"thumbnailUrl\":\"https:\/\/www.ffpassau.de\/ilzstadt\/wp-content\/uploads\/sites\/3\/2020\/03\/2020-03-07-Bericht-Vorstand.jpg\",\"datePublished\":\"2020-03-12T13:47:42+00:00\",\"dateModified\":\"2020-03-24T20:03:21+00:00\",\"breadcrumb\":{\"@id\":\"https:\/\/www.ffpassau.de\/ilzstadt\/2020\/03\/12\/loeschzug-ilzstadt-steht-vor-grossen-herausforderungen\/#breadcrumb\"},\"inLanguage\":\"de\",\"potentialAction\":[{\"@type\":\"ReadAction\",\"target\":[\"https:\/\/www.ffpassau.de\/ilzstadt\/2020\/03\/12\/loeschzug-ilzstadt-steht-vor-grossen-herausforderungen\/\"]}]},{\"@type\":\"ImageObject\",\"inLanguage\":\"de\",\"@id\":\"https:\/\/www.ffpassau.de\/ilzstadt\/2020\/03\/12\/loeschzug-ilzstadt-steht-vor-grossen-herausforderungen\/#primaryimage\",\"url\":\"https:\/\/www.ffpassau.de\/ilzstadt\/wp-content\/uploads\/sites\/3\/2020\/03\/2020-03-07-Bericht-Vorstand.jpg\",\"contentUrl\":\"https:\/\/www.ffpassau.de\/ilzstadt\/wp-content\/uploads\/sites\/3\/2020\/03\/2020-03-07-Bericht-Vorstand.jpg\",\"width\":2048,\"height\":1363},{\"@type\":\"BreadcrumbList\",\"@id\":\"https:\/\/www.ffpassau.de\/ilzstadt\/2020\/03\/12\/loeschzug-ilzstadt-steht-vor-grossen-herausforderungen\/#breadcrumb\",\"itemListElement\":[{\"@type\":\"ListItem\",\"position\":1,\"name\":\"Startseite\",\"item\":\"https:\/\/www.ffpassau.de\/ilzstadt\/\"},{\"@type\":\"ListItem\",\"position\":2,\"name\":\"L\u00f6schzug Ilzstadt steht vor gro\u00dfen Herausforderungen\"}]},{\"@type\":\"WebSite\",\"@id\":\"https:\/\/www.ffpassau.de\/ilzstadt\/#website\",\"url\":\"https:\/\/www.ffpassau.de\/ilzstadt\/\",\"name\":\"Feuerwehr Passau - L\u00f6schzug Ilztadt\",\"description\":\"\",\"publisher\":{\"@id\":\"https:\/\/www.ffpassau.de\/ilzstadt\/#organization\"},\"potentialAction\":[{\"@type\":\"SearchAction\",\"target\":{\"@type\":\"EntryPoint\",\"urlTemplate\":\"https:\/\/www.ffpassau.de\/ilzstadt\/?s={search_term_string}\"},\"query-input\":{\"@type\":\"PropertyValueSpecification\",\"valueRequired\":true,\"valueName\":\"search_term_string\"}}],\"inLanguage\":\"de\"},{\"@type\":\"Organization\",\"@id\":\"https:\/\/www.ffpassau.de\/ilzstadt\/#organization\",\"name\":\"Feuerwehr Passau - L\u00f6schzug Ilztadt\",\"url\":\"https:\/\/www.ffpassau.de\/ilzstadt\/\",\"logo\":{\"@type\":\"ImageObject\",\"inLanguage\":\"de\",\"@id\":\"https:\/\/www.ffpassau.de\/ilzstadt\/#\/schema\/logo\/image\/\",\"url\":\"https:\/\/www.ffpassau.de\/ilzstadt\/wp-content\/uploads\/sites\/3\/2020\/02\/lz_ilzstadt_logo.svg\",\"contentUrl\":\"https:\/\/www.ffpassau.de\/ilzstadt\/wp-content\/uploads\/sites\/3\/2020\/02\/lz_ilzstadt_logo.svg\",\"width\":1,\"height\":1,\"caption\":\"Feuerwehr Passau - L\u00f6schzug Ilztadt\"},\"image\":{\"@id\":\"https:\/\/www.ffpassau.de\/ilzstadt\/#\/schema\/logo\/image\/\"}},{\"@type\":\"Person\",\"@id\":\"\",\"url\":\"https:\/\/www.ffpassau.de\/ilzstadt\/author\/\"}]}<\/script>\n<!-- \/ Yoast SEO plugin. -->","yoast_head_json":{"title":"L\u00f6schzug Ilzstadt steht vor gro\u00dfen Herausforderungen - Feuerwehr Passau - L\u00f6schzug Ilzstadt","robots":{"index":"index","follow":"follow","max-snippet":"max-snippet:-1","max-image-preview":"max-image-preview:large","max-video-preview":"max-video-preview:-1"},"canonical":"https:\/\/www.ffpassau.de\/ilzstadt\/2020\/03\/12\/loeschzug-ilzstadt-steht-vor-grossen-herausforderungen\/","og_locale":"de_DE","og_type":"article","og_title":"L\u00f6schzug Ilzstadt steht vor gro\u00dfen Herausforderungen - Feuerwehr Passau - L\u00f6schzug Ilzstadt","og_description":"115-mal wurden die Kameraden der Feuerwehr Passau Lz. Ilzstadt 2019 zu Hilfe geholt &nbsp; Vergangenen Samstag blickte der L\u00f6schzug zur\u00fcck auf das vergangene Jahr. 39 aktive Kameraden helfen bei den Eins\u00e4tzen im zweiten L\u00f6schzug der Feuerwehr Passau mit. Sie bew\u00e4ltigten im letzten Jahr 10 Br\u00e4nde, 57 technische Hilfeleistungen und stellten 30 Sicherheitswachen. 18-mal wurden die Ilzer Feuerwehrleute auch fehlerhaft alarmiert, da leer werdende Batterien in privaten Hausrauchmeldern oder falsch verwendete Brandmeldeanlagen irrt\u00fcmlicherweise einen Brand vort\u00e4uschten. Zugf\u00fchrer und Stadtbrandinspektor Florian Emmer merkt an, dass das Engagement der Mannschaft beeindruckend sei. 8.000 Stunden seien im abgelaufenen Jahr zum Gemeinwohl geleistet worden. Beeindruckend ist auch die Arbeit der Jugendabteilung, die der Vereinsvorsitzende Andreas H\u00fchn in seinem Bericht lobend erw\u00e4hnt. Mittlerweile sind 7 Kinder ab 8 Jahren bei den Feuerwehrminis unter der Leitung von Veronika Aufschl\u00e4ger. Zudem bereiten sich 5 Jugendliche unter Anleitung der [&hellip;]","og_url":"https:\/\/www.ffpassau.de\/ilzstadt\/2020\/03\/12\/loeschzug-ilzstadt-steht-vor-grossen-herausforderungen\/","og_site_name":"Feuerwehr Passau - L\u00f6schzug Ilzstadt","article_published_time":"2020-03-12T13:47:42+00:00","article_modified_time":"2020-03-24T20:03:21+00:00","og_image":[{"width":2048,"height":1363,"url":"https:\/\/www.ffpassau.de\/ilzstadt\/wp-content\/uploads\/sites\/3\/2020\/03\/2020-03-07-Bericht-Vorstand.jpg","type":"image\/jpeg"}],"twitter_card":"summary_large_image","twitter_misc":{"Verfasst von":"","Gesch\u00e4tzte Lesezeit":"3\u00a0Minuten"},"schema":{"@context":"https:\/\/schema.org","@graph":[{"@type":"Article","@id":"https:\/\/www.ffpassau.de\/ilzstadt\/2020\/03\/12\/loeschzug-ilzstadt-steht-vor-grossen-herausforderungen\/#article","isPartOf":{"@id":"https:\/\/www.ffpassau.de\/ilzstadt\/2020\/03\/12\/loeschzug-ilzstadt-steht-vor-grossen-herausforderungen\/"},"author":{"name":"","@id":""},"headline":"L\u00f6schzug Ilzstadt steht vor gro\u00dfen Herausforderungen","datePublished":"2020-03-12T13:47:42+00:00","dateModified":"2020-03-24T20:03:21+00:00","mainEntityOfPage":{"@id":"https:\/\/www.ffpassau.de\/ilzstadt\/2020\/03\/12\/loeschzug-ilzstadt-steht-vor-grossen-herausforderungen\/"},"wordCount":677,"commentCount":0,"publisher":{"@id":"https:\/\/www.ffpassau.de\/ilzstadt\/#organization"},"image":{"@id":"https:\/\/www.ffpassau.de\/ilzstadt\/2020\/03\/12\/loeschzug-ilzstadt-steht-vor-grossen-herausforderungen\/#primaryimage"},"thumbnailUrl":"https:\/\/www.ffpassau.de\/ilzstadt\/wp-content\/uploads\/sites\/3\/2020\/03\/2020-03-07-Bericht-Vorstand.jpg","articleSection":{"1":"News"},"inLanguage":"de","potentialAction":[{"@type":"CommentAction","name":"Comment","target":["https:\/\/www.ffpassau.de\/ilzstadt\/2020\/03\/12\/loeschzug-ilzstadt-steht-vor-grossen-herausforderungen\/#respond"]}]},{"@type":"WebPage","@id":"https:\/\/www.ffpassau.de\/ilzstadt\/2020\/03\/12\/loeschzug-ilzstadt-steht-vor-grossen-herausforderungen\/","url":"https:\/\/www.ffpassau.de\/ilzstadt\/2020\/03\/12\/loeschzug-ilzstadt-steht-vor-grossen-herausforderungen\/","name":"L\u00f6schzug Ilzstadt steht vor gro\u00dfen Herausforderungen - Feuerwehr Passau - L\u00f6schzug Ilzstadt","isPartOf":{"@id":"https:\/\/www.ffpassau.de\/ilzstadt\/#website"},"primaryImageOfPage":{"@id":"https:\/\/www.ffpassau.de\/ilzstadt\/2020\/03\/12\/loeschzug-ilzstadt-steht-vor-grossen-herausforderungen\/#primaryimage"},"image":{"@id":"https:\/\/www.ffpassau.de\/ilzstadt\/2020\/03\/12\/loeschzug-ilzstadt-steht-vor-grossen-herausforderungen\/#primaryimage"},"thumbnailUrl":"https:\/\/www.ffpassau.de\/ilzstadt\/wp-content\/uploads\/sites\/3\/2020\/03\/2020-03-07-Bericht-Vorstand.jpg","datePublished":"2020-03-12T13:47:42+00:00","dateModified":"2020-03-24T20:03:21+00:00","breadcrumb":{"@id":"https:\/\/www.ffpassau.de\/ilzstadt\/2020\/03\/12\/loeschzug-ilzstadt-steht-vor-grossen-herausforderungen\/#breadcrumb"},"inLanguage":"de","potentialAction":[{"@type":"ReadAction","target":["https:\/\/www.ffpassau.de\/ilzstadt\/2020\/03\/12\/loeschzug-ilzstadt-steht-vor-grossen-herausforderungen\/"]}]},{"@type":"ImageObject","inLanguage":"de","@id":"https:\/\/www.ffpassau.de\/ilzstadt\/2020\/03\/12\/loeschzug-ilzstadt-steht-vor-grossen-herausforderungen\/#primaryimage","url":"https:\/\/www.ffpassau.de\/ilzstadt\/wp-content\/uploads\/sites\/3\/2020\/03\/2020-03-07-Bericht-Vorstand.jpg","contentUrl":"https:\/\/www.ffpassau.de\/ilzstadt\/wp-content\/uploads\/sites\/3\/2020\/03\/2020-03-07-Bericht-Vorstand.jpg","width":2048,"height":1363},{"@type":"BreadcrumbList","@id":"https:\/\/www.ffpassau.de\/ilzstadt\/2020\/03\/12\/loeschzug-ilzstadt-steht-vor-grossen-herausforderungen\/#breadcrumb","itemListElement":[{"@type":"ListItem","position":1,"name":"Startseite","item":"https:\/\/www.ffpassau.de\/ilzstadt\/"},{"@type":"ListItem","position":2,"name":"L\u00f6schzug Ilzstadt steht vor gro\u00dfen Herausforderungen"}]},{"@type":"WebSite","@id":"https:\/\/www.ffpassau.de\/ilzstadt\/#website","url":"https:\/\/www.ffpassau.de\/ilzstadt\/","name":"Feuerwehr Passau - L\u00f6schzug Ilztadt","description":"","publisher":{"@id":"https:\/\/www.ffpassau.de\/ilzstadt\/#organization"},"potentialAction":[{"@type":"SearchAction","target":{"@type":"EntryPoint","urlTemplate":"https:\/\/www.ffpassau.de\/ilzstadt\/?s={search_term_string}"},"query-input":{"@type":"PropertyValueSpecification","valueRequired":true,"valueName":"search_term_string"}}],"inLanguage":"de"},{"@type":"Organization","@id":"https:\/\/www.ffpassau.de\/ilzstadt\/#organization","name":"Feuerwehr Passau - L\u00f6schzug Ilztadt","url":"https:\/\/www.ffpassau.de\/ilzstadt\/","logo":{"@type":"ImageObject","inLanguage":"de","@id":"https:\/\/www.ffpassau.de\/ilzstadt\/#\/schema\/logo\/image\/","url":"https:\/\/www.ffpassau.de\/ilzstadt\/wp-content\/uploads\/sites\/3\/2020\/02\/lz_ilzstadt_logo.svg","contentUrl":"https:\/\/www.ffpassau.de\/ilzstadt\/wp-content\/uploads\/sites\/3\/2020\/02\/lz_ilzstadt_logo.svg","width":1,"height":1,"caption":"Feuerwehr Passau - L\u00f6schzug Ilztadt"},"image":{"@id":"https:\/\/www.ffpassau.de\/ilzstadt\/#\/schema\/logo\/image\/"}},{"@type":"Person","@id":"","url":"https:\/\/www.ffpassau.de\/ilzstadt\/author\/"}]}},"_links":{"self":[{"href":"https:\/\/www.ffpassau.de\/ilzstadt\/wp-json\/wp\/v2\/posts\/161","targetHints":{"allow":["GET"]}}],"collection":[{"href":"https:\/\/www.ffpassau.de\/ilzstadt\/wp-json\/wp\/v2\/posts"}],"about":[{"href":"https:\/\/www.ffpassau.de\/ilzstadt\/wp-json\/wp\/v2\/types\/post"}],"author":[{"embeddable":true,"href":"https:\/\/www.ffpassau.de\/ilzstadt\/wp-json\/wp\/v2\/users\/22"}],"replies":[{"embeddable":true,"href":"https:\/\/www.ffpassau.de\/ilzstadt\/wp-json\/wp\/v2\/comments?post=161"}],"version-history":[{"count":5,"href":"https:\/\/www.ffpassau.de\/ilzstadt\/wp-json\/wp\/v2\/posts\/161\/revisions"}],"predecessor-version":[{"id":169,"href":"https:\/\/www.ffpassau.de\/ilzstadt\/wp-json\/wp\/v2\/posts\/161\/revisions\/169"}],"wp:featuredmedia":[{"embeddable":true,"href":"https:\/\/www.ffpassau.de\/ilzstadt\/wp-json\/wp\/v2\/media\/162"}],"wp:attachment":[{"href":"https:\/\/www.ffpassau.de\/ilzstadt\/wp-json\/wp\/v2\/media?parent=161"}],"wp:term":[{"taxonomy":"category","embeddable":true,"href":"https:\/\/www.ffpassau.de\/ilzstadt\/wp-json\/wp\/v2\/categories?post=161"},{"taxonomy":"post_tag","embeddable":true,"href":"https:\/\/www.ffpassau.de\/ilzstadt\/wp-json\/wp\/v2\/tags?post=161"}],"curies":[{"name":"wp","href":"https:\/\/api.w.org\/{rel}","templated":true}]}}