{"id":170,"date":"2019-04-12T15:00:06","date_gmt":"2019-04-12T13:00:06","guid":{"rendered":"https:\/\/www.ffpassau.de\/ilzstadt\/?p=170"},"modified":"2020-03-21T22:17:31","modified_gmt":"2020-03-21T21:17:31","slug":"jahreshauptversammlung-beim-loeschzug-ilzstadt-2019","status":"publish","type":"post","link":"https:\/\/www.ffpassau.de\/ilzstadt\/2019\/04\/12\/jahreshauptversammlung-beim-loeschzug-ilzstadt-2019\/","title":{"rendered":"Jahreshauptversammlung beim L\u00f6schzug Ilzstadt  2019"},"content":{"rendered":"<p>Das Feuerwehrhaus des II. L\u00f6schzugs der Feuerwehr Passau platzte aus allen N\u00e4hten, als Vorsitzender Andreas H\u00fchn die diesj\u00e4hrige Jahreshauptversammlung er\u00f6ffnete.<\/p>\n<p>&nbsp;<\/p>\n<p>Unter den Ehreng\u00e4sten durfte er Oberb\u00fcrgermeister J\u00fcrgen Dupper, Fahnenmutter Anna Kapfinger, die Stadtr\u00e4te Armin Dickl, Clemens Damberger, Sigi Kapfer und Oskar Atzinger, sowie Stadtbrandrat Andreas Dittlmann, Stadtbrandinspektor Florian Emmer, den Vorsitzenden des Feuerwehr Passau e.V. Ehrenstadtbrandmeister Ludwig Kapfhammer und Ehrenstadtbrandrat Josef Aschenbrenner begr\u00fc\u00dfen. Ein fulminantes Berichtsjahr 2018 liegt hinter den Ilzern, die dabei auf das 150j\u00e4hrige Bestehen ihres L\u00f6schzugs zur\u00fcckblicken konnten. Aber auch neben diesem Jubil\u00e4um fanden wieder jede Menge Vereinsveranstaltungen statt. Hier sind mit Jugendausflug, Grillfest, Ilzer Haferlfest und Weihnachtsfeier nur einige Termine zu nenne. Auch was Mitgliederwerbung betrifft, war der erst vor einem Jahr neugew\u00e4hlte Vorstand sehr aktiv: die Zahl der Aktiven stieg um 7 Mitglieder, 2 Kinder konnten in den Feuerwehrnachwuchs integriert werden und 8 B\u00fcrger mehr unterst\u00fctzen die Feuerwehr finanziell.<\/p>\n<p>&nbsp;<\/p>\n<p>Auch Kassenwartin Kathrin Klenk konnte stattliche Zahlen aufweisen und steigerte das Vereinsverm\u00f6gen im abgelaufenen Jahr um 40%.<\/p>\n<p>&nbsp;<\/p>\n<p>Im Bericht der aktiven Mannschaft wies Stadtbrandinspektor und Zugf\u00fchrer Florian Emmer auf die 95 Eins\u00e4tze im Jahr 2018 hin, die problemlos und unfallfrei abgearbeitet wurden. Eine besondere Herausforderung waren dabei die beiden Waldbr\u00e4nde in der Oberhauser Leite. Auch jede Menge unterschiedlichster Lehrg\u00e4nge absolvierten die Ehrenamtlichen, um sich den Herausforderungen des Feuerwehrdienstes zu stellen. Emmer dankte insbesondere seinem Stellvertreter David Stockbauer-Muhr, den Jugendwarten Stefan Aufschl\u00e4ger und Julia Buchner, der Kinderfeuerwehrbeauftragten Veronika Maier, den Ger\u00e4tewarten Christopher Craxton und Felix Fuhs sowie den \u00fcber\u00f6rtlich t\u00e4tigen Ausbildern Marina Probst, Armin Leeb, Thomas Sittinger, Manfred Nowak, Fabian Probst, Andreas H\u00fchn, Alexander Breitenfellner, Stephan Breitenfellner und Josef K\u00f6ck.<\/p>\n<p>&nbsp;<\/p>\n<p>F\u00fcr das Jahr 2019 legte Emmer weiterhin den Schwerpunkt auf Mitgliedergewinnung und Ausbildung fest. Baulich wird sich in Richtung Notstromversorgung des Ger\u00e4tehauses etwas tun versicherte er seiner Mannschaft und die seit langem geplante schwimmende Bootsgarage ist in der Zielgeraden. Langfristig stellte er, insbesondere den anwesenden Politikern, die schlechte Situation der Fahrzeughallen vor Augen und warb darum, bis zur n\u00e4chsten Fahrzeugbeschaffung 2028, um den Neubau von zeitgem\u00e4\u00dfen Hallen. Nat\u00fcrlich gab es dazu gleich einen Ortsvorschlag sowie ein Fahrzeugkonzept.<\/p>\n<p>&nbsp;<\/p>\n<p>Danach durfte Vereinsvorstand Andreas H\u00fchn noch zwei besondere Ehrungen aussprechen: Christian Brunner, der nach 47 Jahren aus dem aktiven Feuerwehrdienst wegen erreichen der H\u00f6chstaltersgrenze von 65 Jahren ausscheidet und der Vorsitzende der Feuerwehr Passau e.V. Ludwig Kapfhammer wurden in W\u00fcrdigung und Anerkennung ihrer Verdienste zu Ehrenmitgliedern des Vereins L\u00f6schzug Ilzstadt e.V. ausgezeichnet.<\/p>\n<p>&nbsp;<\/p>\n<p>Bei den sich anschlie\u00dfenden Gru\u00dfworten zeigte sich Oberb\u00fcrgermeister J\u00fcrgen Dupper sehr zufrieden mit den H\u00fctern seines Rathauses. Er schwelgte noch in der Erinnerung des besonderen Patenbittens auf dem Mehrzweckboot im Fr\u00fchling des vergangenen Jahres. Zudem berichtete er \u00fcber die Aufgaben die die Stadt im Bereich der Feuerwehren momentan zu Schultern hat. Ein auf 2 Jahre gestrecktes Sonderbudget von 250.000,-\u20ac ist n\u00f6tig, um den Atemschutzger\u00e4tetr\u00e4gern eine zeitgem\u00e4\u00dfe Schutzkleidung zukommen zu lassen, Fahrzeugbeschaffungen im Bereich der Einsatzf\u00fchrung stehen ebenso an, wie diverse bauliche Ma\u00dfnahmen. Auch der Zweckverband f\u00fcr Rettungsdienst- und Feuerwehralarmierung musste seine komplette Hardware tauschen, was auch die st\u00e4dtischen Kassen belastete. Den Ilzern machte Dupper dennoch besonders Freude, indem er ihnen mitteilen konnte, dass der Bauantrag f\u00fcr das Bootshaus gestellt ist.<\/p>\n<p>&nbsp;<\/p>\n<p>Stadtbrandrat Andreas Dittlmann dankte allen f\u00fcr ihr Engagement zum Wohle der Allgemeinheit und legte den Fokus erneut auf die gro\u00dfen Herausforderungen, die der Stadt in den kommenden Jahren begegnen werden. Das Einsatzgeschehen wird immer vielseitiger und umso wichtiger ist es, mit der n\u00f6tigen Anzahl an Menschen und dem passenden Ger\u00e4tschaften darauf reagieren zu k\u00f6nnen. Hierf\u00fcr dankte er neben der Politik auch der Verwaltung im Ordnungsamt und der Feuerwehrfachwerkst\u00e4tte.<\/p>\n<p>&nbsp;<\/p>\n<p>Nach 2 Stunden durfte Vorstand Andreas H\u00fchn zum gem\u00fctlichen Teil \u00fcberleiten und lud alle noch zum Abendessen ein.<\/p>\n","protected":false},"excerpt":{"rendered":"<p>Das Feuerwehrhaus des II. L\u00f6schzugs der Feuerwehr Passau platzte aus allen N\u00e4hten, als Vorsitzender Andreas H\u00fchn die diesj\u00e4hrige Jahreshauptversammlung er\u00f6ffnete. &nbsp; Unter den Ehreng\u00e4sten durfte er Oberb\u00fcrgermeister J\u00fcrgen Dupper, Fahnenmutter Anna Kapfinger, die Stadtr\u00e4te Armin Dickl, Clemens Damberger, Sigi Kapfer und Oskar Atzinger, sowie Stadtbrandrat Andreas Dittlmann, Stadtbrandinspektor Florian Emmer, den Vorsitzenden des Feuerwehr Passau e.V. Ehrenstadtbrandmeister Ludwig Kapfhammer und Ehrenstadtbrandrat Josef Aschenbrenner begr\u00fc\u00dfen. Ein fulminantes Berichtsjahr 2018 liegt hinter den Ilzern, die dabei auf das 150j\u00e4hrige Bestehen ihres L\u00f6schzugs zur\u00fcckblicken konnten. Aber auch neben diesem Jubil\u00e4um fanden wieder jede Menge Vereinsveranstaltungen statt. Hier sind mit Jugendausflug, Grillfest, Ilzer Haferlfest und Weihnachtsfeier nur einige Termine zu nenne. Auch was Mitgliederwerbung betrifft, war der erst vor einem Jahr neugew\u00e4hlte Vorstand sehr aktiv: die Zahl der Aktiven stieg um 7 Mitglieder, 2 Kinder konnten in den Feuerwehrnachwuchs integriert werden und 8 B\u00fcrger [&hellip;]<\/p>\n","protected":false},"author":22,"featured_media":411,"comment_status":"open","ping_status":"open","sticky":false,"template":"","format":"standard","meta":{"footnotes":""},"categories":[1,7],"tags":[],"class_list":["post-170","post","type-post","status-publish","format-standard","has-post-thumbnail","hentry","category-allgemein","category-news"],"yoast_head":"<!-- This site is optimized with the Yoast SEO plugin v24.3 - https:\/\/yoast.com\/wordpress\/plugins\/seo\/ -->\n<title>Jahreshauptversammlung beim L\u00f6schzug Ilzstadt 2019 - Feuerwehr Passau - L\u00f6schzug Ilzstadt<\/title>\n<meta name=\"robots\" content=\"index, follow, max-snippet:-1, max-image-preview:large, max-video-preview:-1\" \/>\n<link rel=\"canonical\" href=\"https:\/\/www.ffpassau.de\/ilzstadt\/2019\/04\/12\/jahreshauptversammlung-beim-loeschzug-ilzstadt-2019\/\" \/>\n<meta property=\"og:locale\" content=\"de_DE\" \/>\n<meta property=\"og:type\" content=\"article\" \/>\n<meta property=\"og:title\" content=\"Jahreshauptversammlung beim L\u00f6schzug Ilzstadt 2019 - Feuerwehr Passau - L\u00f6schzug Ilzstadt\" \/>\n<meta property=\"og:description\" content=\"Das Feuerwehrhaus des II. L\u00f6schzugs der Feuerwehr Passau platzte aus allen N\u00e4hten, als Vorsitzender Andreas H\u00fchn die diesj\u00e4hrige Jahreshauptversammlung er\u00f6ffnete. &nbsp; Unter den Ehreng\u00e4sten durfte er Oberb\u00fcrgermeister J\u00fcrgen Dupper, Fahnenmutter Anna Kapfinger, die Stadtr\u00e4te Armin Dickl, Clemens Damberger, Sigi Kapfer und Oskar Atzinger, sowie Stadtbrandrat Andreas Dittlmann, Stadtbrandinspektor Florian Emmer, den Vorsitzenden des Feuerwehr Passau e.V. Ehrenstadtbrandmeister Ludwig Kapfhammer und Ehrenstadtbrandrat Josef Aschenbrenner begr\u00fc\u00dfen. Ein fulminantes Berichtsjahr 2018 liegt hinter den Ilzern, die dabei auf das 150j\u00e4hrige Bestehen ihres L\u00f6schzugs zur\u00fcckblicken konnten. Aber auch neben diesem Jubil\u00e4um fanden wieder jede Menge Vereinsveranstaltungen statt. Hier sind mit Jugendausflug, Grillfest, Ilzer Haferlfest und Weihnachtsfeier nur einige Termine zu nenne. Auch was Mitgliederwerbung betrifft, war der erst vor einem Jahr neugew\u00e4hlte Vorstand sehr aktiv: die Zahl der Aktiven stieg um 7 Mitglieder, 2 Kinder konnten in den Feuerwehrnachwuchs integriert werden und 8 B\u00fcrger [&hellip;]\" \/>\n<meta property=\"og:url\" content=\"https:\/\/www.ffpassau.de\/ilzstadt\/2019\/04\/12\/jahreshauptversammlung-beim-loeschzug-ilzstadt-2019\/\" \/>\n<meta property=\"og:site_name\" content=\"Feuerwehr Passau - L\u00f6schzug Ilzstadt\" \/>\n<meta property=\"article:published_time\" content=\"2019-04-12T13:00:06+00:00\" \/>\n<meta property=\"article:modified_time\" content=\"2020-03-21T21:17:31+00:00\" \/>\n<meta property=\"og:image\" content=\"https:\/\/www.ffpassau.de\/ilzstadt\/wp-content\/uploads\/sites\/3\/2020\/03\/JHV19-1.jpg\" \/>\n\t<meta property=\"og:image:width\" content=\"1920\" \/>\n\t<meta property=\"og:image:height\" content=\"650\" \/>\n\t<meta property=\"og:image:type\" content=\"image\/jpeg\" \/>\n<meta name=\"twitter:card\" content=\"summary_large_image\" \/>\n<meta name=\"twitter:label1\" content=\"Verfasst von\" \/>\n\t<meta name=\"twitter:data1\" content=\"\" \/>\n\t<meta name=\"twitter:label2\" content=\"Gesch\u00e4tzte Lesezeit\" \/>\n\t<meta name=\"twitter:data2\" content=\"3\u00a0Minuten\" \/>\n<script type=\"application\/ld+json\" class=\"yoast-schema-graph\">{\"@context\":\"https:\/\/schema.org\",\"@graph\":[{\"@type\":\"Article\",\"@id\":\"https:\/\/www.ffpassau.de\/ilzstadt\/2019\/04\/12\/jahreshauptversammlung-beim-loeschzug-ilzstadt-2019\/#article\",\"isPartOf\":{\"@id\":\"https:\/\/www.ffpassau.de\/ilzstadt\/2019\/04\/12\/jahreshauptversammlung-beim-loeschzug-ilzstadt-2019\/\"},\"author\":{\"name\":\"\",\"@id\":\"\"},\"headline\":\"Jahreshauptversammlung beim L\u00f6schzug Ilzstadt 2019\",\"datePublished\":\"2019-04-12T13:00:06+00:00\",\"dateModified\":\"2020-03-21T21:17:31+00:00\",\"mainEntityOfPage\":{\"@id\":\"https:\/\/www.ffpassau.de\/ilzstadt\/2019\/04\/12\/jahreshauptversammlung-beim-loeschzug-ilzstadt-2019\/\"},\"wordCount\":662,\"commentCount\":0,\"publisher\":{\"@id\":\"https:\/\/www.ffpassau.de\/ilzstadt\/#organization\"},\"image\":{\"@id\":\"https:\/\/www.ffpassau.de\/ilzstadt\/2019\/04\/12\/jahreshauptversammlung-beim-loeschzug-ilzstadt-2019\/#primaryimage\"},\"thumbnailUrl\":\"https:\/\/www.ffpassau.de\/ilzstadt\/wp-content\/uploads\/sites\/3\/2020\/03\/JHV19-1.jpg\",\"articleSection\":{\"1\":\"News\"},\"inLanguage\":\"de\",\"potentialAction\":[{\"@type\":\"CommentAction\",\"name\":\"Comment\",\"target\":[\"https:\/\/www.ffpassau.de\/ilzstadt\/2019\/04\/12\/jahreshauptversammlung-beim-loeschzug-ilzstadt-2019\/#respond\"]}]},{\"@type\":\"WebPage\",\"@id\":\"https:\/\/www.ffpassau.de\/ilzstadt\/2019\/04\/12\/jahreshauptversammlung-beim-loeschzug-ilzstadt-2019\/\",\"url\":\"https:\/\/www.ffpassau.de\/ilzstadt\/2019\/04\/12\/jahreshauptversammlung-beim-loeschzug-ilzstadt-2019\/\",\"name\":\"Jahreshauptversammlung beim L\u00f6schzug Ilzstadt 2019 - Feuerwehr Passau - L\u00f6schzug Ilzstadt\",\"isPartOf\":{\"@id\":\"https:\/\/www.ffpassau.de\/ilzstadt\/#website\"},\"primaryImageOfPage\":{\"@id\":\"https:\/\/www.ffpassau.de\/ilzstadt\/2019\/04\/12\/jahreshauptversammlung-beim-loeschzug-ilzstadt-2019\/#primaryimage\"},\"image\":{\"@id\":\"https:\/\/www.ffpassau.de\/ilzstadt\/2019\/04\/12\/jahreshauptversammlung-beim-loeschzug-ilzstadt-2019\/#primaryimage\"},\"thumbnailUrl\":\"https:\/\/www.ffpassau.de\/ilzstadt\/wp-content\/uploads\/sites\/3\/2020\/03\/JHV19-1.jpg\",\"datePublished\":\"2019-04-12T13:00:06+00:00\",\"dateModified\":\"2020-03-21T21:17:31+00:00\",\"breadcrumb\":{\"@id\":\"https:\/\/www.ffpassau.de\/ilzstadt\/2019\/04\/12\/jahreshauptversammlung-beim-loeschzug-ilzstadt-2019\/#breadcrumb\"},\"inLanguage\":\"de\",\"potentialAction\":[{\"@type\":\"ReadAction\",\"target\":[\"https:\/\/www.ffpassau.de\/ilzstadt\/2019\/04\/12\/jahreshauptversammlung-beim-loeschzug-ilzstadt-2019\/\"]}]},{\"@type\":\"ImageObject\",\"inLanguage\":\"de\",\"@id\":\"https:\/\/www.ffpassau.de\/ilzstadt\/2019\/04\/12\/jahreshauptversammlung-beim-loeschzug-ilzstadt-2019\/#primaryimage\",\"url\":\"https:\/\/www.ffpassau.de\/ilzstadt\/wp-content\/uploads\/sites\/3\/2020\/03\/JHV19-1.jpg\",\"contentUrl\":\"https:\/\/www.ffpassau.de\/ilzstadt\/wp-content\/uploads\/sites\/3\/2020\/03\/JHV19-1.jpg\",\"width\":1920,\"height\":650},{\"@type\":\"BreadcrumbList\",\"@id\":\"https:\/\/www.ffpassau.de\/ilzstadt\/2019\/04\/12\/jahreshauptversammlung-beim-loeschzug-ilzstadt-2019\/#breadcrumb\",\"itemListElement\":[{\"@type\":\"ListItem\",\"position\":1,\"name\":\"Startseite\",\"item\":\"https:\/\/www.ffpassau.de\/ilzstadt\/\"},{\"@type\":\"ListItem\",\"position\":2,\"name\":\"Jahreshauptversammlung beim L\u00f6schzug Ilzstadt 2019\"}]},{\"@type\":\"WebSite\",\"@id\":\"https:\/\/www.ffpassau.de\/ilzstadt\/#website\",\"url\":\"https:\/\/www.ffpassau.de\/ilzstadt\/\",\"name\":\"Feuerwehr Passau - L\u00f6schzug Ilztadt\",\"description\":\"\",\"publisher\":{\"@id\":\"https:\/\/www.ffpassau.de\/ilzstadt\/#organization\"},\"potentialAction\":[{\"@type\":\"SearchAction\",\"target\":{\"@type\":\"EntryPoint\",\"urlTemplate\":\"https:\/\/www.ffpassau.de\/ilzstadt\/?s={search_term_string}\"},\"query-input\":{\"@type\":\"PropertyValueSpecification\",\"valueRequired\":true,\"valueName\":\"search_term_string\"}}],\"inLanguage\":\"de\"},{\"@type\":\"Organization\",\"@id\":\"https:\/\/www.ffpassau.de\/ilzstadt\/#organization\",\"name\":\"Feuerwehr Passau - L\u00f6schzug Ilztadt\",\"url\":\"https:\/\/www.ffpassau.de\/ilzstadt\/\",\"logo\":{\"@type\":\"ImageObject\",\"inLanguage\":\"de\",\"@id\":\"https:\/\/www.ffpassau.de\/ilzstadt\/#\/schema\/logo\/image\/\",\"url\":\"https:\/\/www.ffpassau.de\/ilzstadt\/wp-content\/uploads\/sites\/3\/2020\/02\/lz_ilzstadt_logo.svg\",\"contentUrl\":\"https:\/\/www.ffpassau.de\/ilzstadt\/wp-content\/uploads\/sites\/3\/2020\/02\/lz_ilzstadt_logo.svg\",\"width\":1,\"height\":1,\"caption\":\"Feuerwehr Passau - L\u00f6schzug Ilztadt\"},\"image\":{\"@id\":\"https:\/\/www.ffpassau.de\/ilzstadt\/#\/schema\/logo\/image\/\"}},{\"@type\":\"Person\",\"@id\":\"\",\"url\":\"https:\/\/www.ffpassau.de\/ilzstadt\/author\/\"}]}<\/script>\n<!-- \/ Yoast SEO plugin. -->","yoast_head_json":{"title":"Jahreshauptversammlung beim L\u00f6schzug Ilzstadt 2019 - Feuerwehr Passau - L\u00f6schzug Ilzstadt","robots":{"index":"index","follow":"follow","max-snippet":"max-snippet:-1","max-image-preview":"max-image-preview:large","max-video-preview":"max-video-preview:-1"},"canonical":"https:\/\/www.ffpassau.de\/ilzstadt\/2019\/04\/12\/jahreshauptversammlung-beim-loeschzug-ilzstadt-2019\/","og_locale":"de_DE","og_type":"article","og_title":"Jahreshauptversammlung beim L\u00f6schzug Ilzstadt 2019 - Feuerwehr Passau - L\u00f6schzug Ilzstadt","og_description":"Das Feuerwehrhaus des II. L\u00f6schzugs der Feuerwehr Passau platzte aus allen N\u00e4hten, als Vorsitzender Andreas H\u00fchn die diesj\u00e4hrige Jahreshauptversammlung er\u00f6ffnete. &nbsp; Unter den Ehreng\u00e4sten durfte er Oberb\u00fcrgermeister J\u00fcrgen Dupper, Fahnenmutter Anna Kapfinger, die Stadtr\u00e4te Armin Dickl, Clemens Damberger, Sigi Kapfer und Oskar Atzinger, sowie Stadtbrandrat Andreas Dittlmann, Stadtbrandinspektor Florian Emmer, den Vorsitzenden des Feuerwehr Passau e.V. Ehrenstadtbrandmeister Ludwig Kapfhammer und Ehrenstadtbrandrat Josef Aschenbrenner begr\u00fc\u00dfen. Ein fulminantes Berichtsjahr 2018 liegt hinter den Ilzern, die dabei auf das 150j\u00e4hrige Bestehen ihres L\u00f6schzugs zur\u00fcckblicken konnten. Aber auch neben diesem Jubil\u00e4um fanden wieder jede Menge Vereinsveranstaltungen statt. Hier sind mit Jugendausflug, Grillfest, Ilzer Haferlfest und Weihnachtsfeier nur einige Termine zu nenne. Auch was Mitgliederwerbung betrifft, war der erst vor einem Jahr neugew\u00e4hlte Vorstand sehr aktiv: die Zahl der Aktiven stieg um 7 Mitglieder, 2 Kinder konnten in den Feuerwehrnachwuchs integriert werden und 8 B\u00fcrger [&hellip;]","og_url":"https:\/\/www.ffpassau.de\/ilzstadt\/2019\/04\/12\/jahreshauptversammlung-beim-loeschzug-ilzstadt-2019\/","og_site_name":"Feuerwehr Passau - L\u00f6schzug Ilzstadt","article_published_time":"2019-04-12T13:00:06+00:00","article_modified_time":"2020-03-21T21:17:31+00:00","og_image":[{"width":1920,"height":650,"url":"https:\/\/www.ffpassau.de\/ilzstadt\/wp-content\/uploads\/sites\/3\/2020\/03\/JHV19-1.jpg","type":"image\/jpeg"}],"twitter_card":"summary_large_image","twitter_misc":{"Verfasst von":"","Gesch\u00e4tzte Lesezeit":"3\u00a0Minuten"},"schema":{"@context":"https:\/\/schema.org","@graph":[{"@type":"Article","@id":"https:\/\/www.ffpassau.de\/ilzstadt\/2019\/04\/12\/jahreshauptversammlung-beim-loeschzug-ilzstadt-2019\/#article","isPartOf":{"@id":"https:\/\/www.ffpassau.de\/ilzstadt\/2019\/04\/12\/jahreshauptversammlung-beim-loeschzug-ilzstadt-2019\/"},"author":{"name":"","@id":""},"headline":"Jahreshauptversammlung beim L\u00f6schzug Ilzstadt 2019","datePublished":"2019-04-12T13:00:06+00:00","dateModified":"2020-03-21T21:17:31+00:00","mainEntityOfPage":{"@id":"https:\/\/www.ffpassau.de\/ilzstadt\/2019\/04\/12\/jahreshauptversammlung-beim-loeschzug-ilzstadt-2019\/"},"wordCount":662,"commentCount":0,"publisher":{"@id":"https:\/\/www.ffpassau.de\/ilzstadt\/#organization"},"image":{"@id":"https:\/\/www.ffpassau.de\/ilzstadt\/2019\/04\/12\/jahreshauptversammlung-beim-loeschzug-ilzstadt-2019\/#primaryimage"},"thumbnailUrl":"https:\/\/www.ffpassau.de\/ilzstadt\/wp-content\/uploads\/sites\/3\/2020\/03\/JHV19-1.jpg","articleSection":{"1":"News"},"inLanguage":"de","potentialAction":[{"@type":"CommentAction","name":"Comment","target":["https:\/\/www.ffpassau.de\/ilzstadt\/2019\/04\/12\/jahreshauptversammlung-beim-loeschzug-ilzstadt-2019\/#respond"]}]},{"@type":"WebPage","@id":"https:\/\/www.ffpassau.de\/ilzstadt\/2019\/04\/12\/jahreshauptversammlung-beim-loeschzug-ilzstadt-2019\/","url":"https:\/\/www.ffpassau.de\/ilzstadt\/2019\/04\/12\/jahreshauptversammlung-beim-loeschzug-ilzstadt-2019\/","name":"Jahreshauptversammlung beim L\u00f6schzug Ilzstadt 2019 - Feuerwehr Passau - L\u00f6schzug Ilzstadt","isPartOf":{"@id":"https:\/\/www.ffpassau.de\/ilzstadt\/#website"},"primaryImageOfPage":{"@id":"https:\/\/www.ffpassau.de\/ilzstadt\/2019\/04\/12\/jahreshauptversammlung-beim-loeschzug-ilzstadt-2019\/#primaryimage"},"image":{"@id":"https:\/\/www.ffpassau.de\/ilzstadt\/2019\/04\/12\/jahreshauptversammlung-beim-loeschzug-ilzstadt-2019\/#primaryimage"},"thumbnailUrl":"https:\/\/www.ffpassau.de\/ilzstadt\/wp-content\/uploads\/sites\/3\/2020\/03\/JHV19-1.jpg","datePublished":"2019-04-12T13:00:06+00:00","dateModified":"2020-03-21T21:17:31+00:00","breadcrumb":{"@id":"https:\/\/www.ffpassau.de\/ilzstadt\/2019\/04\/12\/jahreshauptversammlung-beim-loeschzug-ilzstadt-2019\/#breadcrumb"},"inLanguage":"de","potentialAction":[{"@type":"ReadAction","target":["https:\/\/www.ffpassau.de\/ilzstadt\/2019\/04\/12\/jahreshauptversammlung-beim-loeschzug-ilzstadt-2019\/"]}]},{"@type":"ImageObject","inLanguage":"de","@id":"https:\/\/www.ffpassau.de\/ilzstadt\/2019\/04\/12\/jahreshauptversammlung-beim-loeschzug-ilzstadt-2019\/#primaryimage","url":"https:\/\/www.ffpassau.de\/ilzstadt\/wp-content\/uploads\/sites\/3\/2020\/03\/JHV19-1.jpg","contentUrl":"https:\/\/www.ffpassau.de\/ilzstadt\/wp-content\/uploads\/sites\/3\/2020\/03\/JHV19-1.jpg","width":1920,"height":650},{"@type":"BreadcrumbList","@id":"https:\/\/www.ffpassau.de\/ilzstadt\/2019\/04\/12\/jahreshauptversammlung-beim-loeschzug-ilzstadt-2019\/#breadcrumb","itemListElement":[{"@type":"ListItem","position":1,"name":"Startseite","item":"https:\/\/www.ffpassau.de\/ilzstadt\/"},{"@type":"ListItem","position":2,"name":"Jahreshauptversammlung beim L\u00f6schzug Ilzstadt 2019"}]},{"@type":"WebSite","@id":"https:\/\/www.ffpassau.de\/ilzstadt\/#website","url":"https:\/\/www.ffpassau.de\/ilzstadt\/","name":"Feuerwehr Passau - L\u00f6schzug Ilztadt","description":"","publisher":{"@id":"https:\/\/www.ffpassau.de\/ilzstadt\/#organization"},"potentialAction":[{"@type":"SearchAction","target":{"@type":"EntryPoint","urlTemplate":"https:\/\/www.ffpassau.de\/ilzstadt\/?s={search_term_string}"},"query-input":{"@type":"PropertyValueSpecification","valueRequired":true,"valueName":"search_term_string"}}],"inLanguage":"de"},{"@type":"Organization","@id":"https:\/\/www.ffpassau.de\/ilzstadt\/#organization","name":"Feuerwehr Passau - L\u00f6schzug Ilztadt","url":"https:\/\/www.ffpassau.de\/ilzstadt\/","logo":{"@type":"ImageObject","inLanguage":"de","@id":"https:\/\/www.ffpassau.de\/ilzstadt\/#\/schema\/logo\/image\/","url":"https:\/\/www.ffpassau.de\/ilzstadt\/wp-content\/uploads\/sites\/3\/2020\/02\/lz_ilzstadt_logo.svg","contentUrl":"https:\/\/www.ffpassau.de\/ilzstadt\/wp-content\/uploads\/sites\/3\/2020\/02\/lz_ilzstadt_logo.svg","width":1,"height":1,"caption":"Feuerwehr Passau - L\u00f6schzug Ilztadt"},"image":{"@id":"https:\/\/www.ffpassau.de\/ilzstadt\/#\/schema\/logo\/image\/"}},{"@type":"Person","@id":"","url":"https:\/\/www.ffpassau.de\/ilzstadt\/author\/"}]}},"_links":{"self":[{"href":"https:\/\/www.ffpassau.de\/ilzstadt\/wp-json\/wp\/v2\/posts\/170","targetHints":{"allow":["GET"]}}],"collection":[{"href":"https:\/\/www.ffpassau.de\/ilzstadt\/wp-json\/wp\/v2\/posts"}],"about":[{"href":"https:\/\/www.ffpassau.de\/ilzstadt\/wp-json\/wp\/v2\/types\/post"}],"author":[{"embeddable":true,"href":"https:\/\/www.ffpassau.de\/ilzstadt\/wp-json\/wp\/v2\/users\/22"}],"replies":[{"embeddable":true,"href":"https:\/\/www.ffpassau.de\/ilzstadt\/wp-json\/wp\/v2\/comments?post=170"}],"version-history":[{"count":2,"href":"https:\/\/www.ffpassau.de\/ilzstadt\/wp-json\/wp\/v2\/posts\/170\/revisions"}],"predecessor-version":[{"id":417,"href":"https:\/\/www.ffpassau.de\/ilzstadt\/wp-json\/wp\/v2\/posts\/170\/revisions\/417"}],"wp:featuredmedia":[{"embeddable":true,"href":"https:\/\/www.ffpassau.de\/ilzstadt\/wp-json\/wp\/v2\/media\/411"}],"wp:attachment":[{"href":"https:\/\/www.ffpassau.de\/ilzstadt\/wp-json\/wp\/v2\/media?parent=170"}],"wp:term":[{"taxonomy":"category","embeddable":true,"href":"https:\/\/www.ffpassau.de\/ilzstadt\/wp-json\/wp\/v2\/categories?post=170"},{"taxonomy":"post_tag","embeddable":true,"href":"https:\/\/www.ffpassau.de\/ilzstadt\/wp-json\/wp\/v2\/tags?post=170"}],"curies":[{"name":"wp","href":"https:\/\/api.w.org\/{rel}","templated":true}]}}