{"id":172,"date":"2019-01-05T15:03:39","date_gmt":"2019-01-05T14:03:39","guid":{"rendered":"https:\/\/www.ffpassau.de\/ilzstadt\/?p=172"},"modified":"2020-03-21T22:00:09","modified_gmt":"2020-03-21T21:00:09","slug":"loeschzug-ilzstadt-besteht-leistungsabzeichen","status":"publish","type":"post","link":"https:\/\/www.ffpassau.de\/ilzstadt\/2019\/01\/05\/loeschzug-ilzstadt-besteht-leistungsabzeichen\/","title":{"rendered":"L\u00f6schzug Ilzstadt besteht Leistungsabzeichen"},"content":{"rendered":"<p>Das Leistungsabzeichden &#8222;Die Gruppe im l\u00f6scheinsatz&#8220; dient dazu, dass Feuerwehrdienstleistende die Handgriffe, die sie im Ernstfall beherschen m\u00fcssen unter Leistungsdruck \u00fcben.Dieser Pr\u00fcfung stellten sich die Kameradinnen und Kameraden des L\u00f6schzugs Ilzstadt unter den pr\u00fcfenden Augen der Schiedsrichter\u00a0<strong>Bernhard Kuisl<\/strong>\u00a0(FF Schalding l.d.D.),\u00a0<strong>Otto Neiss<\/strong>\u00a0(FF Grubweg) und\u00a0<strong>J\u00fcrgen Grotke<\/strong>\u00a0(FF Passau Lz. Hauptwache).<\/p>\n<p>&nbsp;<\/p>\n<p>Zu Beginn werden die Positionen, auf der jeder Feuerwehrmann und jede Feuerwehrfrau ihren Dienst verrichten muss ausgelost. W\u00e4hrend dann der Gruppenf\u00fchrer einen ganzen Fragenkatalog abarbeiten muss, um sein Fachwissen unter Beweis zu stellen, m\u00fcssen die \u00fcbrigen Pr\u00fcflinge dem Schiedgericht verschiedene Knoten und Stiche auf Zeit vorf\u00fchren. Daraufhin folgt die Einsatz\u00fcbung, bei der es darum geht, einen angenommenen Wohnungsbrand fehlerfrei und in mindestens 5 min unter Kontrolle zu bekommen. Hier machte sich das einw\u00f6chige Intensivtraining mit Ausbilder\u00a0<strong>David Stockbauer-Muhr\u00a0<\/strong>bezahlt. Als dritten Pr\u00fcfungsteil mussten Schlauch- und Wassertrupp dann noch die Saugleitung zur Wasserentnahme aus offenem Gew\u00e4sser innerhalb von 100 Sekunden kuppeln, verknoten und anschlie\u00dfen. Auch hier, genauso wie bei der Einsatz\u00fcbung, unterboten die Ilzer das Zeitlimit fehlerfrei.<\/p>\n<p>&nbsp;<\/p>\n<p>So konnte auch Beobachter\u00a0<strong>Stadtbrandrat Andreas Dittlmann<\/strong>\u00a0und\u00a0<strong>Stadtbrandrat a.D. Dieter Schlegl<\/strong>\u00a0 den ehrenamtlichen Feuerwehrdienstleistenden am Ende zum bestehen gratulieren. Erfolgreich ausgezeichnet wurden in der Stufe 1 (bronze)\u00a0<strong>Dorina Spannbauer, Veronika Maier, Sebastian Lohmann Garcia\u00a0<\/strong>und<strong>\u00a0Hannes S\u00f6llwagner.\u00a0<\/strong>Die Stufe 2 (silber) legten ab\u00a0<strong>Katharina Sittinger\u00a0<\/strong>und\u00a0<strong>Andreas H\u00fchn<\/strong>. Die Stufe 4 (gold-blau) bestand\u00a0<strong>Thomas Sittinger.<\/strong>\u00a0In der Stufe 5 (gold-gr\u00fcn) schnitt\u00a0<strong>Fabian Probst<\/strong>\u00a0erfolgreich ab. Das Leistungsabzeichen in der Endstufe 6 (gold-rot) sicherten sich\u00a0<strong>Manfred Nowak\u00a0<\/strong>und\u00a0<strong>Florian Emmer.<\/strong><\/p>\n","protected":false},"excerpt":{"rendered":"<p>Das Leistungsabzeichden &#8222;Die Gruppe im l\u00f6scheinsatz&#8220; dient dazu, dass Feuerwehrdienstleistende die Handgriffe, die sie im Ernstfall beherschen m\u00fcssen unter Leistungsdruck \u00fcben.Dieser Pr\u00fcfung stellten sich die Kameradinnen und Kameraden des L\u00f6schzugs Ilzstadt unter den pr\u00fcfenden Augen der Schiedsrichter\u00a0Bernhard Kuisl\u00a0(FF Schalding l.d.D.),\u00a0Otto Neiss\u00a0(FF Grubweg) und\u00a0J\u00fcrgen Grotke\u00a0(FF Passau Lz. Hauptwache). &nbsp; Zu Beginn werden die Positionen, auf der jeder Feuerwehrmann und jede Feuerwehrfrau ihren Dienst verrichten muss ausgelost. W\u00e4hrend dann der Gruppenf\u00fchrer einen ganzen Fragenkatalog abarbeiten muss, um sein Fachwissen unter Beweis zu stellen, m\u00fcssen die \u00fcbrigen Pr\u00fcflinge dem Schiedgericht verschiedene Knoten und Stiche auf Zeit vorf\u00fchren. Daraufhin folgt die Einsatz\u00fcbung, bei der es darum geht, einen angenommenen Wohnungsbrand fehlerfrei und in mindestens 5 min unter Kontrolle zu bekommen. Hier machte sich das einw\u00f6chige Intensivtraining mit Ausbilder\u00a0David Stockbauer-Muhr\u00a0bezahlt. Als dritten Pr\u00fcfungsteil mussten Schlauch- und Wassertrupp dann noch die Saugleitung zur Wasserentnahme aus offenem [&hellip;]<\/p>\n","protected":false},"author":22,"featured_media":176,"comment_status":"open","ping_status":"open","sticky":false,"template":"","format":"standard","meta":{"footnotes":""},"categories":[1],"tags":[],"class_list":["post-172","post","type-post","status-publish","format-standard","has-post-thumbnail","hentry","category-allgemein"],"yoast_head":"<!-- This site is optimized with the Yoast SEO plugin v24.3 - https:\/\/yoast.com\/wordpress\/plugins\/seo\/ -->\n<title>L\u00f6schzug Ilzstadt besteht Leistungsabzeichen - Feuerwehr Passau - L\u00f6schzug Ilzstadt<\/title>\n<meta name=\"robots\" content=\"index, follow, max-snippet:-1, max-image-preview:large, max-video-preview:-1\" \/>\n<link rel=\"canonical\" href=\"https:\/\/www.ffpassau.de\/ilzstadt\/2019\/01\/05\/loeschzug-ilzstadt-besteht-leistungsabzeichen\/\" \/>\n<meta property=\"og:locale\" content=\"de_DE\" \/>\n<meta property=\"og:type\" content=\"article\" \/>\n<meta property=\"og:title\" content=\"L\u00f6schzug Ilzstadt besteht Leistungsabzeichen - Feuerwehr Passau - L\u00f6schzug Ilzstadt\" \/>\n<meta property=\"og:description\" content=\"Das Leistungsabzeichden &#8222;Die Gruppe im l\u00f6scheinsatz&#8220; dient dazu, dass Feuerwehrdienstleistende die Handgriffe, die sie im Ernstfall beherschen m\u00fcssen unter Leistungsdruck \u00fcben.Dieser Pr\u00fcfung stellten sich die Kameradinnen und Kameraden des L\u00f6schzugs Ilzstadt unter den pr\u00fcfenden Augen der Schiedsrichter\u00a0Bernhard Kuisl\u00a0(FF Schalding l.d.D.),\u00a0Otto Neiss\u00a0(FF Grubweg) und\u00a0J\u00fcrgen Grotke\u00a0(FF Passau Lz. Hauptwache). &nbsp; Zu Beginn werden die Positionen, auf der jeder Feuerwehrmann und jede Feuerwehrfrau ihren Dienst verrichten muss ausgelost. W\u00e4hrend dann der Gruppenf\u00fchrer einen ganzen Fragenkatalog abarbeiten muss, um sein Fachwissen unter Beweis zu stellen, m\u00fcssen die \u00fcbrigen Pr\u00fcflinge dem Schiedgericht verschiedene Knoten und Stiche auf Zeit vorf\u00fchren. Daraufhin folgt die Einsatz\u00fcbung, bei der es darum geht, einen angenommenen Wohnungsbrand fehlerfrei und in mindestens 5 min unter Kontrolle zu bekommen. Hier machte sich das einw\u00f6chige Intensivtraining mit Ausbilder\u00a0David Stockbauer-Muhr\u00a0bezahlt. Als dritten Pr\u00fcfungsteil mussten Schlauch- und Wassertrupp dann noch die Saugleitung zur Wasserentnahme aus offenem [&hellip;]\" \/>\n<meta property=\"og:url\" content=\"https:\/\/www.ffpassau.de\/ilzstadt\/2019\/01\/05\/loeschzug-ilzstadt-besteht-leistungsabzeichen\/\" \/>\n<meta property=\"og:site_name\" content=\"Feuerwehr Passau - L\u00f6schzug Ilzstadt\" \/>\n<meta property=\"article:published_time\" content=\"2019-01-05T14:03:39+00:00\" \/>\n<meta property=\"article:modified_time\" content=\"2020-03-21T21:00:09+00:00\" \/>\n<meta property=\"og:image\" content=\"https:\/\/www.ffpassau.de\/ilzstadt\/wp-content\/uploads\/sites\/3\/2020\/03\/7-Feuer-aus-scaled.jpg\" \/>\n\t<meta property=\"og:image:width\" content=\"2560\" \/>\n\t<meta property=\"og:image:height\" content=\"1920\" \/>\n\t<meta property=\"og:image:type\" content=\"image\/jpeg\" \/>\n<meta name=\"twitter:card\" content=\"summary_large_image\" \/>\n<meta name=\"twitter:label1\" content=\"Verfasst von\" \/>\n\t<meta name=\"twitter:data1\" content=\"\" \/>\n\t<meta name=\"twitter:label2\" content=\"Gesch\u00e4tzte Lesezeit\" \/>\n\t<meta name=\"twitter:data2\" content=\"1\u00a0Minute\" \/>\n<script type=\"application\/ld+json\" class=\"yoast-schema-graph\">{\"@context\":\"https:\/\/schema.org\",\"@graph\":[{\"@type\":\"Article\",\"@id\":\"https:\/\/www.ffpassau.de\/ilzstadt\/2019\/01\/05\/loeschzug-ilzstadt-besteht-leistungsabzeichen\/#article\",\"isPartOf\":{\"@id\":\"https:\/\/www.ffpassau.de\/ilzstadt\/2019\/01\/05\/loeschzug-ilzstadt-besteht-leistungsabzeichen\/\"},\"author\":{\"name\":\"\",\"@id\":\"\"},\"headline\":\"L\u00f6schzug Ilzstadt besteht Leistungsabzeichen\",\"datePublished\":\"2019-01-05T14:03:39+00:00\",\"dateModified\":\"2020-03-21T21:00:09+00:00\",\"mainEntityOfPage\":{\"@id\":\"https:\/\/www.ffpassau.de\/ilzstadt\/2019\/01\/05\/loeschzug-ilzstadt-besteht-leistungsabzeichen\/\"},\"wordCount\":273,\"commentCount\":0,\"publisher\":{\"@id\":\"https:\/\/www.ffpassau.de\/ilzstadt\/#organization\"},\"image\":{\"@id\":\"https:\/\/www.ffpassau.de\/ilzstadt\/2019\/01\/05\/loeschzug-ilzstadt-besteht-leistungsabzeichen\/#primaryimage\"},\"thumbnailUrl\":\"https:\/\/www.ffpassau.de\/ilzstadt\/wp-content\/uploads\/sites\/3\/2020\/03\/7-Feuer-aus-scaled.jpg\",\"inLanguage\":\"de\",\"potentialAction\":[{\"@type\":\"CommentAction\",\"name\":\"Comment\",\"target\":[\"https:\/\/www.ffpassau.de\/ilzstadt\/2019\/01\/05\/loeschzug-ilzstadt-besteht-leistungsabzeichen\/#respond\"]}]},{\"@type\":\"WebPage\",\"@id\":\"https:\/\/www.ffpassau.de\/ilzstadt\/2019\/01\/05\/loeschzug-ilzstadt-besteht-leistungsabzeichen\/\",\"url\":\"https:\/\/www.ffpassau.de\/ilzstadt\/2019\/01\/05\/loeschzug-ilzstadt-besteht-leistungsabzeichen\/\",\"name\":\"L\u00f6schzug Ilzstadt besteht Leistungsabzeichen - Feuerwehr Passau - L\u00f6schzug Ilzstadt\",\"isPartOf\":{\"@id\":\"https:\/\/www.ffpassau.de\/ilzstadt\/#website\"},\"primaryImageOfPage\":{\"@id\":\"https:\/\/www.ffpassau.de\/ilzstadt\/2019\/01\/05\/loeschzug-ilzstadt-besteht-leistungsabzeichen\/#primaryimage\"},\"image\":{\"@id\":\"https:\/\/www.ffpassau.de\/ilzstadt\/2019\/01\/05\/loeschzug-ilzstadt-besteht-leistungsabzeichen\/#primaryimage\"},\"thumbnailUrl\":\"https:\/\/www.ffpassau.de\/ilzstadt\/wp-content\/uploads\/sites\/3\/2020\/03\/7-Feuer-aus-scaled.jpg\",\"datePublished\":\"2019-01-05T14:03:39+00:00\",\"dateModified\":\"2020-03-21T21:00:09+00:00\",\"breadcrumb\":{\"@id\":\"https:\/\/www.ffpassau.de\/ilzstadt\/2019\/01\/05\/loeschzug-ilzstadt-besteht-leistungsabzeichen\/#breadcrumb\"},\"inLanguage\":\"de\",\"potentialAction\":[{\"@type\":\"ReadAction\",\"target\":[\"https:\/\/www.ffpassau.de\/ilzstadt\/2019\/01\/05\/loeschzug-ilzstadt-besteht-leistungsabzeichen\/\"]}]},{\"@type\":\"ImageObject\",\"inLanguage\":\"de\",\"@id\":\"https:\/\/www.ffpassau.de\/ilzstadt\/2019\/01\/05\/loeschzug-ilzstadt-besteht-leistungsabzeichen\/#primaryimage\",\"url\":\"https:\/\/www.ffpassau.de\/ilzstadt\/wp-content\/uploads\/sites\/3\/2020\/03\/7-Feuer-aus-scaled.jpg\",\"contentUrl\":\"https:\/\/www.ffpassau.de\/ilzstadt\/wp-content\/uploads\/sites\/3\/2020\/03\/7-Feuer-aus-scaled.jpg\",\"width\":2560,\"height\":1920},{\"@type\":\"BreadcrumbList\",\"@id\":\"https:\/\/www.ffpassau.de\/ilzstadt\/2019\/01\/05\/loeschzug-ilzstadt-besteht-leistungsabzeichen\/#breadcrumb\",\"itemListElement\":[{\"@type\":\"ListItem\",\"position\":1,\"name\":\"Startseite\",\"item\":\"https:\/\/www.ffpassau.de\/ilzstadt\/\"},{\"@type\":\"ListItem\",\"position\":2,\"name\":\"L\u00f6schzug Ilzstadt besteht Leistungsabzeichen\"}]},{\"@type\":\"WebSite\",\"@id\":\"https:\/\/www.ffpassau.de\/ilzstadt\/#website\",\"url\":\"https:\/\/www.ffpassau.de\/ilzstadt\/\",\"name\":\"Feuerwehr Passau - L\u00f6schzug Ilztadt\",\"description\":\"\",\"publisher\":{\"@id\":\"https:\/\/www.ffpassau.de\/ilzstadt\/#organization\"},\"potentialAction\":[{\"@type\":\"SearchAction\",\"target\":{\"@type\":\"EntryPoint\",\"urlTemplate\":\"https:\/\/www.ffpassau.de\/ilzstadt\/?s={search_term_string}\"},\"query-input\":{\"@type\":\"PropertyValueSpecification\",\"valueRequired\":true,\"valueName\":\"search_term_string\"}}],\"inLanguage\":\"de\"},{\"@type\":\"Organization\",\"@id\":\"https:\/\/www.ffpassau.de\/ilzstadt\/#organization\",\"name\":\"Feuerwehr Passau - L\u00f6schzug Ilztadt\",\"url\":\"https:\/\/www.ffpassau.de\/ilzstadt\/\",\"logo\":{\"@type\":\"ImageObject\",\"inLanguage\":\"de\",\"@id\":\"https:\/\/www.ffpassau.de\/ilzstadt\/#\/schema\/logo\/image\/\",\"url\":\"https:\/\/www.ffpassau.de\/ilzstadt\/wp-content\/uploads\/sites\/3\/2020\/02\/lz_ilzstadt_logo.svg\",\"contentUrl\":\"https:\/\/www.ffpassau.de\/ilzstadt\/wp-content\/uploads\/sites\/3\/2020\/02\/lz_ilzstadt_logo.svg\",\"width\":1,\"height\":1,\"caption\":\"Feuerwehr Passau - L\u00f6schzug Ilztadt\"},\"image\":{\"@id\":\"https:\/\/www.ffpassau.de\/ilzstadt\/#\/schema\/logo\/image\/\"}},{\"@type\":\"Person\",\"@id\":\"\",\"url\":\"https:\/\/www.ffpassau.de\/ilzstadt\/author\/\"}]}<\/script>\n<!-- \/ Yoast SEO plugin. -->","yoast_head_json":{"title":"L\u00f6schzug Ilzstadt besteht Leistungsabzeichen - Feuerwehr Passau - L\u00f6schzug Ilzstadt","robots":{"index":"index","follow":"follow","max-snippet":"max-snippet:-1","max-image-preview":"max-image-preview:large","max-video-preview":"max-video-preview:-1"},"canonical":"https:\/\/www.ffpassau.de\/ilzstadt\/2019\/01\/05\/loeschzug-ilzstadt-besteht-leistungsabzeichen\/","og_locale":"de_DE","og_type":"article","og_title":"L\u00f6schzug Ilzstadt besteht Leistungsabzeichen - Feuerwehr Passau - L\u00f6schzug Ilzstadt","og_description":"Das Leistungsabzeichden &#8222;Die Gruppe im l\u00f6scheinsatz&#8220; dient dazu, dass Feuerwehrdienstleistende die Handgriffe, die sie im Ernstfall beherschen m\u00fcssen unter Leistungsdruck \u00fcben.Dieser Pr\u00fcfung stellten sich die Kameradinnen und Kameraden des L\u00f6schzugs Ilzstadt unter den pr\u00fcfenden Augen der Schiedsrichter\u00a0Bernhard Kuisl\u00a0(FF Schalding l.d.D.),\u00a0Otto Neiss\u00a0(FF Grubweg) und\u00a0J\u00fcrgen Grotke\u00a0(FF Passau Lz. Hauptwache). &nbsp; Zu Beginn werden die Positionen, auf der jeder Feuerwehrmann und jede Feuerwehrfrau ihren Dienst verrichten muss ausgelost. W\u00e4hrend dann der Gruppenf\u00fchrer einen ganzen Fragenkatalog abarbeiten muss, um sein Fachwissen unter Beweis zu stellen, m\u00fcssen die \u00fcbrigen Pr\u00fcflinge dem Schiedgericht verschiedene Knoten und Stiche auf Zeit vorf\u00fchren. Daraufhin folgt die Einsatz\u00fcbung, bei der es darum geht, einen angenommenen Wohnungsbrand fehlerfrei und in mindestens 5 min unter Kontrolle zu bekommen. Hier machte sich das einw\u00f6chige Intensivtraining mit Ausbilder\u00a0David Stockbauer-Muhr\u00a0bezahlt. Als dritten Pr\u00fcfungsteil mussten Schlauch- und Wassertrupp dann noch die Saugleitung zur Wasserentnahme aus offenem [&hellip;]","og_url":"https:\/\/www.ffpassau.de\/ilzstadt\/2019\/01\/05\/loeschzug-ilzstadt-besteht-leistungsabzeichen\/","og_site_name":"Feuerwehr Passau - L\u00f6schzug Ilzstadt","article_published_time":"2019-01-05T14:03:39+00:00","article_modified_time":"2020-03-21T21:00:09+00:00","og_image":[{"width":2560,"height":1920,"url":"https:\/\/www.ffpassau.de\/ilzstadt\/wp-content\/uploads\/sites\/3\/2020\/03\/7-Feuer-aus-scaled.jpg","type":"image\/jpeg"}],"twitter_card":"summary_large_image","twitter_misc":{"Verfasst von":"","Gesch\u00e4tzte Lesezeit":"1\u00a0Minute"},"schema":{"@context":"https:\/\/schema.org","@graph":[{"@type":"Article","@id":"https:\/\/www.ffpassau.de\/ilzstadt\/2019\/01\/05\/loeschzug-ilzstadt-besteht-leistungsabzeichen\/#article","isPartOf":{"@id":"https:\/\/www.ffpassau.de\/ilzstadt\/2019\/01\/05\/loeschzug-ilzstadt-besteht-leistungsabzeichen\/"},"author":{"name":"","@id":""},"headline":"L\u00f6schzug Ilzstadt besteht Leistungsabzeichen","datePublished":"2019-01-05T14:03:39+00:00","dateModified":"2020-03-21T21:00:09+00:00","mainEntityOfPage":{"@id":"https:\/\/www.ffpassau.de\/ilzstadt\/2019\/01\/05\/loeschzug-ilzstadt-besteht-leistungsabzeichen\/"},"wordCount":273,"commentCount":0,"publisher":{"@id":"https:\/\/www.ffpassau.de\/ilzstadt\/#organization"},"image":{"@id":"https:\/\/www.ffpassau.de\/ilzstadt\/2019\/01\/05\/loeschzug-ilzstadt-besteht-leistungsabzeichen\/#primaryimage"},"thumbnailUrl":"https:\/\/www.ffpassau.de\/ilzstadt\/wp-content\/uploads\/sites\/3\/2020\/03\/7-Feuer-aus-scaled.jpg","inLanguage":"de","potentialAction":[{"@type":"CommentAction","name":"Comment","target":["https:\/\/www.ffpassau.de\/ilzstadt\/2019\/01\/05\/loeschzug-ilzstadt-besteht-leistungsabzeichen\/#respond"]}]},{"@type":"WebPage","@id":"https:\/\/www.ffpassau.de\/ilzstadt\/2019\/01\/05\/loeschzug-ilzstadt-besteht-leistungsabzeichen\/","url":"https:\/\/www.ffpassau.de\/ilzstadt\/2019\/01\/05\/loeschzug-ilzstadt-besteht-leistungsabzeichen\/","name":"L\u00f6schzug Ilzstadt besteht Leistungsabzeichen - Feuerwehr Passau - L\u00f6schzug Ilzstadt","isPartOf":{"@id":"https:\/\/www.ffpassau.de\/ilzstadt\/#website"},"primaryImageOfPage":{"@id":"https:\/\/www.ffpassau.de\/ilzstadt\/2019\/01\/05\/loeschzug-ilzstadt-besteht-leistungsabzeichen\/#primaryimage"},"image":{"@id":"https:\/\/www.ffpassau.de\/ilzstadt\/2019\/01\/05\/loeschzug-ilzstadt-besteht-leistungsabzeichen\/#primaryimage"},"thumbnailUrl":"https:\/\/www.ffpassau.de\/ilzstadt\/wp-content\/uploads\/sites\/3\/2020\/03\/7-Feuer-aus-scaled.jpg","datePublished":"2019-01-05T14:03:39+00:00","dateModified":"2020-03-21T21:00:09+00:00","breadcrumb":{"@id":"https:\/\/www.ffpassau.de\/ilzstadt\/2019\/01\/05\/loeschzug-ilzstadt-besteht-leistungsabzeichen\/#breadcrumb"},"inLanguage":"de","potentialAction":[{"@type":"ReadAction","target":["https:\/\/www.ffpassau.de\/ilzstadt\/2019\/01\/05\/loeschzug-ilzstadt-besteht-leistungsabzeichen\/"]}]},{"@type":"ImageObject","inLanguage":"de","@id":"https:\/\/www.ffpassau.de\/ilzstadt\/2019\/01\/05\/loeschzug-ilzstadt-besteht-leistungsabzeichen\/#primaryimage","url":"https:\/\/www.ffpassau.de\/ilzstadt\/wp-content\/uploads\/sites\/3\/2020\/03\/7-Feuer-aus-scaled.jpg","contentUrl":"https:\/\/www.ffpassau.de\/ilzstadt\/wp-content\/uploads\/sites\/3\/2020\/03\/7-Feuer-aus-scaled.jpg","width":2560,"height":1920},{"@type":"BreadcrumbList","@id":"https:\/\/www.ffpassau.de\/ilzstadt\/2019\/01\/05\/loeschzug-ilzstadt-besteht-leistungsabzeichen\/#breadcrumb","itemListElement":[{"@type":"ListItem","position":1,"name":"Startseite","item":"https:\/\/www.ffpassau.de\/ilzstadt\/"},{"@type":"ListItem","position":2,"name":"L\u00f6schzug Ilzstadt besteht Leistungsabzeichen"}]},{"@type":"WebSite","@id":"https:\/\/www.ffpassau.de\/ilzstadt\/#website","url":"https:\/\/www.ffpassau.de\/ilzstadt\/","name":"Feuerwehr Passau - L\u00f6schzug Ilztadt","description":"","publisher":{"@id":"https:\/\/www.ffpassau.de\/ilzstadt\/#organization"},"potentialAction":[{"@type":"SearchAction","target":{"@type":"EntryPoint","urlTemplate":"https:\/\/www.ffpassau.de\/ilzstadt\/?s={search_term_string}"},"query-input":{"@type":"PropertyValueSpecification","valueRequired":true,"valueName":"search_term_string"}}],"inLanguage":"de"},{"@type":"Organization","@id":"https:\/\/www.ffpassau.de\/ilzstadt\/#organization","name":"Feuerwehr Passau - L\u00f6schzug Ilztadt","url":"https:\/\/www.ffpassau.de\/ilzstadt\/","logo":{"@type":"ImageObject","inLanguage":"de","@id":"https:\/\/www.ffpassau.de\/ilzstadt\/#\/schema\/logo\/image\/","url":"https:\/\/www.ffpassau.de\/ilzstadt\/wp-content\/uploads\/sites\/3\/2020\/02\/lz_ilzstadt_logo.svg","contentUrl":"https:\/\/www.ffpassau.de\/ilzstadt\/wp-content\/uploads\/sites\/3\/2020\/02\/lz_ilzstadt_logo.svg","width":1,"height":1,"caption":"Feuerwehr Passau - L\u00f6schzug Ilztadt"},"image":{"@id":"https:\/\/www.ffpassau.de\/ilzstadt\/#\/schema\/logo\/image\/"}},{"@type":"Person","@id":"","url":"https:\/\/www.ffpassau.de\/ilzstadt\/author\/"}]}},"_links":{"self":[{"href":"https:\/\/www.ffpassau.de\/ilzstadt\/wp-json\/wp\/v2\/posts\/172","targetHints":{"allow":["GET"]}}],"collection":[{"href":"https:\/\/www.ffpassau.de\/ilzstadt\/wp-json\/wp\/v2\/posts"}],"about":[{"href":"https:\/\/www.ffpassau.de\/ilzstadt\/wp-json\/wp\/v2\/types\/post"}],"author":[{"embeddable":true,"href":"https:\/\/www.ffpassau.de\/ilzstadt\/wp-json\/wp\/v2\/users\/22"}],"replies":[{"embeddable":true,"href":"https:\/\/www.ffpassau.de\/ilzstadt\/wp-json\/wp\/v2\/comments?post=172"}],"version-history":[{"count":1,"href":"https:\/\/www.ffpassau.de\/ilzstadt\/wp-json\/wp\/v2\/posts\/172\/revisions"}],"predecessor-version":[{"id":177,"href":"https:\/\/www.ffpassau.de\/ilzstadt\/wp-json\/wp\/v2\/posts\/172\/revisions\/177"}],"wp:featuredmedia":[{"embeddable":true,"href":"https:\/\/www.ffpassau.de\/ilzstadt\/wp-json\/wp\/v2\/media\/176"}],"wp:attachment":[{"href":"https:\/\/www.ffpassau.de\/ilzstadt\/wp-json\/wp\/v2\/media?parent=172"}],"wp:term":[{"taxonomy":"category","embeddable":true,"href":"https:\/\/www.ffpassau.de\/ilzstadt\/wp-json\/wp\/v2\/categories?post=172"},{"taxonomy":"post_tag","embeddable":true,"href":"https:\/\/www.ffpassau.de\/ilzstadt\/wp-json\/wp\/v2\/tags?post=172"}],"curies":[{"name":"wp","href":"https:\/\/api.w.org\/{rel}","templated":true}]}}