{"id":178,"date":"2018-11-10T15:06:40","date_gmt":"2018-11-10T14:06:40","guid":{"rendered":"https:\/\/www.ffpassau.de\/ilzstadt\/?p=178"},"modified":"2020-03-22T19:17:25","modified_gmt":"2020-03-22T18:17:25","slug":"altstadtkinderhort-zu-besuch-bei-der-feuerwehr-passau","status":"publish","type":"post","link":"https:\/\/www.ffpassau.de\/ilzstadt\/2018\/11\/10\/altstadtkinderhort-zu-besuch-bei-der-feuerwehr-passau\/","title":{"rendered":"Altstadtkinderhort zu Besuch bei der Feuerwehr Passau"},"content":{"rendered":"<p>Der Altstadtkinderhort besuchte die Feuerwehr Passau L\u00f6schzug Ilzstadt. Nach einer kurzen Begr\u00fc\u00dfung wurden die 18 Kinder in zwei Gruppen aufgeteilt.<\/p>\n<p>An der ersten Station erkundeten sie das Ger\u00e4tehaus und erlernten den Umgang mit der K\u00fcbelspritze. Au\u00dferdem bereitete Stefan Aufschl\u00e4ger Spiele mit Zuhilfenahme einiger Feuerwehrger\u00e4te vor.<\/p>\n<p>Der zweite Teil stand unter dem Motto L\u00f6schaufbau. Andreas H\u00fchn und Veronika Maier erkl\u00e4rten, wie das Wasser aus dem Hydranten zum Feuer kommt und f\u00fchrten dies auch zusammen mit den Kindern praktisch aus. Im Anschluss durfte jedes Kind unter Anleitung mit einem Feuerwehrschlauch Zielspritzen.<\/p>\n<p>Abschlie\u00dfend sollte die Werbung in eigener Sache nat\u00fcrlich auch nicht fehlen: Die Freiwillige Feuerwehr Passau nimmt Kinder ab 8 Jahren bereits in ihre Reihen auf und f\u00fchrt sie spielerisch an das Ehrenamt heran. N\u00e4here Infos dazu unter <span id=\"cloak4a976653c8ddf7ea60aaeb36e1972945\"><a href=\"mailto:maier@ffpassau.de\">maier@ffpassau.de<\/a><\/span> bzw. auf der Homepage <a href=\"https:\/\/www.ffpassau.de\">www.ffpassau.de<\/a><\/p>\n","protected":false},"excerpt":{"rendered":"<p>Der Altstadtkinderhort besuchte die Feuerwehr Passau L\u00f6schzug Ilzstadt. Nach einer kurzen Begr\u00fc\u00dfung wurden die 18 Kinder in zwei Gruppen aufgeteilt. An der ersten Station erkundeten sie das Ger\u00e4tehaus und erlernten den Umgang mit der K\u00fcbelspritze. Au\u00dferdem bereitete Stefan Aufschl\u00e4ger Spiele mit Zuhilfenahme einiger Feuerwehrger\u00e4te vor. Der zweite Teil stand unter dem Motto L\u00f6schaufbau. Andreas H\u00fchn und Veronika Maier erkl\u00e4rten, wie das Wasser aus dem Hydranten zum Feuer kommt und f\u00fchrten dies auch zusammen mit den Kindern praktisch aus. Im Anschluss durfte jedes Kind unter Anleitung mit einem Feuerwehrschlauch Zielspritzen. Abschlie\u00dfend sollte die Werbung in eigener Sache nat\u00fcrlich auch nicht fehlen: Die Freiwillige Feuerwehr Passau nimmt Kinder ab 8 Jahren bereits in ihre Reihen auf und f\u00fchrt sie spielerisch an das Ehrenamt heran. N\u00e4here Infos dazu unter maier@ffpassau.de bzw. auf der Homepage www.ffpassau.de<\/p>\n","protected":false},"author":22,"featured_media":179,"comment_status":"open","ping_status":"open","sticky":false,"template":"","format":"standard","meta":{"footnotes":""},"categories":[1],"tags":[],"class_list":["post-178","post","type-post","status-publish","format-standard","has-post-thumbnail","hentry","category-allgemein"],"yoast_head":"<!-- This site is optimized with the Yoast SEO plugin v24.3 - https:\/\/yoast.com\/wordpress\/plugins\/seo\/ -->\n<title>Altstadtkinderhort zu Besuch bei der Feuerwehr Passau - Feuerwehr Passau - L\u00f6schzug Ilzstadt<\/title>\n<meta name=\"robots\" content=\"index, follow, max-snippet:-1, max-image-preview:large, max-video-preview:-1\" \/>\n<link rel=\"canonical\" href=\"https:\/\/www.ffpassau.de\/ilzstadt\/2018\/11\/10\/altstadtkinderhort-zu-besuch-bei-der-feuerwehr-passau\/\" \/>\n<meta property=\"og:locale\" content=\"de_DE\" \/>\n<meta property=\"og:type\" content=\"article\" \/>\n<meta property=\"og:title\" content=\"Altstadtkinderhort zu Besuch bei der Feuerwehr Passau - Feuerwehr Passau - L\u00f6schzug Ilzstadt\" \/>\n<meta property=\"og:description\" content=\"Der Altstadtkinderhort besuchte die Feuerwehr Passau L\u00f6schzug Ilzstadt. Nach einer kurzen Begr\u00fc\u00dfung wurden die 18 Kinder in zwei Gruppen aufgeteilt. An der ersten Station erkundeten sie das Ger\u00e4tehaus und erlernten den Umgang mit der K\u00fcbelspritze. Au\u00dferdem bereitete Stefan Aufschl\u00e4ger Spiele mit Zuhilfenahme einiger Feuerwehrger\u00e4te vor. Der zweite Teil stand unter dem Motto L\u00f6schaufbau. Andreas H\u00fchn und Veronika Maier erkl\u00e4rten, wie das Wasser aus dem Hydranten zum Feuer kommt und f\u00fchrten dies auch zusammen mit den Kindern praktisch aus. Im Anschluss durfte jedes Kind unter Anleitung mit einem Feuerwehrschlauch Zielspritzen. Abschlie\u00dfend sollte die Werbung in eigener Sache nat\u00fcrlich auch nicht fehlen: Die Freiwillige Feuerwehr Passau nimmt Kinder ab 8 Jahren bereits in ihre Reihen auf und f\u00fchrt sie spielerisch an das Ehrenamt heran. N\u00e4here Infos dazu unter maier@ffpassau.de bzw. auf der Homepage www.ffpassau.de\" \/>\n<meta property=\"og:url\" content=\"https:\/\/www.ffpassau.de\/ilzstadt\/2018\/11\/10\/altstadtkinderhort-zu-besuch-bei-der-feuerwehr-passau\/\" \/>\n<meta property=\"og:site_name\" content=\"Feuerwehr Passau - L\u00f6schzug Ilzstadt\" \/>\n<meta property=\"article:published_time\" content=\"2018-11-10T14:06:40+00:00\" \/>\n<meta property=\"article:modified_time\" content=\"2020-03-22T18:17:25+00:00\" \/>\n<meta property=\"og:image\" content=\"https:\/\/www.ffpassau.de\/ilzstadt\/wp-content\/uploads\/sites\/3\/2020\/03\/kinderhort.png\" \/>\n\t<meta property=\"og:image:width\" content=\"604\" \/>\n\t<meta property=\"og:image:height\" content=\"453\" \/>\n\t<meta property=\"og:image:type\" content=\"image\/png\" \/>\n<meta name=\"twitter:card\" content=\"summary_large_image\" \/>\n<meta name=\"twitter:label1\" content=\"Verfasst von\" \/>\n\t<meta name=\"twitter:data1\" content=\"\" \/>\n\t<meta name=\"twitter:label2\" content=\"Gesch\u00e4tzte Lesezeit\" \/>\n\t<meta name=\"twitter:data2\" content=\"1\u00a0Minute\" \/>\n<script type=\"application\/ld+json\" class=\"yoast-schema-graph\">{\"@context\":\"https:\/\/schema.org\",\"@graph\":[{\"@type\":\"Article\",\"@id\":\"https:\/\/www.ffpassau.de\/ilzstadt\/2018\/11\/10\/altstadtkinderhort-zu-besuch-bei-der-feuerwehr-passau\/#article\",\"isPartOf\":{\"@id\":\"https:\/\/www.ffpassau.de\/ilzstadt\/2018\/11\/10\/altstadtkinderhort-zu-besuch-bei-der-feuerwehr-passau\/\"},\"author\":{\"name\":\"\",\"@id\":\"\"},\"headline\":\"Altstadtkinderhort zu Besuch bei der Feuerwehr Passau\",\"datePublished\":\"2018-11-10T14:06:40+00:00\",\"dateModified\":\"2020-03-22T18:17:25+00:00\",\"mainEntityOfPage\":{\"@id\":\"https:\/\/www.ffpassau.de\/ilzstadt\/2018\/11\/10\/altstadtkinderhort-zu-besuch-bei-der-feuerwehr-passau\/\"},\"wordCount\":156,\"commentCount\":0,\"publisher\":{\"@id\":\"https:\/\/www.ffpassau.de\/ilzstadt\/#organization\"},\"image\":{\"@id\":\"https:\/\/www.ffpassau.de\/ilzstadt\/2018\/11\/10\/altstadtkinderhort-zu-besuch-bei-der-feuerwehr-passau\/#primaryimage\"},\"thumbnailUrl\":\"https:\/\/www.ffpassau.de\/ilzstadt\/wp-content\/uploads\/sites\/3\/2020\/03\/kinderhort.png\",\"inLanguage\":\"de\",\"potentialAction\":[{\"@type\":\"CommentAction\",\"name\":\"Comment\",\"target\":[\"https:\/\/www.ffpassau.de\/ilzstadt\/2018\/11\/10\/altstadtkinderhort-zu-besuch-bei-der-feuerwehr-passau\/#respond\"]}]},{\"@type\":\"WebPage\",\"@id\":\"https:\/\/www.ffpassau.de\/ilzstadt\/2018\/11\/10\/altstadtkinderhort-zu-besuch-bei-der-feuerwehr-passau\/\",\"url\":\"https:\/\/www.ffpassau.de\/ilzstadt\/2018\/11\/10\/altstadtkinderhort-zu-besuch-bei-der-feuerwehr-passau\/\",\"name\":\"Altstadtkinderhort zu Besuch bei der Feuerwehr Passau - Feuerwehr Passau - L\u00f6schzug Ilzstadt\",\"isPartOf\":{\"@id\":\"https:\/\/www.ffpassau.de\/ilzstadt\/#website\"},\"primaryImageOfPage\":{\"@id\":\"https:\/\/www.ffpassau.de\/ilzstadt\/2018\/11\/10\/altstadtkinderhort-zu-besuch-bei-der-feuerwehr-passau\/#primaryimage\"},\"image\":{\"@id\":\"https:\/\/www.ffpassau.de\/ilzstadt\/2018\/11\/10\/altstadtkinderhort-zu-besuch-bei-der-feuerwehr-passau\/#primaryimage\"},\"thumbnailUrl\":\"https:\/\/www.ffpassau.de\/ilzstadt\/wp-content\/uploads\/sites\/3\/2020\/03\/kinderhort.png\",\"datePublished\":\"2018-11-10T14:06:40+00:00\",\"dateModified\":\"2020-03-22T18:17:25+00:00\",\"breadcrumb\":{\"@id\":\"https:\/\/www.ffpassau.de\/ilzstadt\/2018\/11\/10\/altstadtkinderhort-zu-besuch-bei-der-feuerwehr-passau\/#breadcrumb\"},\"inLanguage\":\"de\",\"potentialAction\":[{\"@type\":\"ReadAction\",\"target\":[\"https:\/\/www.ffpassau.de\/ilzstadt\/2018\/11\/10\/altstadtkinderhort-zu-besuch-bei-der-feuerwehr-passau\/\"]}]},{\"@type\":\"ImageObject\",\"inLanguage\":\"de\",\"@id\":\"https:\/\/www.ffpassau.de\/ilzstadt\/2018\/11\/10\/altstadtkinderhort-zu-besuch-bei-der-feuerwehr-passau\/#primaryimage\",\"url\":\"https:\/\/www.ffpassau.de\/ilzstadt\/wp-content\/uploads\/sites\/3\/2020\/03\/kinderhort.png\",\"contentUrl\":\"https:\/\/www.ffpassau.de\/ilzstadt\/wp-content\/uploads\/sites\/3\/2020\/03\/kinderhort.png\",\"width\":604,\"height\":453},{\"@type\":\"BreadcrumbList\",\"@id\":\"https:\/\/www.ffpassau.de\/ilzstadt\/2018\/11\/10\/altstadtkinderhort-zu-besuch-bei-der-feuerwehr-passau\/#breadcrumb\",\"itemListElement\":[{\"@type\":\"ListItem\",\"position\":1,\"name\":\"Startseite\",\"item\":\"https:\/\/www.ffpassau.de\/ilzstadt\/\"},{\"@type\":\"ListItem\",\"position\":2,\"name\":\"Altstadtkinderhort zu Besuch bei der Feuerwehr Passau\"}]},{\"@type\":\"WebSite\",\"@id\":\"https:\/\/www.ffpassau.de\/ilzstadt\/#website\",\"url\":\"https:\/\/www.ffpassau.de\/ilzstadt\/\",\"name\":\"Feuerwehr Passau - L\u00f6schzug Ilztadt\",\"description\":\"\",\"publisher\":{\"@id\":\"https:\/\/www.ffpassau.de\/ilzstadt\/#organization\"},\"potentialAction\":[{\"@type\":\"SearchAction\",\"target\":{\"@type\":\"EntryPoint\",\"urlTemplate\":\"https:\/\/www.ffpassau.de\/ilzstadt\/?s={search_term_string}\"},\"query-input\":{\"@type\":\"PropertyValueSpecification\",\"valueRequired\":true,\"valueName\":\"search_term_string\"}}],\"inLanguage\":\"de\"},{\"@type\":\"Organization\",\"@id\":\"https:\/\/www.ffpassau.de\/ilzstadt\/#organization\",\"name\":\"Feuerwehr Passau - L\u00f6schzug Ilztadt\",\"url\":\"https:\/\/www.ffpassau.de\/ilzstadt\/\",\"logo\":{\"@type\":\"ImageObject\",\"inLanguage\":\"de\",\"@id\":\"https:\/\/www.ffpassau.de\/ilzstadt\/#\/schema\/logo\/image\/\",\"url\":\"https:\/\/www.ffpassau.de\/ilzstadt\/wp-content\/uploads\/sites\/3\/2020\/02\/lz_ilzstadt_logo.svg\",\"contentUrl\":\"https:\/\/www.ffpassau.de\/ilzstadt\/wp-content\/uploads\/sites\/3\/2020\/02\/lz_ilzstadt_logo.svg\",\"width\":1,\"height\":1,\"caption\":\"Feuerwehr Passau - L\u00f6schzug Ilztadt\"},\"image\":{\"@id\":\"https:\/\/www.ffpassau.de\/ilzstadt\/#\/schema\/logo\/image\/\"}},{\"@type\":\"Person\",\"@id\":\"\",\"url\":\"https:\/\/www.ffpassau.de\/ilzstadt\/author\/\"}]}<\/script>\n<!-- \/ Yoast SEO plugin. -->","yoast_head_json":{"title":"Altstadtkinderhort zu Besuch bei der Feuerwehr Passau - Feuerwehr Passau - L\u00f6schzug Ilzstadt","robots":{"index":"index","follow":"follow","max-snippet":"max-snippet:-1","max-image-preview":"max-image-preview:large","max-video-preview":"max-video-preview:-1"},"canonical":"https:\/\/www.ffpassau.de\/ilzstadt\/2018\/11\/10\/altstadtkinderhort-zu-besuch-bei-der-feuerwehr-passau\/","og_locale":"de_DE","og_type":"article","og_title":"Altstadtkinderhort zu Besuch bei der Feuerwehr Passau - Feuerwehr Passau - L\u00f6schzug Ilzstadt","og_description":"Der Altstadtkinderhort besuchte die Feuerwehr Passau L\u00f6schzug Ilzstadt. Nach einer kurzen Begr\u00fc\u00dfung wurden die 18 Kinder in zwei Gruppen aufgeteilt. An der ersten Station erkundeten sie das Ger\u00e4tehaus und erlernten den Umgang mit der K\u00fcbelspritze. Au\u00dferdem bereitete Stefan Aufschl\u00e4ger Spiele mit Zuhilfenahme einiger Feuerwehrger\u00e4te vor. Der zweite Teil stand unter dem Motto L\u00f6schaufbau. Andreas H\u00fchn und Veronika Maier erkl\u00e4rten, wie das Wasser aus dem Hydranten zum Feuer kommt und f\u00fchrten dies auch zusammen mit den Kindern praktisch aus. Im Anschluss durfte jedes Kind unter Anleitung mit einem Feuerwehrschlauch Zielspritzen. Abschlie\u00dfend sollte die Werbung in eigener Sache nat\u00fcrlich auch nicht fehlen: Die Freiwillige Feuerwehr Passau nimmt Kinder ab 8 Jahren bereits in ihre Reihen auf und f\u00fchrt sie spielerisch an das Ehrenamt heran. N\u00e4here Infos dazu unter maier@ffpassau.de bzw. auf der Homepage www.ffpassau.de","og_url":"https:\/\/www.ffpassau.de\/ilzstadt\/2018\/11\/10\/altstadtkinderhort-zu-besuch-bei-der-feuerwehr-passau\/","og_site_name":"Feuerwehr Passau - L\u00f6schzug Ilzstadt","article_published_time":"2018-11-10T14:06:40+00:00","article_modified_time":"2020-03-22T18:17:25+00:00","og_image":[{"width":604,"height":453,"url":"https:\/\/www.ffpassau.de\/ilzstadt\/wp-content\/uploads\/sites\/3\/2020\/03\/kinderhort.png","type":"image\/png"}],"twitter_card":"summary_large_image","twitter_misc":{"Verfasst von":"","Gesch\u00e4tzte Lesezeit":"1\u00a0Minute"},"schema":{"@context":"https:\/\/schema.org","@graph":[{"@type":"Article","@id":"https:\/\/www.ffpassau.de\/ilzstadt\/2018\/11\/10\/altstadtkinderhort-zu-besuch-bei-der-feuerwehr-passau\/#article","isPartOf":{"@id":"https:\/\/www.ffpassau.de\/ilzstadt\/2018\/11\/10\/altstadtkinderhort-zu-besuch-bei-der-feuerwehr-passau\/"},"author":{"name":"","@id":""},"headline":"Altstadtkinderhort zu Besuch bei der Feuerwehr Passau","datePublished":"2018-11-10T14:06:40+00:00","dateModified":"2020-03-22T18:17:25+00:00","mainEntityOfPage":{"@id":"https:\/\/www.ffpassau.de\/ilzstadt\/2018\/11\/10\/altstadtkinderhort-zu-besuch-bei-der-feuerwehr-passau\/"},"wordCount":156,"commentCount":0,"publisher":{"@id":"https:\/\/www.ffpassau.de\/ilzstadt\/#organization"},"image":{"@id":"https:\/\/www.ffpassau.de\/ilzstadt\/2018\/11\/10\/altstadtkinderhort-zu-besuch-bei-der-feuerwehr-passau\/#primaryimage"},"thumbnailUrl":"https:\/\/www.ffpassau.de\/ilzstadt\/wp-content\/uploads\/sites\/3\/2020\/03\/kinderhort.png","inLanguage":"de","potentialAction":[{"@type":"CommentAction","name":"Comment","target":["https:\/\/www.ffpassau.de\/ilzstadt\/2018\/11\/10\/altstadtkinderhort-zu-besuch-bei-der-feuerwehr-passau\/#respond"]}]},{"@type":"WebPage","@id":"https:\/\/www.ffpassau.de\/ilzstadt\/2018\/11\/10\/altstadtkinderhort-zu-besuch-bei-der-feuerwehr-passau\/","url":"https:\/\/www.ffpassau.de\/ilzstadt\/2018\/11\/10\/altstadtkinderhort-zu-besuch-bei-der-feuerwehr-passau\/","name":"Altstadtkinderhort zu Besuch bei der Feuerwehr Passau - Feuerwehr Passau - L\u00f6schzug Ilzstadt","isPartOf":{"@id":"https:\/\/www.ffpassau.de\/ilzstadt\/#website"},"primaryImageOfPage":{"@id":"https:\/\/www.ffpassau.de\/ilzstadt\/2018\/11\/10\/altstadtkinderhort-zu-besuch-bei-der-feuerwehr-passau\/#primaryimage"},"image":{"@id":"https:\/\/www.ffpassau.de\/ilzstadt\/2018\/11\/10\/altstadtkinderhort-zu-besuch-bei-der-feuerwehr-passau\/#primaryimage"},"thumbnailUrl":"https:\/\/www.ffpassau.de\/ilzstadt\/wp-content\/uploads\/sites\/3\/2020\/03\/kinderhort.png","datePublished":"2018-11-10T14:06:40+00:00","dateModified":"2020-03-22T18:17:25+00:00","breadcrumb":{"@id":"https:\/\/www.ffpassau.de\/ilzstadt\/2018\/11\/10\/altstadtkinderhort-zu-besuch-bei-der-feuerwehr-passau\/#breadcrumb"},"inLanguage":"de","potentialAction":[{"@type":"ReadAction","target":["https:\/\/www.ffpassau.de\/ilzstadt\/2018\/11\/10\/altstadtkinderhort-zu-besuch-bei-der-feuerwehr-passau\/"]}]},{"@type":"ImageObject","inLanguage":"de","@id":"https:\/\/www.ffpassau.de\/ilzstadt\/2018\/11\/10\/altstadtkinderhort-zu-besuch-bei-der-feuerwehr-passau\/#primaryimage","url":"https:\/\/www.ffpassau.de\/ilzstadt\/wp-content\/uploads\/sites\/3\/2020\/03\/kinderhort.png","contentUrl":"https:\/\/www.ffpassau.de\/ilzstadt\/wp-content\/uploads\/sites\/3\/2020\/03\/kinderhort.png","width":604,"height":453},{"@type":"BreadcrumbList","@id":"https:\/\/www.ffpassau.de\/ilzstadt\/2018\/11\/10\/altstadtkinderhort-zu-besuch-bei-der-feuerwehr-passau\/#breadcrumb","itemListElement":[{"@type":"ListItem","position":1,"name":"Startseite","item":"https:\/\/www.ffpassau.de\/ilzstadt\/"},{"@type":"ListItem","position":2,"name":"Altstadtkinderhort zu Besuch bei der Feuerwehr Passau"}]},{"@type":"WebSite","@id":"https:\/\/www.ffpassau.de\/ilzstadt\/#website","url":"https:\/\/www.ffpassau.de\/ilzstadt\/","name":"Feuerwehr Passau - L\u00f6schzug Ilztadt","description":"","publisher":{"@id":"https:\/\/www.ffpassau.de\/ilzstadt\/#organization"},"potentialAction":[{"@type":"SearchAction","target":{"@type":"EntryPoint","urlTemplate":"https:\/\/www.ffpassau.de\/ilzstadt\/?s={search_term_string}"},"query-input":{"@type":"PropertyValueSpecification","valueRequired":true,"valueName":"search_term_string"}}],"inLanguage":"de"},{"@type":"Organization","@id":"https:\/\/www.ffpassau.de\/ilzstadt\/#organization","name":"Feuerwehr Passau - L\u00f6schzug Ilztadt","url":"https:\/\/www.ffpassau.de\/ilzstadt\/","logo":{"@type":"ImageObject","inLanguage":"de","@id":"https:\/\/www.ffpassau.de\/ilzstadt\/#\/schema\/logo\/image\/","url":"https:\/\/www.ffpassau.de\/ilzstadt\/wp-content\/uploads\/sites\/3\/2020\/02\/lz_ilzstadt_logo.svg","contentUrl":"https:\/\/www.ffpassau.de\/ilzstadt\/wp-content\/uploads\/sites\/3\/2020\/02\/lz_ilzstadt_logo.svg","width":1,"height":1,"caption":"Feuerwehr Passau - L\u00f6schzug Ilztadt"},"image":{"@id":"https:\/\/www.ffpassau.de\/ilzstadt\/#\/schema\/logo\/image\/"}},{"@type":"Person","@id":"","url":"https:\/\/www.ffpassau.de\/ilzstadt\/author\/"}]}},"_links":{"self":[{"href":"https:\/\/www.ffpassau.de\/ilzstadt\/wp-json\/wp\/v2\/posts\/178","targetHints":{"allow":["GET"]}}],"collection":[{"href":"https:\/\/www.ffpassau.de\/ilzstadt\/wp-json\/wp\/v2\/posts"}],"about":[{"href":"https:\/\/www.ffpassau.de\/ilzstadt\/wp-json\/wp\/v2\/types\/post"}],"author":[{"embeddable":true,"href":"https:\/\/www.ffpassau.de\/ilzstadt\/wp-json\/wp\/v2\/users\/22"}],"replies":[{"embeddable":true,"href":"https:\/\/www.ffpassau.de\/ilzstadt\/wp-json\/wp\/v2\/comments?post=178"}],"version-history":[{"count":1,"href":"https:\/\/www.ffpassau.de\/ilzstadt\/wp-json\/wp\/v2\/posts\/178\/revisions"}],"predecessor-version":[{"id":180,"href":"https:\/\/www.ffpassau.de\/ilzstadt\/wp-json\/wp\/v2\/posts\/178\/revisions\/180"}],"wp:featuredmedia":[{"embeddable":true,"href":"https:\/\/www.ffpassau.de\/ilzstadt\/wp-json\/wp\/v2\/media\/179"}],"wp:attachment":[{"href":"https:\/\/www.ffpassau.de\/ilzstadt\/wp-json\/wp\/v2\/media?parent=178"}],"wp:term":[{"taxonomy":"category","embeddable":true,"href":"https:\/\/www.ffpassau.de\/ilzstadt\/wp-json\/wp\/v2\/categories?post=178"},{"taxonomy":"post_tag","embeddable":true,"href":"https:\/\/www.ffpassau.de\/ilzstadt\/wp-json\/wp\/v2\/tags?post=178"}],"curies":[{"name":"wp","href":"https:\/\/api.w.org\/{rel}","templated":true}]}}