{"id":187,"date":"2017-03-06T21:31:09","date_gmt":"2017-03-06T20:31:09","guid":{"rendered":"https:\/\/www.ffpassau.de\/ilzstadt\/?p=187"},"modified":"2020-03-21T22:02:20","modified_gmt":"2020-03-21T21:02:20","slug":"jahreshauptversammlung-beim-loeschzug-ilzstadt-neue-vorstandschaft-gewaehlt-ausbildungshotspot-in-der-stadt-passau","status":"publish","type":"post","link":"https:\/\/www.ffpassau.de\/ilzstadt\/2017\/03\/06\/jahreshauptversammlung-beim-loeschzug-ilzstadt-neue-vorstandschaft-gewaehlt-ausbildungshotspot-in-der-stadt-passau\/","title":{"rendered":"Jahreshauptversammlung beim L\u00f6schzug Ilzstadt &#8211; neue Vorstandschaft gew\u00e4hlt &#8211; Ausbildungshotspot in der Stadt Passau"},"content":{"rendered":"<p>Vorsitzender Thomas Sittinger konnte vor vollem Haus die Jahreshauptversammlung des L\u00f6schzug Ilzstadt e.V. er\u00f6ffnen und gleich zu Beginn beeindruckende Zahlen pr\u00e4sentieren. Die Mitgliederentwicklung geht stetig bergauf und so konnte der, erst 2001 gegr\u00fcndete Verein, im Berichtsjahr sein 100 Mitglied aufnehmen. Auch Interims-Kassier Manfred Nowak konnte der Versammlung einen sehr guten finanziellen Grundstock pr\u00e4sentieren. Zudem war der Verein bei vielen Repr\u00e4sentationen aktiv, kurbelte aktiv die Mitgliedergewinnung an und bescherte den Mitgliedern viele sch\u00f6ne Stunden als Dankesch\u00f6n f\u00fcr die geleistete Arbeit.<\/p>\n<p>Zugf\u00fchrer Florian Emmer konnte auf 111 Eins\u00e4tze (8 Br\u00e4nde, 61 technische Hilfeleistungen, 6 Fehlalarmierungen, 36 Sicherheitswachen) zur\u00fcckblicken, die die 34 aktiven Mitglieder abarbeiteten. &#8222;In Erinnerung sind dabei sicherlich die beiden gr\u00f6\u00dferen Br\u00e4nde im Schutzgebiet, n\u00e4mlich im Probsteigeb\u00e4ude neben der Salvatorkirche und am goldenen Steig geblieben. Aber nat\u00fcrlich auch die Sturmnacht im August, die innerhalb einer halben Stunde Arbeit f\u00fcr mehrere Tage bescherte&#8220;, so Emmer. Weitere h\u00e4ufig wiederkehrende Eins\u00e4tze waren Personenrettungen aus dem Wasser. Hier konnte sich Emmer besonders bei Oberb\u00fcrgermeister Dupper bedanken. Die Stadt hat ein Budget von 190.000,- \u20ac in den Haushalt 2018 eingeplant, um mit einer schwimmenden Bootshalle die Einsatzf\u00e4higkeit des Ilzer Mehrzweckbootes weiter zu steigern. In seinem Ausblick wies Emmer noch darauf hin, dass Unwetterlagen immer gr\u00f6\u00dfere Risiken darstellen und man nicht nur beim Hochwasser 2013, sondern auch beim Starkregen 2016 und dem Sturm 2017 auf die vielen Feuerwehren in Passau angewiesen war. Hier zeigt sich ein Feuerwehrger\u00e4tehaus auch als Anlaufpunkt f\u00fcr die Bev\u00f6lkerung, wie die Sturmnacht mit ihrem mehrst\u00fcndigen Stromausfall in Passaus Norden zeigte. &#8222;\u00dcber 20 Personen aus der Nachbarschaft versammelten sich im Ger\u00e4tehaus und hofften hier auf Informationen, da die \u00fcblichen Informationsquellen wie Fernsehen, Radio und Internet zu Hause versagten&#8220;, skizzierte Emmer Eindr\u00fccke aus der Sturmnacht. Auch hier plane die Stadt sehr gut weiter, da die Ger\u00e4teh\u00e4user zuk\u00fcnftig mit Notstromeinspeisung ausgestattet werden sollen, um als Einsatzabschnittsstellen gr\u00f6\u00dfere Schadenslagen noch besser koordinieren zu k\u00f6nnen. Langfristig m\u00fcsse man sich den Standort Ilzstadt generell genauer unter die Lupe nehmen, bat der Zugf\u00fchrer die Verantwortlichen im Raum. Denn im Gegensatz zur allgemeinen Entwicklung der Feuerwehren, dass alle Fahrzeuge immer gr\u00f6\u00dfer und schwerer werden &#8211; was auf Autobahnen und in Industriegebieten sicherlich sinnvoll ist, bedarf es hier f\u00fcr den Zug kleine, wendige und kompakte Fahrzeuge, um den Anforderungen, die das Schutzgebiet um die Veste Oberhaus und die historische Altstadt aufb\u00fcrdet, gerecht zu werden.<\/p>\n<p>Bei den anschlie\u00dfenden Vereinsvorstandswahlen wurden Andreas H\u00fchn zum 1. Vorsitzenden, Manfred Nowak zum 2. Vorsitzenden, Katrin Klenk zum Kassenwart, Veronika Maier zur Schriftf\u00fchrerin und Veronika Dichtl und Marina Probst zu Beisitzerinnen gew\u00e4hlt. Sie werden in der Vorstandschaft noch von Zugf\u00fchrer Florian Emmer und Jugendwart Stefan Aufschl\u00e4ger unterst\u00fctzt. Der bisherige Vorsitzende Thomas Sittinger und der bisherige Schriftf\u00fchrer Arne Bilzhause standen f\u00fcr keine weitere Amtszeit mehr zur Verf\u00fcgung.<\/p>\n<p>Oberb\u00fcrgermeister J\u00fcrgen Dupper dankte den anwesenden Kameradinnen und Kameraden f\u00fcr ihre Bereitschaft diese Kommunale Pflichtaufgabe in ihrer Freizeit mit solcher Sorgfalt zu betreiben. &#8222;5.155 Stunden wurden hier beim L\u00f6schzug ehrenamtliche geleistet &#8211; das ist schon aller Ehren wert.&#8220; Auch bei den anderen 5 Jahreshauptversammlungen von Passauer Feuerwehren, die er in diesem Jahr bereits besuchen durfte zeigte sich ein \u00e4hnliches Bild, weshalb er dem Passauer Stadtrat insbesondere sehr dankbar sei, dass die Stadt die Belange der Feuerwehren wieder mit 2,1 Mio \u20ac unterst\u00fctze. &#8222;Es gilt wieder Fahrzeuge neu anzuschaffen wie bspw. bei den L\u00f6schz\u00fcgen Hauptwache und Innstadt, Ger\u00e4teh\u00e4user zu modernisieren wie bspw. in Grubweg und Heining und auch die Sicherheit der Feuerwehrdienstleistenden durch entsprechende zeitgem\u00e4\u00dfe Schutzausr\u00fcstung zu gew\u00e4hrleisten.&#8220;, so Dupper in seinem Gru\u00dfwort.<\/p>\n<p>Stadtbrandinspektor Andreas Dittlmann w\u00fcrdigte den guten Teamgeist der hier stationierten &#8222;Marine der Passauer Feuerwehr&#8220; und dankte insbesondere f\u00fcr die gute Zusammenarbeit und die Vernetzung mit den anderen Feuerwehren, sei es bei den gemeinsamen Leistungsabzeichen mit dem L\u00f6schzug Hauptwache und die Unterst\u00fctzung beim Tag der offenen T\u00fcr oder aber beim Atemschutztraining mit den Kameraden aus Hals in der Stroml\u00e4nge oder bei der Organisation und Durchf\u00fchrung der gro\u00dfen \u00dcbung an der Altstadtschule f\u00fcr die drei L\u00f6schz\u00fcge der Feuerwehr Passau (Hauptwache, Ilzstadt, Innstadt). Auch er unterst\u00fctze die Anliegen des Zugf\u00fchrers, sich \u00fcber die Entwicklung des L\u00f6schzugs fr\u00fchzeitig Gedanken zu machen, da mit der Neuanschaffung von Fahrzeugen, die f\u00fcr 2028 geplant sind, vorher noch bauliche Ma\u00dfnahmen f\u00fcr Fahrzeughallen erfolgen m\u00fcssen.<\/p>\n<p>Abschlie\u00dfend legte Statbrandrat Dieter Schlegl den Focus noch auf den &#8222;Ausbildungs-Hot-Spot&#8220; Ilzstadt. Hier wurden nicht nur Quereinsteigerlehrg\u00e4nge bereits zweimal erfolgreich angeboten, sondern auch die Fortbildung f\u00fcr die 5 Bootsf\u00fchrenden Feuerwehren (Lz. Hauptwache, Lz. Ilzstadt, Grubweg, Hals, Schalding r.d.D.) organisiert und durchgef\u00fchrt. Im Berichtsjahr 2017 fand in der Ilzstadt der erste Maschinistenlehrgang in der Stadt Passau statt und qualifizierte 15 Personen zum Bedienen von Pumpen und Aggregaten. &#8222;Wie ich schon die letzten Jahre sagen durfte, stimmt es auch in diesem Jahr noch, dass einfach ein guter Zug im Zug ist&#8220;, res\u00fcmierte der Stadtbrandrat.<\/p>\n","protected":false},"excerpt":{"rendered":"<p>Vorsitzender Thomas Sittinger konnte vor vollem Haus die Jahreshauptversammlung des L\u00f6schzug Ilzstadt e.V. er\u00f6ffnen und gleich zu Beginn beeindruckende Zahlen pr\u00e4sentieren. Die Mitgliederentwicklung geht stetig bergauf und so konnte der, erst 2001 gegr\u00fcndete Verein, im Berichtsjahr sein 100 Mitglied aufnehmen. Auch Interims-Kassier Manfred Nowak konnte der Versammlung einen sehr guten finanziellen Grundstock pr\u00e4sentieren. Zudem war der Verein bei vielen Repr\u00e4sentationen aktiv, kurbelte aktiv die Mitgliedergewinnung an und bescherte den Mitgliedern viele sch\u00f6ne Stunden als Dankesch\u00f6n f\u00fcr die geleistete Arbeit. Zugf\u00fchrer Florian Emmer konnte auf 111 Eins\u00e4tze (8 Br\u00e4nde, 61 technische Hilfeleistungen, 6 Fehlalarmierungen, 36 Sicherheitswachen) zur\u00fcckblicken, die die 34 aktiven Mitglieder abarbeiteten. &#8222;In Erinnerung sind dabei sicherlich die beiden gr\u00f6\u00dferen Br\u00e4nde im Schutzgebiet, n\u00e4mlich im Probsteigeb\u00e4ude neben der Salvatorkirche und am goldenen Steig geblieben. Aber nat\u00fcrlich auch die Sturmnacht im August, die innerhalb einer halben Stunde Arbeit f\u00fcr mehrere Tage [&hellip;]<\/p>\n","protected":false},"author":22,"featured_media":188,"comment_status":"open","ping_status":"open","sticky":false,"template":"","format":"standard","meta":{"footnotes":""},"categories":[1,7],"tags":[],"class_list":["post-187","post","type-post","status-publish","format-standard","has-post-thumbnail","hentry","category-allgemein","category-news"],"yoast_head":"<!-- This site is optimized with the Yoast SEO plugin v24.3 - https:\/\/yoast.com\/wordpress\/plugins\/seo\/ -->\n<title>Jahreshauptversammlung beim L\u00f6schzug Ilzstadt - neue Vorstandschaft gew\u00e4hlt - Ausbildungshotspot in der Stadt Passau - Feuerwehr Passau - L\u00f6schzug Ilzstadt<\/title>\n<meta name=\"robots\" content=\"index, follow, max-snippet:-1, max-image-preview:large, max-video-preview:-1\" \/>\n<link rel=\"canonical\" href=\"https:\/\/www.ffpassau.de\/ilzstadt\/2017\/03\/06\/jahreshauptversammlung-beim-loeschzug-ilzstadt-neue-vorstandschaft-gewaehlt-ausbildungshotspot-in-der-stadt-passau\/\" \/>\n<meta property=\"og:locale\" content=\"de_DE\" \/>\n<meta property=\"og:type\" content=\"article\" \/>\n<meta property=\"og:title\" content=\"Jahreshauptversammlung beim L\u00f6schzug Ilzstadt - neue Vorstandschaft gew\u00e4hlt - Ausbildungshotspot in der Stadt Passau - Feuerwehr Passau - L\u00f6schzug Ilzstadt\" \/>\n<meta property=\"og:description\" content=\"Vorsitzender Thomas Sittinger konnte vor vollem Haus die Jahreshauptversammlung des L\u00f6schzug Ilzstadt e.V. er\u00f6ffnen und gleich zu Beginn beeindruckende Zahlen pr\u00e4sentieren. Die Mitgliederentwicklung geht stetig bergauf und so konnte der, erst 2001 gegr\u00fcndete Verein, im Berichtsjahr sein 100 Mitglied aufnehmen. Auch Interims-Kassier Manfred Nowak konnte der Versammlung einen sehr guten finanziellen Grundstock pr\u00e4sentieren. Zudem war der Verein bei vielen Repr\u00e4sentationen aktiv, kurbelte aktiv die Mitgliedergewinnung an und bescherte den Mitgliedern viele sch\u00f6ne Stunden als Dankesch\u00f6n f\u00fcr die geleistete Arbeit. Zugf\u00fchrer Florian Emmer konnte auf 111 Eins\u00e4tze (8 Br\u00e4nde, 61 technische Hilfeleistungen, 6 Fehlalarmierungen, 36 Sicherheitswachen) zur\u00fcckblicken, die die 34 aktiven Mitglieder abarbeiteten. &#8222;In Erinnerung sind dabei sicherlich die beiden gr\u00f6\u00dferen Br\u00e4nde im Schutzgebiet, n\u00e4mlich im Probsteigeb\u00e4ude neben der Salvatorkirche und am goldenen Steig geblieben. Aber nat\u00fcrlich auch die Sturmnacht im August, die innerhalb einer halben Stunde Arbeit f\u00fcr mehrere Tage [&hellip;]\" \/>\n<meta property=\"og:url\" content=\"https:\/\/www.ffpassau.de\/ilzstadt\/2017\/03\/06\/jahreshauptversammlung-beim-loeschzug-ilzstadt-neue-vorstandschaft-gewaehlt-ausbildungshotspot-in-der-stadt-passau\/\" \/>\n<meta property=\"og:site_name\" content=\"Feuerwehr Passau - L\u00f6schzug Ilzstadt\" \/>\n<meta property=\"article:published_time\" content=\"2017-03-06T20:31:09+00:00\" \/>\n<meta property=\"article:modified_time\" content=\"2020-03-21T21:02:20+00:00\" \/>\n<meta property=\"og:image\" content=\"https:\/\/www.ffpassau.de\/ilzstadt\/wp-content\/uploads\/sites\/3\/2020\/03\/Foto.jpg\" \/>\n\t<meta property=\"og:image:width\" content=\"1620\" \/>\n\t<meta property=\"og:image:height\" content=\"1080\" \/>\n\t<meta property=\"og:image:type\" content=\"image\/jpeg\" \/>\n<meta name=\"twitter:card\" content=\"summary_large_image\" \/>\n<meta name=\"twitter:label1\" content=\"Verfasst von\" \/>\n\t<meta name=\"twitter:data1\" content=\"\" \/>\n\t<meta name=\"twitter:label2\" content=\"Gesch\u00e4tzte Lesezeit\" \/>\n\t<meta name=\"twitter:data2\" content=\"4\u00a0Minuten\" \/>\n<script type=\"application\/ld+json\" class=\"yoast-schema-graph\">{\"@context\":\"https:\/\/schema.org\",\"@graph\":[{\"@type\":\"Article\",\"@id\":\"https:\/\/www.ffpassau.de\/ilzstadt\/2017\/03\/06\/jahreshauptversammlung-beim-loeschzug-ilzstadt-neue-vorstandschaft-gewaehlt-ausbildungshotspot-in-der-stadt-passau\/#article\",\"isPartOf\":{\"@id\":\"https:\/\/www.ffpassau.de\/ilzstadt\/2017\/03\/06\/jahreshauptversammlung-beim-loeschzug-ilzstadt-neue-vorstandschaft-gewaehlt-ausbildungshotspot-in-der-stadt-passau\/\"},\"author\":{\"name\":\"\",\"@id\":\"\"},\"headline\":\"Jahreshauptversammlung beim L\u00f6schzug Ilzstadt &#8211; neue Vorstandschaft gew\u00e4hlt &#8211; Ausbildungshotspot in der Stadt Passau\",\"datePublished\":\"2017-03-06T20:31:09+00:00\",\"dateModified\":\"2020-03-21T21:02:20+00:00\",\"mainEntityOfPage\":{\"@id\":\"https:\/\/www.ffpassau.de\/ilzstadt\/2017\/03\/06\/jahreshauptversammlung-beim-loeschzug-ilzstadt-neue-vorstandschaft-gewaehlt-ausbildungshotspot-in-der-stadt-passau\/\"},\"wordCount\":861,\"commentCount\":0,\"publisher\":{\"@id\":\"https:\/\/www.ffpassau.de\/ilzstadt\/#organization\"},\"image\":{\"@id\":\"https:\/\/www.ffpassau.de\/ilzstadt\/2017\/03\/06\/jahreshauptversammlung-beim-loeschzug-ilzstadt-neue-vorstandschaft-gewaehlt-ausbildungshotspot-in-der-stadt-passau\/#primaryimage\"},\"thumbnailUrl\":\"https:\/\/www.ffpassau.de\/ilzstadt\/wp-content\/uploads\/sites\/3\/2020\/03\/Foto.jpg\",\"articleSection\":{\"1\":\"News\"},\"inLanguage\":\"de\",\"potentialAction\":[{\"@type\":\"CommentAction\",\"name\":\"Comment\",\"target\":[\"https:\/\/www.ffpassau.de\/ilzstadt\/2017\/03\/06\/jahreshauptversammlung-beim-loeschzug-ilzstadt-neue-vorstandschaft-gewaehlt-ausbildungshotspot-in-der-stadt-passau\/#respond\"]}]},{\"@type\":\"WebPage\",\"@id\":\"https:\/\/www.ffpassau.de\/ilzstadt\/2017\/03\/06\/jahreshauptversammlung-beim-loeschzug-ilzstadt-neue-vorstandschaft-gewaehlt-ausbildungshotspot-in-der-stadt-passau\/\",\"url\":\"https:\/\/www.ffpassau.de\/ilzstadt\/2017\/03\/06\/jahreshauptversammlung-beim-loeschzug-ilzstadt-neue-vorstandschaft-gewaehlt-ausbildungshotspot-in-der-stadt-passau\/\",\"name\":\"Jahreshauptversammlung beim L\u00f6schzug Ilzstadt - neue Vorstandschaft gew\u00e4hlt - Ausbildungshotspot in der Stadt Passau - Feuerwehr Passau - L\u00f6schzug Ilzstadt\",\"isPartOf\":{\"@id\":\"https:\/\/www.ffpassau.de\/ilzstadt\/#website\"},\"primaryImageOfPage\":{\"@id\":\"https:\/\/www.ffpassau.de\/ilzstadt\/2017\/03\/06\/jahreshauptversammlung-beim-loeschzug-ilzstadt-neue-vorstandschaft-gewaehlt-ausbildungshotspot-in-der-stadt-passau\/#primaryimage\"},\"image\":{\"@id\":\"https:\/\/www.ffpassau.de\/ilzstadt\/2017\/03\/06\/jahreshauptversammlung-beim-loeschzug-ilzstadt-neue-vorstandschaft-gewaehlt-ausbildungshotspot-in-der-stadt-passau\/#primaryimage\"},\"thumbnailUrl\":\"https:\/\/www.ffpassau.de\/ilzstadt\/wp-content\/uploads\/sites\/3\/2020\/03\/Foto.jpg\",\"datePublished\":\"2017-03-06T20:31:09+00:00\",\"dateModified\":\"2020-03-21T21:02:20+00:00\",\"breadcrumb\":{\"@id\":\"https:\/\/www.ffpassau.de\/ilzstadt\/2017\/03\/06\/jahreshauptversammlung-beim-loeschzug-ilzstadt-neue-vorstandschaft-gewaehlt-ausbildungshotspot-in-der-stadt-passau\/#breadcrumb\"},\"inLanguage\":\"de\",\"potentialAction\":[{\"@type\":\"ReadAction\",\"target\":[\"https:\/\/www.ffpassau.de\/ilzstadt\/2017\/03\/06\/jahreshauptversammlung-beim-loeschzug-ilzstadt-neue-vorstandschaft-gewaehlt-ausbildungshotspot-in-der-stadt-passau\/\"]}]},{\"@type\":\"ImageObject\",\"inLanguage\":\"de\",\"@id\":\"https:\/\/www.ffpassau.de\/ilzstadt\/2017\/03\/06\/jahreshauptversammlung-beim-loeschzug-ilzstadt-neue-vorstandschaft-gewaehlt-ausbildungshotspot-in-der-stadt-passau\/#primaryimage\",\"url\":\"https:\/\/www.ffpassau.de\/ilzstadt\/wp-content\/uploads\/sites\/3\/2020\/03\/Foto.jpg\",\"contentUrl\":\"https:\/\/www.ffpassau.de\/ilzstadt\/wp-content\/uploads\/sites\/3\/2020\/03\/Foto.jpg\",\"width\":1620,\"height\":1080},{\"@type\":\"BreadcrumbList\",\"@id\":\"https:\/\/www.ffpassau.de\/ilzstadt\/2017\/03\/06\/jahreshauptversammlung-beim-loeschzug-ilzstadt-neue-vorstandschaft-gewaehlt-ausbildungshotspot-in-der-stadt-passau\/#breadcrumb\",\"itemListElement\":[{\"@type\":\"ListItem\",\"position\":1,\"name\":\"Startseite\",\"item\":\"https:\/\/www.ffpassau.de\/ilzstadt\/\"},{\"@type\":\"ListItem\",\"position\":2,\"name\":\"Jahreshauptversammlung beim L\u00f6schzug Ilzstadt &#8211; neue Vorstandschaft gew\u00e4hlt &#8211; Ausbildungshotspot in der Stadt Passau\"}]},{\"@type\":\"WebSite\",\"@id\":\"https:\/\/www.ffpassau.de\/ilzstadt\/#website\",\"url\":\"https:\/\/www.ffpassau.de\/ilzstadt\/\",\"name\":\"Feuerwehr Passau - L\u00f6schzug Ilztadt\",\"description\":\"\",\"publisher\":{\"@id\":\"https:\/\/www.ffpassau.de\/ilzstadt\/#organization\"},\"potentialAction\":[{\"@type\":\"SearchAction\",\"target\":{\"@type\":\"EntryPoint\",\"urlTemplate\":\"https:\/\/www.ffpassau.de\/ilzstadt\/?s={search_term_string}\"},\"query-input\":{\"@type\":\"PropertyValueSpecification\",\"valueRequired\":true,\"valueName\":\"search_term_string\"}}],\"inLanguage\":\"de\"},{\"@type\":\"Organization\",\"@id\":\"https:\/\/www.ffpassau.de\/ilzstadt\/#organization\",\"name\":\"Feuerwehr Passau - L\u00f6schzug Ilztadt\",\"url\":\"https:\/\/www.ffpassau.de\/ilzstadt\/\",\"logo\":{\"@type\":\"ImageObject\",\"inLanguage\":\"de\",\"@id\":\"https:\/\/www.ffpassau.de\/ilzstadt\/#\/schema\/logo\/image\/\",\"url\":\"https:\/\/www.ffpassau.de\/ilzstadt\/wp-content\/uploads\/sites\/3\/2020\/02\/lz_ilzstadt_logo.svg\",\"contentUrl\":\"https:\/\/www.ffpassau.de\/ilzstadt\/wp-content\/uploads\/sites\/3\/2020\/02\/lz_ilzstadt_logo.svg\",\"width\":1,\"height\":1,\"caption\":\"Feuerwehr Passau - L\u00f6schzug Ilztadt\"},\"image\":{\"@id\":\"https:\/\/www.ffpassau.de\/ilzstadt\/#\/schema\/logo\/image\/\"}},{\"@type\":\"Person\",\"@id\":\"\",\"url\":\"https:\/\/www.ffpassau.de\/ilzstadt\/author\/\"}]}<\/script>\n<!-- \/ Yoast SEO plugin. -->","yoast_head_json":{"title":"Jahreshauptversammlung beim L\u00f6schzug Ilzstadt - neue Vorstandschaft gew\u00e4hlt - Ausbildungshotspot in der Stadt Passau - Feuerwehr Passau - L\u00f6schzug Ilzstadt","robots":{"index":"index","follow":"follow","max-snippet":"max-snippet:-1","max-image-preview":"max-image-preview:large","max-video-preview":"max-video-preview:-1"},"canonical":"https:\/\/www.ffpassau.de\/ilzstadt\/2017\/03\/06\/jahreshauptversammlung-beim-loeschzug-ilzstadt-neue-vorstandschaft-gewaehlt-ausbildungshotspot-in-der-stadt-passau\/","og_locale":"de_DE","og_type":"article","og_title":"Jahreshauptversammlung beim L\u00f6schzug Ilzstadt - neue Vorstandschaft gew\u00e4hlt - Ausbildungshotspot in der Stadt Passau - Feuerwehr Passau - L\u00f6schzug Ilzstadt","og_description":"Vorsitzender Thomas Sittinger konnte vor vollem Haus die Jahreshauptversammlung des L\u00f6schzug Ilzstadt e.V. er\u00f6ffnen und gleich zu Beginn beeindruckende Zahlen pr\u00e4sentieren. Die Mitgliederentwicklung geht stetig bergauf und so konnte der, erst 2001 gegr\u00fcndete Verein, im Berichtsjahr sein 100 Mitglied aufnehmen. Auch Interims-Kassier Manfred Nowak konnte der Versammlung einen sehr guten finanziellen Grundstock pr\u00e4sentieren. Zudem war der Verein bei vielen Repr\u00e4sentationen aktiv, kurbelte aktiv die Mitgliedergewinnung an und bescherte den Mitgliedern viele sch\u00f6ne Stunden als Dankesch\u00f6n f\u00fcr die geleistete Arbeit. Zugf\u00fchrer Florian Emmer konnte auf 111 Eins\u00e4tze (8 Br\u00e4nde, 61 technische Hilfeleistungen, 6 Fehlalarmierungen, 36 Sicherheitswachen) zur\u00fcckblicken, die die 34 aktiven Mitglieder abarbeiteten. &#8222;In Erinnerung sind dabei sicherlich die beiden gr\u00f6\u00dferen Br\u00e4nde im Schutzgebiet, n\u00e4mlich im Probsteigeb\u00e4ude neben der Salvatorkirche und am goldenen Steig geblieben. Aber nat\u00fcrlich auch die Sturmnacht im August, die innerhalb einer halben Stunde Arbeit f\u00fcr mehrere Tage [&hellip;]","og_url":"https:\/\/www.ffpassau.de\/ilzstadt\/2017\/03\/06\/jahreshauptversammlung-beim-loeschzug-ilzstadt-neue-vorstandschaft-gewaehlt-ausbildungshotspot-in-der-stadt-passau\/","og_site_name":"Feuerwehr Passau - L\u00f6schzug Ilzstadt","article_published_time":"2017-03-06T20:31:09+00:00","article_modified_time":"2020-03-21T21:02:20+00:00","og_image":[{"width":1620,"height":1080,"url":"https:\/\/www.ffpassau.de\/ilzstadt\/wp-content\/uploads\/sites\/3\/2020\/03\/Foto.jpg","type":"image\/jpeg"}],"twitter_card":"summary_large_image","twitter_misc":{"Verfasst von":"","Gesch\u00e4tzte Lesezeit":"4\u00a0Minuten"},"schema":{"@context":"https:\/\/schema.org","@graph":[{"@type":"Article","@id":"https:\/\/www.ffpassau.de\/ilzstadt\/2017\/03\/06\/jahreshauptversammlung-beim-loeschzug-ilzstadt-neue-vorstandschaft-gewaehlt-ausbildungshotspot-in-der-stadt-passau\/#article","isPartOf":{"@id":"https:\/\/www.ffpassau.de\/ilzstadt\/2017\/03\/06\/jahreshauptversammlung-beim-loeschzug-ilzstadt-neue-vorstandschaft-gewaehlt-ausbildungshotspot-in-der-stadt-passau\/"},"author":{"name":"","@id":""},"headline":"Jahreshauptversammlung beim L\u00f6schzug Ilzstadt &#8211; neue Vorstandschaft gew\u00e4hlt &#8211; Ausbildungshotspot in der Stadt Passau","datePublished":"2017-03-06T20:31:09+00:00","dateModified":"2020-03-21T21:02:20+00:00","mainEntityOfPage":{"@id":"https:\/\/www.ffpassau.de\/ilzstadt\/2017\/03\/06\/jahreshauptversammlung-beim-loeschzug-ilzstadt-neue-vorstandschaft-gewaehlt-ausbildungshotspot-in-der-stadt-passau\/"},"wordCount":861,"commentCount":0,"publisher":{"@id":"https:\/\/www.ffpassau.de\/ilzstadt\/#organization"},"image":{"@id":"https:\/\/www.ffpassau.de\/ilzstadt\/2017\/03\/06\/jahreshauptversammlung-beim-loeschzug-ilzstadt-neue-vorstandschaft-gewaehlt-ausbildungshotspot-in-der-stadt-passau\/#primaryimage"},"thumbnailUrl":"https:\/\/www.ffpassau.de\/ilzstadt\/wp-content\/uploads\/sites\/3\/2020\/03\/Foto.jpg","articleSection":{"1":"News"},"inLanguage":"de","potentialAction":[{"@type":"CommentAction","name":"Comment","target":["https:\/\/www.ffpassau.de\/ilzstadt\/2017\/03\/06\/jahreshauptversammlung-beim-loeschzug-ilzstadt-neue-vorstandschaft-gewaehlt-ausbildungshotspot-in-der-stadt-passau\/#respond"]}]},{"@type":"WebPage","@id":"https:\/\/www.ffpassau.de\/ilzstadt\/2017\/03\/06\/jahreshauptversammlung-beim-loeschzug-ilzstadt-neue-vorstandschaft-gewaehlt-ausbildungshotspot-in-der-stadt-passau\/","url":"https:\/\/www.ffpassau.de\/ilzstadt\/2017\/03\/06\/jahreshauptversammlung-beim-loeschzug-ilzstadt-neue-vorstandschaft-gewaehlt-ausbildungshotspot-in-der-stadt-passau\/","name":"Jahreshauptversammlung beim L\u00f6schzug Ilzstadt - neue Vorstandschaft gew\u00e4hlt - Ausbildungshotspot in der Stadt Passau - Feuerwehr Passau - L\u00f6schzug Ilzstadt","isPartOf":{"@id":"https:\/\/www.ffpassau.de\/ilzstadt\/#website"},"primaryImageOfPage":{"@id":"https:\/\/www.ffpassau.de\/ilzstadt\/2017\/03\/06\/jahreshauptversammlung-beim-loeschzug-ilzstadt-neue-vorstandschaft-gewaehlt-ausbildungshotspot-in-der-stadt-passau\/#primaryimage"},"image":{"@id":"https:\/\/www.ffpassau.de\/ilzstadt\/2017\/03\/06\/jahreshauptversammlung-beim-loeschzug-ilzstadt-neue-vorstandschaft-gewaehlt-ausbildungshotspot-in-der-stadt-passau\/#primaryimage"},"thumbnailUrl":"https:\/\/www.ffpassau.de\/ilzstadt\/wp-content\/uploads\/sites\/3\/2020\/03\/Foto.jpg","datePublished":"2017-03-06T20:31:09+00:00","dateModified":"2020-03-21T21:02:20+00:00","breadcrumb":{"@id":"https:\/\/www.ffpassau.de\/ilzstadt\/2017\/03\/06\/jahreshauptversammlung-beim-loeschzug-ilzstadt-neue-vorstandschaft-gewaehlt-ausbildungshotspot-in-der-stadt-passau\/#breadcrumb"},"inLanguage":"de","potentialAction":[{"@type":"ReadAction","target":["https:\/\/www.ffpassau.de\/ilzstadt\/2017\/03\/06\/jahreshauptversammlung-beim-loeschzug-ilzstadt-neue-vorstandschaft-gewaehlt-ausbildungshotspot-in-der-stadt-passau\/"]}]},{"@type":"ImageObject","inLanguage":"de","@id":"https:\/\/www.ffpassau.de\/ilzstadt\/2017\/03\/06\/jahreshauptversammlung-beim-loeschzug-ilzstadt-neue-vorstandschaft-gewaehlt-ausbildungshotspot-in-der-stadt-passau\/#primaryimage","url":"https:\/\/www.ffpassau.de\/ilzstadt\/wp-content\/uploads\/sites\/3\/2020\/03\/Foto.jpg","contentUrl":"https:\/\/www.ffpassau.de\/ilzstadt\/wp-content\/uploads\/sites\/3\/2020\/03\/Foto.jpg","width":1620,"height":1080},{"@type":"BreadcrumbList","@id":"https:\/\/www.ffpassau.de\/ilzstadt\/2017\/03\/06\/jahreshauptversammlung-beim-loeschzug-ilzstadt-neue-vorstandschaft-gewaehlt-ausbildungshotspot-in-der-stadt-passau\/#breadcrumb","itemListElement":[{"@type":"ListItem","position":1,"name":"Startseite","item":"https:\/\/www.ffpassau.de\/ilzstadt\/"},{"@type":"ListItem","position":2,"name":"Jahreshauptversammlung beim L\u00f6schzug Ilzstadt &#8211; neue Vorstandschaft gew\u00e4hlt &#8211; Ausbildungshotspot in der Stadt Passau"}]},{"@type":"WebSite","@id":"https:\/\/www.ffpassau.de\/ilzstadt\/#website","url":"https:\/\/www.ffpassau.de\/ilzstadt\/","name":"Feuerwehr Passau - L\u00f6schzug Ilztadt","description":"","publisher":{"@id":"https:\/\/www.ffpassau.de\/ilzstadt\/#organization"},"potentialAction":[{"@type":"SearchAction","target":{"@type":"EntryPoint","urlTemplate":"https:\/\/www.ffpassau.de\/ilzstadt\/?s={search_term_string}"},"query-input":{"@type":"PropertyValueSpecification","valueRequired":true,"valueName":"search_term_string"}}],"inLanguage":"de"},{"@type":"Organization","@id":"https:\/\/www.ffpassau.de\/ilzstadt\/#organization","name":"Feuerwehr Passau - L\u00f6schzug Ilztadt","url":"https:\/\/www.ffpassau.de\/ilzstadt\/","logo":{"@type":"ImageObject","inLanguage":"de","@id":"https:\/\/www.ffpassau.de\/ilzstadt\/#\/schema\/logo\/image\/","url":"https:\/\/www.ffpassau.de\/ilzstadt\/wp-content\/uploads\/sites\/3\/2020\/02\/lz_ilzstadt_logo.svg","contentUrl":"https:\/\/www.ffpassau.de\/ilzstadt\/wp-content\/uploads\/sites\/3\/2020\/02\/lz_ilzstadt_logo.svg","width":1,"height":1,"caption":"Feuerwehr Passau - L\u00f6schzug Ilztadt"},"image":{"@id":"https:\/\/www.ffpassau.de\/ilzstadt\/#\/schema\/logo\/image\/"}},{"@type":"Person","@id":"","url":"https:\/\/www.ffpassau.de\/ilzstadt\/author\/"}]}},"_links":{"self":[{"href":"https:\/\/www.ffpassau.de\/ilzstadt\/wp-json\/wp\/v2\/posts\/187","targetHints":{"allow":["GET"]}}],"collection":[{"href":"https:\/\/www.ffpassau.de\/ilzstadt\/wp-json\/wp\/v2\/posts"}],"about":[{"href":"https:\/\/www.ffpassau.de\/ilzstadt\/wp-json\/wp\/v2\/types\/post"}],"author":[{"embeddable":true,"href":"https:\/\/www.ffpassau.de\/ilzstadt\/wp-json\/wp\/v2\/users\/22"}],"replies":[{"embeddable":true,"href":"https:\/\/www.ffpassau.de\/ilzstadt\/wp-json\/wp\/v2\/comments?post=187"}],"version-history":[{"count":1,"href":"https:\/\/www.ffpassau.de\/ilzstadt\/wp-json\/wp\/v2\/posts\/187\/revisions"}],"predecessor-version":[{"id":189,"href":"https:\/\/www.ffpassau.de\/ilzstadt\/wp-json\/wp\/v2\/posts\/187\/revisions\/189"}],"wp:featuredmedia":[{"embeddable":true,"href":"https:\/\/www.ffpassau.de\/ilzstadt\/wp-json\/wp\/v2\/media\/188"}],"wp:attachment":[{"href":"https:\/\/www.ffpassau.de\/ilzstadt\/wp-json\/wp\/v2\/media?parent=187"}],"wp:term":[{"taxonomy":"category","embeddable":true,"href":"https:\/\/www.ffpassau.de\/ilzstadt\/wp-json\/wp\/v2\/categories?post=187"},{"taxonomy":"post_tag","embeddable":true,"href":"https:\/\/www.ffpassau.de\/ilzstadt\/wp-json\/wp\/v2\/tags?post=187"}],"curies":[{"name":"wp","href":"https:\/\/api.w.org\/{rel}","templated":true}]}}