{"id":190,"date":"2016-11-20T21:32:41","date_gmt":"2016-11-20T20:32:41","guid":{"rendered":"https:\/\/www.ffpassau.de\/ilzstadt\/?p=190"},"modified":"2020-03-22T20:03:10","modified_gmt":"2020-03-22T19:03:10","slug":"schafkopfturnier-beim-loeschzug-ilzstadt","status":"publish","type":"post","link":"https:\/\/www.ffpassau.de\/ilzstadt\/2016\/11\/20\/schafkopfturnier-beim-loeschzug-ilzstadt\/","title":{"rendered":"Schafkopfturnier beim L\u00f6schzug Ilzstadt"},"content":{"rendered":"<p>Wieder einmal luden die Kameraden des L\u00f6schzugs Ilzstadt zum Schafkopfturnier ins Feuerwehrhaus. Die 40 Teilnehmerpl\u00e4tze f\u00fcllten sich sehr schnell und Zugf\u00fchrer Florian Emmer freute sich, die Stadtr\u00e4te Armin Dickl und Oskar Atzinger, Margot Haider von der Abt. Brand- und Katastrophenschutz des Ordnungsamtes, Polizeidirektor Stefan Schillinger als Beh\u00f6rdenve<span class=\"text_exposed_show\">rtreter, sowie Feuerwehrkameraden aus der Hauptwache, aus Hacklberg und der Werkfeuerwehr der ZF begr\u00fc\u00dfen zu d\u00fcrfen. Einen besonderen Applaus bekamen die Feuerwehrkameraden der FF Gern, die j\u00e4hrlich seit dem Hochwasser aus dem Landkreis Rottal-Inn anreisen.<br \/>\nNach dreimal 20 Spielen konnten die Sieger bekannt gegeben werden. Dabei durfte Turnierleiter Josef K\u00f6ck dem Sieger Mario Wensauer gratulieren, der sich sehr knapp vor seinen Bruder Marco Wensauer durchsetzte. Auf Platz 3 landete Anna Edlbauer, aktive Feuerwehrfrau beim L\u00f6schzug Ilzstadt.<br \/>\nEin besonderer Dank gilt allen Unterst\u00fctzern und Sponsoren des Turniers, die mit ihre Mithilfe bzw. ihren Sachpreisen das Turnier erst m\u00f6glich machen.<\/span><\/p>\n","protected":false},"excerpt":{"rendered":"<p>Wieder einmal luden die Kameraden des L\u00f6schzugs Ilzstadt zum Schafkopfturnier ins Feuerwehrhaus. Die 40 Teilnehmerpl\u00e4tze f\u00fcllten sich sehr schnell und Zugf\u00fchrer Florian Emmer freute sich, die Stadtr\u00e4te Armin Dickl und Oskar Atzinger, Margot Haider von der Abt. Brand- und Katastrophenschutz des Ordnungsamtes, Polizeidirektor Stefan Schillinger als Beh\u00f6rdenvertreter, sowie Feuerwehrkameraden aus der Hauptwache, aus Hacklberg und der Werkfeuerwehr der ZF begr\u00fc\u00dfen zu d\u00fcrfen. Einen besonderen Applaus bekamen die Feuerwehrkameraden der FF Gern, die j\u00e4hrlich seit dem Hochwasser aus dem Landkreis Rottal-Inn anreisen. Nach dreimal 20 Spielen konnten die Sieger bekannt gegeben werden. Dabei durfte Turnierleiter Josef K\u00f6ck dem Sieger Mario Wensauer gratulieren, der sich sehr knapp vor seinen Bruder Marco Wensauer durchsetzte. Auf Platz 3 landete Anna Edlbauer, aktive Feuerwehrfrau beim L\u00f6schzug Ilzstadt. Ein besonderer Dank gilt allen Unterst\u00fctzern und Sponsoren des Turniers, die mit ihre Mithilfe bzw. ihren Sachpreisen das [&hellip;]<\/p>\n","protected":false},"author":22,"featured_media":191,"comment_status":"open","ping_status":"open","sticky":false,"template":"","format":"standard","meta":{"footnotes":""},"categories":[1,7],"tags":[],"class_list":["post-190","post","type-post","status-publish","format-standard","has-post-thumbnail","hentry","category-allgemein","category-news"],"yoast_head":"<!-- This site is optimized with the Yoast SEO plugin v24.3 - https:\/\/yoast.com\/wordpress\/plugins\/seo\/ -->\n<title>Schafkopfturnier beim L\u00f6schzug Ilzstadt - Feuerwehr Passau - L\u00f6schzug Ilzstadt<\/title>\n<meta name=\"robots\" content=\"index, follow, max-snippet:-1, max-image-preview:large, max-video-preview:-1\" \/>\n<link rel=\"canonical\" href=\"https:\/\/www.ffpassau.de\/ilzstadt\/2016\/11\/20\/schafkopfturnier-beim-loeschzug-ilzstadt\/\" \/>\n<meta property=\"og:locale\" content=\"de_DE\" \/>\n<meta property=\"og:type\" content=\"article\" \/>\n<meta property=\"og:title\" content=\"Schafkopfturnier beim L\u00f6schzug Ilzstadt - Feuerwehr Passau - L\u00f6schzug Ilzstadt\" \/>\n<meta property=\"og:description\" content=\"Wieder einmal luden die Kameraden des L\u00f6schzugs Ilzstadt zum Schafkopfturnier ins Feuerwehrhaus. Die 40 Teilnehmerpl\u00e4tze f\u00fcllten sich sehr schnell und Zugf\u00fchrer Florian Emmer freute sich, die Stadtr\u00e4te Armin Dickl und Oskar Atzinger, Margot Haider von der Abt. Brand- und Katastrophenschutz des Ordnungsamtes, Polizeidirektor Stefan Schillinger als Beh\u00f6rdenvertreter, sowie Feuerwehrkameraden aus der Hauptwache, aus Hacklberg und der Werkfeuerwehr der ZF begr\u00fc\u00dfen zu d\u00fcrfen. Einen besonderen Applaus bekamen die Feuerwehrkameraden der FF Gern, die j\u00e4hrlich seit dem Hochwasser aus dem Landkreis Rottal-Inn anreisen. Nach dreimal 20 Spielen konnten die Sieger bekannt gegeben werden. Dabei durfte Turnierleiter Josef K\u00f6ck dem Sieger Mario Wensauer gratulieren, der sich sehr knapp vor seinen Bruder Marco Wensauer durchsetzte. Auf Platz 3 landete Anna Edlbauer, aktive Feuerwehrfrau beim L\u00f6schzug Ilzstadt. Ein besonderer Dank gilt allen Unterst\u00fctzern und Sponsoren des Turniers, die mit ihre Mithilfe bzw. ihren Sachpreisen das [&hellip;]\" \/>\n<meta property=\"og:url\" content=\"https:\/\/www.ffpassau.de\/ilzstadt\/2016\/11\/20\/schafkopfturnier-beim-loeschzug-ilzstadt\/\" \/>\n<meta property=\"og:site_name\" content=\"Feuerwehr Passau - L\u00f6schzug Ilzstadt\" \/>\n<meta property=\"article:published_time\" content=\"2016-11-20T20:32:41+00:00\" \/>\n<meta property=\"article:modified_time\" content=\"2020-03-22T19:03:10+00:00\" \/>\n<meta property=\"og:image\" content=\"https:\/\/www.ffpassau.de\/ilzstadt\/wp-content\/uploads\/sites\/3\/2020\/03\/Schafkopf.jpg\" \/>\n\t<meta property=\"og:image:width\" content=\"960\" \/>\n\t<meta property=\"og:image:height\" content=\"960\" \/>\n\t<meta property=\"og:image:type\" content=\"image\/jpeg\" \/>\n<meta name=\"twitter:card\" content=\"summary_large_image\" \/>\n<meta name=\"twitter:label1\" content=\"Verfasst von\" \/>\n\t<meta name=\"twitter:data1\" content=\"\" \/>\n\t<meta name=\"twitter:label2\" content=\"Gesch\u00e4tzte Lesezeit\" \/>\n\t<meta name=\"twitter:data2\" content=\"1\u00a0Minute\" \/>\n<script type=\"application\/ld+json\" class=\"yoast-schema-graph\">{\"@context\":\"https:\/\/schema.org\",\"@graph\":[{\"@type\":\"Article\",\"@id\":\"https:\/\/www.ffpassau.de\/ilzstadt\/2016\/11\/20\/schafkopfturnier-beim-loeschzug-ilzstadt\/#article\",\"isPartOf\":{\"@id\":\"https:\/\/www.ffpassau.de\/ilzstadt\/2016\/11\/20\/schafkopfturnier-beim-loeschzug-ilzstadt\/\"},\"author\":{\"name\":\"\",\"@id\":\"\"},\"headline\":\"Schafkopfturnier beim L\u00f6schzug Ilzstadt\",\"datePublished\":\"2016-11-20T20:32:41+00:00\",\"dateModified\":\"2020-03-22T19:03:10+00:00\",\"mainEntityOfPage\":{\"@id\":\"https:\/\/www.ffpassau.de\/ilzstadt\/2016\/11\/20\/schafkopfturnier-beim-loeschzug-ilzstadt\/\"},\"wordCount\":159,\"commentCount\":0,\"publisher\":{\"@id\":\"https:\/\/www.ffpassau.de\/ilzstadt\/#organization\"},\"image\":{\"@id\":\"https:\/\/www.ffpassau.de\/ilzstadt\/2016\/11\/20\/schafkopfturnier-beim-loeschzug-ilzstadt\/#primaryimage\"},\"thumbnailUrl\":\"https:\/\/www.ffpassau.de\/ilzstadt\/wp-content\/uploads\/sites\/3\/2020\/03\/Schafkopf.jpg\",\"articleSection\":{\"1\":\"News\"},\"inLanguage\":\"de\",\"potentialAction\":[{\"@type\":\"CommentAction\",\"name\":\"Comment\",\"target\":[\"https:\/\/www.ffpassau.de\/ilzstadt\/2016\/11\/20\/schafkopfturnier-beim-loeschzug-ilzstadt\/#respond\"]}]},{\"@type\":\"WebPage\",\"@id\":\"https:\/\/www.ffpassau.de\/ilzstadt\/2016\/11\/20\/schafkopfturnier-beim-loeschzug-ilzstadt\/\",\"url\":\"https:\/\/www.ffpassau.de\/ilzstadt\/2016\/11\/20\/schafkopfturnier-beim-loeschzug-ilzstadt\/\",\"name\":\"Schafkopfturnier beim L\u00f6schzug Ilzstadt - Feuerwehr Passau - L\u00f6schzug Ilzstadt\",\"isPartOf\":{\"@id\":\"https:\/\/www.ffpassau.de\/ilzstadt\/#website\"},\"primaryImageOfPage\":{\"@id\":\"https:\/\/www.ffpassau.de\/ilzstadt\/2016\/11\/20\/schafkopfturnier-beim-loeschzug-ilzstadt\/#primaryimage\"},\"image\":{\"@id\":\"https:\/\/www.ffpassau.de\/ilzstadt\/2016\/11\/20\/schafkopfturnier-beim-loeschzug-ilzstadt\/#primaryimage\"},\"thumbnailUrl\":\"https:\/\/www.ffpassau.de\/ilzstadt\/wp-content\/uploads\/sites\/3\/2020\/03\/Schafkopf.jpg\",\"datePublished\":\"2016-11-20T20:32:41+00:00\",\"dateModified\":\"2020-03-22T19:03:10+00:00\",\"breadcrumb\":{\"@id\":\"https:\/\/www.ffpassau.de\/ilzstadt\/2016\/11\/20\/schafkopfturnier-beim-loeschzug-ilzstadt\/#breadcrumb\"},\"inLanguage\":\"de\",\"potentialAction\":[{\"@type\":\"ReadAction\",\"target\":[\"https:\/\/www.ffpassau.de\/ilzstadt\/2016\/11\/20\/schafkopfturnier-beim-loeschzug-ilzstadt\/\"]}]},{\"@type\":\"ImageObject\",\"inLanguage\":\"de\",\"@id\":\"https:\/\/www.ffpassau.de\/ilzstadt\/2016\/11\/20\/schafkopfturnier-beim-loeschzug-ilzstadt\/#primaryimage\",\"url\":\"https:\/\/www.ffpassau.de\/ilzstadt\/wp-content\/uploads\/sites\/3\/2020\/03\/Schafkopf.jpg\",\"contentUrl\":\"https:\/\/www.ffpassau.de\/ilzstadt\/wp-content\/uploads\/sites\/3\/2020\/03\/Schafkopf.jpg\",\"width\":960,\"height\":960},{\"@type\":\"BreadcrumbList\",\"@id\":\"https:\/\/www.ffpassau.de\/ilzstadt\/2016\/11\/20\/schafkopfturnier-beim-loeschzug-ilzstadt\/#breadcrumb\",\"itemListElement\":[{\"@type\":\"ListItem\",\"position\":1,\"name\":\"Startseite\",\"item\":\"https:\/\/www.ffpassau.de\/ilzstadt\/\"},{\"@type\":\"ListItem\",\"position\":2,\"name\":\"Schafkopfturnier beim L\u00f6schzug Ilzstadt\"}]},{\"@type\":\"WebSite\",\"@id\":\"https:\/\/www.ffpassau.de\/ilzstadt\/#website\",\"url\":\"https:\/\/www.ffpassau.de\/ilzstadt\/\",\"name\":\"Feuerwehr Passau - L\u00f6schzug Ilztadt\",\"description\":\"\",\"publisher\":{\"@id\":\"https:\/\/www.ffpassau.de\/ilzstadt\/#organization\"},\"potentialAction\":[{\"@type\":\"SearchAction\",\"target\":{\"@type\":\"EntryPoint\",\"urlTemplate\":\"https:\/\/www.ffpassau.de\/ilzstadt\/?s={search_term_string}\"},\"query-input\":{\"@type\":\"PropertyValueSpecification\",\"valueRequired\":true,\"valueName\":\"search_term_string\"}}],\"inLanguage\":\"de\"},{\"@type\":\"Organization\",\"@id\":\"https:\/\/www.ffpassau.de\/ilzstadt\/#organization\",\"name\":\"Feuerwehr Passau - L\u00f6schzug Ilztadt\",\"url\":\"https:\/\/www.ffpassau.de\/ilzstadt\/\",\"logo\":{\"@type\":\"ImageObject\",\"inLanguage\":\"de\",\"@id\":\"https:\/\/www.ffpassau.de\/ilzstadt\/#\/schema\/logo\/image\/\",\"url\":\"https:\/\/www.ffpassau.de\/ilzstadt\/wp-content\/uploads\/sites\/3\/2020\/02\/lz_ilzstadt_logo.svg\",\"contentUrl\":\"https:\/\/www.ffpassau.de\/ilzstadt\/wp-content\/uploads\/sites\/3\/2020\/02\/lz_ilzstadt_logo.svg\",\"width\":1,\"height\":1,\"caption\":\"Feuerwehr Passau - L\u00f6schzug Ilztadt\"},\"image\":{\"@id\":\"https:\/\/www.ffpassau.de\/ilzstadt\/#\/schema\/logo\/image\/\"}},{\"@type\":\"Person\",\"@id\":\"\",\"url\":\"https:\/\/www.ffpassau.de\/ilzstadt\/author\/\"}]}<\/script>\n<!-- \/ Yoast SEO plugin. -->","yoast_head_json":{"title":"Schafkopfturnier beim L\u00f6schzug Ilzstadt - Feuerwehr Passau - L\u00f6schzug Ilzstadt","robots":{"index":"index","follow":"follow","max-snippet":"max-snippet:-1","max-image-preview":"max-image-preview:large","max-video-preview":"max-video-preview:-1"},"canonical":"https:\/\/www.ffpassau.de\/ilzstadt\/2016\/11\/20\/schafkopfturnier-beim-loeschzug-ilzstadt\/","og_locale":"de_DE","og_type":"article","og_title":"Schafkopfturnier beim L\u00f6schzug Ilzstadt - Feuerwehr Passau - L\u00f6schzug Ilzstadt","og_description":"Wieder einmal luden die Kameraden des L\u00f6schzugs Ilzstadt zum Schafkopfturnier ins Feuerwehrhaus. Die 40 Teilnehmerpl\u00e4tze f\u00fcllten sich sehr schnell und Zugf\u00fchrer Florian Emmer freute sich, die Stadtr\u00e4te Armin Dickl und Oskar Atzinger, Margot Haider von der Abt. Brand- und Katastrophenschutz des Ordnungsamtes, Polizeidirektor Stefan Schillinger als Beh\u00f6rdenvertreter, sowie Feuerwehrkameraden aus der Hauptwache, aus Hacklberg und der Werkfeuerwehr der ZF begr\u00fc\u00dfen zu d\u00fcrfen. Einen besonderen Applaus bekamen die Feuerwehrkameraden der FF Gern, die j\u00e4hrlich seit dem Hochwasser aus dem Landkreis Rottal-Inn anreisen. Nach dreimal 20 Spielen konnten die Sieger bekannt gegeben werden. Dabei durfte Turnierleiter Josef K\u00f6ck dem Sieger Mario Wensauer gratulieren, der sich sehr knapp vor seinen Bruder Marco Wensauer durchsetzte. Auf Platz 3 landete Anna Edlbauer, aktive Feuerwehrfrau beim L\u00f6schzug Ilzstadt. Ein besonderer Dank gilt allen Unterst\u00fctzern und Sponsoren des Turniers, die mit ihre Mithilfe bzw. ihren Sachpreisen das [&hellip;]","og_url":"https:\/\/www.ffpassau.de\/ilzstadt\/2016\/11\/20\/schafkopfturnier-beim-loeschzug-ilzstadt\/","og_site_name":"Feuerwehr Passau - L\u00f6schzug Ilzstadt","article_published_time":"2016-11-20T20:32:41+00:00","article_modified_time":"2020-03-22T19:03:10+00:00","og_image":[{"width":960,"height":960,"url":"https:\/\/www.ffpassau.de\/ilzstadt\/wp-content\/uploads\/sites\/3\/2020\/03\/Schafkopf.jpg","type":"image\/jpeg"}],"twitter_card":"summary_large_image","twitter_misc":{"Verfasst von":"","Gesch\u00e4tzte Lesezeit":"1\u00a0Minute"},"schema":{"@context":"https:\/\/schema.org","@graph":[{"@type":"Article","@id":"https:\/\/www.ffpassau.de\/ilzstadt\/2016\/11\/20\/schafkopfturnier-beim-loeschzug-ilzstadt\/#article","isPartOf":{"@id":"https:\/\/www.ffpassau.de\/ilzstadt\/2016\/11\/20\/schafkopfturnier-beim-loeschzug-ilzstadt\/"},"author":{"name":"","@id":""},"headline":"Schafkopfturnier beim L\u00f6schzug Ilzstadt","datePublished":"2016-11-20T20:32:41+00:00","dateModified":"2020-03-22T19:03:10+00:00","mainEntityOfPage":{"@id":"https:\/\/www.ffpassau.de\/ilzstadt\/2016\/11\/20\/schafkopfturnier-beim-loeschzug-ilzstadt\/"},"wordCount":159,"commentCount":0,"publisher":{"@id":"https:\/\/www.ffpassau.de\/ilzstadt\/#organization"},"image":{"@id":"https:\/\/www.ffpassau.de\/ilzstadt\/2016\/11\/20\/schafkopfturnier-beim-loeschzug-ilzstadt\/#primaryimage"},"thumbnailUrl":"https:\/\/www.ffpassau.de\/ilzstadt\/wp-content\/uploads\/sites\/3\/2020\/03\/Schafkopf.jpg","articleSection":{"1":"News"},"inLanguage":"de","potentialAction":[{"@type":"CommentAction","name":"Comment","target":["https:\/\/www.ffpassau.de\/ilzstadt\/2016\/11\/20\/schafkopfturnier-beim-loeschzug-ilzstadt\/#respond"]}]},{"@type":"WebPage","@id":"https:\/\/www.ffpassau.de\/ilzstadt\/2016\/11\/20\/schafkopfturnier-beim-loeschzug-ilzstadt\/","url":"https:\/\/www.ffpassau.de\/ilzstadt\/2016\/11\/20\/schafkopfturnier-beim-loeschzug-ilzstadt\/","name":"Schafkopfturnier beim L\u00f6schzug Ilzstadt - Feuerwehr Passau - L\u00f6schzug Ilzstadt","isPartOf":{"@id":"https:\/\/www.ffpassau.de\/ilzstadt\/#website"},"primaryImageOfPage":{"@id":"https:\/\/www.ffpassau.de\/ilzstadt\/2016\/11\/20\/schafkopfturnier-beim-loeschzug-ilzstadt\/#primaryimage"},"image":{"@id":"https:\/\/www.ffpassau.de\/ilzstadt\/2016\/11\/20\/schafkopfturnier-beim-loeschzug-ilzstadt\/#primaryimage"},"thumbnailUrl":"https:\/\/www.ffpassau.de\/ilzstadt\/wp-content\/uploads\/sites\/3\/2020\/03\/Schafkopf.jpg","datePublished":"2016-11-20T20:32:41+00:00","dateModified":"2020-03-22T19:03:10+00:00","breadcrumb":{"@id":"https:\/\/www.ffpassau.de\/ilzstadt\/2016\/11\/20\/schafkopfturnier-beim-loeschzug-ilzstadt\/#breadcrumb"},"inLanguage":"de","potentialAction":[{"@type":"ReadAction","target":["https:\/\/www.ffpassau.de\/ilzstadt\/2016\/11\/20\/schafkopfturnier-beim-loeschzug-ilzstadt\/"]}]},{"@type":"ImageObject","inLanguage":"de","@id":"https:\/\/www.ffpassau.de\/ilzstadt\/2016\/11\/20\/schafkopfturnier-beim-loeschzug-ilzstadt\/#primaryimage","url":"https:\/\/www.ffpassau.de\/ilzstadt\/wp-content\/uploads\/sites\/3\/2020\/03\/Schafkopf.jpg","contentUrl":"https:\/\/www.ffpassau.de\/ilzstadt\/wp-content\/uploads\/sites\/3\/2020\/03\/Schafkopf.jpg","width":960,"height":960},{"@type":"BreadcrumbList","@id":"https:\/\/www.ffpassau.de\/ilzstadt\/2016\/11\/20\/schafkopfturnier-beim-loeschzug-ilzstadt\/#breadcrumb","itemListElement":[{"@type":"ListItem","position":1,"name":"Startseite","item":"https:\/\/www.ffpassau.de\/ilzstadt\/"},{"@type":"ListItem","position":2,"name":"Schafkopfturnier beim L\u00f6schzug Ilzstadt"}]},{"@type":"WebSite","@id":"https:\/\/www.ffpassau.de\/ilzstadt\/#website","url":"https:\/\/www.ffpassau.de\/ilzstadt\/","name":"Feuerwehr Passau - L\u00f6schzug Ilztadt","description":"","publisher":{"@id":"https:\/\/www.ffpassau.de\/ilzstadt\/#organization"},"potentialAction":[{"@type":"SearchAction","target":{"@type":"EntryPoint","urlTemplate":"https:\/\/www.ffpassau.de\/ilzstadt\/?s={search_term_string}"},"query-input":{"@type":"PropertyValueSpecification","valueRequired":true,"valueName":"search_term_string"}}],"inLanguage":"de"},{"@type":"Organization","@id":"https:\/\/www.ffpassau.de\/ilzstadt\/#organization","name":"Feuerwehr Passau - L\u00f6schzug Ilztadt","url":"https:\/\/www.ffpassau.de\/ilzstadt\/","logo":{"@type":"ImageObject","inLanguage":"de","@id":"https:\/\/www.ffpassau.de\/ilzstadt\/#\/schema\/logo\/image\/","url":"https:\/\/www.ffpassau.de\/ilzstadt\/wp-content\/uploads\/sites\/3\/2020\/02\/lz_ilzstadt_logo.svg","contentUrl":"https:\/\/www.ffpassau.de\/ilzstadt\/wp-content\/uploads\/sites\/3\/2020\/02\/lz_ilzstadt_logo.svg","width":1,"height":1,"caption":"Feuerwehr Passau - L\u00f6schzug Ilztadt"},"image":{"@id":"https:\/\/www.ffpassau.de\/ilzstadt\/#\/schema\/logo\/image\/"}},{"@type":"Person","@id":"","url":"https:\/\/www.ffpassau.de\/ilzstadt\/author\/"}]}},"_links":{"self":[{"href":"https:\/\/www.ffpassau.de\/ilzstadt\/wp-json\/wp\/v2\/posts\/190","targetHints":{"allow":["GET"]}}],"collection":[{"href":"https:\/\/www.ffpassau.de\/ilzstadt\/wp-json\/wp\/v2\/posts"}],"about":[{"href":"https:\/\/www.ffpassau.de\/ilzstadt\/wp-json\/wp\/v2\/types\/post"}],"author":[{"embeddable":true,"href":"https:\/\/www.ffpassau.de\/ilzstadt\/wp-json\/wp\/v2\/users\/22"}],"replies":[{"embeddable":true,"href":"https:\/\/www.ffpassau.de\/ilzstadt\/wp-json\/wp\/v2\/comments?post=190"}],"version-history":[{"count":1,"href":"https:\/\/www.ffpassau.de\/ilzstadt\/wp-json\/wp\/v2\/posts\/190\/revisions"}],"predecessor-version":[{"id":192,"href":"https:\/\/www.ffpassau.de\/ilzstadt\/wp-json\/wp\/v2\/posts\/190\/revisions\/192"}],"wp:featuredmedia":[{"embeddable":true,"href":"https:\/\/www.ffpassau.de\/ilzstadt\/wp-json\/wp\/v2\/media\/191"}],"wp:attachment":[{"href":"https:\/\/www.ffpassau.de\/ilzstadt\/wp-json\/wp\/v2\/media?parent=190"}],"wp:term":[{"taxonomy":"category","embeddable":true,"href":"https:\/\/www.ffpassau.de\/ilzstadt\/wp-json\/wp\/v2\/categories?post=190"},{"taxonomy":"post_tag","embeddable":true,"href":"https:\/\/www.ffpassau.de\/ilzstadt\/wp-json\/wp\/v2\/tags?post=190"}],"curies":[{"name":"wp","href":"https:\/\/api.w.org\/{rel}","templated":true}]}}