{"id":193,"date":"2017-10-01T21:33:46","date_gmt":"2017-10-01T19:33:46","guid":{"rendered":"https:\/\/www.ffpassau.de\/ilzstadt\/?p=193"},"modified":"2020-03-23T19:48:46","modified_gmt":"2020-03-23T18:48:46","slug":"premiere-fuer-maschinistenlehrgang-in-passau","status":"publish","type":"post","link":"https:\/\/www.ffpassau.de\/ilzstadt\/2017\/10\/01\/premiere-fuer-maschinistenlehrgang-in-passau\/","title":{"rendered":"Premiere f\u00fcr Maschinistenlehrgang in Passau"},"content":{"rendered":"<p>Erstmals fand bei den Passauer Feuerwehren ein eigener Maschinistenlehrgang statt. Dabei wurde den Teilnehmern Manuel Towara (FF Gaissa), Wolfgang Aulinger, Markus Kollross, Daniel Wolf (alle FF Grubweg), Tobias Ammer (FF Hals), Marcel Schn\u00fcrch (FF Heining), Moritz Marsch, Hannes Wolff, Franziska Raith (alle Lz. Hauptwache), Veronika Dichtl, Corbinian Prinz von Bayern, Stefan Aufschl\u00e4ger und Florian Emmer (alle Lz. Ilzstadt) die wichtigsten Kenntnisse \u00fcber das Bedienen von Aggregaten, Pumpen und Entl\u00fcftungseinrichtungen vermittelt.<\/p>\n<p>Die Ausbilder Manfred Nowak, Fabian Probst, Thomas Sittinger, Alexander Breitenfellner, Stephan Breitenfellner, Andreas H\u00fchn, Christopher Craxton (alle Lz. Ilzstadt), Holger Hantschel-Winghart (Feuerwehrfachwerkst\u00e4tte) und Stadtbrandrat Dieter Schlegl setzten dabei das Konzept von Lehrgangsleiter David Stockbauer-Muhr (Lz. Ilzstadt) aus einem guten Mischung aus Theorie und Praxis sehr gut um. So konnte rund um die Wache Ilzstadt Wasser aus dem offenen Gew\u00e4sser &#8211; der Ilz &#8211; entnommen werden, genauso standen \u00dcber- und Unterflurhydranten, sowie eine L\u00f6schwasserzisterne auf dem Klosterberg zur Verf\u00fcgung. Durch den Aufbau einer Wasserf\u00f6rderung auf den Georgsberg konnten die Auswirkungen von H\u00f6henunterschied und Leitungsl\u00e4nge auf die Wasserf\u00f6rderung sehr plakativ veranschaulicht werden. Durch das \u00dcben an verschiedenen Fahrzeugen der Feuerwehren Hals, Grubweg, Hacklberg, Heining, Gaissa und der L\u00f6schz\u00fcge Hauptwache und Ilzstadt der FF Passau konnten auch technische Unterschiede und verschiedene Herangehensweisen ausprobiert werden.<\/p>\n<p>Bei der Organisation wurde auch besonders darauf geachtet, weiterhin kompatibel zum Landkreis zu bleiben. So ist es m\u00f6glich dass auch Nachholer aus dem Landkreis Passau an der Ausbildung in der Stadt Passau teilnehmen k\u00f6nnen und umgekehrt. Somit wird die enge Zusammenarbeit mit dem Landkreis im Bereich Maschinistenausbildung weiter fortgef\u00fchrt.<br \/>\nBereits bei diesem Lehrgang holte Kamerad Christoph Billler (FF Haselbach) den dritten Lehrgangstag in der Ilzstadt nach.<\/p>\n<p>Von den Teilnehmern gab es ein sehr positives Feedback, was den Wunsch diese Ausbildungsveranstaltung als feste Gr\u00f6\u00dfe innerhalb der Stadt Passau zu etablieren, nochmals best\u00e4rkte.<\/p>\n","protected":false},"excerpt":{"rendered":"<p>Erstmals fand bei den Passauer Feuerwehren ein eigener Maschinistenlehrgang statt. Dabei wurde den Teilnehmern Manuel Towara (FF Gaissa), Wolfgang Aulinger, Markus Kollross, Daniel Wolf (alle FF Grubweg), Tobias Ammer (FF Hals), Marcel Schn\u00fcrch (FF Heining), Moritz Marsch, Hannes Wolff, Franziska Raith (alle Lz. Hauptwache), Veronika Dichtl, Corbinian Prinz von Bayern, Stefan Aufschl\u00e4ger und Florian Emmer (alle Lz. Ilzstadt) die wichtigsten Kenntnisse \u00fcber das Bedienen von Aggregaten, Pumpen und Entl\u00fcftungseinrichtungen vermittelt. Die Ausbilder Manfred Nowak, Fabian Probst, Thomas Sittinger, Alexander Breitenfellner, Stephan Breitenfellner, Andreas H\u00fchn, Christopher Craxton (alle Lz. Ilzstadt), Holger Hantschel-Winghart (Feuerwehrfachwerkst\u00e4tte) und Stadtbrandrat Dieter Schlegl setzten dabei das Konzept von Lehrgangsleiter David Stockbauer-Muhr (Lz. Ilzstadt) aus einem guten Mischung aus Theorie und Praxis sehr gut um. So konnte rund um die Wache Ilzstadt Wasser aus dem offenen Gew\u00e4sser &#8211; der Ilz &#8211; entnommen werden, genauso standen \u00dcber- und Unterflurhydranten, [&hellip;]<\/p>\n","protected":false},"author":22,"featured_media":353,"comment_status":"open","ping_status":"open","sticky":false,"template":"","format":"standard","meta":{"footnotes":""},"categories":[1,7],"tags":[],"class_list":["post-193","post","type-post","status-publish","format-standard","has-post-thumbnail","hentry","category-allgemein","category-news"],"yoast_head":"<!-- This site is optimized with the Yoast SEO plugin v24.3 - https:\/\/yoast.com\/wordpress\/plugins\/seo\/ -->\n<title>Premiere f\u00fcr Maschinistenlehrgang in Passau - Feuerwehr Passau - L\u00f6schzug Ilzstadt<\/title>\n<meta name=\"robots\" content=\"index, follow, max-snippet:-1, max-image-preview:large, max-video-preview:-1\" \/>\n<link rel=\"canonical\" href=\"https:\/\/www.ffpassau.de\/ilzstadt\/2017\/10\/01\/premiere-fuer-maschinistenlehrgang-in-passau\/\" \/>\n<meta property=\"og:locale\" content=\"de_DE\" \/>\n<meta property=\"og:type\" content=\"article\" \/>\n<meta property=\"og:title\" content=\"Premiere f\u00fcr Maschinistenlehrgang in Passau - Feuerwehr Passau - L\u00f6schzug Ilzstadt\" \/>\n<meta property=\"og:description\" content=\"Erstmals fand bei den Passauer Feuerwehren ein eigener Maschinistenlehrgang statt. Dabei wurde den Teilnehmern Manuel Towara (FF Gaissa), Wolfgang Aulinger, Markus Kollross, Daniel Wolf (alle FF Grubweg), Tobias Ammer (FF Hals), Marcel Schn\u00fcrch (FF Heining), Moritz Marsch, Hannes Wolff, Franziska Raith (alle Lz. Hauptwache), Veronika Dichtl, Corbinian Prinz von Bayern, Stefan Aufschl\u00e4ger und Florian Emmer (alle Lz. Ilzstadt) die wichtigsten Kenntnisse \u00fcber das Bedienen von Aggregaten, Pumpen und Entl\u00fcftungseinrichtungen vermittelt. Die Ausbilder Manfred Nowak, Fabian Probst, Thomas Sittinger, Alexander Breitenfellner, Stephan Breitenfellner, Andreas H\u00fchn, Christopher Craxton (alle Lz. Ilzstadt), Holger Hantschel-Winghart (Feuerwehrfachwerkst\u00e4tte) und Stadtbrandrat Dieter Schlegl setzten dabei das Konzept von Lehrgangsleiter David Stockbauer-Muhr (Lz. Ilzstadt) aus einem guten Mischung aus Theorie und Praxis sehr gut um. So konnte rund um die Wache Ilzstadt Wasser aus dem offenen Gew\u00e4sser &#8211; der Ilz &#8211; entnommen werden, genauso standen \u00dcber- und Unterflurhydranten, [&hellip;]\" \/>\n<meta property=\"og:url\" content=\"https:\/\/www.ffpassau.de\/ilzstadt\/2017\/10\/01\/premiere-fuer-maschinistenlehrgang-in-passau\/\" \/>\n<meta property=\"og:site_name\" content=\"Feuerwehr Passau - L\u00f6schzug Ilzstadt\" \/>\n<meta property=\"article:published_time\" content=\"2017-10-01T19:33:46+00:00\" \/>\n<meta property=\"article:modified_time\" content=\"2020-03-23T18:48:46+00:00\" \/>\n<meta property=\"og:image\" content=\"https:\/\/www.ffpassau.de\/ilzstadt\/wp-content\/uploads\/sites\/3\/2020\/01\/Premiere-f\u00fcr-Maschinistenlehrgang-in-Passau-scaled.jpg\" \/>\n\t<meta property=\"og:image:width\" content=\"2560\" \/>\n\t<meta property=\"og:image:height\" content=\"1605\" \/>\n\t<meta property=\"og:image:type\" content=\"image\/jpeg\" \/>\n<meta name=\"twitter:card\" content=\"summary_large_image\" \/>\n<meta name=\"twitter:label1\" content=\"Verfasst von\" \/>\n\t<meta name=\"twitter:data1\" content=\"\" \/>\n\t<meta name=\"twitter:label2\" content=\"Gesch\u00e4tzte Lesezeit\" \/>\n\t<meta name=\"twitter:data2\" content=\"2\u00a0Minuten\" \/>\n<script type=\"application\/ld+json\" class=\"yoast-schema-graph\">{\"@context\":\"https:\/\/schema.org\",\"@graph\":[{\"@type\":\"Article\",\"@id\":\"https:\/\/www.ffpassau.de\/ilzstadt\/2017\/10\/01\/premiere-fuer-maschinistenlehrgang-in-passau\/#article\",\"isPartOf\":{\"@id\":\"https:\/\/www.ffpassau.de\/ilzstadt\/2017\/10\/01\/premiere-fuer-maschinistenlehrgang-in-passau\/\"},\"author\":{\"name\":\"\",\"@id\":\"\"},\"headline\":\"Premiere f\u00fcr Maschinistenlehrgang in Passau\",\"datePublished\":\"2017-10-01T19:33:46+00:00\",\"dateModified\":\"2020-03-23T18:48:46+00:00\",\"mainEntityOfPage\":{\"@id\":\"https:\/\/www.ffpassau.de\/ilzstadt\/2017\/10\/01\/premiere-fuer-maschinistenlehrgang-in-passau\/\"},\"wordCount\":317,\"commentCount\":0,\"publisher\":{\"@id\":\"https:\/\/www.ffpassau.de\/ilzstadt\/#organization\"},\"image\":{\"@id\":\"https:\/\/www.ffpassau.de\/ilzstadt\/2017\/10\/01\/premiere-fuer-maschinistenlehrgang-in-passau\/#primaryimage\"},\"thumbnailUrl\":\"https:\/\/www.ffpassau.de\/ilzstadt\/wp-content\/uploads\/sites\/3\/2020\/01\/Premiere-f\u00fcr-Maschinistenlehrgang-in-Passau-scaled.jpg\",\"articleSection\":{\"1\":\"News\"},\"inLanguage\":\"de\",\"potentialAction\":[{\"@type\":\"CommentAction\",\"name\":\"Comment\",\"target\":[\"https:\/\/www.ffpassau.de\/ilzstadt\/2017\/10\/01\/premiere-fuer-maschinistenlehrgang-in-passau\/#respond\"]}]},{\"@type\":\"WebPage\",\"@id\":\"https:\/\/www.ffpassau.de\/ilzstadt\/2017\/10\/01\/premiere-fuer-maschinistenlehrgang-in-passau\/\",\"url\":\"https:\/\/www.ffpassau.de\/ilzstadt\/2017\/10\/01\/premiere-fuer-maschinistenlehrgang-in-passau\/\",\"name\":\"Premiere f\u00fcr Maschinistenlehrgang in Passau - Feuerwehr Passau - L\u00f6schzug Ilzstadt\",\"isPartOf\":{\"@id\":\"https:\/\/www.ffpassau.de\/ilzstadt\/#website\"},\"primaryImageOfPage\":{\"@id\":\"https:\/\/www.ffpassau.de\/ilzstadt\/2017\/10\/01\/premiere-fuer-maschinistenlehrgang-in-passau\/#primaryimage\"},\"image\":{\"@id\":\"https:\/\/www.ffpassau.de\/ilzstadt\/2017\/10\/01\/premiere-fuer-maschinistenlehrgang-in-passau\/#primaryimage\"},\"thumbnailUrl\":\"https:\/\/www.ffpassau.de\/ilzstadt\/wp-content\/uploads\/sites\/3\/2020\/01\/Premiere-f\u00fcr-Maschinistenlehrgang-in-Passau-scaled.jpg\",\"datePublished\":\"2017-10-01T19:33:46+00:00\",\"dateModified\":\"2020-03-23T18:48:46+00:00\",\"breadcrumb\":{\"@id\":\"https:\/\/www.ffpassau.de\/ilzstadt\/2017\/10\/01\/premiere-fuer-maschinistenlehrgang-in-passau\/#breadcrumb\"},\"inLanguage\":\"de\",\"potentialAction\":[{\"@type\":\"ReadAction\",\"target\":[\"https:\/\/www.ffpassau.de\/ilzstadt\/2017\/10\/01\/premiere-fuer-maschinistenlehrgang-in-passau\/\"]}]},{\"@type\":\"ImageObject\",\"inLanguage\":\"de\",\"@id\":\"https:\/\/www.ffpassau.de\/ilzstadt\/2017\/10\/01\/premiere-fuer-maschinistenlehrgang-in-passau\/#primaryimage\",\"url\":\"https:\/\/www.ffpassau.de\/ilzstadt\/wp-content\/uploads\/sites\/3\/2020\/01\/Premiere-f\u00fcr-Maschinistenlehrgang-in-Passau-scaled.jpg\",\"contentUrl\":\"https:\/\/www.ffpassau.de\/ilzstadt\/wp-content\/uploads\/sites\/3\/2020\/01\/Premiere-f\u00fcr-Maschinistenlehrgang-in-Passau-scaled.jpg\",\"width\":2560,\"height\":1605},{\"@type\":\"BreadcrumbList\",\"@id\":\"https:\/\/www.ffpassau.de\/ilzstadt\/2017\/10\/01\/premiere-fuer-maschinistenlehrgang-in-passau\/#breadcrumb\",\"itemListElement\":[{\"@type\":\"ListItem\",\"position\":1,\"name\":\"Startseite\",\"item\":\"https:\/\/www.ffpassau.de\/ilzstadt\/\"},{\"@type\":\"ListItem\",\"position\":2,\"name\":\"Premiere f\u00fcr Maschinistenlehrgang in Passau\"}]},{\"@type\":\"WebSite\",\"@id\":\"https:\/\/www.ffpassau.de\/ilzstadt\/#website\",\"url\":\"https:\/\/www.ffpassau.de\/ilzstadt\/\",\"name\":\"Feuerwehr Passau - L\u00f6schzug Ilztadt\",\"description\":\"\",\"publisher\":{\"@id\":\"https:\/\/www.ffpassau.de\/ilzstadt\/#organization\"},\"potentialAction\":[{\"@type\":\"SearchAction\",\"target\":{\"@type\":\"EntryPoint\",\"urlTemplate\":\"https:\/\/www.ffpassau.de\/ilzstadt\/?s={search_term_string}\"},\"query-input\":{\"@type\":\"PropertyValueSpecification\",\"valueRequired\":true,\"valueName\":\"search_term_string\"}}],\"inLanguage\":\"de\"},{\"@type\":\"Organization\",\"@id\":\"https:\/\/www.ffpassau.de\/ilzstadt\/#organization\",\"name\":\"Feuerwehr Passau - L\u00f6schzug Ilztadt\",\"url\":\"https:\/\/www.ffpassau.de\/ilzstadt\/\",\"logo\":{\"@type\":\"ImageObject\",\"inLanguage\":\"de\",\"@id\":\"https:\/\/www.ffpassau.de\/ilzstadt\/#\/schema\/logo\/image\/\",\"url\":\"https:\/\/www.ffpassau.de\/ilzstadt\/wp-content\/uploads\/sites\/3\/2020\/02\/lz_ilzstadt_logo.svg\",\"contentUrl\":\"https:\/\/www.ffpassau.de\/ilzstadt\/wp-content\/uploads\/sites\/3\/2020\/02\/lz_ilzstadt_logo.svg\",\"width\":1,\"height\":1,\"caption\":\"Feuerwehr Passau - L\u00f6schzug Ilztadt\"},\"image\":{\"@id\":\"https:\/\/www.ffpassau.de\/ilzstadt\/#\/schema\/logo\/image\/\"}},{\"@type\":\"Person\",\"@id\":\"\",\"url\":\"https:\/\/www.ffpassau.de\/ilzstadt\/author\/\"}]}<\/script>\n<!-- \/ Yoast SEO plugin. -->","yoast_head_json":{"title":"Premiere f\u00fcr Maschinistenlehrgang in Passau - Feuerwehr Passau - L\u00f6schzug Ilzstadt","robots":{"index":"index","follow":"follow","max-snippet":"max-snippet:-1","max-image-preview":"max-image-preview:large","max-video-preview":"max-video-preview:-1"},"canonical":"https:\/\/www.ffpassau.de\/ilzstadt\/2017\/10\/01\/premiere-fuer-maschinistenlehrgang-in-passau\/","og_locale":"de_DE","og_type":"article","og_title":"Premiere f\u00fcr Maschinistenlehrgang in Passau - Feuerwehr Passau - L\u00f6schzug Ilzstadt","og_description":"Erstmals fand bei den Passauer Feuerwehren ein eigener Maschinistenlehrgang statt. Dabei wurde den Teilnehmern Manuel Towara (FF Gaissa), Wolfgang Aulinger, Markus Kollross, Daniel Wolf (alle FF Grubweg), Tobias Ammer (FF Hals), Marcel Schn\u00fcrch (FF Heining), Moritz Marsch, Hannes Wolff, Franziska Raith (alle Lz. Hauptwache), Veronika Dichtl, Corbinian Prinz von Bayern, Stefan Aufschl\u00e4ger und Florian Emmer (alle Lz. Ilzstadt) die wichtigsten Kenntnisse \u00fcber das Bedienen von Aggregaten, Pumpen und Entl\u00fcftungseinrichtungen vermittelt. Die Ausbilder Manfred Nowak, Fabian Probst, Thomas Sittinger, Alexander Breitenfellner, Stephan Breitenfellner, Andreas H\u00fchn, Christopher Craxton (alle Lz. Ilzstadt), Holger Hantschel-Winghart (Feuerwehrfachwerkst\u00e4tte) und Stadtbrandrat Dieter Schlegl setzten dabei das Konzept von Lehrgangsleiter David Stockbauer-Muhr (Lz. Ilzstadt) aus einem guten Mischung aus Theorie und Praxis sehr gut um. So konnte rund um die Wache Ilzstadt Wasser aus dem offenen Gew\u00e4sser &#8211; der Ilz &#8211; entnommen werden, genauso standen \u00dcber- und Unterflurhydranten, [&hellip;]","og_url":"https:\/\/www.ffpassau.de\/ilzstadt\/2017\/10\/01\/premiere-fuer-maschinistenlehrgang-in-passau\/","og_site_name":"Feuerwehr Passau - L\u00f6schzug Ilzstadt","article_published_time":"2017-10-01T19:33:46+00:00","article_modified_time":"2020-03-23T18:48:46+00:00","og_image":[{"width":2560,"height":1605,"url":"https:\/\/www.ffpassau.de\/ilzstadt\/wp-content\/uploads\/sites\/3\/2020\/01\/Premiere-f\u00fcr-Maschinistenlehrgang-in-Passau-scaled.jpg","type":"image\/jpeg"}],"twitter_card":"summary_large_image","twitter_misc":{"Verfasst von":"","Gesch\u00e4tzte Lesezeit":"2\u00a0Minuten"},"schema":{"@context":"https:\/\/schema.org","@graph":[{"@type":"Article","@id":"https:\/\/www.ffpassau.de\/ilzstadt\/2017\/10\/01\/premiere-fuer-maschinistenlehrgang-in-passau\/#article","isPartOf":{"@id":"https:\/\/www.ffpassau.de\/ilzstadt\/2017\/10\/01\/premiere-fuer-maschinistenlehrgang-in-passau\/"},"author":{"name":"","@id":""},"headline":"Premiere f\u00fcr Maschinistenlehrgang in Passau","datePublished":"2017-10-01T19:33:46+00:00","dateModified":"2020-03-23T18:48:46+00:00","mainEntityOfPage":{"@id":"https:\/\/www.ffpassau.de\/ilzstadt\/2017\/10\/01\/premiere-fuer-maschinistenlehrgang-in-passau\/"},"wordCount":317,"commentCount":0,"publisher":{"@id":"https:\/\/www.ffpassau.de\/ilzstadt\/#organization"},"image":{"@id":"https:\/\/www.ffpassau.de\/ilzstadt\/2017\/10\/01\/premiere-fuer-maschinistenlehrgang-in-passau\/#primaryimage"},"thumbnailUrl":"https:\/\/www.ffpassau.de\/ilzstadt\/wp-content\/uploads\/sites\/3\/2020\/01\/Premiere-f\u00fcr-Maschinistenlehrgang-in-Passau-scaled.jpg","articleSection":{"1":"News"},"inLanguage":"de","potentialAction":[{"@type":"CommentAction","name":"Comment","target":["https:\/\/www.ffpassau.de\/ilzstadt\/2017\/10\/01\/premiere-fuer-maschinistenlehrgang-in-passau\/#respond"]}]},{"@type":"WebPage","@id":"https:\/\/www.ffpassau.de\/ilzstadt\/2017\/10\/01\/premiere-fuer-maschinistenlehrgang-in-passau\/","url":"https:\/\/www.ffpassau.de\/ilzstadt\/2017\/10\/01\/premiere-fuer-maschinistenlehrgang-in-passau\/","name":"Premiere f\u00fcr Maschinistenlehrgang in Passau - Feuerwehr Passau - L\u00f6schzug Ilzstadt","isPartOf":{"@id":"https:\/\/www.ffpassau.de\/ilzstadt\/#website"},"primaryImageOfPage":{"@id":"https:\/\/www.ffpassau.de\/ilzstadt\/2017\/10\/01\/premiere-fuer-maschinistenlehrgang-in-passau\/#primaryimage"},"image":{"@id":"https:\/\/www.ffpassau.de\/ilzstadt\/2017\/10\/01\/premiere-fuer-maschinistenlehrgang-in-passau\/#primaryimage"},"thumbnailUrl":"https:\/\/www.ffpassau.de\/ilzstadt\/wp-content\/uploads\/sites\/3\/2020\/01\/Premiere-f\u00fcr-Maschinistenlehrgang-in-Passau-scaled.jpg","datePublished":"2017-10-01T19:33:46+00:00","dateModified":"2020-03-23T18:48:46+00:00","breadcrumb":{"@id":"https:\/\/www.ffpassau.de\/ilzstadt\/2017\/10\/01\/premiere-fuer-maschinistenlehrgang-in-passau\/#breadcrumb"},"inLanguage":"de","potentialAction":[{"@type":"ReadAction","target":["https:\/\/www.ffpassau.de\/ilzstadt\/2017\/10\/01\/premiere-fuer-maschinistenlehrgang-in-passau\/"]}]},{"@type":"ImageObject","inLanguage":"de","@id":"https:\/\/www.ffpassau.de\/ilzstadt\/2017\/10\/01\/premiere-fuer-maschinistenlehrgang-in-passau\/#primaryimage","url":"https:\/\/www.ffpassau.de\/ilzstadt\/wp-content\/uploads\/sites\/3\/2020\/01\/Premiere-f\u00fcr-Maschinistenlehrgang-in-Passau-scaled.jpg","contentUrl":"https:\/\/www.ffpassau.de\/ilzstadt\/wp-content\/uploads\/sites\/3\/2020\/01\/Premiere-f\u00fcr-Maschinistenlehrgang-in-Passau-scaled.jpg","width":2560,"height":1605},{"@type":"BreadcrumbList","@id":"https:\/\/www.ffpassau.de\/ilzstadt\/2017\/10\/01\/premiere-fuer-maschinistenlehrgang-in-passau\/#breadcrumb","itemListElement":[{"@type":"ListItem","position":1,"name":"Startseite","item":"https:\/\/www.ffpassau.de\/ilzstadt\/"},{"@type":"ListItem","position":2,"name":"Premiere f\u00fcr Maschinistenlehrgang in Passau"}]},{"@type":"WebSite","@id":"https:\/\/www.ffpassau.de\/ilzstadt\/#website","url":"https:\/\/www.ffpassau.de\/ilzstadt\/","name":"Feuerwehr Passau - L\u00f6schzug Ilztadt","description":"","publisher":{"@id":"https:\/\/www.ffpassau.de\/ilzstadt\/#organization"},"potentialAction":[{"@type":"SearchAction","target":{"@type":"EntryPoint","urlTemplate":"https:\/\/www.ffpassau.de\/ilzstadt\/?s={search_term_string}"},"query-input":{"@type":"PropertyValueSpecification","valueRequired":true,"valueName":"search_term_string"}}],"inLanguage":"de"},{"@type":"Organization","@id":"https:\/\/www.ffpassau.de\/ilzstadt\/#organization","name":"Feuerwehr Passau - L\u00f6schzug Ilztadt","url":"https:\/\/www.ffpassau.de\/ilzstadt\/","logo":{"@type":"ImageObject","inLanguage":"de","@id":"https:\/\/www.ffpassau.de\/ilzstadt\/#\/schema\/logo\/image\/","url":"https:\/\/www.ffpassau.de\/ilzstadt\/wp-content\/uploads\/sites\/3\/2020\/02\/lz_ilzstadt_logo.svg","contentUrl":"https:\/\/www.ffpassau.de\/ilzstadt\/wp-content\/uploads\/sites\/3\/2020\/02\/lz_ilzstadt_logo.svg","width":1,"height":1,"caption":"Feuerwehr Passau - L\u00f6schzug Ilztadt"},"image":{"@id":"https:\/\/www.ffpassau.de\/ilzstadt\/#\/schema\/logo\/image\/"}},{"@type":"Person","@id":"","url":"https:\/\/www.ffpassau.de\/ilzstadt\/author\/"}]}},"_links":{"self":[{"href":"https:\/\/www.ffpassau.de\/ilzstadt\/wp-json\/wp\/v2\/posts\/193","targetHints":{"allow":["GET"]}}],"collection":[{"href":"https:\/\/www.ffpassau.de\/ilzstadt\/wp-json\/wp\/v2\/posts"}],"about":[{"href":"https:\/\/www.ffpassau.de\/ilzstadt\/wp-json\/wp\/v2\/types\/post"}],"author":[{"embeddable":true,"href":"https:\/\/www.ffpassau.de\/ilzstadt\/wp-json\/wp\/v2\/users\/22"}],"replies":[{"embeddable":true,"href":"https:\/\/www.ffpassau.de\/ilzstadt\/wp-json\/wp\/v2\/comments?post=193"}],"version-history":[{"count":3,"href":"https:\/\/www.ffpassau.de\/ilzstadt\/wp-json\/wp\/v2\/posts\/193\/revisions"}],"predecessor-version":[{"id":364,"href":"https:\/\/www.ffpassau.de\/ilzstadt\/wp-json\/wp\/v2\/posts\/193\/revisions\/364"}],"wp:featuredmedia":[{"embeddable":true,"href":"https:\/\/www.ffpassau.de\/ilzstadt\/wp-json\/wp\/v2\/media\/353"}],"wp:attachment":[{"href":"https:\/\/www.ffpassau.de\/ilzstadt\/wp-json\/wp\/v2\/media?parent=193"}],"wp:term":[{"taxonomy":"category","embeddable":true,"href":"https:\/\/www.ffpassau.de\/ilzstadt\/wp-json\/wp\/v2\/categories?post=193"},{"taxonomy":"post_tag","embeddable":true,"href":"https:\/\/www.ffpassau.de\/ilzstadt\/wp-json\/wp\/v2\/tags?post=193"}],"curies":[{"name":"wp","href":"https:\/\/api.w.org\/{rel}","templated":true}]}}