{"id":209,"date":"2017-03-03T21:42:02","date_gmt":"2017-03-03T20:42:02","guid":{"rendered":"https:\/\/www.ffpassau.de\/ilzstadt\/?p=209"},"modified":"2020-03-22T19:19:41","modified_gmt":"2020-03-22T18:19:41","slug":"ii-loeschzug-der-feuerwehr-passau-blickt-auf-rekordjahr-zurueck","status":"publish","type":"post","link":"https:\/\/www.ffpassau.de\/ilzstadt\/2017\/03\/03\/ii-loeschzug-der-feuerwehr-passau-blickt-auf-rekordjahr-zurueck\/","title":{"rendered":"II. L\u00f6schzug der Feuerwehr Passau blickt auf Rekordjahr zur\u00fcck"},"content":{"rendered":"<p>Bei der Jahreshauptversammmlung des L\u00f6schzugs Ilzstadt der Freiwilligen Feuerwehr Passau war zum zweiten Mal in Folge ein Jahr der Rekorde zu vermelden. Das Gru\u00dfwort von Stadtrat Clemens Damberger, der in Vertretung des Oberb\u00fcrgermeisters an der Versammlung teilnahm, zeigte schon die Hauptaugenmerke des L\u00f6schzugs Ilzstadt auf: die gesteigerten Einsatzzahlen und die Besonderheit des L\u00f6schzugs \u2013 das Mehrzweckboot.<\/p>\n<p>Bei seinem Jahresr\u00fcckblick begann Vorsitzender Thomas Sittinger nach dem Gedenken an das im Sommer verstorbene Vereinsmitglied Erwin Schreib sen. mit einem R\u00fcckblick auf das abgelaufene Jahr 2016. Das rege Vereinsleben mit Vereinsausflug, Weihnachtsfeier, Christbaum \u201eanz\u00fcnden\u201c und Grillfest, in dessen Rahmen noch der 50. Geburtstag der Tragkraftspritze gefeiert wurde, war wieder von Geselligkeit und gutem Miteinander gepr\u00e4gt. Auf die im Vorjahr gesteckten Ziele Mitgliederwerbung und Aufbau einer neuen Jugendgruppe konnte positiv zur\u00fcck geblickt werden.<\/p>\n<p>So konnte nach dem Bericht der Mitgliederstatistik, die 91 Vereinsmitglieder ausweist (davon 33 im aktiven Dienst), in allen Bereichen eine Verbesserung verzeichnet werden. Insbesondere die 4 neuen Jugendlichen zeigen sich als besonderer Zugewinn f\u00fcr den L\u00f6schzug. Somit war es nat\u00fcrlich Chefsache, dass Kommandant und Stadtbrandrat Dieter Schlegl die beiden flei\u00dfigsten Jugendlichen, Zacharias Zanella und Andre Polienko mit einem Geschenk bedachte. Anschlie\u00dfend konnte er gemeinsam mit dem stellvertretenden Kommandanten der Feuerwehr Passau, Stadtbrandinspektor Andreas Dittlmann, neue aktive Mitglieder per Handschlag in den L\u00f6schzug Ilzstadt aufnehmen. Mit Katrin Klenk, Katharina Muszynski, Felix Fuhs, Elisabeth Lazar, Veronika Meier, Martin Fellmann, Anna Edlbauer und Fabian Probst hat sich der L\u00f6schzug im Jahr 2016 sehr gut verst\u00e4rkt und konnte so alle Abg\u00e4nge gut kompensieren. \u201eDiese positive Mitgliederentwicklung ist sicherlich der verst\u00e4rkten \u00d6ffentlichkeitsarbeit, sowohl beim Kinderfest im Bsch\u00fctt, als auch bei Spielmobil und Ilzer Haferlfest zu verdanken\u201c, res\u00fcmierte Vorsitzender Sittinger. Auch der Kontakt zu allen Nachbarfeuerwehren in Hals, Grubweg, auf der Ries und in Hacklberg sowie zu den beiden anderen L\u00f6schz\u00fcgen Hauptwache und Innstadt und den befreundeten Feuerwehren in Gern (Lkr. Rottal-Inn) und Hausen (Lkr. Forchheim) konnte intensiviert werden. Aus finanzieller Perspektive konnte Kassier Michael Paltinger ebenso positiv auf das abgelaufene Jahr zur\u00fcck blicken. Insbesondere durch die Spenden bei der Weihnachtshaussammlung im Schutzgebiet Ilz- und Altstadt konnte das laufende Vereinsleben so aktiv gestaltet werden.<\/p>\n<p>Zugf\u00fchrer Florian Emmer konnte auf 130 Eins\u00e4tze (15 Br\u00e4nde, 86 technische Hilfeleistungen, 6 Fehlalarmierungen, 23 Sicherheitswachen) zur\u00fcckblicken, die alle erfolgreich und verletzungsfrei abgearbeitet wurden. Dabei stellten besondere Einsatzschwerpunkte die Starkregenereignisse im Juli und September in Passau, sowie im Juni in Simbach am Inn dar. \u201eHier sind wir mit einem v\u00f6llig neuen Einsatzszenario konfrontiert, dem auch wir hochwassererfahrenen Feuerwehren erst zu begegnen lernen mussten\u201c, blickte Emmer zur\u00fcck. Ein weiterer Hintergrund f\u00fcr die starken Anstiege der Einsatzzahlen, insbesondere im Bereich der Technischen Hilfeleistungen, stellen die Verkehrsunf\u00e4lle auf der Anger- und Freyungerstra\u00dfe dar (vgl. Polizeibericht PNP 4.3.2017) sowie eine massive Zunahme der Eins\u00e4tze auf den drei Fl\u00fcssen. \u201eDer Luftmatratzenschwimmer ist wahrscheinlich noch jedem ein Begriff, aber auch das Schiff, das mit der H\u00e4ngebr\u00fccke kollidierte und die PKWs, die nach dem starken Anstieg des Haibachs in die Donau gesp\u00fclt wurden, stellten Herausforderungen f\u00fcr die Feuerwehr am Wasser dar\u201c, so Zugf\u00fchrer Emmer. Hier sei der eindringliche Wunsch des L\u00f6schzugs, eine Verbesserung der Bootsunterbringung anzugehen. Vandalismus durch Glasscherben , nat\u00fcrliche Verunreinigung durch Regen und Ungeziefer, Gl\u00e4tte durch nasses Laub und eine Verl\u00e4ngerung der Ausr\u00fcckezeiten durch das Absichern des Bootes mit 8 Vorh\u00e4ngeschl\u00f6ssern stellen nicht mehr zeitgem\u00e4\u00dfe Probleme f\u00fcr die ehrenamtlichen Feuerwehrdienstleistenden dar. \u201eWir haben in Absprache mit den Verantwortlichen von Stadtverwaltung, Stadtbrandinspektion und Feuerwehrfachwerkst\u00e4tte den Bedarf ermittelt. Leider sind durch die gestiegenen Anforderungen auch die Preise in die H\u00f6he gegangen. Allerdings haben wir auch die Zusage durch die Regierung von Niederbayern, hierf\u00fcr eine Stellplatzf\u00f6rderung zu gew\u00e4hren. \u201eWir hoffen also, dass wir im n\u00e4chsten Haushaltsjahr hier eine deutliche Verbesserung f\u00fcr die Sicherheit in unserer wundersch\u00f6nen Dreifl\u00fcssestadt leisten k\u00f6nnen!\u201c, \u00e4u\u00dferte Zugf\u00fchrer Emmer als Wunsch an die Stadt.<\/p>\n<p>Als weiteren Schwerpunkt setzte sich der L\u00f6schzug die Aus- und Fortbildung, insbesondere im Bereich der Technischen Hilfeleistung. \u201eHierzu sollen nicht nur die zuginternen 14-t\u00e4gigen \u00dcbungen beitragen, sondern auch das Leistungsabzeichen THL, das im Herbst gemeinsam mit dem L\u00f6schzug Hauptwache abgelegt wird.\u201c, blickte Emmer voraus. Ausbildung stellte auch einen Schwerpunkt im vergangen Jahr dar. An \u00fcber\u00f6rtlicher Ausbildung nahmen David Stockbauer-Muhr am Zugf\u00fchrerlehrgang, Alexander Breitenfellner und Christopher Craxton am Gruppenf\u00fchrerlehrgang der staatlichen Feuerwehrschule in Regensburg teil. Zum Ausbilder f\u00fcr Maschinisten qualifizierten sich David Stockbauer-Muhr und Manfred Nowak, zum Ausbilder f\u00fcr Atemschutzger\u00e4tetr\u00e4ger David Stockbauer-Muhr. Am Bootsf\u00fchreraufbaulehrgang nahmen Simone Dichtl, Manfred Freier, Manfred Nowak, Stefan Aufschl\u00e4ger und Thomas Sittinger teil. Zudem erbrachten 20 Teilnehmer die Qualifizierung f\u00fcr den Umgang mit dem neuen Digitalfunk. Mit Christopher Craxton, Armin Leeb, Josef K\u00f6ck und Michael Paltinger legten 4 Kameraden das Atemschutzleistungsabzeichen in Osterhofen ab.<\/p>\n<p>Im Jahr 2016 wurden insgesamt 5.775 Stunden durch den L\u00f6schzug Ilzstadt an ehrenamtlicher Arbeit geleistet \u2013 nat\u00fcrlich auch ein Rekord!<\/p>\n","protected":false},"excerpt":{"rendered":"<p>Bei der Jahreshauptversammmlung des L\u00f6schzugs Ilzstadt der Freiwilligen Feuerwehr Passau war zum zweiten Mal in Folge ein Jahr der Rekorde zu vermelden. Das Gru\u00dfwort von Stadtrat Clemens Damberger, der in Vertretung des Oberb\u00fcrgermeisters an der Versammlung teilnahm, zeigte schon die Hauptaugenmerke des L\u00f6schzugs Ilzstadt auf: die gesteigerten Einsatzzahlen und die Besonderheit des L\u00f6schzugs \u2013 das Mehrzweckboot. Bei seinem Jahresr\u00fcckblick begann Vorsitzender Thomas Sittinger nach dem Gedenken an das im Sommer verstorbene Vereinsmitglied Erwin Schreib sen. mit einem R\u00fcckblick auf das abgelaufene Jahr 2016. Das rege Vereinsleben mit Vereinsausflug, Weihnachtsfeier, Christbaum \u201eanz\u00fcnden\u201c und Grillfest, in dessen Rahmen noch der 50. Geburtstag der Tragkraftspritze gefeiert wurde, war wieder von Geselligkeit und gutem Miteinander gepr\u00e4gt. Auf die im Vorjahr gesteckten Ziele Mitgliederwerbung und Aufbau einer neuen Jugendgruppe konnte positiv zur\u00fcck geblickt werden. So konnte nach dem Bericht der Mitgliederstatistik, die 91 Vereinsmitglieder ausweist [&hellip;]<\/p>\n","protected":false},"author":22,"featured_media":361,"comment_status":"open","ping_status":"open","sticky":false,"template":"","format":"standard","meta":{"footnotes":""},"categories":[1,7],"tags":[],"class_list":["post-209","post","type-post","status-publish","format-standard","has-post-thumbnail","hentry","category-allgemein","category-news"],"yoast_head":"<!-- This site is optimized with the Yoast SEO plugin v24.3 - https:\/\/yoast.com\/wordpress\/plugins\/seo\/ -->\n<title>II. L\u00f6schzug der Feuerwehr Passau blickt auf Rekordjahr zur\u00fcck - Feuerwehr Passau - L\u00f6schzug Ilzstadt<\/title>\n<meta name=\"robots\" content=\"index, follow, max-snippet:-1, max-image-preview:large, max-video-preview:-1\" \/>\n<link rel=\"canonical\" href=\"https:\/\/www.ffpassau.de\/ilzstadt\/2017\/03\/03\/ii-loeschzug-der-feuerwehr-passau-blickt-auf-rekordjahr-zurueck\/\" \/>\n<meta property=\"og:locale\" content=\"de_DE\" \/>\n<meta property=\"og:type\" content=\"article\" \/>\n<meta property=\"og:title\" content=\"II. L\u00f6schzug der Feuerwehr Passau blickt auf Rekordjahr zur\u00fcck - Feuerwehr Passau - L\u00f6schzug Ilzstadt\" \/>\n<meta property=\"og:description\" content=\"Bei der Jahreshauptversammmlung des L\u00f6schzugs Ilzstadt der Freiwilligen Feuerwehr Passau war zum zweiten Mal in Folge ein Jahr der Rekorde zu vermelden. Das Gru\u00dfwort von Stadtrat Clemens Damberger, der in Vertretung des Oberb\u00fcrgermeisters an der Versammlung teilnahm, zeigte schon die Hauptaugenmerke des L\u00f6schzugs Ilzstadt auf: die gesteigerten Einsatzzahlen und die Besonderheit des L\u00f6schzugs \u2013 das Mehrzweckboot. Bei seinem Jahresr\u00fcckblick begann Vorsitzender Thomas Sittinger nach dem Gedenken an das im Sommer verstorbene Vereinsmitglied Erwin Schreib sen. mit einem R\u00fcckblick auf das abgelaufene Jahr 2016. Das rege Vereinsleben mit Vereinsausflug, Weihnachtsfeier, Christbaum \u201eanz\u00fcnden\u201c und Grillfest, in dessen Rahmen noch der 50. Geburtstag der Tragkraftspritze gefeiert wurde, war wieder von Geselligkeit und gutem Miteinander gepr\u00e4gt. Auf die im Vorjahr gesteckten Ziele Mitgliederwerbung und Aufbau einer neuen Jugendgruppe konnte positiv zur\u00fcck geblickt werden. So konnte nach dem Bericht der Mitgliederstatistik, die 91 Vereinsmitglieder ausweist [&hellip;]\" \/>\n<meta property=\"og:url\" content=\"https:\/\/www.ffpassau.de\/ilzstadt\/2017\/03\/03\/ii-loeschzug-der-feuerwehr-passau-blickt-auf-rekordjahr-zurueck\/\" \/>\n<meta property=\"og:site_name\" content=\"Feuerwehr Passau - L\u00f6schzug Ilzstadt\" \/>\n<meta property=\"article:published_time\" content=\"2017-03-03T20:42:02+00:00\" \/>\n<meta property=\"article:modified_time\" content=\"2020-03-22T18:19:41+00:00\" \/>\n<meta property=\"og:image\" content=\"https:\/\/www.ffpassau.de\/ilzstadt\/wp-content\/uploads\/sites\/3\/2019\/12\/II.-L\u00f6schzug-der-Feuerwehr-Passau-blickt-auf-Rekordjahr-zur\u00fcck-1-scaled.jpg\" \/>\n\t<meta property=\"og:image:width\" content=\"2560\" \/>\n\t<meta property=\"og:image:height\" content=\"1575\" \/>\n\t<meta property=\"og:image:type\" content=\"image\/jpeg\" \/>\n<meta name=\"twitter:card\" content=\"summary_large_image\" \/>\n<meta name=\"twitter:label1\" content=\"Verfasst von\" \/>\n\t<meta name=\"twitter:data1\" content=\"\" \/>\n\t<meta name=\"twitter:label2\" content=\"Gesch\u00e4tzte Lesezeit\" \/>\n\t<meta name=\"twitter:data2\" content=\"4\u00a0Minuten\" \/>\n<script type=\"application\/ld+json\" class=\"yoast-schema-graph\">{\"@context\":\"https:\/\/schema.org\",\"@graph\":[{\"@type\":\"Article\",\"@id\":\"https:\/\/www.ffpassau.de\/ilzstadt\/2017\/03\/03\/ii-loeschzug-der-feuerwehr-passau-blickt-auf-rekordjahr-zurueck\/#article\",\"isPartOf\":{\"@id\":\"https:\/\/www.ffpassau.de\/ilzstadt\/2017\/03\/03\/ii-loeschzug-der-feuerwehr-passau-blickt-auf-rekordjahr-zurueck\/\"},\"author\":{\"name\":\"\",\"@id\":\"\"},\"headline\":\"II. L\u00f6schzug der Feuerwehr Passau blickt auf Rekordjahr zur\u00fcck\",\"datePublished\":\"2017-03-03T20:42:02+00:00\",\"dateModified\":\"2020-03-22T18:19:41+00:00\",\"mainEntityOfPage\":{\"@id\":\"https:\/\/www.ffpassau.de\/ilzstadt\/2017\/03\/03\/ii-loeschzug-der-feuerwehr-passau-blickt-auf-rekordjahr-zurueck\/\"},\"wordCount\":842,\"commentCount\":0,\"publisher\":{\"@id\":\"https:\/\/www.ffpassau.de\/ilzstadt\/#organization\"},\"image\":{\"@id\":\"https:\/\/www.ffpassau.de\/ilzstadt\/2017\/03\/03\/ii-loeschzug-der-feuerwehr-passau-blickt-auf-rekordjahr-zurueck\/#primaryimage\"},\"thumbnailUrl\":\"https:\/\/www.ffpassau.de\/ilzstadt\/wp-content\/uploads\/sites\/3\/2019\/12\/II.-L\u00f6schzug-der-Feuerwehr-Passau-blickt-auf-Rekordjahr-zur\u00fcck-1-scaled.jpg\",\"articleSection\":{\"1\":\"News\"},\"inLanguage\":\"de\",\"potentialAction\":[{\"@type\":\"CommentAction\",\"name\":\"Comment\",\"target\":[\"https:\/\/www.ffpassau.de\/ilzstadt\/2017\/03\/03\/ii-loeschzug-der-feuerwehr-passau-blickt-auf-rekordjahr-zurueck\/#respond\"]}]},{\"@type\":\"WebPage\",\"@id\":\"https:\/\/www.ffpassau.de\/ilzstadt\/2017\/03\/03\/ii-loeschzug-der-feuerwehr-passau-blickt-auf-rekordjahr-zurueck\/\",\"url\":\"https:\/\/www.ffpassau.de\/ilzstadt\/2017\/03\/03\/ii-loeschzug-der-feuerwehr-passau-blickt-auf-rekordjahr-zurueck\/\",\"name\":\"II. L\u00f6schzug der Feuerwehr Passau blickt auf Rekordjahr zur\u00fcck - Feuerwehr Passau - L\u00f6schzug Ilzstadt\",\"isPartOf\":{\"@id\":\"https:\/\/www.ffpassau.de\/ilzstadt\/#website\"},\"primaryImageOfPage\":{\"@id\":\"https:\/\/www.ffpassau.de\/ilzstadt\/2017\/03\/03\/ii-loeschzug-der-feuerwehr-passau-blickt-auf-rekordjahr-zurueck\/#primaryimage\"},\"image\":{\"@id\":\"https:\/\/www.ffpassau.de\/ilzstadt\/2017\/03\/03\/ii-loeschzug-der-feuerwehr-passau-blickt-auf-rekordjahr-zurueck\/#primaryimage\"},\"thumbnailUrl\":\"https:\/\/www.ffpassau.de\/ilzstadt\/wp-content\/uploads\/sites\/3\/2019\/12\/II.-L\u00f6schzug-der-Feuerwehr-Passau-blickt-auf-Rekordjahr-zur\u00fcck-1-scaled.jpg\",\"datePublished\":\"2017-03-03T20:42:02+00:00\",\"dateModified\":\"2020-03-22T18:19:41+00:00\",\"breadcrumb\":{\"@id\":\"https:\/\/www.ffpassau.de\/ilzstadt\/2017\/03\/03\/ii-loeschzug-der-feuerwehr-passau-blickt-auf-rekordjahr-zurueck\/#breadcrumb\"},\"inLanguage\":\"de\",\"potentialAction\":[{\"@type\":\"ReadAction\",\"target\":[\"https:\/\/www.ffpassau.de\/ilzstadt\/2017\/03\/03\/ii-loeschzug-der-feuerwehr-passau-blickt-auf-rekordjahr-zurueck\/\"]}]},{\"@type\":\"ImageObject\",\"inLanguage\":\"de\",\"@id\":\"https:\/\/www.ffpassau.de\/ilzstadt\/2017\/03\/03\/ii-loeschzug-der-feuerwehr-passau-blickt-auf-rekordjahr-zurueck\/#primaryimage\",\"url\":\"https:\/\/www.ffpassau.de\/ilzstadt\/wp-content\/uploads\/sites\/3\/2019\/12\/II.-L\u00f6schzug-der-Feuerwehr-Passau-blickt-auf-Rekordjahr-zur\u00fcck-1-scaled.jpg\",\"contentUrl\":\"https:\/\/www.ffpassau.de\/ilzstadt\/wp-content\/uploads\/sites\/3\/2019\/12\/II.-L\u00f6schzug-der-Feuerwehr-Passau-blickt-auf-Rekordjahr-zur\u00fcck-1-scaled.jpg\",\"width\":2560,\"height\":1575},{\"@type\":\"BreadcrumbList\",\"@id\":\"https:\/\/www.ffpassau.de\/ilzstadt\/2017\/03\/03\/ii-loeschzug-der-feuerwehr-passau-blickt-auf-rekordjahr-zurueck\/#breadcrumb\",\"itemListElement\":[{\"@type\":\"ListItem\",\"position\":1,\"name\":\"Startseite\",\"item\":\"https:\/\/www.ffpassau.de\/ilzstadt\/\"},{\"@type\":\"ListItem\",\"position\":2,\"name\":\"II. L\u00f6schzug der Feuerwehr Passau blickt auf Rekordjahr zur\u00fcck\"}]},{\"@type\":\"WebSite\",\"@id\":\"https:\/\/www.ffpassau.de\/ilzstadt\/#website\",\"url\":\"https:\/\/www.ffpassau.de\/ilzstadt\/\",\"name\":\"Feuerwehr Passau - L\u00f6schzug Ilztadt\",\"description\":\"\",\"publisher\":{\"@id\":\"https:\/\/www.ffpassau.de\/ilzstadt\/#organization\"},\"potentialAction\":[{\"@type\":\"SearchAction\",\"target\":{\"@type\":\"EntryPoint\",\"urlTemplate\":\"https:\/\/www.ffpassau.de\/ilzstadt\/?s={search_term_string}\"},\"query-input\":{\"@type\":\"PropertyValueSpecification\",\"valueRequired\":true,\"valueName\":\"search_term_string\"}}],\"inLanguage\":\"de\"},{\"@type\":\"Organization\",\"@id\":\"https:\/\/www.ffpassau.de\/ilzstadt\/#organization\",\"name\":\"Feuerwehr Passau - L\u00f6schzug Ilztadt\",\"url\":\"https:\/\/www.ffpassau.de\/ilzstadt\/\",\"logo\":{\"@type\":\"ImageObject\",\"inLanguage\":\"de\",\"@id\":\"https:\/\/www.ffpassau.de\/ilzstadt\/#\/schema\/logo\/image\/\",\"url\":\"https:\/\/www.ffpassau.de\/ilzstadt\/wp-content\/uploads\/sites\/3\/2020\/02\/lz_ilzstadt_logo.svg\",\"contentUrl\":\"https:\/\/www.ffpassau.de\/ilzstadt\/wp-content\/uploads\/sites\/3\/2020\/02\/lz_ilzstadt_logo.svg\",\"width\":1,\"height\":1,\"caption\":\"Feuerwehr Passau - L\u00f6schzug Ilztadt\"},\"image\":{\"@id\":\"https:\/\/www.ffpassau.de\/ilzstadt\/#\/schema\/logo\/image\/\"}},{\"@type\":\"Person\",\"@id\":\"\",\"url\":\"https:\/\/www.ffpassau.de\/ilzstadt\/author\/\"}]}<\/script>\n<!-- \/ Yoast SEO plugin. -->","yoast_head_json":{"title":"II. L\u00f6schzug der Feuerwehr Passau blickt auf Rekordjahr zur\u00fcck - Feuerwehr Passau - L\u00f6schzug Ilzstadt","robots":{"index":"index","follow":"follow","max-snippet":"max-snippet:-1","max-image-preview":"max-image-preview:large","max-video-preview":"max-video-preview:-1"},"canonical":"https:\/\/www.ffpassau.de\/ilzstadt\/2017\/03\/03\/ii-loeschzug-der-feuerwehr-passau-blickt-auf-rekordjahr-zurueck\/","og_locale":"de_DE","og_type":"article","og_title":"II. L\u00f6schzug der Feuerwehr Passau blickt auf Rekordjahr zur\u00fcck - Feuerwehr Passau - L\u00f6schzug Ilzstadt","og_description":"Bei der Jahreshauptversammmlung des L\u00f6schzugs Ilzstadt der Freiwilligen Feuerwehr Passau war zum zweiten Mal in Folge ein Jahr der Rekorde zu vermelden. Das Gru\u00dfwort von Stadtrat Clemens Damberger, der in Vertretung des Oberb\u00fcrgermeisters an der Versammlung teilnahm, zeigte schon die Hauptaugenmerke des L\u00f6schzugs Ilzstadt auf: die gesteigerten Einsatzzahlen und die Besonderheit des L\u00f6schzugs \u2013 das Mehrzweckboot. Bei seinem Jahresr\u00fcckblick begann Vorsitzender Thomas Sittinger nach dem Gedenken an das im Sommer verstorbene Vereinsmitglied Erwin Schreib sen. mit einem R\u00fcckblick auf das abgelaufene Jahr 2016. Das rege Vereinsleben mit Vereinsausflug, Weihnachtsfeier, Christbaum \u201eanz\u00fcnden\u201c und Grillfest, in dessen Rahmen noch der 50. Geburtstag der Tragkraftspritze gefeiert wurde, war wieder von Geselligkeit und gutem Miteinander gepr\u00e4gt. Auf die im Vorjahr gesteckten Ziele Mitgliederwerbung und Aufbau einer neuen Jugendgruppe konnte positiv zur\u00fcck geblickt werden. So konnte nach dem Bericht der Mitgliederstatistik, die 91 Vereinsmitglieder ausweist [&hellip;]","og_url":"https:\/\/www.ffpassau.de\/ilzstadt\/2017\/03\/03\/ii-loeschzug-der-feuerwehr-passau-blickt-auf-rekordjahr-zurueck\/","og_site_name":"Feuerwehr Passau - L\u00f6schzug Ilzstadt","article_published_time":"2017-03-03T20:42:02+00:00","article_modified_time":"2020-03-22T18:19:41+00:00","og_image":[{"width":2560,"height":1575,"url":"https:\/\/www.ffpassau.de\/ilzstadt\/wp-content\/uploads\/sites\/3\/2019\/12\/II.-L\u00f6schzug-der-Feuerwehr-Passau-blickt-auf-Rekordjahr-zur\u00fcck-1-scaled.jpg","type":"image\/jpeg"}],"twitter_card":"summary_large_image","twitter_misc":{"Verfasst von":"","Gesch\u00e4tzte Lesezeit":"4\u00a0Minuten"},"schema":{"@context":"https:\/\/schema.org","@graph":[{"@type":"Article","@id":"https:\/\/www.ffpassau.de\/ilzstadt\/2017\/03\/03\/ii-loeschzug-der-feuerwehr-passau-blickt-auf-rekordjahr-zurueck\/#article","isPartOf":{"@id":"https:\/\/www.ffpassau.de\/ilzstadt\/2017\/03\/03\/ii-loeschzug-der-feuerwehr-passau-blickt-auf-rekordjahr-zurueck\/"},"author":{"name":"","@id":""},"headline":"II. L\u00f6schzug der Feuerwehr Passau blickt auf Rekordjahr zur\u00fcck","datePublished":"2017-03-03T20:42:02+00:00","dateModified":"2020-03-22T18:19:41+00:00","mainEntityOfPage":{"@id":"https:\/\/www.ffpassau.de\/ilzstadt\/2017\/03\/03\/ii-loeschzug-der-feuerwehr-passau-blickt-auf-rekordjahr-zurueck\/"},"wordCount":842,"commentCount":0,"publisher":{"@id":"https:\/\/www.ffpassau.de\/ilzstadt\/#organization"},"image":{"@id":"https:\/\/www.ffpassau.de\/ilzstadt\/2017\/03\/03\/ii-loeschzug-der-feuerwehr-passau-blickt-auf-rekordjahr-zurueck\/#primaryimage"},"thumbnailUrl":"https:\/\/www.ffpassau.de\/ilzstadt\/wp-content\/uploads\/sites\/3\/2019\/12\/II.-L\u00f6schzug-der-Feuerwehr-Passau-blickt-auf-Rekordjahr-zur\u00fcck-1-scaled.jpg","articleSection":{"1":"News"},"inLanguage":"de","potentialAction":[{"@type":"CommentAction","name":"Comment","target":["https:\/\/www.ffpassau.de\/ilzstadt\/2017\/03\/03\/ii-loeschzug-der-feuerwehr-passau-blickt-auf-rekordjahr-zurueck\/#respond"]}]},{"@type":"WebPage","@id":"https:\/\/www.ffpassau.de\/ilzstadt\/2017\/03\/03\/ii-loeschzug-der-feuerwehr-passau-blickt-auf-rekordjahr-zurueck\/","url":"https:\/\/www.ffpassau.de\/ilzstadt\/2017\/03\/03\/ii-loeschzug-der-feuerwehr-passau-blickt-auf-rekordjahr-zurueck\/","name":"II. L\u00f6schzug der Feuerwehr Passau blickt auf Rekordjahr zur\u00fcck - Feuerwehr Passau - L\u00f6schzug Ilzstadt","isPartOf":{"@id":"https:\/\/www.ffpassau.de\/ilzstadt\/#website"},"primaryImageOfPage":{"@id":"https:\/\/www.ffpassau.de\/ilzstadt\/2017\/03\/03\/ii-loeschzug-der-feuerwehr-passau-blickt-auf-rekordjahr-zurueck\/#primaryimage"},"image":{"@id":"https:\/\/www.ffpassau.de\/ilzstadt\/2017\/03\/03\/ii-loeschzug-der-feuerwehr-passau-blickt-auf-rekordjahr-zurueck\/#primaryimage"},"thumbnailUrl":"https:\/\/www.ffpassau.de\/ilzstadt\/wp-content\/uploads\/sites\/3\/2019\/12\/II.-L\u00f6schzug-der-Feuerwehr-Passau-blickt-auf-Rekordjahr-zur\u00fcck-1-scaled.jpg","datePublished":"2017-03-03T20:42:02+00:00","dateModified":"2020-03-22T18:19:41+00:00","breadcrumb":{"@id":"https:\/\/www.ffpassau.de\/ilzstadt\/2017\/03\/03\/ii-loeschzug-der-feuerwehr-passau-blickt-auf-rekordjahr-zurueck\/#breadcrumb"},"inLanguage":"de","potentialAction":[{"@type":"ReadAction","target":["https:\/\/www.ffpassau.de\/ilzstadt\/2017\/03\/03\/ii-loeschzug-der-feuerwehr-passau-blickt-auf-rekordjahr-zurueck\/"]}]},{"@type":"ImageObject","inLanguage":"de","@id":"https:\/\/www.ffpassau.de\/ilzstadt\/2017\/03\/03\/ii-loeschzug-der-feuerwehr-passau-blickt-auf-rekordjahr-zurueck\/#primaryimage","url":"https:\/\/www.ffpassau.de\/ilzstadt\/wp-content\/uploads\/sites\/3\/2019\/12\/II.-L\u00f6schzug-der-Feuerwehr-Passau-blickt-auf-Rekordjahr-zur\u00fcck-1-scaled.jpg","contentUrl":"https:\/\/www.ffpassau.de\/ilzstadt\/wp-content\/uploads\/sites\/3\/2019\/12\/II.-L\u00f6schzug-der-Feuerwehr-Passau-blickt-auf-Rekordjahr-zur\u00fcck-1-scaled.jpg","width":2560,"height":1575},{"@type":"BreadcrumbList","@id":"https:\/\/www.ffpassau.de\/ilzstadt\/2017\/03\/03\/ii-loeschzug-der-feuerwehr-passau-blickt-auf-rekordjahr-zurueck\/#breadcrumb","itemListElement":[{"@type":"ListItem","position":1,"name":"Startseite","item":"https:\/\/www.ffpassau.de\/ilzstadt\/"},{"@type":"ListItem","position":2,"name":"II. L\u00f6schzug der Feuerwehr Passau blickt auf Rekordjahr zur\u00fcck"}]},{"@type":"WebSite","@id":"https:\/\/www.ffpassau.de\/ilzstadt\/#website","url":"https:\/\/www.ffpassau.de\/ilzstadt\/","name":"Feuerwehr Passau - L\u00f6schzug Ilztadt","description":"","publisher":{"@id":"https:\/\/www.ffpassau.de\/ilzstadt\/#organization"},"potentialAction":[{"@type":"SearchAction","target":{"@type":"EntryPoint","urlTemplate":"https:\/\/www.ffpassau.de\/ilzstadt\/?s={search_term_string}"},"query-input":{"@type":"PropertyValueSpecification","valueRequired":true,"valueName":"search_term_string"}}],"inLanguage":"de"},{"@type":"Organization","@id":"https:\/\/www.ffpassau.de\/ilzstadt\/#organization","name":"Feuerwehr Passau - L\u00f6schzug Ilztadt","url":"https:\/\/www.ffpassau.de\/ilzstadt\/","logo":{"@type":"ImageObject","inLanguage":"de","@id":"https:\/\/www.ffpassau.de\/ilzstadt\/#\/schema\/logo\/image\/","url":"https:\/\/www.ffpassau.de\/ilzstadt\/wp-content\/uploads\/sites\/3\/2020\/02\/lz_ilzstadt_logo.svg","contentUrl":"https:\/\/www.ffpassau.de\/ilzstadt\/wp-content\/uploads\/sites\/3\/2020\/02\/lz_ilzstadt_logo.svg","width":1,"height":1,"caption":"Feuerwehr Passau - L\u00f6schzug Ilztadt"},"image":{"@id":"https:\/\/www.ffpassau.de\/ilzstadt\/#\/schema\/logo\/image\/"}},{"@type":"Person","@id":"","url":"https:\/\/www.ffpassau.de\/ilzstadt\/author\/"}]}},"_links":{"self":[{"href":"https:\/\/www.ffpassau.de\/ilzstadt\/wp-json\/wp\/v2\/posts\/209","targetHints":{"allow":["GET"]}}],"collection":[{"href":"https:\/\/www.ffpassau.de\/ilzstadt\/wp-json\/wp\/v2\/posts"}],"about":[{"href":"https:\/\/www.ffpassau.de\/ilzstadt\/wp-json\/wp\/v2\/types\/post"}],"author":[{"embeddable":true,"href":"https:\/\/www.ffpassau.de\/ilzstadt\/wp-json\/wp\/v2\/users\/22"}],"replies":[{"embeddable":true,"href":"https:\/\/www.ffpassau.de\/ilzstadt\/wp-json\/wp\/v2\/comments?post=209"}],"version-history":[{"count":2,"href":"https:\/\/www.ffpassau.de\/ilzstadt\/wp-json\/wp\/v2\/posts\/209\/revisions"}],"predecessor-version":[{"id":363,"href":"https:\/\/www.ffpassau.de\/ilzstadt\/wp-json\/wp\/v2\/posts\/209\/revisions\/363"}],"wp:featuredmedia":[{"embeddable":true,"href":"https:\/\/www.ffpassau.de\/ilzstadt\/wp-json\/wp\/v2\/media\/361"}],"wp:attachment":[{"href":"https:\/\/www.ffpassau.de\/ilzstadt\/wp-json\/wp\/v2\/media?parent=209"}],"wp:term":[{"taxonomy":"category","embeddable":true,"href":"https:\/\/www.ffpassau.de\/ilzstadt\/wp-json\/wp\/v2\/categories?post=209"},{"taxonomy":"post_tag","embeddable":true,"href":"https:\/\/www.ffpassau.de\/ilzstadt\/wp-json\/wp\/v2\/tags?post=209"}],"curies":[{"name":"wp","href":"https:\/\/api.w.org\/{rel}","templated":true}]}}