{"id":214,"date":"2016-10-14T21:44:20","date_gmt":"2016-10-14T19:44:20","guid":{"rendered":"https:\/\/www.ffpassau.de\/ilzstadt\/?p=214"},"modified":"2020-03-23T19:54:07","modified_gmt":"2020-03-23T18:54:07","slug":"loeschzug-ilzstadt-informiert-sich-ueber-brandschutz-in-der-veste-oberhaus","status":"publish","type":"post","link":"https:\/\/www.ffpassau.de\/ilzstadt\/2016\/10\/14\/loeschzug-ilzstadt-informiert-sich-ueber-brandschutz-in-der-veste-oberhaus\/","title":{"rendered":"L\u00f6schzug Ilzstadt informiert sich \u00fcber Brandschutz in der Veste Oberhaus"},"content":{"rendered":"<p>&#8222;Das Schutzgebiet des L\u00f6schzugs Ilzstadt ist zwar vermutlich das Kleinste in der Stadt Passau, daf\u00fcr bietet es um so mehr Besonderheiten, da viele alte Geb\u00e4ude schwer erreichbar, un\u00fcbersichtlich und unberechenbar sind !&#8220;, so f\u00fchrte der stv. Zugf\u00fchrer des L\u00f6schzugs Ilzstadt der Freiwilligen Feuerwehr Passau, Hauptl\u00f6schmeister Armin Leeb, in die Feuerschutzbegehung auf der Veste Oberhaus ein. Gemeinsam mit seinem Zugf\u00fchrer, Brandmeister Florian Emmer, und den beiden Hausmeistern Klaus Spannbauer und Ronny Eibl hat er den Abend f\u00fcr die Kameradinnen und Kameraden des 2. L\u00f6schzugs organisiert.<\/p>\n<p>Zuerst gab es eine Einweisung in die Brandmeldezentrale (BMZ), das Feuerwehrschl\u00fcsseldepot (FSD) und den Feuerwehrnachtschl\u00fcsselkasten (FNSK). Dann gab es zus\u00e4tzlich noch eine Erkl\u00e4rung der Einbruchssicherungsanlage, da sonst ein Fortkommen im Geb\u00e4ude durch st\u00e4ndig wiederverschlie\u00dfende T\u00fcren beinahe unm\u00f6glich ist.<\/p>\n<p>In einem zweiten Schritt wurde das Museumsgeb\u00e4ude mit den Ausstellungsfl\u00e4chen, den B\u00fcros und den Lagerr\u00e4umen in Augenschein genommen. Schnell stellten die ehrenamtlichen Feuerwehrdienstleistenden fest, dass hier ein guter Orientierungssinn und alle m\u00f6glichen Hilfsmittel im Einsatzfall gefragt sind. &#8222;Allerdings muss man den Verantwortlichen auch ein sehr gro\u00dfes Lob aussprechen, dass alle Rettungs- und Warneinrichtungen sehr gut in Schuss gehalten sind&#8220;, best\u00e4tigte Zugf\u00fchrer Emmer.<\/p>\n<p>Als Drittes wurde die L\u00f6schwasserversorgung in den Blick genommen. Nachdem vor wenigen Wochen festgestellt wurde, dass es ab Alarmierungszeitpunkt mit dem HydroSub-System des L\u00f6schzugs Hauptwache der Feuerwehr Passau ca. 25-30 Minuten dauern w\u00fcrde, um L\u00f6schwasser von der Ilz in die Veste Oberhaus zu pumpen, gilt es diese Zeit zu \u00fcberbr\u00fccken. Dazu stehen neben einer Hydrantenleitung der Stadtwerke Passau mit einer Bringleistung von etwa 800 l\/min zwei Zisternen, eine im \u00c4u\u00dferen Burghof mit 20qm und eine im Burggraben mit 15qm L\u00f6schwasser zur Verf\u00fcgung. &#8222;Damit stehen f\u00fcr die erste halbe Stunde, bis die Leitung von der Ilz steht, durchschnittlich ca. 2000l\/min zur Verf\u00fcgung, was bedeutet, dass 3 L\u00f6schgruppen in dieser Zeit bereits zur Brandbek\u00e4mpfung vorgehen k\u00f6nnen&#8220;, res\u00fcmierte Emmer.<\/p>\n<p>Mit diesen erfreulichen Erkenntnissen bedankten sich Emmer und Leeb bei den beiden in der Veste wohnenden Hausmeistern Spannbauer und Eibl und machten sich wieder auf den Weg zur\u00fcck in die Feuerwache am Fu\u00dfe des Georgsberges.<\/p>\n","protected":false},"excerpt":{"rendered":"<p>&#8222;Das Schutzgebiet des L\u00f6schzugs Ilzstadt ist zwar vermutlich das Kleinste in der Stadt Passau, daf\u00fcr bietet es um so mehr Besonderheiten, da viele alte Geb\u00e4ude schwer erreichbar, un\u00fcbersichtlich und unberechenbar sind !&#8220;, so f\u00fchrte der stv. Zugf\u00fchrer des L\u00f6schzugs Ilzstadt der Freiwilligen Feuerwehr Passau, Hauptl\u00f6schmeister Armin Leeb, in die Feuerschutzbegehung auf der Veste Oberhaus ein. Gemeinsam mit seinem Zugf\u00fchrer, Brandmeister Florian Emmer, und den beiden Hausmeistern Klaus Spannbauer und Ronny Eibl hat er den Abend f\u00fcr die Kameradinnen und Kameraden des 2. L\u00f6schzugs organisiert. Zuerst gab es eine Einweisung in die Brandmeldezentrale (BMZ), das Feuerwehrschl\u00fcsseldepot (FSD) und den Feuerwehrnachtschl\u00fcsselkasten (FNSK). Dann gab es zus\u00e4tzlich noch eine Erkl\u00e4rung der Einbruchssicherungsanlage, da sonst ein Fortkommen im Geb\u00e4ude durch st\u00e4ndig wiederverschlie\u00dfende T\u00fcren beinahe unm\u00f6glich ist. In einem zweiten Schritt wurde das Museumsgeb\u00e4ude mit den Ausstellungsfl\u00e4chen, den B\u00fcros und den Lagerr\u00e4umen in Augenschein genommen. [&hellip;]<\/p>\n","protected":false},"author":22,"featured_media":215,"comment_status":"open","ping_status":"open","sticky":false,"template":"","format":"standard","meta":{"footnotes":""},"categories":[1,7],"tags":[],"class_list":["post-214","post","type-post","status-publish","format-standard","has-post-thumbnail","hentry","category-allgemein","category-news"],"yoast_head":"<!-- This site is optimized with the Yoast SEO plugin v24.3 - https:\/\/yoast.com\/wordpress\/plugins\/seo\/ -->\n<title>L\u00f6schzug Ilzstadt informiert sich \u00fcber Brandschutz in der Veste Oberhaus - Feuerwehr Passau - L\u00f6schzug Ilzstadt<\/title>\n<meta name=\"robots\" content=\"index, follow, max-snippet:-1, max-image-preview:large, max-video-preview:-1\" \/>\n<link rel=\"canonical\" href=\"https:\/\/www.ffpassau.de\/ilzstadt\/2016\/10\/14\/loeschzug-ilzstadt-informiert-sich-ueber-brandschutz-in-der-veste-oberhaus\/\" \/>\n<meta property=\"og:locale\" content=\"de_DE\" \/>\n<meta property=\"og:type\" content=\"article\" \/>\n<meta property=\"og:title\" content=\"L\u00f6schzug Ilzstadt informiert sich \u00fcber Brandschutz in der Veste Oberhaus - Feuerwehr Passau - L\u00f6schzug Ilzstadt\" \/>\n<meta property=\"og:description\" content=\"&#8222;Das Schutzgebiet des L\u00f6schzugs Ilzstadt ist zwar vermutlich das Kleinste in der Stadt Passau, daf\u00fcr bietet es um so mehr Besonderheiten, da viele alte Geb\u00e4ude schwer erreichbar, un\u00fcbersichtlich und unberechenbar sind !&#8220;, so f\u00fchrte der stv. Zugf\u00fchrer des L\u00f6schzugs Ilzstadt der Freiwilligen Feuerwehr Passau, Hauptl\u00f6schmeister Armin Leeb, in die Feuerschutzbegehung auf der Veste Oberhaus ein. Gemeinsam mit seinem Zugf\u00fchrer, Brandmeister Florian Emmer, und den beiden Hausmeistern Klaus Spannbauer und Ronny Eibl hat er den Abend f\u00fcr die Kameradinnen und Kameraden des 2. L\u00f6schzugs organisiert. Zuerst gab es eine Einweisung in die Brandmeldezentrale (BMZ), das Feuerwehrschl\u00fcsseldepot (FSD) und den Feuerwehrnachtschl\u00fcsselkasten (FNSK). Dann gab es zus\u00e4tzlich noch eine Erkl\u00e4rung der Einbruchssicherungsanlage, da sonst ein Fortkommen im Geb\u00e4ude durch st\u00e4ndig wiederverschlie\u00dfende T\u00fcren beinahe unm\u00f6glich ist. In einem zweiten Schritt wurde das Museumsgeb\u00e4ude mit den Ausstellungsfl\u00e4chen, den B\u00fcros und den Lagerr\u00e4umen in Augenschein genommen. [&hellip;]\" \/>\n<meta property=\"og:url\" content=\"https:\/\/www.ffpassau.de\/ilzstadt\/2016\/10\/14\/loeschzug-ilzstadt-informiert-sich-ueber-brandschutz-in-der-veste-oberhaus\/\" \/>\n<meta property=\"og:site_name\" content=\"Feuerwehr Passau - L\u00f6schzug Ilzstadt\" \/>\n<meta property=\"article:published_time\" content=\"2016-10-14T19:44:20+00:00\" \/>\n<meta property=\"article:modified_time\" content=\"2020-03-23T18:54:07+00:00\" \/>\n<meta property=\"og:image\" content=\"https:\/\/www.ffpassau.de\/ilzstadt\/wp-content\/uploads\/sites\/3\/2020\/03\/P1060036.jpeg\" \/>\n\t<meta property=\"og:image:width\" content=\"1280\" \/>\n\t<meta property=\"og:image:height\" content=\"960\" \/>\n\t<meta property=\"og:image:type\" content=\"image\/jpeg\" \/>\n<meta name=\"twitter:card\" content=\"summary_large_image\" \/>\n<meta name=\"twitter:label1\" content=\"Verfasst von\" \/>\n\t<meta name=\"twitter:data1\" content=\"\" \/>\n\t<meta name=\"twitter:label2\" content=\"Gesch\u00e4tzte Lesezeit\" \/>\n\t<meta name=\"twitter:data2\" content=\"2\u00a0Minuten\" \/>\n<script type=\"application\/ld+json\" class=\"yoast-schema-graph\">{\"@context\":\"https:\/\/schema.org\",\"@graph\":[{\"@type\":\"Article\",\"@id\":\"https:\/\/www.ffpassau.de\/ilzstadt\/2016\/10\/14\/loeschzug-ilzstadt-informiert-sich-ueber-brandschutz-in-der-veste-oberhaus\/#article\",\"isPartOf\":{\"@id\":\"https:\/\/www.ffpassau.de\/ilzstadt\/2016\/10\/14\/loeschzug-ilzstadt-informiert-sich-ueber-brandschutz-in-der-veste-oberhaus\/\"},\"author\":{\"name\":\"\",\"@id\":\"\"},\"headline\":\"L\u00f6schzug Ilzstadt informiert sich \u00fcber Brandschutz in der Veste Oberhaus\",\"datePublished\":\"2016-10-14T19:44:20+00:00\",\"dateModified\":\"2020-03-23T18:54:07+00:00\",\"mainEntityOfPage\":{\"@id\":\"https:\/\/www.ffpassau.de\/ilzstadt\/2016\/10\/14\/loeschzug-ilzstadt-informiert-sich-ueber-brandschutz-in-der-veste-oberhaus\/\"},\"wordCount\":388,\"commentCount\":0,\"publisher\":{\"@id\":\"https:\/\/www.ffpassau.de\/ilzstadt\/#organization\"},\"image\":{\"@id\":\"https:\/\/www.ffpassau.de\/ilzstadt\/2016\/10\/14\/loeschzug-ilzstadt-informiert-sich-ueber-brandschutz-in-der-veste-oberhaus\/#primaryimage\"},\"thumbnailUrl\":\"https:\/\/www.ffpassau.de\/ilzstadt\/wp-content\/uploads\/sites\/3\/2020\/03\/P1060036.jpeg\",\"articleSection\":{\"1\":\"News\"},\"inLanguage\":\"de\",\"potentialAction\":[{\"@type\":\"CommentAction\",\"name\":\"Comment\",\"target\":[\"https:\/\/www.ffpassau.de\/ilzstadt\/2016\/10\/14\/loeschzug-ilzstadt-informiert-sich-ueber-brandschutz-in-der-veste-oberhaus\/#respond\"]}]},{\"@type\":\"WebPage\",\"@id\":\"https:\/\/www.ffpassau.de\/ilzstadt\/2016\/10\/14\/loeschzug-ilzstadt-informiert-sich-ueber-brandschutz-in-der-veste-oberhaus\/\",\"url\":\"https:\/\/www.ffpassau.de\/ilzstadt\/2016\/10\/14\/loeschzug-ilzstadt-informiert-sich-ueber-brandschutz-in-der-veste-oberhaus\/\",\"name\":\"L\u00f6schzug Ilzstadt informiert sich \u00fcber Brandschutz in der Veste Oberhaus - Feuerwehr Passau - L\u00f6schzug Ilzstadt\",\"isPartOf\":{\"@id\":\"https:\/\/www.ffpassau.de\/ilzstadt\/#website\"},\"primaryImageOfPage\":{\"@id\":\"https:\/\/www.ffpassau.de\/ilzstadt\/2016\/10\/14\/loeschzug-ilzstadt-informiert-sich-ueber-brandschutz-in-der-veste-oberhaus\/#primaryimage\"},\"image\":{\"@id\":\"https:\/\/www.ffpassau.de\/ilzstadt\/2016\/10\/14\/loeschzug-ilzstadt-informiert-sich-ueber-brandschutz-in-der-veste-oberhaus\/#primaryimage\"},\"thumbnailUrl\":\"https:\/\/www.ffpassau.de\/ilzstadt\/wp-content\/uploads\/sites\/3\/2020\/03\/P1060036.jpeg\",\"datePublished\":\"2016-10-14T19:44:20+00:00\",\"dateModified\":\"2020-03-23T18:54:07+00:00\",\"breadcrumb\":{\"@id\":\"https:\/\/www.ffpassau.de\/ilzstadt\/2016\/10\/14\/loeschzug-ilzstadt-informiert-sich-ueber-brandschutz-in-der-veste-oberhaus\/#breadcrumb\"},\"inLanguage\":\"de\",\"potentialAction\":[{\"@type\":\"ReadAction\",\"target\":[\"https:\/\/www.ffpassau.de\/ilzstadt\/2016\/10\/14\/loeschzug-ilzstadt-informiert-sich-ueber-brandschutz-in-der-veste-oberhaus\/\"]}]},{\"@type\":\"ImageObject\",\"inLanguage\":\"de\",\"@id\":\"https:\/\/www.ffpassau.de\/ilzstadt\/2016\/10\/14\/loeschzug-ilzstadt-informiert-sich-ueber-brandschutz-in-der-veste-oberhaus\/#primaryimage\",\"url\":\"https:\/\/www.ffpassau.de\/ilzstadt\/wp-content\/uploads\/sites\/3\/2020\/03\/P1060036.jpeg\",\"contentUrl\":\"https:\/\/www.ffpassau.de\/ilzstadt\/wp-content\/uploads\/sites\/3\/2020\/03\/P1060036.jpeg\",\"width\":1280,\"height\":960},{\"@type\":\"BreadcrumbList\",\"@id\":\"https:\/\/www.ffpassau.de\/ilzstadt\/2016\/10\/14\/loeschzug-ilzstadt-informiert-sich-ueber-brandschutz-in-der-veste-oberhaus\/#breadcrumb\",\"itemListElement\":[{\"@type\":\"ListItem\",\"position\":1,\"name\":\"Startseite\",\"item\":\"https:\/\/www.ffpassau.de\/ilzstadt\/\"},{\"@type\":\"ListItem\",\"position\":2,\"name\":\"L\u00f6schzug Ilzstadt informiert sich \u00fcber Brandschutz in der Veste Oberhaus\"}]},{\"@type\":\"WebSite\",\"@id\":\"https:\/\/www.ffpassau.de\/ilzstadt\/#website\",\"url\":\"https:\/\/www.ffpassau.de\/ilzstadt\/\",\"name\":\"Feuerwehr Passau - L\u00f6schzug Ilztadt\",\"description\":\"\",\"publisher\":{\"@id\":\"https:\/\/www.ffpassau.de\/ilzstadt\/#organization\"},\"potentialAction\":[{\"@type\":\"SearchAction\",\"target\":{\"@type\":\"EntryPoint\",\"urlTemplate\":\"https:\/\/www.ffpassau.de\/ilzstadt\/?s={search_term_string}\"},\"query-input\":{\"@type\":\"PropertyValueSpecification\",\"valueRequired\":true,\"valueName\":\"search_term_string\"}}],\"inLanguage\":\"de\"},{\"@type\":\"Organization\",\"@id\":\"https:\/\/www.ffpassau.de\/ilzstadt\/#organization\",\"name\":\"Feuerwehr Passau - L\u00f6schzug Ilztadt\",\"url\":\"https:\/\/www.ffpassau.de\/ilzstadt\/\",\"logo\":{\"@type\":\"ImageObject\",\"inLanguage\":\"de\",\"@id\":\"https:\/\/www.ffpassau.de\/ilzstadt\/#\/schema\/logo\/image\/\",\"url\":\"https:\/\/www.ffpassau.de\/ilzstadt\/wp-content\/uploads\/sites\/3\/2020\/02\/lz_ilzstadt_logo.svg\",\"contentUrl\":\"https:\/\/www.ffpassau.de\/ilzstadt\/wp-content\/uploads\/sites\/3\/2020\/02\/lz_ilzstadt_logo.svg\",\"width\":1,\"height\":1,\"caption\":\"Feuerwehr Passau - L\u00f6schzug Ilztadt\"},\"image\":{\"@id\":\"https:\/\/www.ffpassau.de\/ilzstadt\/#\/schema\/logo\/image\/\"}},{\"@type\":\"Person\",\"@id\":\"\",\"url\":\"https:\/\/www.ffpassau.de\/ilzstadt\/author\/\"}]}<\/script>\n<!-- \/ Yoast SEO plugin. -->","yoast_head_json":{"title":"L\u00f6schzug Ilzstadt informiert sich \u00fcber Brandschutz in der Veste Oberhaus - Feuerwehr Passau - L\u00f6schzug Ilzstadt","robots":{"index":"index","follow":"follow","max-snippet":"max-snippet:-1","max-image-preview":"max-image-preview:large","max-video-preview":"max-video-preview:-1"},"canonical":"https:\/\/www.ffpassau.de\/ilzstadt\/2016\/10\/14\/loeschzug-ilzstadt-informiert-sich-ueber-brandschutz-in-der-veste-oberhaus\/","og_locale":"de_DE","og_type":"article","og_title":"L\u00f6schzug Ilzstadt informiert sich \u00fcber Brandschutz in der Veste Oberhaus - Feuerwehr Passau - L\u00f6schzug Ilzstadt","og_description":"&#8222;Das Schutzgebiet des L\u00f6schzugs Ilzstadt ist zwar vermutlich das Kleinste in der Stadt Passau, daf\u00fcr bietet es um so mehr Besonderheiten, da viele alte Geb\u00e4ude schwer erreichbar, un\u00fcbersichtlich und unberechenbar sind !&#8220;, so f\u00fchrte der stv. Zugf\u00fchrer des L\u00f6schzugs Ilzstadt der Freiwilligen Feuerwehr Passau, Hauptl\u00f6schmeister Armin Leeb, in die Feuerschutzbegehung auf der Veste Oberhaus ein. Gemeinsam mit seinem Zugf\u00fchrer, Brandmeister Florian Emmer, und den beiden Hausmeistern Klaus Spannbauer und Ronny Eibl hat er den Abend f\u00fcr die Kameradinnen und Kameraden des 2. L\u00f6schzugs organisiert. Zuerst gab es eine Einweisung in die Brandmeldezentrale (BMZ), das Feuerwehrschl\u00fcsseldepot (FSD) und den Feuerwehrnachtschl\u00fcsselkasten (FNSK). Dann gab es zus\u00e4tzlich noch eine Erkl\u00e4rung der Einbruchssicherungsanlage, da sonst ein Fortkommen im Geb\u00e4ude durch st\u00e4ndig wiederverschlie\u00dfende T\u00fcren beinahe unm\u00f6glich ist. In einem zweiten Schritt wurde das Museumsgeb\u00e4ude mit den Ausstellungsfl\u00e4chen, den B\u00fcros und den Lagerr\u00e4umen in Augenschein genommen. [&hellip;]","og_url":"https:\/\/www.ffpassau.de\/ilzstadt\/2016\/10\/14\/loeschzug-ilzstadt-informiert-sich-ueber-brandschutz-in-der-veste-oberhaus\/","og_site_name":"Feuerwehr Passau - L\u00f6schzug Ilzstadt","article_published_time":"2016-10-14T19:44:20+00:00","article_modified_time":"2020-03-23T18:54:07+00:00","og_image":[{"width":1280,"height":960,"url":"https:\/\/www.ffpassau.de\/ilzstadt\/wp-content\/uploads\/sites\/3\/2020\/03\/P1060036.jpeg","type":"image\/jpeg"}],"twitter_card":"summary_large_image","twitter_misc":{"Verfasst von":"","Gesch\u00e4tzte Lesezeit":"2\u00a0Minuten"},"schema":{"@context":"https:\/\/schema.org","@graph":[{"@type":"Article","@id":"https:\/\/www.ffpassau.de\/ilzstadt\/2016\/10\/14\/loeschzug-ilzstadt-informiert-sich-ueber-brandschutz-in-der-veste-oberhaus\/#article","isPartOf":{"@id":"https:\/\/www.ffpassau.de\/ilzstadt\/2016\/10\/14\/loeschzug-ilzstadt-informiert-sich-ueber-brandschutz-in-der-veste-oberhaus\/"},"author":{"name":"","@id":""},"headline":"L\u00f6schzug Ilzstadt informiert sich \u00fcber Brandschutz in der Veste Oberhaus","datePublished":"2016-10-14T19:44:20+00:00","dateModified":"2020-03-23T18:54:07+00:00","mainEntityOfPage":{"@id":"https:\/\/www.ffpassau.de\/ilzstadt\/2016\/10\/14\/loeschzug-ilzstadt-informiert-sich-ueber-brandschutz-in-der-veste-oberhaus\/"},"wordCount":388,"commentCount":0,"publisher":{"@id":"https:\/\/www.ffpassau.de\/ilzstadt\/#organization"},"image":{"@id":"https:\/\/www.ffpassau.de\/ilzstadt\/2016\/10\/14\/loeschzug-ilzstadt-informiert-sich-ueber-brandschutz-in-der-veste-oberhaus\/#primaryimage"},"thumbnailUrl":"https:\/\/www.ffpassau.de\/ilzstadt\/wp-content\/uploads\/sites\/3\/2020\/03\/P1060036.jpeg","articleSection":{"1":"News"},"inLanguage":"de","potentialAction":[{"@type":"CommentAction","name":"Comment","target":["https:\/\/www.ffpassau.de\/ilzstadt\/2016\/10\/14\/loeschzug-ilzstadt-informiert-sich-ueber-brandschutz-in-der-veste-oberhaus\/#respond"]}]},{"@type":"WebPage","@id":"https:\/\/www.ffpassau.de\/ilzstadt\/2016\/10\/14\/loeschzug-ilzstadt-informiert-sich-ueber-brandschutz-in-der-veste-oberhaus\/","url":"https:\/\/www.ffpassau.de\/ilzstadt\/2016\/10\/14\/loeschzug-ilzstadt-informiert-sich-ueber-brandschutz-in-der-veste-oberhaus\/","name":"L\u00f6schzug Ilzstadt informiert sich \u00fcber Brandschutz in der Veste Oberhaus - Feuerwehr Passau - L\u00f6schzug Ilzstadt","isPartOf":{"@id":"https:\/\/www.ffpassau.de\/ilzstadt\/#website"},"primaryImageOfPage":{"@id":"https:\/\/www.ffpassau.de\/ilzstadt\/2016\/10\/14\/loeschzug-ilzstadt-informiert-sich-ueber-brandschutz-in-der-veste-oberhaus\/#primaryimage"},"image":{"@id":"https:\/\/www.ffpassau.de\/ilzstadt\/2016\/10\/14\/loeschzug-ilzstadt-informiert-sich-ueber-brandschutz-in-der-veste-oberhaus\/#primaryimage"},"thumbnailUrl":"https:\/\/www.ffpassau.de\/ilzstadt\/wp-content\/uploads\/sites\/3\/2020\/03\/P1060036.jpeg","datePublished":"2016-10-14T19:44:20+00:00","dateModified":"2020-03-23T18:54:07+00:00","breadcrumb":{"@id":"https:\/\/www.ffpassau.de\/ilzstadt\/2016\/10\/14\/loeschzug-ilzstadt-informiert-sich-ueber-brandschutz-in-der-veste-oberhaus\/#breadcrumb"},"inLanguage":"de","potentialAction":[{"@type":"ReadAction","target":["https:\/\/www.ffpassau.de\/ilzstadt\/2016\/10\/14\/loeschzug-ilzstadt-informiert-sich-ueber-brandschutz-in-der-veste-oberhaus\/"]}]},{"@type":"ImageObject","inLanguage":"de","@id":"https:\/\/www.ffpassau.de\/ilzstadt\/2016\/10\/14\/loeschzug-ilzstadt-informiert-sich-ueber-brandschutz-in-der-veste-oberhaus\/#primaryimage","url":"https:\/\/www.ffpassau.de\/ilzstadt\/wp-content\/uploads\/sites\/3\/2020\/03\/P1060036.jpeg","contentUrl":"https:\/\/www.ffpassau.de\/ilzstadt\/wp-content\/uploads\/sites\/3\/2020\/03\/P1060036.jpeg","width":1280,"height":960},{"@type":"BreadcrumbList","@id":"https:\/\/www.ffpassau.de\/ilzstadt\/2016\/10\/14\/loeschzug-ilzstadt-informiert-sich-ueber-brandschutz-in-der-veste-oberhaus\/#breadcrumb","itemListElement":[{"@type":"ListItem","position":1,"name":"Startseite","item":"https:\/\/www.ffpassau.de\/ilzstadt\/"},{"@type":"ListItem","position":2,"name":"L\u00f6schzug Ilzstadt informiert sich \u00fcber Brandschutz in der Veste Oberhaus"}]},{"@type":"WebSite","@id":"https:\/\/www.ffpassau.de\/ilzstadt\/#website","url":"https:\/\/www.ffpassau.de\/ilzstadt\/","name":"Feuerwehr Passau - L\u00f6schzug Ilztadt","description":"","publisher":{"@id":"https:\/\/www.ffpassau.de\/ilzstadt\/#organization"},"potentialAction":[{"@type":"SearchAction","target":{"@type":"EntryPoint","urlTemplate":"https:\/\/www.ffpassau.de\/ilzstadt\/?s={search_term_string}"},"query-input":{"@type":"PropertyValueSpecification","valueRequired":true,"valueName":"search_term_string"}}],"inLanguage":"de"},{"@type":"Organization","@id":"https:\/\/www.ffpassau.de\/ilzstadt\/#organization","name":"Feuerwehr Passau - L\u00f6schzug Ilztadt","url":"https:\/\/www.ffpassau.de\/ilzstadt\/","logo":{"@type":"ImageObject","inLanguage":"de","@id":"https:\/\/www.ffpassau.de\/ilzstadt\/#\/schema\/logo\/image\/","url":"https:\/\/www.ffpassau.de\/ilzstadt\/wp-content\/uploads\/sites\/3\/2020\/02\/lz_ilzstadt_logo.svg","contentUrl":"https:\/\/www.ffpassau.de\/ilzstadt\/wp-content\/uploads\/sites\/3\/2020\/02\/lz_ilzstadt_logo.svg","width":1,"height":1,"caption":"Feuerwehr Passau - L\u00f6schzug Ilztadt"},"image":{"@id":"https:\/\/www.ffpassau.de\/ilzstadt\/#\/schema\/logo\/image\/"}},{"@type":"Person","@id":"","url":"https:\/\/www.ffpassau.de\/ilzstadt\/author\/"}]}},"_links":{"self":[{"href":"https:\/\/www.ffpassau.de\/ilzstadt\/wp-json\/wp\/v2\/posts\/214","targetHints":{"allow":["GET"]}}],"collection":[{"href":"https:\/\/www.ffpassau.de\/ilzstadt\/wp-json\/wp\/v2\/posts"}],"about":[{"href":"https:\/\/www.ffpassau.de\/ilzstadt\/wp-json\/wp\/v2\/types\/post"}],"author":[{"embeddable":true,"href":"https:\/\/www.ffpassau.de\/ilzstadt\/wp-json\/wp\/v2\/users\/22"}],"replies":[{"embeddable":true,"href":"https:\/\/www.ffpassau.de\/ilzstadt\/wp-json\/wp\/v2\/comments?post=214"}],"version-history":[{"count":1,"href":"https:\/\/www.ffpassau.de\/ilzstadt\/wp-json\/wp\/v2\/posts\/214\/revisions"}],"predecessor-version":[{"id":216,"href":"https:\/\/www.ffpassau.de\/ilzstadt\/wp-json\/wp\/v2\/posts\/214\/revisions\/216"}],"wp:featuredmedia":[{"embeddable":true,"href":"https:\/\/www.ffpassau.de\/ilzstadt\/wp-json\/wp\/v2\/media\/215"}],"wp:attachment":[{"href":"https:\/\/www.ffpassau.de\/ilzstadt\/wp-json\/wp\/v2\/media?parent=214"}],"wp:term":[{"taxonomy":"category","embeddable":true,"href":"https:\/\/www.ffpassau.de\/ilzstadt\/wp-json\/wp\/v2\/categories?post=214"},{"taxonomy":"post_tag","embeddable":true,"href":"https:\/\/www.ffpassau.de\/ilzstadt\/wp-json\/wp\/v2\/tags?post=214"}],"curies":[{"name":"wp","href":"https:\/\/api.w.org\/{rel}","templated":true}]}}