{"id":222,"date":"2016-09-30T21:46:41","date_gmt":"2016-09-30T19:46:41","guid":{"rendered":"https:\/\/www.ffpassau.de\/ilzstadt\/?p=222"},"modified":"2020-03-23T19:55:28","modified_gmt":"2020-03-23T18:55:28","slug":"feuerwehr-bildet-ihre-bootsfuehrer-fort","status":"publish","type":"post","link":"https:\/\/www.ffpassau.de\/ilzstadt\/2016\/09\/30\/feuerwehr-bildet-ihre-bootsfuehrer-fort\/","title":{"rendered":"Feuerwehr bildet ihre Bootsf\u00fchrer fort"},"content":{"rendered":"<p>Eineinhalb Tage nahmen sich 15 Bootsf\u00fchrer der Feuerwehren Passau (1. und 2. L\u00f6schzug), Grubweg, Hals und Schalding r.d.D. Zeit, um ihr K\u00f6nnen auf den Gew\u00e4ssern der Dreifl\u00fcssestadt zu verbessern. Am Freitag Abend machte ein Theorieteil den Anfang des Lehrgangs, in dem der stellvertretende Zugf\u00fchrer Christian Brunner (L\u00f6schzug Ilzstadt) Informationen zu Untiefen und Gefahrenstellen in Donau, Inn und Ilz gab und die Teilnehmer auf das Erkennen von Gefahren sensibilisierte. Anschlie\u00dfend gab Stadtbrandmeister Holger Hantschel (Fachwerkst\u00e4tte) noch Informationen zu Wartung, Pflege und Technik der in der Stadt vorhandenen Feuerwehrboote, bevor Zugf\u00fchrer Florian Emmer (L\u00f6schzug Ilzstadt) den Abend mit einer Wiederholung von Zeichen, Signalen und dem Thema \u00d6lwehr auf Binnengew\u00e4ssern abrundete.<\/p>\n<p>Am Samstag wurde es dann praktisch: an 5 Stationen bildeten die Ausbilder Hannes Sammer (Lz. Hauptwache), Christopher Craxton (Lz. Ilzstadt), Tobias Rettenberger (FF Grubweg), Phillipp Landegl (FF Hals) und Manuel Heger (FF Schalding r.d.D.) die 15 Teilnehmer auf den jeweils eigenen Booten unter den Augen von Stadtbrandrat Dieter Schlegl (FF Passau) und Stadtbrandmeister Edi Lieb (FF Haarschedl) aus. Im Winterhafen konnte ausprobiert werden, wie viel Zuladung auf die Wasserfahrzeuge m\u00f6glich ist und welche Auswirkungen das auf das Fahrverhalten hat. Auf H\u00f6he des liegenden Mannes wurde das Verhalten im Notfall gelehrt und geankert. Bei der Kr\u00e4utelsteiner Br\u00fccke trainierten die Feuerwehrdienstleistenden das Man\u00f6vrieren im flie\u00dfenden Gew\u00e4sser, w\u00e4hrend im Bereich der Ilzm\u00fcndung dieses im fast stehenden Gew\u00e4sser ge\u00fcbt wurde. Dort lernten sie auch das Aufnehmen von Treibgut in Form verschiedener schwimmender Kanister. Die letzte Station war in der Innm\u00fcndung, wo eine Schwimmpumpe aufgenommen werden musste und somit Menschenrettung ge\u00fcbt wurde.<\/p>\n<p>Den Abschluss des Tages stellte eine Schiffsbrandbek\u00e4mpfungs\u00fcbung im Bereich Winterhafen dar (ausgearbeitet von Florian Emmer (Lz. Ilzstadt) und Patrick Namyslo (FF Grubweg)), bei der alle 5 Feuerwehreinheiten zusammen arbeiten mussten. W\u00e4hrend der L\u00f6schzug Hauptwache sein Mehrzweckboot als Anlegeplateu am brennenden Schiff fixierte und den Zugang \u00fcber drei Steckleiterteile erm\u00f6glichte, stellte der L\u00f6schzug Ilzstadt mit einer Tragkraftspritze auf dem Mehrzweckboot die Wasserversorgung f\u00fcr die Brandbek\u00e4mpfung sicher. Die Rettungsboote der Feuerwehren Grubweg, Hals und Schalding r.d.D. setzten die Atemschutzger\u00e4tetr\u00e4ger sowie Schl\u00e4uche, Strahlrohre und sonstiges Material \u00fcber. Binnen k\u00fcrzester Zeit w\u00e4re im Ernstfall durch diese eingespielte Taktik eine wirkungsvolle Brandbek\u00e4mpfung sicher gestellt.<\/p>\n<p>Zum Ende des Lehrgangs durfte Lehrgangsleiter Florian Emmer allen Teilnehmern noch Danke sagen, dass sie sich Zeit f\u00fcr die Ausbildung genommen haben und ihnen die Teilnahmezertifikate \u00fcberreichen.<\/p>\n","protected":false},"excerpt":{"rendered":"<p>Eineinhalb Tage nahmen sich 15 Bootsf\u00fchrer der Feuerwehren Passau (1. und 2. L\u00f6schzug), Grubweg, Hals und Schalding r.d.D. Zeit, um ihr K\u00f6nnen auf den Gew\u00e4ssern der Dreifl\u00fcssestadt zu verbessern. Am Freitag Abend machte ein Theorieteil den Anfang des Lehrgangs, in dem der stellvertretende Zugf\u00fchrer Christian Brunner (L\u00f6schzug Ilzstadt) Informationen zu Untiefen und Gefahrenstellen in Donau, Inn und Ilz gab und die Teilnehmer auf das Erkennen von Gefahren sensibilisierte. Anschlie\u00dfend gab Stadtbrandmeister Holger Hantschel (Fachwerkst\u00e4tte) noch Informationen zu Wartung, Pflege und Technik der in der Stadt vorhandenen Feuerwehrboote, bevor Zugf\u00fchrer Florian Emmer (L\u00f6schzug Ilzstadt) den Abend mit einer Wiederholung von Zeichen, Signalen und dem Thema \u00d6lwehr auf Binnengew\u00e4ssern abrundete. Am Samstag wurde es dann praktisch: an 5 Stationen bildeten die Ausbilder Hannes Sammer (Lz. Hauptwache), Christopher Craxton (Lz. Ilzstadt), Tobias Rettenberger (FF Grubweg), Phillipp Landegl (FF Hals) und Manuel Heger (FF [&hellip;]<\/p>\n","protected":false},"author":22,"featured_media":230,"comment_status":"open","ping_status":"open","sticky":false,"template":"","format":"standard","meta":{"footnotes":""},"categories":[1,7],"tags":[],"class_list":["post-222","post","type-post","status-publish","format-standard","has-post-thumbnail","hentry","category-allgemein","category-news"],"yoast_head":"<!-- This site is optimized with the Yoast SEO plugin v24.3 - https:\/\/yoast.com\/wordpress\/plugins\/seo\/ -->\n<title>Feuerwehr bildet ihre Bootsf\u00fchrer fort - Feuerwehr Passau - L\u00f6schzug Ilzstadt<\/title>\n<meta name=\"robots\" content=\"index, follow, max-snippet:-1, max-image-preview:large, max-video-preview:-1\" \/>\n<link rel=\"canonical\" href=\"https:\/\/www.ffpassau.de\/ilzstadt\/2016\/09\/30\/feuerwehr-bildet-ihre-bootsfuehrer-fort\/\" \/>\n<meta property=\"og:locale\" content=\"de_DE\" \/>\n<meta property=\"og:type\" content=\"article\" \/>\n<meta property=\"og:title\" content=\"Feuerwehr bildet ihre Bootsf\u00fchrer fort - Feuerwehr Passau - L\u00f6schzug Ilzstadt\" \/>\n<meta property=\"og:description\" content=\"Eineinhalb Tage nahmen sich 15 Bootsf\u00fchrer der Feuerwehren Passau (1. und 2. L\u00f6schzug), Grubweg, Hals und Schalding r.d.D. Zeit, um ihr K\u00f6nnen auf den Gew\u00e4ssern der Dreifl\u00fcssestadt zu verbessern. Am Freitag Abend machte ein Theorieteil den Anfang des Lehrgangs, in dem der stellvertretende Zugf\u00fchrer Christian Brunner (L\u00f6schzug Ilzstadt) Informationen zu Untiefen und Gefahrenstellen in Donau, Inn und Ilz gab und die Teilnehmer auf das Erkennen von Gefahren sensibilisierte. Anschlie\u00dfend gab Stadtbrandmeister Holger Hantschel (Fachwerkst\u00e4tte) noch Informationen zu Wartung, Pflege und Technik der in der Stadt vorhandenen Feuerwehrboote, bevor Zugf\u00fchrer Florian Emmer (L\u00f6schzug Ilzstadt) den Abend mit einer Wiederholung von Zeichen, Signalen und dem Thema \u00d6lwehr auf Binnengew\u00e4ssern abrundete. Am Samstag wurde es dann praktisch: an 5 Stationen bildeten die Ausbilder Hannes Sammer (Lz. Hauptwache), Christopher Craxton (Lz. Ilzstadt), Tobias Rettenberger (FF Grubweg), Phillipp Landegl (FF Hals) und Manuel Heger (FF [&hellip;]\" \/>\n<meta property=\"og:url\" content=\"https:\/\/www.ffpassau.de\/ilzstadt\/2016\/09\/30\/feuerwehr-bildet-ihre-bootsfuehrer-fort\/\" \/>\n<meta property=\"og:site_name\" content=\"Feuerwehr Passau - L\u00f6schzug Ilzstadt\" \/>\n<meta property=\"article:published_time\" content=\"2016-09-30T19:46:41+00:00\" \/>\n<meta property=\"article:modified_time\" content=\"2020-03-23T18:55:28+00:00\" \/>\n<meta property=\"og:image\" content=\"https:\/\/www.ffpassau.de\/ilzstadt\/wp-content\/uploads\/sites\/3\/2020\/03\/Schiffsbrandbung.jpeg\" \/>\n\t<meta property=\"og:image:width\" content=\"1209\" \/>\n\t<meta property=\"og:image:height\" content=\"837\" \/>\n\t<meta property=\"og:image:type\" content=\"image\/jpeg\" \/>\n<meta name=\"twitter:card\" content=\"summary_large_image\" \/>\n<meta name=\"twitter:label1\" content=\"Verfasst von\" \/>\n\t<meta name=\"twitter:data1\" content=\"\" \/>\n\t<meta name=\"twitter:label2\" content=\"Gesch\u00e4tzte Lesezeit\" \/>\n\t<meta name=\"twitter:data2\" content=\"2\u00a0Minuten\" \/>\n<script type=\"application\/ld+json\" class=\"yoast-schema-graph\">{\"@context\":\"https:\/\/schema.org\",\"@graph\":[{\"@type\":\"Article\",\"@id\":\"https:\/\/www.ffpassau.de\/ilzstadt\/2016\/09\/30\/feuerwehr-bildet-ihre-bootsfuehrer-fort\/#article\",\"isPartOf\":{\"@id\":\"https:\/\/www.ffpassau.de\/ilzstadt\/2016\/09\/30\/feuerwehr-bildet-ihre-bootsfuehrer-fort\/\"},\"author\":{\"name\":\"\",\"@id\":\"\"},\"headline\":\"Feuerwehr bildet ihre Bootsf\u00fchrer fort\",\"datePublished\":\"2016-09-30T19:46:41+00:00\",\"dateModified\":\"2020-03-23T18:55:28+00:00\",\"mainEntityOfPage\":{\"@id\":\"https:\/\/www.ffpassau.de\/ilzstadt\/2016\/09\/30\/feuerwehr-bildet-ihre-bootsfuehrer-fort\/\"},\"wordCount\":427,\"commentCount\":0,\"publisher\":{\"@id\":\"https:\/\/www.ffpassau.de\/ilzstadt\/#organization\"},\"image\":{\"@id\":\"https:\/\/www.ffpassau.de\/ilzstadt\/2016\/09\/30\/feuerwehr-bildet-ihre-bootsfuehrer-fort\/#primaryimage\"},\"thumbnailUrl\":\"https:\/\/www.ffpassau.de\/ilzstadt\/wp-content\/uploads\/sites\/3\/2020\/03\/Schiffsbrandbung.jpeg\",\"articleSection\":{\"1\":\"News\"},\"inLanguage\":\"de\",\"potentialAction\":[{\"@type\":\"CommentAction\",\"name\":\"Comment\",\"target\":[\"https:\/\/www.ffpassau.de\/ilzstadt\/2016\/09\/30\/feuerwehr-bildet-ihre-bootsfuehrer-fort\/#respond\"]}]},{\"@type\":\"WebPage\",\"@id\":\"https:\/\/www.ffpassau.de\/ilzstadt\/2016\/09\/30\/feuerwehr-bildet-ihre-bootsfuehrer-fort\/\",\"url\":\"https:\/\/www.ffpassau.de\/ilzstadt\/2016\/09\/30\/feuerwehr-bildet-ihre-bootsfuehrer-fort\/\",\"name\":\"Feuerwehr bildet ihre Bootsf\u00fchrer fort - Feuerwehr Passau - L\u00f6schzug Ilzstadt\",\"isPartOf\":{\"@id\":\"https:\/\/www.ffpassau.de\/ilzstadt\/#website\"},\"primaryImageOfPage\":{\"@id\":\"https:\/\/www.ffpassau.de\/ilzstadt\/2016\/09\/30\/feuerwehr-bildet-ihre-bootsfuehrer-fort\/#primaryimage\"},\"image\":{\"@id\":\"https:\/\/www.ffpassau.de\/ilzstadt\/2016\/09\/30\/feuerwehr-bildet-ihre-bootsfuehrer-fort\/#primaryimage\"},\"thumbnailUrl\":\"https:\/\/www.ffpassau.de\/ilzstadt\/wp-content\/uploads\/sites\/3\/2020\/03\/Schiffsbrandbung.jpeg\",\"datePublished\":\"2016-09-30T19:46:41+00:00\",\"dateModified\":\"2020-03-23T18:55:28+00:00\",\"breadcrumb\":{\"@id\":\"https:\/\/www.ffpassau.de\/ilzstadt\/2016\/09\/30\/feuerwehr-bildet-ihre-bootsfuehrer-fort\/#breadcrumb\"},\"inLanguage\":\"de\",\"potentialAction\":[{\"@type\":\"ReadAction\",\"target\":[\"https:\/\/www.ffpassau.de\/ilzstadt\/2016\/09\/30\/feuerwehr-bildet-ihre-bootsfuehrer-fort\/\"]}]},{\"@type\":\"ImageObject\",\"inLanguage\":\"de\",\"@id\":\"https:\/\/www.ffpassau.de\/ilzstadt\/2016\/09\/30\/feuerwehr-bildet-ihre-bootsfuehrer-fort\/#primaryimage\",\"url\":\"https:\/\/www.ffpassau.de\/ilzstadt\/wp-content\/uploads\/sites\/3\/2020\/03\/Schiffsbrandbung.jpeg\",\"contentUrl\":\"https:\/\/www.ffpassau.de\/ilzstadt\/wp-content\/uploads\/sites\/3\/2020\/03\/Schiffsbrandbung.jpeg\",\"width\":1209,\"height\":837},{\"@type\":\"BreadcrumbList\",\"@id\":\"https:\/\/www.ffpassau.de\/ilzstadt\/2016\/09\/30\/feuerwehr-bildet-ihre-bootsfuehrer-fort\/#breadcrumb\",\"itemListElement\":[{\"@type\":\"ListItem\",\"position\":1,\"name\":\"Startseite\",\"item\":\"https:\/\/www.ffpassau.de\/ilzstadt\/\"},{\"@type\":\"ListItem\",\"position\":2,\"name\":\"Feuerwehr bildet ihre Bootsf\u00fchrer fort\"}]},{\"@type\":\"WebSite\",\"@id\":\"https:\/\/www.ffpassau.de\/ilzstadt\/#website\",\"url\":\"https:\/\/www.ffpassau.de\/ilzstadt\/\",\"name\":\"Feuerwehr Passau - L\u00f6schzug Ilztadt\",\"description\":\"\",\"publisher\":{\"@id\":\"https:\/\/www.ffpassau.de\/ilzstadt\/#organization\"},\"potentialAction\":[{\"@type\":\"SearchAction\",\"target\":{\"@type\":\"EntryPoint\",\"urlTemplate\":\"https:\/\/www.ffpassau.de\/ilzstadt\/?s={search_term_string}\"},\"query-input\":{\"@type\":\"PropertyValueSpecification\",\"valueRequired\":true,\"valueName\":\"search_term_string\"}}],\"inLanguage\":\"de\"},{\"@type\":\"Organization\",\"@id\":\"https:\/\/www.ffpassau.de\/ilzstadt\/#organization\",\"name\":\"Feuerwehr Passau - L\u00f6schzug Ilztadt\",\"url\":\"https:\/\/www.ffpassau.de\/ilzstadt\/\",\"logo\":{\"@type\":\"ImageObject\",\"inLanguage\":\"de\",\"@id\":\"https:\/\/www.ffpassau.de\/ilzstadt\/#\/schema\/logo\/image\/\",\"url\":\"https:\/\/www.ffpassau.de\/ilzstadt\/wp-content\/uploads\/sites\/3\/2020\/02\/lz_ilzstadt_logo.svg\",\"contentUrl\":\"https:\/\/www.ffpassau.de\/ilzstadt\/wp-content\/uploads\/sites\/3\/2020\/02\/lz_ilzstadt_logo.svg\",\"width\":1,\"height\":1,\"caption\":\"Feuerwehr Passau - L\u00f6schzug Ilztadt\"},\"image\":{\"@id\":\"https:\/\/www.ffpassau.de\/ilzstadt\/#\/schema\/logo\/image\/\"}},{\"@type\":\"Person\",\"@id\":\"\",\"url\":\"https:\/\/www.ffpassau.de\/ilzstadt\/author\/\"}]}<\/script>\n<!-- \/ Yoast SEO plugin. -->","yoast_head_json":{"title":"Feuerwehr bildet ihre Bootsf\u00fchrer fort - Feuerwehr Passau - L\u00f6schzug Ilzstadt","robots":{"index":"index","follow":"follow","max-snippet":"max-snippet:-1","max-image-preview":"max-image-preview:large","max-video-preview":"max-video-preview:-1"},"canonical":"https:\/\/www.ffpassau.de\/ilzstadt\/2016\/09\/30\/feuerwehr-bildet-ihre-bootsfuehrer-fort\/","og_locale":"de_DE","og_type":"article","og_title":"Feuerwehr bildet ihre Bootsf\u00fchrer fort - Feuerwehr Passau - L\u00f6schzug Ilzstadt","og_description":"Eineinhalb Tage nahmen sich 15 Bootsf\u00fchrer der Feuerwehren Passau (1. und 2. L\u00f6schzug), Grubweg, Hals und Schalding r.d.D. Zeit, um ihr K\u00f6nnen auf den Gew\u00e4ssern der Dreifl\u00fcssestadt zu verbessern. Am Freitag Abend machte ein Theorieteil den Anfang des Lehrgangs, in dem der stellvertretende Zugf\u00fchrer Christian Brunner (L\u00f6schzug Ilzstadt) Informationen zu Untiefen und Gefahrenstellen in Donau, Inn und Ilz gab und die Teilnehmer auf das Erkennen von Gefahren sensibilisierte. Anschlie\u00dfend gab Stadtbrandmeister Holger Hantschel (Fachwerkst\u00e4tte) noch Informationen zu Wartung, Pflege und Technik der in der Stadt vorhandenen Feuerwehrboote, bevor Zugf\u00fchrer Florian Emmer (L\u00f6schzug Ilzstadt) den Abend mit einer Wiederholung von Zeichen, Signalen und dem Thema \u00d6lwehr auf Binnengew\u00e4ssern abrundete. Am Samstag wurde es dann praktisch: an 5 Stationen bildeten die Ausbilder Hannes Sammer (Lz. Hauptwache), Christopher Craxton (Lz. Ilzstadt), Tobias Rettenberger (FF Grubweg), Phillipp Landegl (FF Hals) und Manuel Heger (FF [&hellip;]","og_url":"https:\/\/www.ffpassau.de\/ilzstadt\/2016\/09\/30\/feuerwehr-bildet-ihre-bootsfuehrer-fort\/","og_site_name":"Feuerwehr Passau - L\u00f6schzug Ilzstadt","article_published_time":"2016-09-30T19:46:41+00:00","article_modified_time":"2020-03-23T18:55:28+00:00","og_image":[{"width":1209,"height":837,"url":"https:\/\/www.ffpassau.de\/ilzstadt\/wp-content\/uploads\/sites\/3\/2020\/03\/Schiffsbrandbung.jpeg","type":"image\/jpeg"}],"twitter_card":"summary_large_image","twitter_misc":{"Verfasst von":"","Gesch\u00e4tzte Lesezeit":"2\u00a0Minuten"},"schema":{"@context":"https:\/\/schema.org","@graph":[{"@type":"Article","@id":"https:\/\/www.ffpassau.de\/ilzstadt\/2016\/09\/30\/feuerwehr-bildet-ihre-bootsfuehrer-fort\/#article","isPartOf":{"@id":"https:\/\/www.ffpassau.de\/ilzstadt\/2016\/09\/30\/feuerwehr-bildet-ihre-bootsfuehrer-fort\/"},"author":{"name":"","@id":""},"headline":"Feuerwehr bildet ihre Bootsf\u00fchrer fort","datePublished":"2016-09-30T19:46:41+00:00","dateModified":"2020-03-23T18:55:28+00:00","mainEntityOfPage":{"@id":"https:\/\/www.ffpassau.de\/ilzstadt\/2016\/09\/30\/feuerwehr-bildet-ihre-bootsfuehrer-fort\/"},"wordCount":427,"commentCount":0,"publisher":{"@id":"https:\/\/www.ffpassau.de\/ilzstadt\/#organization"},"image":{"@id":"https:\/\/www.ffpassau.de\/ilzstadt\/2016\/09\/30\/feuerwehr-bildet-ihre-bootsfuehrer-fort\/#primaryimage"},"thumbnailUrl":"https:\/\/www.ffpassau.de\/ilzstadt\/wp-content\/uploads\/sites\/3\/2020\/03\/Schiffsbrandbung.jpeg","articleSection":{"1":"News"},"inLanguage":"de","potentialAction":[{"@type":"CommentAction","name":"Comment","target":["https:\/\/www.ffpassau.de\/ilzstadt\/2016\/09\/30\/feuerwehr-bildet-ihre-bootsfuehrer-fort\/#respond"]}]},{"@type":"WebPage","@id":"https:\/\/www.ffpassau.de\/ilzstadt\/2016\/09\/30\/feuerwehr-bildet-ihre-bootsfuehrer-fort\/","url":"https:\/\/www.ffpassau.de\/ilzstadt\/2016\/09\/30\/feuerwehr-bildet-ihre-bootsfuehrer-fort\/","name":"Feuerwehr bildet ihre Bootsf\u00fchrer fort - Feuerwehr Passau - L\u00f6schzug Ilzstadt","isPartOf":{"@id":"https:\/\/www.ffpassau.de\/ilzstadt\/#website"},"primaryImageOfPage":{"@id":"https:\/\/www.ffpassau.de\/ilzstadt\/2016\/09\/30\/feuerwehr-bildet-ihre-bootsfuehrer-fort\/#primaryimage"},"image":{"@id":"https:\/\/www.ffpassau.de\/ilzstadt\/2016\/09\/30\/feuerwehr-bildet-ihre-bootsfuehrer-fort\/#primaryimage"},"thumbnailUrl":"https:\/\/www.ffpassau.de\/ilzstadt\/wp-content\/uploads\/sites\/3\/2020\/03\/Schiffsbrandbung.jpeg","datePublished":"2016-09-30T19:46:41+00:00","dateModified":"2020-03-23T18:55:28+00:00","breadcrumb":{"@id":"https:\/\/www.ffpassau.de\/ilzstadt\/2016\/09\/30\/feuerwehr-bildet-ihre-bootsfuehrer-fort\/#breadcrumb"},"inLanguage":"de","potentialAction":[{"@type":"ReadAction","target":["https:\/\/www.ffpassau.de\/ilzstadt\/2016\/09\/30\/feuerwehr-bildet-ihre-bootsfuehrer-fort\/"]}]},{"@type":"ImageObject","inLanguage":"de","@id":"https:\/\/www.ffpassau.de\/ilzstadt\/2016\/09\/30\/feuerwehr-bildet-ihre-bootsfuehrer-fort\/#primaryimage","url":"https:\/\/www.ffpassau.de\/ilzstadt\/wp-content\/uploads\/sites\/3\/2020\/03\/Schiffsbrandbung.jpeg","contentUrl":"https:\/\/www.ffpassau.de\/ilzstadt\/wp-content\/uploads\/sites\/3\/2020\/03\/Schiffsbrandbung.jpeg","width":1209,"height":837},{"@type":"BreadcrumbList","@id":"https:\/\/www.ffpassau.de\/ilzstadt\/2016\/09\/30\/feuerwehr-bildet-ihre-bootsfuehrer-fort\/#breadcrumb","itemListElement":[{"@type":"ListItem","position":1,"name":"Startseite","item":"https:\/\/www.ffpassau.de\/ilzstadt\/"},{"@type":"ListItem","position":2,"name":"Feuerwehr bildet ihre Bootsf\u00fchrer fort"}]},{"@type":"WebSite","@id":"https:\/\/www.ffpassau.de\/ilzstadt\/#website","url":"https:\/\/www.ffpassau.de\/ilzstadt\/","name":"Feuerwehr Passau - L\u00f6schzug Ilztadt","description":"","publisher":{"@id":"https:\/\/www.ffpassau.de\/ilzstadt\/#organization"},"potentialAction":[{"@type":"SearchAction","target":{"@type":"EntryPoint","urlTemplate":"https:\/\/www.ffpassau.de\/ilzstadt\/?s={search_term_string}"},"query-input":{"@type":"PropertyValueSpecification","valueRequired":true,"valueName":"search_term_string"}}],"inLanguage":"de"},{"@type":"Organization","@id":"https:\/\/www.ffpassau.de\/ilzstadt\/#organization","name":"Feuerwehr Passau - L\u00f6schzug Ilztadt","url":"https:\/\/www.ffpassau.de\/ilzstadt\/","logo":{"@type":"ImageObject","inLanguage":"de","@id":"https:\/\/www.ffpassau.de\/ilzstadt\/#\/schema\/logo\/image\/","url":"https:\/\/www.ffpassau.de\/ilzstadt\/wp-content\/uploads\/sites\/3\/2020\/02\/lz_ilzstadt_logo.svg","contentUrl":"https:\/\/www.ffpassau.de\/ilzstadt\/wp-content\/uploads\/sites\/3\/2020\/02\/lz_ilzstadt_logo.svg","width":1,"height":1,"caption":"Feuerwehr Passau - L\u00f6schzug Ilztadt"},"image":{"@id":"https:\/\/www.ffpassau.de\/ilzstadt\/#\/schema\/logo\/image\/"}},{"@type":"Person","@id":"","url":"https:\/\/www.ffpassau.de\/ilzstadt\/author\/"}]}},"_links":{"self":[{"href":"https:\/\/www.ffpassau.de\/ilzstadt\/wp-json\/wp\/v2\/posts\/222","targetHints":{"allow":["GET"]}}],"collection":[{"href":"https:\/\/www.ffpassau.de\/ilzstadt\/wp-json\/wp\/v2\/posts"}],"about":[{"href":"https:\/\/www.ffpassau.de\/ilzstadt\/wp-json\/wp\/v2\/types\/post"}],"author":[{"embeddable":true,"href":"https:\/\/www.ffpassau.de\/ilzstadt\/wp-json\/wp\/v2\/users\/22"}],"replies":[{"embeddable":true,"href":"https:\/\/www.ffpassau.de\/ilzstadt\/wp-json\/wp\/v2\/comments?post=222"}],"version-history":[{"count":1,"href":"https:\/\/www.ffpassau.de\/ilzstadt\/wp-json\/wp\/v2\/posts\/222\/revisions"}],"predecessor-version":[{"id":231,"href":"https:\/\/www.ffpassau.de\/ilzstadt\/wp-json\/wp\/v2\/posts\/222\/revisions\/231"}],"wp:featuredmedia":[{"embeddable":true,"href":"https:\/\/www.ffpassau.de\/ilzstadt\/wp-json\/wp\/v2\/media\/230"}],"wp:attachment":[{"href":"https:\/\/www.ffpassau.de\/ilzstadt\/wp-json\/wp\/v2\/media?parent=222"}],"wp:term":[{"taxonomy":"category","embeddable":true,"href":"https:\/\/www.ffpassau.de\/ilzstadt\/wp-json\/wp\/v2\/categories?post=222"},{"taxonomy":"post_tag","embeddable":true,"href":"https:\/\/www.ffpassau.de\/ilzstadt\/wp-json\/wp\/v2\/tags?post=222"}],"curies":[{"name":"wp","href":"https:\/\/api.w.org\/{rel}","templated":true}]}}