{"id":270,"date":"2015-08-08T15:51:30","date_gmt":"2015-08-08T13:51:30","guid":{"rendered":"https:\/\/www.ffpassau.de\/ilzstadt\/?p=270"},"modified":"2020-03-23T19:57:32","modified_gmt":"2020-03-23T18:57:32","slug":"kinderhort-besucht-den-loeschzug-ilzstadt","status":"publish","type":"post","link":"https:\/\/www.ffpassau.de\/ilzstadt\/2015\/08\/08\/kinderhort-besucht-den-loeschzug-ilzstadt\/","title":{"rendered":"Kinderhort besucht den L\u00f6schzug Ilzstadt"},"content":{"rendered":"<p>Am Mittwoch, den 29.7.2015, machte sich der Kinderhort aus der Altstadtschule auf den Weg, um die Feuerwehr zu besuchen. In der Feuerwache des L\u00f6schzugs Ilzstadt, zu dessen Schutzgebiet die Altstadtschule geh\u00f6rt, wurden die 24 Jungen und M\u00e4dchen sowie ihre Betreuerinnen schon von Zugf\u00fchrer Florian Emmer und seiner Mannschaft erwartet. Hier lernten sie in verschiedenen Stationen die Aufgaben und die Ausr\u00fcstung der Feuerwehr kennen. An der ersten Station erkl\u00e4rte der stellv. Zugf\u00fchrer Armin Leeb die Feuerwehrautos und die technische Ausstattung. Einer der H\u00f6hepunkte des Tages war die Fahrt mit dem L\u00f6schgruppenfahrzeug. Bei der n\u00e4chsten Station stand die Kernaufgabe der Feuerwehr, das L\u00f6schen, im Vordergrund. Hier konnten die Kinder mit K\u00fcbelspritze und Strahlrohr selbst einen L\u00f6schversuch starten. Gro\u00dfes Staunen trat bei der Demonstration einer Fettexplosion ein, woraufhin ihnen von Gruppenf\u00fchrer Thomas Sittinger das richtige Verhalten bei einem derartigem Brand erkl\u00e4rt wurde. Zugf\u00fchrer Florian Emmer und Vereinsvorsitzende Marina Probst stellten an der letzten Station eine Besonderheit der Feuerwehr Passau \u2013 Ilzstadt vor, n\u00e4mlich das Mehrzweckboot und den damit verbundene Aufgabenbereich der Feuerwehr. Eine kleine Bootsfahrt war der kr\u00f6nende Abschluss. Nach einer kurzen St\u00e4rkung im Ger\u00e4tehaus machten sich die Kinder nun auf den Weg nach Hause, voller Eindr\u00fccke vom Nachmittag bei der Feuerwehr. Danke an alle, die zum Gelingen des Tages beigetragen haben!<\/p>\n","protected":false},"excerpt":{"rendered":"<p>Am Mittwoch, den 29.7.2015, machte sich der Kinderhort aus der Altstadtschule auf den Weg, um die Feuerwehr zu besuchen. In der Feuerwache des L\u00f6schzugs Ilzstadt, zu dessen Schutzgebiet die Altstadtschule geh\u00f6rt, wurden die 24 Jungen und M\u00e4dchen sowie ihre Betreuerinnen schon von Zugf\u00fchrer Florian Emmer und seiner Mannschaft erwartet. Hier lernten sie in verschiedenen Stationen die Aufgaben und die Ausr\u00fcstung der Feuerwehr kennen. An der ersten Station erkl\u00e4rte der stellv. Zugf\u00fchrer Armin Leeb die Feuerwehrautos und die technische Ausstattung. Einer der H\u00f6hepunkte des Tages war die Fahrt mit dem L\u00f6schgruppenfahrzeug. Bei der n\u00e4chsten Station stand die Kernaufgabe der Feuerwehr, das L\u00f6schen, im Vordergrund. Hier konnten die Kinder mit K\u00fcbelspritze und Strahlrohr selbst einen L\u00f6schversuch starten. Gro\u00dfes Staunen trat bei der Demonstration einer Fettexplosion ein, woraufhin ihnen von Gruppenf\u00fchrer Thomas Sittinger das richtige Verhalten bei einem derartigem Brand erkl\u00e4rt wurde. Zugf\u00fchrer [&hellip;]<\/p>\n","protected":false},"author":22,"featured_media":271,"comment_status":"open","ping_status":"open","sticky":false,"template":"","format":"standard","meta":{"footnotes":""},"categories":[1,7],"tags":[],"class_list":["post-270","post","type-post","status-publish","format-standard","has-post-thumbnail","hentry","category-allgemein","category-news"],"yoast_head":"<!-- This site is optimized with the Yoast SEO plugin v24.3 - https:\/\/yoast.com\/wordpress\/plugins\/seo\/ -->\n<title>Kinderhort besucht den L\u00f6schzug Ilzstadt - Feuerwehr Passau - L\u00f6schzug Ilzstadt<\/title>\n<meta name=\"robots\" content=\"index, follow, max-snippet:-1, max-image-preview:large, max-video-preview:-1\" \/>\n<link rel=\"canonical\" href=\"https:\/\/www.ffpassau.de\/ilzstadt\/2015\/08\/08\/kinderhort-besucht-den-loeschzug-ilzstadt\/\" \/>\n<meta property=\"og:locale\" content=\"de_DE\" \/>\n<meta property=\"og:type\" content=\"article\" \/>\n<meta property=\"og:title\" content=\"Kinderhort besucht den L\u00f6schzug Ilzstadt - Feuerwehr Passau - L\u00f6schzug Ilzstadt\" \/>\n<meta property=\"og:description\" content=\"Am Mittwoch, den 29.7.2015, machte sich der Kinderhort aus der Altstadtschule auf den Weg, um die Feuerwehr zu besuchen. In der Feuerwache des L\u00f6schzugs Ilzstadt, zu dessen Schutzgebiet die Altstadtschule geh\u00f6rt, wurden die 24 Jungen und M\u00e4dchen sowie ihre Betreuerinnen schon von Zugf\u00fchrer Florian Emmer und seiner Mannschaft erwartet. Hier lernten sie in verschiedenen Stationen die Aufgaben und die Ausr\u00fcstung der Feuerwehr kennen. An der ersten Station erkl\u00e4rte der stellv. Zugf\u00fchrer Armin Leeb die Feuerwehrautos und die technische Ausstattung. Einer der H\u00f6hepunkte des Tages war die Fahrt mit dem L\u00f6schgruppenfahrzeug. Bei der n\u00e4chsten Station stand die Kernaufgabe der Feuerwehr, das L\u00f6schen, im Vordergrund. Hier konnten die Kinder mit K\u00fcbelspritze und Strahlrohr selbst einen L\u00f6schversuch starten. Gro\u00dfes Staunen trat bei der Demonstration einer Fettexplosion ein, woraufhin ihnen von Gruppenf\u00fchrer Thomas Sittinger das richtige Verhalten bei einem derartigem Brand erkl\u00e4rt wurde. Zugf\u00fchrer [&hellip;]\" \/>\n<meta property=\"og:url\" content=\"https:\/\/www.ffpassau.de\/ilzstadt\/2015\/08\/08\/kinderhort-besucht-den-loeschzug-ilzstadt\/\" \/>\n<meta property=\"og:site_name\" content=\"Feuerwehr Passau - L\u00f6schzug Ilzstadt\" \/>\n<meta property=\"article:published_time\" content=\"2015-08-08T13:51:30+00:00\" \/>\n<meta property=\"article:modified_time\" content=\"2020-03-23T18:57:32+00:00\" \/>\n<meta property=\"og:image\" content=\"https:\/\/www.ffpassau.de\/ilzstadt\/wp-content\/uploads\/sites\/3\/2020\/03\/Kinderhort-besucht-den-L\u00f6schzug-Ilzstadt-1.jpg\" \/>\n\t<meta property=\"og:image:width\" content=\"640\" \/>\n\t<meta property=\"og:image:height\" content=\"423\" \/>\n\t<meta property=\"og:image:type\" content=\"image\/jpeg\" \/>\n<meta name=\"twitter:card\" content=\"summary_large_image\" \/>\n<meta name=\"twitter:label1\" content=\"Verfasst von\" \/>\n\t<meta name=\"twitter:data1\" content=\"\" \/>\n\t<meta name=\"twitter:label2\" content=\"Gesch\u00e4tzte Lesezeit\" \/>\n\t<meta name=\"twitter:data2\" content=\"1\u00a0Minute\" \/>\n<script type=\"application\/ld+json\" class=\"yoast-schema-graph\">{\"@context\":\"https:\/\/schema.org\",\"@graph\":[{\"@type\":\"Article\",\"@id\":\"https:\/\/www.ffpassau.de\/ilzstadt\/2015\/08\/08\/kinderhort-besucht-den-loeschzug-ilzstadt\/#article\",\"isPartOf\":{\"@id\":\"https:\/\/www.ffpassau.de\/ilzstadt\/2015\/08\/08\/kinderhort-besucht-den-loeschzug-ilzstadt\/\"},\"author\":{\"name\":\"\",\"@id\":\"\"},\"headline\":\"Kinderhort besucht den L\u00f6schzug Ilzstadt\",\"datePublished\":\"2015-08-08T13:51:30+00:00\",\"dateModified\":\"2020-03-23T18:57:32+00:00\",\"mainEntityOfPage\":{\"@id\":\"https:\/\/www.ffpassau.de\/ilzstadt\/2015\/08\/08\/kinderhort-besucht-den-loeschzug-ilzstadt\/\"},\"wordCount\":234,\"commentCount\":0,\"publisher\":{\"@id\":\"https:\/\/www.ffpassau.de\/ilzstadt\/#organization\"},\"image\":{\"@id\":\"https:\/\/www.ffpassau.de\/ilzstadt\/2015\/08\/08\/kinderhort-besucht-den-loeschzug-ilzstadt\/#primaryimage\"},\"thumbnailUrl\":\"https:\/\/www.ffpassau.de\/ilzstadt\/wp-content\/uploads\/sites\/3\/2020\/03\/Kinderhort-besucht-den-L\u00f6schzug-Ilzstadt-1.jpg\",\"articleSection\":{\"1\":\"News\"},\"inLanguage\":\"de\",\"potentialAction\":[{\"@type\":\"CommentAction\",\"name\":\"Comment\",\"target\":[\"https:\/\/www.ffpassau.de\/ilzstadt\/2015\/08\/08\/kinderhort-besucht-den-loeschzug-ilzstadt\/#respond\"]}]},{\"@type\":\"WebPage\",\"@id\":\"https:\/\/www.ffpassau.de\/ilzstadt\/2015\/08\/08\/kinderhort-besucht-den-loeschzug-ilzstadt\/\",\"url\":\"https:\/\/www.ffpassau.de\/ilzstadt\/2015\/08\/08\/kinderhort-besucht-den-loeschzug-ilzstadt\/\",\"name\":\"Kinderhort besucht den L\u00f6schzug Ilzstadt - Feuerwehr Passau - L\u00f6schzug Ilzstadt\",\"isPartOf\":{\"@id\":\"https:\/\/www.ffpassau.de\/ilzstadt\/#website\"},\"primaryImageOfPage\":{\"@id\":\"https:\/\/www.ffpassau.de\/ilzstadt\/2015\/08\/08\/kinderhort-besucht-den-loeschzug-ilzstadt\/#primaryimage\"},\"image\":{\"@id\":\"https:\/\/www.ffpassau.de\/ilzstadt\/2015\/08\/08\/kinderhort-besucht-den-loeschzug-ilzstadt\/#primaryimage\"},\"thumbnailUrl\":\"https:\/\/www.ffpassau.de\/ilzstadt\/wp-content\/uploads\/sites\/3\/2020\/03\/Kinderhort-besucht-den-L\u00f6schzug-Ilzstadt-1.jpg\",\"datePublished\":\"2015-08-08T13:51:30+00:00\",\"dateModified\":\"2020-03-23T18:57:32+00:00\",\"breadcrumb\":{\"@id\":\"https:\/\/www.ffpassau.de\/ilzstadt\/2015\/08\/08\/kinderhort-besucht-den-loeschzug-ilzstadt\/#breadcrumb\"},\"inLanguage\":\"de\",\"potentialAction\":[{\"@type\":\"ReadAction\",\"target\":[\"https:\/\/www.ffpassau.de\/ilzstadt\/2015\/08\/08\/kinderhort-besucht-den-loeschzug-ilzstadt\/\"]}]},{\"@type\":\"ImageObject\",\"inLanguage\":\"de\",\"@id\":\"https:\/\/www.ffpassau.de\/ilzstadt\/2015\/08\/08\/kinderhort-besucht-den-loeschzug-ilzstadt\/#primaryimage\",\"url\":\"https:\/\/www.ffpassau.de\/ilzstadt\/wp-content\/uploads\/sites\/3\/2020\/03\/Kinderhort-besucht-den-L\u00f6schzug-Ilzstadt-1.jpg\",\"contentUrl\":\"https:\/\/www.ffpassau.de\/ilzstadt\/wp-content\/uploads\/sites\/3\/2020\/03\/Kinderhort-besucht-den-L\u00f6schzug-Ilzstadt-1.jpg\",\"width\":640,\"height\":423},{\"@type\":\"BreadcrumbList\",\"@id\":\"https:\/\/www.ffpassau.de\/ilzstadt\/2015\/08\/08\/kinderhort-besucht-den-loeschzug-ilzstadt\/#breadcrumb\",\"itemListElement\":[{\"@type\":\"ListItem\",\"position\":1,\"name\":\"Startseite\",\"item\":\"https:\/\/www.ffpassau.de\/ilzstadt\/\"},{\"@type\":\"ListItem\",\"position\":2,\"name\":\"Kinderhort besucht den L\u00f6schzug Ilzstadt\"}]},{\"@type\":\"WebSite\",\"@id\":\"https:\/\/www.ffpassau.de\/ilzstadt\/#website\",\"url\":\"https:\/\/www.ffpassau.de\/ilzstadt\/\",\"name\":\"Feuerwehr Passau - L\u00f6schzug Ilztadt\",\"description\":\"\",\"publisher\":{\"@id\":\"https:\/\/www.ffpassau.de\/ilzstadt\/#organization\"},\"potentialAction\":[{\"@type\":\"SearchAction\",\"target\":{\"@type\":\"EntryPoint\",\"urlTemplate\":\"https:\/\/www.ffpassau.de\/ilzstadt\/?s={search_term_string}\"},\"query-input\":{\"@type\":\"PropertyValueSpecification\",\"valueRequired\":true,\"valueName\":\"search_term_string\"}}],\"inLanguage\":\"de\"},{\"@type\":\"Organization\",\"@id\":\"https:\/\/www.ffpassau.de\/ilzstadt\/#organization\",\"name\":\"Feuerwehr Passau - L\u00f6schzug Ilztadt\",\"url\":\"https:\/\/www.ffpassau.de\/ilzstadt\/\",\"logo\":{\"@type\":\"ImageObject\",\"inLanguage\":\"de\",\"@id\":\"https:\/\/www.ffpassau.de\/ilzstadt\/#\/schema\/logo\/image\/\",\"url\":\"https:\/\/www.ffpassau.de\/ilzstadt\/wp-content\/uploads\/sites\/3\/2020\/02\/lz_ilzstadt_logo.svg\",\"contentUrl\":\"https:\/\/www.ffpassau.de\/ilzstadt\/wp-content\/uploads\/sites\/3\/2020\/02\/lz_ilzstadt_logo.svg\",\"width\":1,\"height\":1,\"caption\":\"Feuerwehr Passau - L\u00f6schzug Ilztadt\"},\"image\":{\"@id\":\"https:\/\/www.ffpassau.de\/ilzstadt\/#\/schema\/logo\/image\/\"}},{\"@type\":\"Person\",\"@id\":\"\",\"url\":\"https:\/\/www.ffpassau.de\/ilzstadt\/author\/\"}]}<\/script>\n<!-- \/ Yoast SEO plugin. -->","yoast_head_json":{"title":"Kinderhort besucht den L\u00f6schzug Ilzstadt - Feuerwehr Passau - L\u00f6schzug Ilzstadt","robots":{"index":"index","follow":"follow","max-snippet":"max-snippet:-1","max-image-preview":"max-image-preview:large","max-video-preview":"max-video-preview:-1"},"canonical":"https:\/\/www.ffpassau.de\/ilzstadt\/2015\/08\/08\/kinderhort-besucht-den-loeschzug-ilzstadt\/","og_locale":"de_DE","og_type":"article","og_title":"Kinderhort besucht den L\u00f6schzug Ilzstadt - Feuerwehr Passau - L\u00f6schzug Ilzstadt","og_description":"Am Mittwoch, den 29.7.2015, machte sich der Kinderhort aus der Altstadtschule auf den Weg, um die Feuerwehr zu besuchen. In der Feuerwache des L\u00f6schzugs Ilzstadt, zu dessen Schutzgebiet die Altstadtschule geh\u00f6rt, wurden die 24 Jungen und M\u00e4dchen sowie ihre Betreuerinnen schon von Zugf\u00fchrer Florian Emmer und seiner Mannschaft erwartet. Hier lernten sie in verschiedenen Stationen die Aufgaben und die Ausr\u00fcstung der Feuerwehr kennen. An der ersten Station erkl\u00e4rte der stellv. Zugf\u00fchrer Armin Leeb die Feuerwehrautos und die technische Ausstattung. Einer der H\u00f6hepunkte des Tages war die Fahrt mit dem L\u00f6schgruppenfahrzeug. Bei der n\u00e4chsten Station stand die Kernaufgabe der Feuerwehr, das L\u00f6schen, im Vordergrund. Hier konnten die Kinder mit K\u00fcbelspritze und Strahlrohr selbst einen L\u00f6schversuch starten. Gro\u00dfes Staunen trat bei der Demonstration einer Fettexplosion ein, woraufhin ihnen von Gruppenf\u00fchrer Thomas Sittinger das richtige Verhalten bei einem derartigem Brand erkl\u00e4rt wurde. Zugf\u00fchrer [&hellip;]","og_url":"https:\/\/www.ffpassau.de\/ilzstadt\/2015\/08\/08\/kinderhort-besucht-den-loeschzug-ilzstadt\/","og_site_name":"Feuerwehr Passau - L\u00f6schzug Ilzstadt","article_published_time":"2015-08-08T13:51:30+00:00","article_modified_time":"2020-03-23T18:57:32+00:00","og_image":[{"width":640,"height":423,"url":"https:\/\/www.ffpassau.de\/ilzstadt\/wp-content\/uploads\/sites\/3\/2020\/03\/Kinderhort-besucht-den-L\u00f6schzug-Ilzstadt-1.jpg","type":"image\/jpeg"}],"twitter_card":"summary_large_image","twitter_misc":{"Verfasst von":"","Gesch\u00e4tzte Lesezeit":"1\u00a0Minute"},"schema":{"@context":"https:\/\/schema.org","@graph":[{"@type":"Article","@id":"https:\/\/www.ffpassau.de\/ilzstadt\/2015\/08\/08\/kinderhort-besucht-den-loeschzug-ilzstadt\/#article","isPartOf":{"@id":"https:\/\/www.ffpassau.de\/ilzstadt\/2015\/08\/08\/kinderhort-besucht-den-loeschzug-ilzstadt\/"},"author":{"name":"","@id":""},"headline":"Kinderhort besucht den L\u00f6schzug Ilzstadt","datePublished":"2015-08-08T13:51:30+00:00","dateModified":"2020-03-23T18:57:32+00:00","mainEntityOfPage":{"@id":"https:\/\/www.ffpassau.de\/ilzstadt\/2015\/08\/08\/kinderhort-besucht-den-loeschzug-ilzstadt\/"},"wordCount":234,"commentCount":0,"publisher":{"@id":"https:\/\/www.ffpassau.de\/ilzstadt\/#organization"},"image":{"@id":"https:\/\/www.ffpassau.de\/ilzstadt\/2015\/08\/08\/kinderhort-besucht-den-loeschzug-ilzstadt\/#primaryimage"},"thumbnailUrl":"https:\/\/www.ffpassau.de\/ilzstadt\/wp-content\/uploads\/sites\/3\/2020\/03\/Kinderhort-besucht-den-L\u00f6schzug-Ilzstadt-1.jpg","articleSection":{"1":"News"},"inLanguage":"de","potentialAction":[{"@type":"CommentAction","name":"Comment","target":["https:\/\/www.ffpassau.de\/ilzstadt\/2015\/08\/08\/kinderhort-besucht-den-loeschzug-ilzstadt\/#respond"]}]},{"@type":"WebPage","@id":"https:\/\/www.ffpassau.de\/ilzstadt\/2015\/08\/08\/kinderhort-besucht-den-loeschzug-ilzstadt\/","url":"https:\/\/www.ffpassau.de\/ilzstadt\/2015\/08\/08\/kinderhort-besucht-den-loeschzug-ilzstadt\/","name":"Kinderhort besucht den L\u00f6schzug Ilzstadt - Feuerwehr Passau - L\u00f6schzug Ilzstadt","isPartOf":{"@id":"https:\/\/www.ffpassau.de\/ilzstadt\/#website"},"primaryImageOfPage":{"@id":"https:\/\/www.ffpassau.de\/ilzstadt\/2015\/08\/08\/kinderhort-besucht-den-loeschzug-ilzstadt\/#primaryimage"},"image":{"@id":"https:\/\/www.ffpassau.de\/ilzstadt\/2015\/08\/08\/kinderhort-besucht-den-loeschzug-ilzstadt\/#primaryimage"},"thumbnailUrl":"https:\/\/www.ffpassau.de\/ilzstadt\/wp-content\/uploads\/sites\/3\/2020\/03\/Kinderhort-besucht-den-L\u00f6schzug-Ilzstadt-1.jpg","datePublished":"2015-08-08T13:51:30+00:00","dateModified":"2020-03-23T18:57:32+00:00","breadcrumb":{"@id":"https:\/\/www.ffpassau.de\/ilzstadt\/2015\/08\/08\/kinderhort-besucht-den-loeschzug-ilzstadt\/#breadcrumb"},"inLanguage":"de","potentialAction":[{"@type":"ReadAction","target":["https:\/\/www.ffpassau.de\/ilzstadt\/2015\/08\/08\/kinderhort-besucht-den-loeschzug-ilzstadt\/"]}]},{"@type":"ImageObject","inLanguage":"de","@id":"https:\/\/www.ffpassau.de\/ilzstadt\/2015\/08\/08\/kinderhort-besucht-den-loeschzug-ilzstadt\/#primaryimage","url":"https:\/\/www.ffpassau.de\/ilzstadt\/wp-content\/uploads\/sites\/3\/2020\/03\/Kinderhort-besucht-den-L\u00f6schzug-Ilzstadt-1.jpg","contentUrl":"https:\/\/www.ffpassau.de\/ilzstadt\/wp-content\/uploads\/sites\/3\/2020\/03\/Kinderhort-besucht-den-L\u00f6schzug-Ilzstadt-1.jpg","width":640,"height":423},{"@type":"BreadcrumbList","@id":"https:\/\/www.ffpassau.de\/ilzstadt\/2015\/08\/08\/kinderhort-besucht-den-loeschzug-ilzstadt\/#breadcrumb","itemListElement":[{"@type":"ListItem","position":1,"name":"Startseite","item":"https:\/\/www.ffpassau.de\/ilzstadt\/"},{"@type":"ListItem","position":2,"name":"Kinderhort besucht den L\u00f6schzug Ilzstadt"}]},{"@type":"WebSite","@id":"https:\/\/www.ffpassau.de\/ilzstadt\/#website","url":"https:\/\/www.ffpassau.de\/ilzstadt\/","name":"Feuerwehr Passau - L\u00f6schzug Ilztadt","description":"","publisher":{"@id":"https:\/\/www.ffpassau.de\/ilzstadt\/#organization"},"potentialAction":[{"@type":"SearchAction","target":{"@type":"EntryPoint","urlTemplate":"https:\/\/www.ffpassau.de\/ilzstadt\/?s={search_term_string}"},"query-input":{"@type":"PropertyValueSpecification","valueRequired":true,"valueName":"search_term_string"}}],"inLanguage":"de"},{"@type":"Organization","@id":"https:\/\/www.ffpassau.de\/ilzstadt\/#organization","name":"Feuerwehr Passau - L\u00f6schzug Ilztadt","url":"https:\/\/www.ffpassau.de\/ilzstadt\/","logo":{"@type":"ImageObject","inLanguage":"de","@id":"https:\/\/www.ffpassau.de\/ilzstadt\/#\/schema\/logo\/image\/","url":"https:\/\/www.ffpassau.de\/ilzstadt\/wp-content\/uploads\/sites\/3\/2020\/02\/lz_ilzstadt_logo.svg","contentUrl":"https:\/\/www.ffpassau.de\/ilzstadt\/wp-content\/uploads\/sites\/3\/2020\/02\/lz_ilzstadt_logo.svg","width":1,"height":1,"caption":"Feuerwehr Passau - L\u00f6schzug Ilztadt"},"image":{"@id":"https:\/\/www.ffpassau.de\/ilzstadt\/#\/schema\/logo\/image\/"}},{"@type":"Person","@id":"","url":"https:\/\/www.ffpassau.de\/ilzstadt\/author\/"}]}},"_links":{"self":[{"href":"https:\/\/www.ffpassau.de\/ilzstadt\/wp-json\/wp\/v2\/posts\/270","targetHints":{"allow":["GET"]}}],"collection":[{"href":"https:\/\/www.ffpassau.de\/ilzstadt\/wp-json\/wp\/v2\/posts"}],"about":[{"href":"https:\/\/www.ffpassau.de\/ilzstadt\/wp-json\/wp\/v2\/types\/post"}],"author":[{"embeddable":true,"href":"https:\/\/www.ffpassau.de\/ilzstadt\/wp-json\/wp\/v2\/users\/22"}],"replies":[{"embeddable":true,"href":"https:\/\/www.ffpassau.de\/ilzstadt\/wp-json\/wp\/v2\/comments?post=270"}],"version-history":[{"count":1,"href":"https:\/\/www.ffpassau.de\/ilzstadt\/wp-json\/wp\/v2\/posts\/270\/revisions"}],"predecessor-version":[{"id":272,"href":"https:\/\/www.ffpassau.de\/ilzstadt\/wp-json\/wp\/v2\/posts\/270\/revisions\/272"}],"wp:featuredmedia":[{"embeddable":true,"href":"https:\/\/www.ffpassau.de\/ilzstadt\/wp-json\/wp\/v2\/media\/271"}],"wp:attachment":[{"href":"https:\/\/www.ffpassau.de\/ilzstadt\/wp-json\/wp\/v2\/media?parent=270"}],"wp:term":[{"taxonomy":"category","embeddable":true,"href":"https:\/\/www.ffpassau.de\/ilzstadt\/wp-json\/wp\/v2\/categories?post=270"},{"taxonomy":"post_tag","embeddable":true,"href":"https:\/\/www.ffpassau.de\/ilzstadt\/wp-json\/wp\/v2\/tags?post=270"}],"curies":[{"name":"wp","href":"https:\/\/api.w.org\/{rel}","templated":true}]}}