{"id":273,"date":"2014-10-10T15:52:36","date_gmt":"2014-10-10T13:52:36","guid":{"rendered":"https:\/\/www.ffpassau.de\/ilzstadt\/?p=273"},"modified":"2020-03-23T19:57:53","modified_gmt":"2020-03-23T18:57:53","slug":"ilzstadt-wehr-informiert-sich-ueber-fahrzeugtechnik","status":"publish","type":"post","link":"https:\/\/www.ffpassau.de\/ilzstadt\/2014\/10\/10\/ilzstadt-wehr-informiert-sich-ueber-fahrzeugtechnik\/","title":{"rendered":"Ilzstadt Wehr informiert sich \u00fcber Fahrzeugtechnik"},"content":{"rendered":"<p>Weltmarktf\u00fchrer informiert \u00fcber neueste Feuerwehrfahrzeugtechnik<\/p>\n<p>Auf Einladung von Kreisbrandmeister Rudolf Gst\u00f6ttl, dem Vertriebsleiter f\u00fcr Rosenbauer in Ostbayern, machte sich der L\u00f6schzug Ilzstadt auf den Weg nach Leonding bei Linz. Dort hat der Weltmarktf\u00fchrer in Sachen Feuerwehrfahrzeugtechnik seinen Hauptsitz.<br \/>\nNach einer kurzen Einf\u00fchrung in die Geschichte des 150 Jahre alten Traditionsunternehmens machte sich die 25 Teilnehmer, aufgeteilt in zwei Gruppen, auf den Weg durch die Produktionshallen. &#8222;Die Fa. Rosenbauer legt sehr gro\u00dfen Wert auf Qualit\u00e4t,&#8220; so Gst\u00f6ttl, &#8222;weshalb auch alle Teile von Anfang bis zum Schluss durch eine Person gefertigt werden, die die Qualit\u00e4t dann auch per Unterschrift bescheinigt. Akkordarbeit gibt es hier nicht!&#8220; Dass Qualit\u00e4t und Kundenzufriedenheit gro\u00df geschrieben werden, merkten die Ilzer Kameraden schnell, denn trotz der unz\u00e4hligen gleichen Fahrzeuge, merkte man im Detail immer wieder Unterschiede. &#8222;Kundenw\u00fcnsche werden bei uns immer sofort mit aufgenommen und eingearbeitet&#8220;, best\u00e4tigte Gst\u00f6ttl. So bed\u00fcrfen Feuerwehrfahrzeuge in k\u00fcstennahen Regionen eine andere Legierung der Pumpen, da sie ja auch f\u00fcr Salzwasser geeignet sein m\u00fcssen. Au\u00dferdem gibt es beispielsweise in Deutschland f\u00fcr jedes Bundesland andere Normen, die bei der Herstellung ber\u00fccksichtigt werden m\u00fcssen.<br \/>\nIn Leonding werden Feuerwehrstra\u00dfenfahrzeuge f\u00fcr den \u00f6sterreichischen und bayerischen Markt gebaut, au\u00dferdem Sonderfahrzeuge, wie beispielsweise Wasserwerfer, die die Polizei bei Demonstrationen einsetzt und f\u00fcr den weltweiten Markt das Flughafenl\u00f6schfahrzeug &#8222;Panther&#8220;. Dies faszinierte die Ilzer besonders: trotz seiner vielen Einsatzm\u00f6glichkeiten kann das High-Tech-Fahrzeug von einer Person bedient werden. &#8222;Alles funktioniert computerunterst\u00fctzt aus dem Cockpit, sei es der Einsatz von Schaum, Pulver oder Wasser aus der Werfern oder die Teleskop-Lanze die ausgefahren werden kann und durch die Flugzeugwand in mehreren Metern H\u00f6he eindringt um Innenraumbr\u00e4nde zu bek\u00e4mpfen&#8220;, erkl\u00e4rt Gst\u00f6ttl.<br \/>\nAuf dem angrenzenden Testgel\u00e4nde sahen die Ilzer Kameraden dann noch, wie detailliert jedes Einzelteil, vom Lichtmast \u00fcber den Wasserwerfer bis zur Verwindung des Fahrzeugs bei Fahrten im Gel\u00e4nde getestet wird.<br \/>\n&#8222;Ein wunderbarer Ausflug, der sowohl der F\u00f6rderung der Kameradschaft als auch der Erweiterung des Feuerwehr-Know-Hows diente&#8220;, res\u00fcmierte Organisator Alexander Breitenfellner.<\/p>\n<h2 class=\"item-title\"><\/h2>\n","protected":false},"excerpt":{"rendered":"<p>Weltmarktf\u00fchrer informiert \u00fcber neueste Feuerwehrfahrzeugtechnik Auf Einladung von Kreisbrandmeister Rudolf Gst\u00f6ttl, dem Vertriebsleiter f\u00fcr Rosenbauer in Ostbayern, machte sich der L\u00f6schzug Ilzstadt auf den Weg nach Leonding bei Linz. Dort hat der Weltmarktf\u00fchrer in Sachen Feuerwehrfahrzeugtechnik seinen Hauptsitz. Nach einer kurzen Einf\u00fchrung in die Geschichte des 150 Jahre alten Traditionsunternehmens machte sich die 25 Teilnehmer, aufgeteilt in zwei Gruppen, auf den Weg durch die Produktionshallen. &#8222;Die Fa. Rosenbauer legt sehr gro\u00dfen Wert auf Qualit\u00e4t,&#8220; so Gst\u00f6ttl, &#8222;weshalb auch alle Teile von Anfang bis zum Schluss durch eine Person gefertigt werden, die die Qualit\u00e4t dann auch per Unterschrift bescheinigt. Akkordarbeit gibt es hier nicht!&#8220; Dass Qualit\u00e4t und Kundenzufriedenheit gro\u00df geschrieben werden, merkten die Ilzer Kameraden schnell, denn trotz der unz\u00e4hligen gleichen Fahrzeuge, merkte man im Detail immer wieder Unterschiede. &#8222;Kundenw\u00fcnsche werden bei uns immer sofort mit aufgenommen und eingearbeitet&#8220;, best\u00e4tigte Gst\u00f6ttl. [&hellip;]<\/p>\n","protected":false},"author":22,"featured_media":274,"comment_status":"open","ping_status":"open","sticky":false,"template":"","format":"standard","meta":{"footnotes":""},"categories":[1,7],"tags":[],"class_list":["post-273","post","type-post","status-publish","format-standard","has-post-thumbnail","hentry","category-allgemein","category-news"],"yoast_head":"<!-- This site is optimized with the Yoast SEO plugin v24.3 - https:\/\/yoast.com\/wordpress\/plugins\/seo\/ -->\n<title>Ilzstadt Wehr informiert sich \u00fcber Fahrzeugtechnik - Feuerwehr Passau - L\u00f6schzug Ilzstadt<\/title>\n<meta name=\"robots\" content=\"index, follow, max-snippet:-1, max-image-preview:large, max-video-preview:-1\" \/>\n<link rel=\"canonical\" href=\"https:\/\/www.ffpassau.de\/ilzstadt\/2014\/10\/10\/ilzstadt-wehr-informiert-sich-ueber-fahrzeugtechnik\/\" \/>\n<meta property=\"og:locale\" content=\"de_DE\" \/>\n<meta property=\"og:type\" content=\"article\" \/>\n<meta property=\"og:title\" content=\"Ilzstadt Wehr informiert sich \u00fcber Fahrzeugtechnik - Feuerwehr Passau - L\u00f6schzug Ilzstadt\" \/>\n<meta property=\"og:description\" content=\"Weltmarktf\u00fchrer informiert \u00fcber neueste Feuerwehrfahrzeugtechnik Auf Einladung von Kreisbrandmeister Rudolf Gst\u00f6ttl, dem Vertriebsleiter f\u00fcr Rosenbauer in Ostbayern, machte sich der L\u00f6schzug Ilzstadt auf den Weg nach Leonding bei Linz. Dort hat der Weltmarktf\u00fchrer in Sachen Feuerwehrfahrzeugtechnik seinen Hauptsitz. Nach einer kurzen Einf\u00fchrung in die Geschichte des 150 Jahre alten Traditionsunternehmens machte sich die 25 Teilnehmer, aufgeteilt in zwei Gruppen, auf den Weg durch die Produktionshallen. &#8222;Die Fa. Rosenbauer legt sehr gro\u00dfen Wert auf Qualit\u00e4t,&#8220; so Gst\u00f6ttl, &#8222;weshalb auch alle Teile von Anfang bis zum Schluss durch eine Person gefertigt werden, die die Qualit\u00e4t dann auch per Unterschrift bescheinigt. Akkordarbeit gibt es hier nicht!&#8220; Dass Qualit\u00e4t und Kundenzufriedenheit gro\u00df geschrieben werden, merkten die Ilzer Kameraden schnell, denn trotz der unz\u00e4hligen gleichen Fahrzeuge, merkte man im Detail immer wieder Unterschiede. &#8222;Kundenw\u00fcnsche werden bei uns immer sofort mit aufgenommen und eingearbeitet&#8220;, best\u00e4tigte Gst\u00f6ttl. [&hellip;]\" \/>\n<meta property=\"og:url\" content=\"https:\/\/www.ffpassau.de\/ilzstadt\/2014\/10\/10\/ilzstadt-wehr-informiert-sich-ueber-fahrzeugtechnik\/\" \/>\n<meta property=\"og:site_name\" content=\"Feuerwehr Passau - L\u00f6schzug Ilzstadt\" \/>\n<meta property=\"article:published_time\" content=\"2014-10-10T13:52:36+00:00\" \/>\n<meta property=\"article:modified_time\" content=\"2020-03-23T18:57:53+00:00\" \/>\n<meta property=\"og:image\" content=\"https:\/\/www.ffpassau.de\/ilzstadt\/wp-content\/uploads\/sites\/3\/2020\/03\/Ilzstadt-Wehr-informiert-sich-\u00fcber-Fahrzeugtechnik.jpg\" \/>\n\t<meta property=\"og:image:width\" content=\"640\" \/>\n\t<meta property=\"og:image:height\" content=\"480\" \/>\n\t<meta property=\"og:image:type\" content=\"image\/jpeg\" \/>\n<meta name=\"twitter:card\" content=\"summary_large_image\" \/>\n<meta name=\"twitter:label1\" content=\"Verfasst von\" \/>\n\t<meta name=\"twitter:data1\" content=\"\" \/>\n\t<meta name=\"twitter:label2\" content=\"Gesch\u00e4tzte Lesezeit\" \/>\n\t<meta name=\"twitter:data2\" content=\"2\u00a0Minuten\" \/>\n<script type=\"application\/ld+json\" class=\"yoast-schema-graph\">{\"@context\":\"https:\/\/schema.org\",\"@graph\":[{\"@type\":\"Article\",\"@id\":\"https:\/\/www.ffpassau.de\/ilzstadt\/2014\/10\/10\/ilzstadt-wehr-informiert-sich-ueber-fahrzeugtechnik\/#article\",\"isPartOf\":{\"@id\":\"https:\/\/www.ffpassau.de\/ilzstadt\/2014\/10\/10\/ilzstadt-wehr-informiert-sich-ueber-fahrzeugtechnik\/\"},\"author\":{\"name\":\"\",\"@id\":\"\"},\"headline\":\"Ilzstadt Wehr informiert sich \u00fcber Fahrzeugtechnik\",\"datePublished\":\"2014-10-10T13:52:36+00:00\",\"dateModified\":\"2020-03-23T18:57:53+00:00\",\"mainEntityOfPage\":{\"@id\":\"https:\/\/www.ffpassau.de\/ilzstadt\/2014\/10\/10\/ilzstadt-wehr-informiert-sich-ueber-fahrzeugtechnik\/\"},\"wordCount\":358,\"commentCount\":0,\"publisher\":{\"@id\":\"https:\/\/www.ffpassau.de\/ilzstadt\/#organization\"},\"image\":{\"@id\":\"https:\/\/www.ffpassau.de\/ilzstadt\/2014\/10\/10\/ilzstadt-wehr-informiert-sich-ueber-fahrzeugtechnik\/#primaryimage\"},\"thumbnailUrl\":\"https:\/\/www.ffpassau.de\/ilzstadt\/wp-content\/uploads\/sites\/3\/2020\/03\/Ilzstadt-Wehr-informiert-sich-\u00fcber-Fahrzeugtechnik.jpg\",\"articleSection\":{\"1\":\"News\"},\"inLanguage\":\"de\",\"potentialAction\":[{\"@type\":\"CommentAction\",\"name\":\"Comment\",\"target\":[\"https:\/\/www.ffpassau.de\/ilzstadt\/2014\/10\/10\/ilzstadt-wehr-informiert-sich-ueber-fahrzeugtechnik\/#respond\"]}]},{\"@type\":\"WebPage\",\"@id\":\"https:\/\/www.ffpassau.de\/ilzstadt\/2014\/10\/10\/ilzstadt-wehr-informiert-sich-ueber-fahrzeugtechnik\/\",\"url\":\"https:\/\/www.ffpassau.de\/ilzstadt\/2014\/10\/10\/ilzstadt-wehr-informiert-sich-ueber-fahrzeugtechnik\/\",\"name\":\"Ilzstadt Wehr informiert sich \u00fcber Fahrzeugtechnik - Feuerwehr Passau - L\u00f6schzug Ilzstadt\",\"isPartOf\":{\"@id\":\"https:\/\/www.ffpassau.de\/ilzstadt\/#website\"},\"primaryImageOfPage\":{\"@id\":\"https:\/\/www.ffpassau.de\/ilzstadt\/2014\/10\/10\/ilzstadt-wehr-informiert-sich-ueber-fahrzeugtechnik\/#primaryimage\"},\"image\":{\"@id\":\"https:\/\/www.ffpassau.de\/ilzstadt\/2014\/10\/10\/ilzstadt-wehr-informiert-sich-ueber-fahrzeugtechnik\/#primaryimage\"},\"thumbnailUrl\":\"https:\/\/www.ffpassau.de\/ilzstadt\/wp-content\/uploads\/sites\/3\/2020\/03\/Ilzstadt-Wehr-informiert-sich-\u00fcber-Fahrzeugtechnik.jpg\",\"datePublished\":\"2014-10-10T13:52:36+00:00\",\"dateModified\":\"2020-03-23T18:57:53+00:00\",\"breadcrumb\":{\"@id\":\"https:\/\/www.ffpassau.de\/ilzstadt\/2014\/10\/10\/ilzstadt-wehr-informiert-sich-ueber-fahrzeugtechnik\/#breadcrumb\"},\"inLanguage\":\"de\",\"potentialAction\":[{\"@type\":\"ReadAction\",\"target\":[\"https:\/\/www.ffpassau.de\/ilzstadt\/2014\/10\/10\/ilzstadt-wehr-informiert-sich-ueber-fahrzeugtechnik\/\"]}]},{\"@type\":\"ImageObject\",\"inLanguage\":\"de\",\"@id\":\"https:\/\/www.ffpassau.de\/ilzstadt\/2014\/10\/10\/ilzstadt-wehr-informiert-sich-ueber-fahrzeugtechnik\/#primaryimage\",\"url\":\"https:\/\/www.ffpassau.de\/ilzstadt\/wp-content\/uploads\/sites\/3\/2020\/03\/Ilzstadt-Wehr-informiert-sich-\u00fcber-Fahrzeugtechnik.jpg\",\"contentUrl\":\"https:\/\/www.ffpassau.de\/ilzstadt\/wp-content\/uploads\/sites\/3\/2020\/03\/Ilzstadt-Wehr-informiert-sich-\u00fcber-Fahrzeugtechnik.jpg\",\"width\":640,\"height\":480},{\"@type\":\"BreadcrumbList\",\"@id\":\"https:\/\/www.ffpassau.de\/ilzstadt\/2014\/10\/10\/ilzstadt-wehr-informiert-sich-ueber-fahrzeugtechnik\/#breadcrumb\",\"itemListElement\":[{\"@type\":\"ListItem\",\"position\":1,\"name\":\"Startseite\",\"item\":\"https:\/\/www.ffpassau.de\/ilzstadt\/\"},{\"@type\":\"ListItem\",\"position\":2,\"name\":\"Ilzstadt Wehr informiert sich \u00fcber Fahrzeugtechnik\"}]},{\"@type\":\"WebSite\",\"@id\":\"https:\/\/www.ffpassau.de\/ilzstadt\/#website\",\"url\":\"https:\/\/www.ffpassau.de\/ilzstadt\/\",\"name\":\"Feuerwehr Passau - L\u00f6schzug Ilztadt\",\"description\":\"\",\"publisher\":{\"@id\":\"https:\/\/www.ffpassau.de\/ilzstadt\/#organization\"},\"potentialAction\":[{\"@type\":\"SearchAction\",\"target\":{\"@type\":\"EntryPoint\",\"urlTemplate\":\"https:\/\/www.ffpassau.de\/ilzstadt\/?s={search_term_string}\"},\"query-input\":{\"@type\":\"PropertyValueSpecification\",\"valueRequired\":true,\"valueName\":\"search_term_string\"}}],\"inLanguage\":\"de\"},{\"@type\":\"Organization\",\"@id\":\"https:\/\/www.ffpassau.de\/ilzstadt\/#organization\",\"name\":\"Feuerwehr Passau - L\u00f6schzug Ilztadt\",\"url\":\"https:\/\/www.ffpassau.de\/ilzstadt\/\",\"logo\":{\"@type\":\"ImageObject\",\"inLanguage\":\"de\",\"@id\":\"https:\/\/www.ffpassau.de\/ilzstadt\/#\/schema\/logo\/image\/\",\"url\":\"https:\/\/www.ffpassau.de\/ilzstadt\/wp-content\/uploads\/sites\/3\/2020\/02\/lz_ilzstadt_logo.svg\",\"contentUrl\":\"https:\/\/www.ffpassau.de\/ilzstadt\/wp-content\/uploads\/sites\/3\/2020\/02\/lz_ilzstadt_logo.svg\",\"width\":1,\"height\":1,\"caption\":\"Feuerwehr Passau - L\u00f6schzug Ilztadt\"},\"image\":{\"@id\":\"https:\/\/www.ffpassau.de\/ilzstadt\/#\/schema\/logo\/image\/\"}},{\"@type\":\"Person\",\"@id\":\"\",\"url\":\"https:\/\/www.ffpassau.de\/ilzstadt\/author\/\"}]}<\/script>\n<!-- \/ Yoast SEO plugin. -->","yoast_head_json":{"title":"Ilzstadt Wehr informiert sich \u00fcber Fahrzeugtechnik - Feuerwehr Passau - L\u00f6schzug Ilzstadt","robots":{"index":"index","follow":"follow","max-snippet":"max-snippet:-1","max-image-preview":"max-image-preview:large","max-video-preview":"max-video-preview:-1"},"canonical":"https:\/\/www.ffpassau.de\/ilzstadt\/2014\/10\/10\/ilzstadt-wehr-informiert-sich-ueber-fahrzeugtechnik\/","og_locale":"de_DE","og_type":"article","og_title":"Ilzstadt Wehr informiert sich \u00fcber Fahrzeugtechnik - Feuerwehr Passau - L\u00f6schzug Ilzstadt","og_description":"Weltmarktf\u00fchrer informiert \u00fcber neueste Feuerwehrfahrzeugtechnik Auf Einladung von Kreisbrandmeister Rudolf Gst\u00f6ttl, dem Vertriebsleiter f\u00fcr Rosenbauer in Ostbayern, machte sich der L\u00f6schzug Ilzstadt auf den Weg nach Leonding bei Linz. Dort hat der Weltmarktf\u00fchrer in Sachen Feuerwehrfahrzeugtechnik seinen Hauptsitz. Nach einer kurzen Einf\u00fchrung in die Geschichte des 150 Jahre alten Traditionsunternehmens machte sich die 25 Teilnehmer, aufgeteilt in zwei Gruppen, auf den Weg durch die Produktionshallen. &#8222;Die Fa. Rosenbauer legt sehr gro\u00dfen Wert auf Qualit\u00e4t,&#8220; so Gst\u00f6ttl, &#8222;weshalb auch alle Teile von Anfang bis zum Schluss durch eine Person gefertigt werden, die die Qualit\u00e4t dann auch per Unterschrift bescheinigt. Akkordarbeit gibt es hier nicht!&#8220; Dass Qualit\u00e4t und Kundenzufriedenheit gro\u00df geschrieben werden, merkten die Ilzer Kameraden schnell, denn trotz der unz\u00e4hligen gleichen Fahrzeuge, merkte man im Detail immer wieder Unterschiede. &#8222;Kundenw\u00fcnsche werden bei uns immer sofort mit aufgenommen und eingearbeitet&#8220;, best\u00e4tigte Gst\u00f6ttl. [&hellip;]","og_url":"https:\/\/www.ffpassau.de\/ilzstadt\/2014\/10\/10\/ilzstadt-wehr-informiert-sich-ueber-fahrzeugtechnik\/","og_site_name":"Feuerwehr Passau - L\u00f6schzug Ilzstadt","article_published_time":"2014-10-10T13:52:36+00:00","article_modified_time":"2020-03-23T18:57:53+00:00","og_image":[{"width":640,"height":480,"url":"https:\/\/www.ffpassau.de\/ilzstadt\/wp-content\/uploads\/sites\/3\/2020\/03\/Ilzstadt-Wehr-informiert-sich-\u00fcber-Fahrzeugtechnik.jpg","type":"image\/jpeg"}],"twitter_card":"summary_large_image","twitter_misc":{"Verfasst von":"","Gesch\u00e4tzte Lesezeit":"2\u00a0Minuten"},"schema":{"@context":"https:\/\/schema.org","@graph":[{"@type":"Article","@id":"https:\/\/www.ffpassau.de\/ilzstadt\/2014\/10\/10\/ilzstadt-wehr-informiert-sich-ueber-fahrzeugtechnik\/#article","isPartOf":{"@id":"https:\/\/www.ffpassau.de\/ilzstadt\/2014\/10\/10\/ilzstadt-wehr-informiert-sich-ueber-fahrzeugtechnik\/"},"author":{"name":"","@id":""},"headline":"Ilzstadt Wehr informiert sich \u00fcber Fahrzeugtechnik","datePublished":"2014-10-10T13:52:36+00:00","dateModified":"2020-03-23T18:57:53+00:00","mainEntityOfPage":{"@id":"https:\/\/www.ffpassau.de\/ilzstadt\/2014\/10\/10\/ilzstadt-wehr-informiert-sich-ueber-fahrzeugtechnik\/"},"wordCount":358,"commentCount":0,"publisher":{"@id":"https:\/\/www.ffpassau.de\/ilzstadt\/#organization"},"image":{"@id":"https:\/\/www.ffpassau.de\/ilzstadt\/2014\/10\/10\/ilzstadt-wehr-informiert-sich-ueber-fahrzeugtechnik\/#primaryimage"},"thumbnailUrl":"https:\/\/www.ffpassau.de\/ilzstadt\/wp-content\/uploads\/sites\/3\/2020\/03\/Ilzstadt-Wehr-informiert-sich-\u00fcber-Fahrzeugtechnik.jpg","articleSection":{"1":"News"},"inLanguage":"de","potentialAction":[{"@type":"CommentAction","name":"Comment","target":["https:\/\/www.ffpassau.de\/ilzstadt\/2014\/10\/10\/ilzstadt-wehr-informiert-sich-ueber-fahrzeugtechnik\/#respond"]}]},{"@type":"WebPage","@id":"https:\/\/www.ffpassau.de\/ilzstadt\/2014\/10\/10\/ilzstadt-wehr-informiert-sich-ueber-fahrzeugtechnik\/","url":"https:\/\/www.ffpassau.de\/ilzstadt\/2014\/10\/10\/ilzstadt-wehr-informiert-sich-ueber-fahrzeugtechnik\/","name":"Ilzstadt Wehr informiert sich \u00fcber Fahrzeugtechnik - Feuerwehr Passau - L\u00f6schzug Ilzstadt","isPartOf":{"@id":"https:\/\/www.ffpassau.de\/ilzstadt\/#website"},"primaryImageOfPage":{"@id":"https:\/\/www.ffpassau.de\/ilzstadt\/2014\/10\/10\/ilzstadt-wehr-informiert-sich-ueber-fahrzeugtechnik\/#primaryimage"},"image":{"@id":"https:\/\/www.ffpassau.de\/ilzstadt\/2014\/10\/10\/ilzstadt-wehr-informiert-sich-ueber-fahrzeugtechnik\/#primaryimage"},"thumbnailUrl":"https:\/\/www.ffpassau.de\/ilzstadt\/wp-content\/uploads\/sites\/3\/2020\/03\/Ilzstadt-Wehr-informiert-sich-\u00fcber-Fahrzeugtechnik.jpg","datePublished":"2014-10-10T13:52:36+00:00","dateModified":"2020-03-23T18:57:53+00:00","breadcrumb":{"@id":"https:\/\/www.ffpassau.de\/ilzstadt\/2014\/10\/10\/ilzstadt-wehr-informiert-sich-ueber-fahrzeugtechnik\/#breadcrumb"},"inLanguage":"de","potentialAction":[{"@type":"ReadAction","target":["https:\/\/www.ffpassau.de\/ilzstadt\/2014\/10\/10\/ilzstadt-wehr-informiert-sich-ueber-fahrzeugtechnik\/"]}]},{"@type":"ImageObject","inLanguage":"de","@id":"https:\/\/www.ffpassau.de\/ilzstadt\/2014\/10\/10\/ilzstadt-wehr-informiert-sich-ueber-fahrzeugtechnik\/#primaryimage","url":"https:\/\/www.ffpassau.de\/ilzstadt\/wp-content\/uploads\/sites\/3\/2020\/03\/Ilzstadt-Wehr-informiert-sich-\u00fcber-Fahrzeugtechnik.jpg","contentUrl":"https:\/\/www.ffpassau.de\/ilzstadt\/wp-content\/uploads\/sites\/3\/2020\/03\/Ilzstadt-Wehr-informiert-sich-\u00fcber-Fahrzeugtechnik.jpg","width":640,"height":480},{"@type":"BreadcrumbList","@id":"https:\/\/www.ffpassau.de\/ilzstadt\/2014\/10\/10\/ilzstadt-wehr-informiert-sich-ueber-fahrzeugtechnik\/#breadcrumb","itemListElement":[{"@type":"ListItem","position":1,"name":"Startseite","item":"https:\/\/www.ffpassau.de\/ilzstadt\/"},{"@type":"ListItem","position":2,"name":"Ilzstadt Wehr informiert sich \u00fcber Fahrzeugtechnik"}]},{"@type":"WebSite","@id":"https:\/\/www.ffpassau.de\/ilzstadt\/#website","url":"https:\/\/www.ffpassau.de\/ilzstadt\/","name":"Feuerwehr Passau - L\u00f6schzug Ilztadt","description":"","publisher":{"@id":"https:\/\/www.ffpassau.de\/ilzstadt\/#organization"},"potentialAction":[{"@type":"SearchAction","target":{"@type":"EntryPoint","urlTemplate":"https:\/\/www.ffpassau.de\/ilzstadt\/?s={search_term_string}"},"query-input":{"@type":"PropertyValueSpecification","valueRequired":true,"valueName":"search_term_string"}}],"inLanguage":"de"},{"@type":"Organization","@id":"https:\/\/www.ffpassau.de\/ilzstadt\/#organization","name":"Feuerwehr Passau - L\u00f6schzug Ilztadt","url":"https:\/\/www.ffpassau.de\/ilzstadt\/","logo":{"@type":"ImageObject","inLanguage":"de","@id":"https:\/\/www.ffpassau.de\/ilzstadt\/#\/schema\/logo\/image\/","url":"https:\/\/www.ffpassau.de\/ilzstadt\/wp-content\/uploads\/sites\/3\/2020\/02\/lz_ilzstadt_logo.svg","contentUrl":"https:\/\/www.ffpassau.de\/ilzstadt\/wp-content\/uploads\/sites\/3\/2020\/02\/lz_ilzstadt_logo.svg","width":1,"height":1,"caption":"Feuerwehr Passau - L\u00f6schzug Ilztadt"},"image":{"@id":"https:\/\/www.ffpassau.de\/ilzstadt\/#\/schema\/logo\/image\/"}},{"@type":"Person","@id":"","url":"https:\/\/www.ffpassau.de\/ilzstadt\/author\/"}]}},"_links":{"self":[{"href":"https:\/\/www.ffpassau.de\/ilzstadt\/wp-json\/wp\/v2\/posts\/273","targetHints":{"allow":["GET"]}}],"collection":[{"href":"https:\/\/www.ffpassau.de\/ilzstadt\/wp-json\/wp\/v2\/posts"}],"about":[{"href":"https:\/\/www.ffpassau.de\/ilzstadt\/wp-json\/wp\/v2\/types\/post"}],"author":[{"embeddable":true,"href":"https:\/\/www.ffpassau.de\/ilzstadt\/wp-json\/wp\/v2\/users\/22"}],"replies":[{"embeddable":true,"href":"https:\/\/www.ffpassau.de\/ilzstadt\/wp-json\/wp\/v2\/comments?post=273"}],"version-history":[{"count":1,"href":"https:\/\/www.ffpassau.de\/ilzstadt\/wp-json\/wp\/v2\/posts\/273\/revisions"}],"predecessor-version":[{"id":275,"href":"https:\/\/www.ffpassau.de\/ilzstadt\/wp-json\/wp\/v2\/posts\/273\/revisions\/275"}],"wp:featuredmedia":[{"embeddable":true,"href":"https:\/\/www.ffpassau.de\/ilzstadt\/wp-json\/wp\/v2\/media\/274"}],"wp:attachment":[{"href":"https:\/\/www.ffpassau.de\/ilzstadt\/wp-json\/wp\/v2\/media?parent=273"}],"wp:term":[{"taxonomy":"category","embeddable":true,"href":"https:\/\/www.ffpassau.de\/ilzstadt\/wp-json\/wp\/v2\/categories?post=273"},{"taxonomy":"post_tag","embeddable":true,"href":"https:\/\/www.ffpassau.de\/ilzstadt\/wp-json\/wp\/v2\/tags?post=273"}],"curies":[{"name":"wp","href":"https:\/\/api.w.org\/{rel}","templated":true}]}}