{"id":276,"date":"2014-12-17T15:53:48","date_gmt":"2014-12-17T14:53:48","guid":{"rendered":"https:\/\/www.ffpassau.de\/ilzstadt\/?p=276"},"modified":"2020-03-23T19:58:37","modified_gmt":"2020-03-23T18:58:37","slug":"jahreshauptversammlung-des-loechzugs-ilztadt-2013","status":"publish","type":"post","link":"https:\/\/www.ffpassau.de\/ilzstadt\/2014\/12\/17\/jahreshauptversammlung-des-loechzugs-ilztadt-2013\/","title":{"rendered":"Jahreshauptversammlung des L\u00f6chzugs Ilztadt 2014"},"content":{"rendered":"<p><b>Jahreshauptversammlung des L\u00f6chzugs Ilztadt im Zeichen der Flut<\/b> <i>Viele Auszeichnungen und Positive Mitgliederstatistik<\/i><br \/>\nBereits der erste Eindruck beim Betreten des Ger\u00e4tehauses der Feuerwehr Passau L\u00f6schzug Ilzstadt gew\u00e4hrte Einblick in das dominierende Thema der diesj\u00e4hrigen Jahreshauptversammlung &#8211; das Jahrtausendhochwasser 2013. Trotz eines guten Baufortschritts musste die Vorsitzende Marina Nowak die Anwesenden in einem Feuerwehrhaus ohne T\u00fcren und T\u00fcrst\u00f6cke, ohne Vorh\u00e4nge, u.v.m. begr\u00fc\u00dfen. Der positiven Stimmung tat dies aber keinen Abbruch.<br \/>\nIm Bericht des Vorstands konnte auf ein \u00e4u\u00dferst attraktives Vereinsleben mit Ausfl\u00fcgen, Wanderungen, Festen, u.v.m. hingewiesen werden. Auch die individuelle Kameradschaftspflege bei Hochzeiten, Geburten und runden Geburtstagen wurde positiv dargestellt. Ein besonderer Dank geb\u00fchrte auch Stadtrat Clemens Damberger, der sich sehr f\u00fcr den Ausbau der Parkpl\u00e4tze vor dem Ger\u00e4tehaus stark machte.<br \/>\nInsbesondere die Zahlen f\u00fcr das Jahr 2013 zeigten die positive Entwicklung im L\u00f6schzug : durch eine sehr solide Finanzwirtschaft und eine hohen Spendenbereitschaft konnte sogar ein \u00dcberchuss erziehlt werden, der allerdings bereits f\u00fcr die noch offenen Posten im Rahmen der Ger\u00e4tehaussanierung verplant ist. Auch die Mitgliederstatistik zeigte sich von einer sehr positiven Seite: Nach einer Dursttrecke in der Jugendarbeit konnte eine neue Jugendgruppe mit 6 Jugendlichen etabliert werden, f\u00fcr den Aktiven Dienst konnten 4 neue Kameraden angeworben werden und zudem viele wieder zu mehr Einsatz- und Ausbildungst\u00e4tigkeit motiviert werden.<br \/>\nDies zeigte ich auch in der Einsatz- und Leistungsstatistik: 7 Brandeins\u00e4tze, 54 Technische Hilfeleistungen, 8 Fehlalarme und 25 Sicherheitswachen \u00a0meisterte die Ilzer Wehr im Jahr 2013. Daf\u00fcr sowie f\u00fcr Aubildungs-, Zug- und Vereinst\u00e4tigkeiten wurden insgesamt 3.730 Stunden geleistet. Am engagiertesten war stv. Zugf\u00fchrer Florian Emmer (328 h), gefolgt von Vize-Vorstand Thomas Sittinger (315h) und Zugf\u00fchrer Manfred Nowak (245h). Besonders gelobt wurden auch die sechs Jugendlichen, die immerhin 142 Stunden absolvierten, obwohl sie erst Mitte des vergangenen Jahres der Feuerwehr beitraten.<br \/>\nNach dieser Vorstellung verlieh Landtagsabgeordneter Bernhard Roos gemeinsam mit Stadtbrandrat Dieter Schlegl und Stadtbrandinspektor Andreas Dittelmann die Bayerische Fluthelfermedaille an: Arne Bilzhause, Alexander Breitenfellner, Stephan Breitenfellner, stv. Zugf\u00fchrer Christian Brunner, Claudia Brunner, Katharina Brunner, Simone Dichtl, Veronika Dichtl, stv. Zugf\u00fchrer Florian Emmer, Gerhard Haider, Roland Kampe, Daniel K\u00f6ck, Josef K\u00f6ck, Armin Leeb, Bernhard Memminger, Julia Nowak, Zugf\u00fchrer Manfred Nowak, Marina Nowak, Michael Paltinger, Florian Plonczek, Markus Rohmann, Helene Sch\u00fctz, Frank Sedlmeier, Thomas Sittinger und David Stockbauer.<br \/>\nNach diesen Auszeichnungen wurde stv. Zugf\u00fchrer Florian Emmer noch eine besondere Auszeichnung zu teil: F\u00fcr sein Engagement als Abschnittsf\u00fchrer im Hochwasser in den Bereichen Alt- und Ilzstadt erhielt er das silberne Ehrenkreuz des Landesfeuerwehrverbandes Bayern.<br \/>\nAnschlie\u00dfend bef\u00f6rderte Zugf\u00fchrer Manfred Nowak noch Veronika Dichtl zur Feuerwehrfrau, Claudia Brunner zur Oberfeuerwehrfrau, Raphael Buchbauer zum Oberfeuerwehrmann und Daniel K\u00f6ck zum Hauptfeuerwehrmann.<br \/>\nZum Abschluss bedankten sich die anwesenden Ehreng\u00e4ste, darunter auch noch B\u00fcrgermeister Urban Mangold und Fahnenmutter Anna Kapfinger, f\u00fcr die geleistete Arbeit, w\u00fcnschten weiterhin eine solch positive Entwicklung und ein stets gesundes Zur\u00fcckkommen vom Einsatz.<br \/>\nDas letzte Wort hatte Stadtbrandrat Dieter Schlegl, der auch Kommandant des L\u00f6schzugs Ilzstadt ist. Er bedankte sich bei den Vertretern der Politik f\u00fcr die gute Unterst\u00fctzung rund um das Hochwasser, nicht nur was die Schadenabwicklung am Ger\u00e4tehaus und die Wiederbeschaffung des verlorengegangenen oder defekten Einsatzmaterials, sondern auch die pr\u00e4ventive Beschaffung f\u00fcr zuk\u00fcnftige Schadensf\u00e4lle betrifft. Ebenso bedankte er sich bei den Aktiven des L\u00f6schzugs f\u00fcr die vielen geleisteten Stunden, die hohe Motivation und den guten Zusammenhalt.<\/p>\n","protected":false},"excerpt":{"rendered":"<p>Jahreshauptversammlung des L\u00f6chzugs Ilztadt im Zeichen der Flut Viele Auszeichnungen und Positive Mitgliederstatistik Bereits der erste Eindruck beim Betreten des Ger\u00e4tehauses der Feuerwehr Passau L\u00f6schzug Ilzstadt gew\u00e4hrte Einblick in das dominierende Thema der diesj\u00e4hrigen Jahreshauptversammlung &#8211; das Jahrtausendhochwasser 2013. Trotz eines guten Baufortschritts musste die Vorsitzende Marina Nowak die Anwesenden in einem Feuerwehrhaus ohne T\u00fcren und T\u00fcrst\u00f6cke, ohne Vorh\u00e4nge, u.v.m. begr\u00fc\u00dfen. Der positiven Stimmung tat dies aber keinen Abbruch. Im Bericht des Vorstands konnte auf ein \u00e4u\u00dferst attraktives Vereinsleben mit Ausfl\u00fcgen, Wanderungen, Festen, u.v.m. hingewiesen werden. Auch die individuelle Kameradschaftspflege bei Hochzeiten, Geburten und runden Geburtstagen wurde positiv dargestellt. Ein besonderer Dank geb\u00fchrte auch Stadtrat Clemens Damberger, der sich sehr f\u00fcr den Ausbau der Parkpl\u00e4tze vor dem Ger\u00e4tehaus stark machte. Insbesondere die Zahlen f\u00fcr das Jahr 2013 zeigten die positive Entwicklung im L\u00f6schzug : durch eine sehr solide Finanzwirtschaft und [&hellip;]<\/p>\n","protected":false},"author":22,"featured_media":277,"comment_status":"open","ping_status":"open","sticky":false,"template":"","format":"standard","meta":{"footnotes":""},"categories":[1,7],"tags":[],"class_list":["post-276","post","type-post","status-publish","format-standard","has-post-thumbnail","hentry","category-allgemein","category-news"],"yoast_head":"<!-- This site is optimized with the Yoast SEO plugin v24.3 - https:\/\/yoast.com\/wordpress\/plugins\/seo\/ -->\n<title>Jahreshauptversammlung des L\u00f6chzugs Ilztadt 2014 - Feuerwehr Passau - L\u00f6schzug Ilzstadt<\/title>\n<meta name=\"robots\" content=\"index, follow, max-snippet:-1, max-image-preview:large, max-video-preview:-1\" \/>\n<link rel=\"canonical\" href=\"https:\/\/www.ffpassau.de\/ilzstadt\/2014\/12\/17\/jahreshauptversammlung-des-loechzugs-ilztadt-2013\/\" \/>\n<meta property=\"og:locale\" content=\"de_DE\" \/>\n<meta property=\"og:type\" content=\"article\" \/>\n<meta property=\"og:title\" content=\"Jahreshauptversammlung des L\u00f6chzugs Ilztadt 2014 - Feuerwehr Passau - L\u00f6schzug Ilzstadt\" \/>\n<meta property=\"og:description\" content=\"Jahreshauptversammlung des L\u00f6chzugs Ilztadt im Zeichen der Flut Viele Auszeichnungen und Positive Mitgliederstatistik Bereits der erste Eindruck beim Betreten des Ger\u00e4tehauses der Feuerwehr Passau L\u00f6schzug Ilzstadt gew\u00e4hrte Einblick in das dominierende Thema der diesj\u00e4hrigen Jahreshauptversammlung &#8211; das Jahrtausendhochwasser 2013. Trotz eines guten Baufortschritts musste die Vorsitzende Marina Nowak die Anwesenden in einem Feuerwehrhaus ohne T\u00fcren und T\u00fcrst\u00f6cke, ohne Vorh\u00e4nge, u.v.m. begr\u00fc\u00dfen. Der positiven Stimmung tat dies aber keinen Abbruch. Im Bericht des Vorstands konnte auf ein \u00e4u\u00dferst attraktives Vereinsleben mit Ausfl\u00fcgen, Wanderungen, Festen, u.v.m. hingewiesen werden. Auch die individuelle Kameradschaftspflege bei Hochzeiten, Geburten und runden Geburtstagen wurde positiv dargestellt. Ein besonderer Dank geb\u00fchrte auch Stadtrat Clemens Damberger, der sich sehr f\u00fcr den Ausbau der Parkpl\u00e4tze vor dem Ger\u00e4tehaus stark machte. Insbesondere die Zahlen f\u00fcr das Jahr 2013 zeigten die positive Entwicklung im L\u00f6schzug : durch eine sehr solide Finanzwirtschaft und [&hellip;]\" \/>\n<meta property=\"og:url\" content=\"https:\/\/www.ffpassau.de\/ilzstadt\/2014\/12\/17\/jahreshauptversammlung-des-loechzugs-ilztadt-2013\/\" \/>\n<meta property=\"og:site_name\" content=\"Feuerwehr Passau - L\u00f6schzug Ilzstadt\" \/>\n<meta property=\"article:published_time\" content=\"2014-12-17T14:53:48+00:00\" \/>\n<meta property=\"article:modified_time\" content=\"2020-03-23T18:58:37+00:00\" \/>\n<meta property=\"og:image\" content=\"https:\/\/www.ffpassau.de\/ilzstadt\/wp-content\/uploads\/sites\/3\/2020\/03\/Jahreshauptversammlung-des-L\u00f6chzugs-Ilztadt-2013.jpg\" \/>\n\t<meta property=\"og:image:width\" content=\"640\" \/>\n\t<meta property=\"og:image:height\" content=\"423\" \/>\n\t<meta property=\"og:image:type\" content=\"image\/jpeg\" \/>\n<meta name=\"twitter:card\" content=\"summary_large_image\" \/>\n<meta name=\"twitter:label1\" content=\"Verfasst von\" \/>\n\t<meta name=\"twitter:data1\" content=\"\" \/>\n\t<meta name=\"twitter:label2\" content=\"Gesch\u00e4tzte Lesezeit\" \/>\n\t<meta name=\"twitter:data2\" content=\"3\u00a0Minuten\" \/>\n<script type=\"application\/ld+json\" class=\"yoast-schema-graph\">{\"@context\":\"https:\/\/schema.org\",\"@graph\":[{\"@type\":\"Article\",\"@id\":\"https:\/\/www.ffpassau.de\/ilzstadt\/2014\/12\/17\/jahreshauptversammlung-des-loechzugs-ilztadt-2013\/#article\",\"isPartOf\":{\"@id\":\"https:\/\/www.ffpassau.de\/ilzstadt\/2014\/12\/17\/jahreshauptversammlung-des-loechzugs-ilztadt-2013\/\"},\"author\":{\"name\":\"\",\"@id\":\"\"},\"headline\":\"Jahreshauptversammlung des L\u00f6chzugs Ilztadt 2014\",\"datePublished\":\"2014-12-17T14:53:48+00:00\",\"dateModified\":\"2020-03-23T18:58:37+00:00\",\"mainEntityOfPage\":{\"@id\":\"https:\/\/www.ffpassau.de\/ilzstadt\/2014\/12\/17\/jahreshauptversammlung-des-loechzugs-ilztadt-2013\/\"},\"wordCount\":584,\"commentCount\":0,\"publisher\":{\"@id\":\"https:\/\/www.ffpassau.de\/ilzstadt\/#organization\"},\"image\":{\"@id\":\"https:\/\/www.ffpassau.de\/ilzstadt\/2014\/12\/17\/jahreshauptversammlung-des-loechzugs-ilztadt-2013\/#primaryimage\"},\"thumbnailUrl\":\"https:\/\/www.ffpassau.de\/ilzstadt\/wp-content\/uploads\/sites\/3\/2020\/03\/Jahreshauptversammlung-des-L\u00f6chzugs-Ilztadt-2013.jpg\",\"articleSection\":{\"1\":\"News\"},\"inLanguage\":\"de\",\"potentialAction\":[{\"@type\":\"CommentAction\",\"name\":\"Comment\",\"target\":[\"https:\/\/www.ffpassau.de\/ilzstadt\/2014\/12\/17\/jahreshauptversammlung-des-loechzugs-ilztadt-2013\/#respond\"]}]},{\"@type\":\"WebPage\",\"@id\":\"https:\/\/www.ffpassau.de\/ilzstadt\/2014\/12\/17\/jahreshauptversammlung-des-loechzugs-ilztadt-2013\/\",\"url\":\"https:\/\/www.ffpassau.de\/ilzstadt\/2014\/12\/17\/jahreshauptversammlung-des-loechzugs-ilztadt-2013\/\",\"name\":\"Jahreshauptversammlung des L\u00f6chzugs Ilztadt 2014 - Feuerwehr Passau - L\u00f6schzug Ilzstadt\",\"isPartOf\":{\"@id\":\"https:\/\/www.ffpassau.de\/ilzstadt\/#website\"},\"primaryImageOfPage\":{\"@id\":\"https:\/\/www.ffpassau.de\/ilzstadt\/2014\/12\/17\/jahreshauptversammlung-des-loechzugs-ilztadt-2013\/#primaryimage\"},\"image\":{\"@id\":\"https:\/\/www.ffpassau.de\/ilzstadt\/2014\/12\/17\/jahreshauptversammlung-des-loechzugs-ilztadt-2013\/#primaryimage\"},\"thumbnailUrl\":\"https:\/\/www.ffpassau.de\/ilzstadt\/wp-content\/uploads\/sites\/3\/2020\/03\/Jahreshauptversammlung-des-L\u00f6chzugs-Ilztadt-2013.jpg\",\"datePublished\":\"2014-12-17T14:53:48+00:00\",\"dateModified\":\"2020-03-23T18:58:37+00:00\",\"breadcrumb\":{\"@id\":\"https:\/\/www.ffpassau.de\/ilzstadt\/2014\/12\/17\/jahreshauptversammlung-des-loechzugs-ilztadt-2013\/#breadcrumb\"},\"inLanguage\":\"de\",\"potentialAction\":[{\"@type\":\"ReadAction\",\"target\":[\"https:\/\/www.ffpassau.de\/ilzstadt\/2014\/12\/17\/jahreshauptversammlung-des-loechzugs-ilztadt-2013\/\"]}]},{\"@type\":\"ImageObject\",\"inLanguage\":\"de\",\"@id\":\"https:\/\/www.ffpassau.de\/ilzstadt\/2014\/12\/17\/jahreshauptversammlung-des-loechzugs-ilztadt-2013\/#primaryimage\",\"url\":\"https:\/\/www.ffpassau.de\/ilzstadt\/wp-content\/uploads\/sites\/3\/2020\/03\/Jahreshauptversammlung-des-L\u00f6chzugs-Ilztadt-2013.jpg\",\"contentUrl\":\"https:\/\/www.ffpassau.de\/ilzstadt\/wp-content\/uploads\/sites\/3\/2020\/03\/Jahreshauptversammlung-des-L\u00f6chzugs-Ilztadt-2013.jpg\",\"width\":640,\"height\":423},{\"@type\":\"BreadcrumbList\",\"@id\":\"https:\/\/www.ffpassau.de\/ilzstadt\/2014\/12\/17\/jahreshauptversammlung-des-loechzugs-ilztadt-2013\/#breadcrumb\",\"itemListElement\":[{\"@type\":\"ListItem\",\"position\":1,\"name\":\"Startseite\",\"item\":\"https:\/\/www.ffpassau.de\/ilzstadt\/\"},{\"@type\":\"ListItem\",\"position\":2,\"name\":\"Jahreshauptversammlung des L\u00f6chzugs Ilztadt 2014\"}]},{\"@type\":\"WebSite\",\"@id\":\"https:\/\/www.ffpassau.de\/ilzstadt\/#website\",\"url\":\"https:\/\/www.ffpassau.de\/ilzstadt\/\",\"name\":\"Feuerwehr Passau - L\u00f6schzug Ilztadt\",\"description\":\"\",\"publisher\":{\"@id\":\"https:\/\/www.ffpassau.de\/ilzstadt\/#organization\"},\"potentialAction\":[{\"@type\":\"SearchAction\",\"target\":{\"@type\":\"EntryPoint\",\"urlTemplate\":\"https:\/\/www.ffpassau.de\/ilzstadt\/?s={search_term_string}\"},\"query-input\":{\"@type\":\"PropertyValueSpecification\",\"valueRequired\":true,\"valueName\":\"search_term_string\"}}],\"inLanguage\":\"de\"},{\"@type\":\"Organization\",\"@id\":\"https:\/\/www.ffpassau.de\/ilzstadt\/#organization\",\"name\":\"Feuerwehr Passau - L\u00f6schzug Ilztadt\",\"url\":\"https:\/\/www.ffpassau.de\/ilzstadt\/\",\"logo\":{\"@type\":\"ImageObject\",\"inLanguage\":\"de\",\"@id\":\"https:\/\/www.ffpassau.de\/ilzstadt\/#\/schema\/logo\/image\/\",\"url\":\"https:\/\/www.ffpassau.de\/ilzstadt\/wp-content\/uploads\/sites\/3\/2020\/02\/lz_ilzstadt_logo.svg\",\"contentUrl\":\"https:\/\/www.ffpassau.de\/ilzstadt\/wp-content\/uploads\/sites\/3\/2020\/02\/lz_ilzstadt_logo.svg\",\"width\":1,\"height\":1,\"caption\":\"Feuerwehr Passau - L\u00f6schzug Ilztadt\"},\"image\":{\"@id\":\"https:\/\/www.ffpassau.de\/ilzstadt\/#\/schema\/logo\/image\/\"}},{\"@type\":\"Person\",\"@id\":\"\",\"url\":\"https:\/\/www.ffpassau.de\/ilzstadt\/author\/\"}]}<\/script>\n<!-- \/ Yoast SEO plugin. -->","yoast_head_json":{"title":"Jahreshauptversammlung des L\u00f6chzugs Ilztadt 2014 - Feuerwehr Passau - L\u00f6schzug Ilzstadt","robots":{"index":"index","follow":"follow","max-snippet":"max-snippet:-1","max-image-preview":"max-image-preview:large","max-video-preview":"max-video-preview:-1"},"canonical":"https:\/\/www.ffpassau.de\/ilzstadt\/2014\/12\/17\/jahreshauptversammlung-des-loechzugs-ilztadt-2013\/","og_locale":"de_DE","og_type":"article","og_title":"Jahreshauptversammlung des L\u00f6chzugs Ilztadt 2014 - Feuerwehr Passau - L\u00f6schzug Ilzstadt","og_description":"Jahreshauptversammlung des L\u00f6chzugs Ilztadt im Zeichen der Flut Viele Auszeichnungen und Positive Mitgliederstatistik Bereits der erste Eindruck beim Betreten des Ger\u00e4tehauses der Feuerwehr Passau L\u00f6schzug Ilzstadt gew\u00e4hrte Einblick in das dominierende Thema der diesj\u00e4hrigen Jahreshauptversammlung &#8211; das Jahrtausendhochwasser 2013. Trotz eines guten Baufortschritts musste die Vorsitzende Marina Nowak die Anwesenden in einem Feuerwehrhaus ohne T\u00fcren und T\u00fcrst\u00f6cke, ohne Vorh\u00e4nge, u.v.m. begr\u00fc\u00dfen. Der positiven Stimmung tat dies aber keinen Abbruch. Im Bericht des Vorstands konnte auf ein \u00e4u\u00dferst attraktives Vereinsleben mit Ausfl\u00fcgen, Wanderungen, Festen, u.v.m. hingewiesen werden. Auch die individuelle Kameradschaftspflege bei Hochzeiten, Geburten und runden Geburtstagen wurde positiv dargestellt. Ein besonderer Dank geb\u00fchrte auch Stadtrat Clemens Damberger, der sich sehr f\u00fcr den Ausbau der Parkpl\u00e4tze vor dem Ger\u00e4tehaus stark machte. Insbesondere die Zahlen f\u00fcr das Jahr 2013 zeigten die positive Entwicklung im L\u00f6schzug : durch eine sehr solide Finanzwirtschaft und [&hellip;]","og_url":"https:\/\/www.ffpassau.de\/ilzstadt\/2014\/12\/17\/jahreshauptversammlung-des-loechzugs-ilztadt-2013\/","og_site_name":"Feuerwehr Passau - L\u00f6schzug Ilzstadt","article_published_time":"2014-12-17T14:53:48+00:00","article_modified_time":"2020-03-23T18:58:37+00:00","og_image":[{"width":640,"height":423,"url":"https:\/\/www.ffpassau.de\/ilzstadt\/wp-content\/uploads\/sites\/3\/2020\/03\/Jahreshauptversammlung-des-L\u00f6chzugs-Ilztadt-2013.jpg","type":"image\/jpeg"}],"twitter_card":"summary_large_image","twitter_misc":{"Verfasst von":"","Gesch\u00e4tzte Lesezeit":"3\u00a0Minuten"},"schema":{"@context":"https:\/\/schema.org","@graph":[{"@type":"Article","@id":"https:\/\/www.ffpassau.de\/ilzstadt\/2014\/12\/17\/jahreshauptversammlung-des-loechzugs-ilztadt-2013\/#article","isPartOf":{"@id":"https:\/\/www.ffpassau.de\/ilzstadt\/2014\/12\/17\/jahreshauptversammlung-des-loechzugs-ilztadt-2013\/"},"author":{"name":"","@id":""},"headline":"Jahreshauptversammlung des L\u00f6chzugs Ilztadt 2014","datePublished":"2014-12-17T14:53:48+00:00","dateModified":"2020-03-23T18:58:37+00:00","mainEntityOfPage":{"@id":"https:\/\/www.ffpassau.de\/ilzstadt\/2014\/12\/17\/jahreshauptversammlung-des-loechzugs-ilztadt-2013\/"},"wordCount":584,"commentCount":0,"publisher":{"@id":"https:\/\/www.ffpassau.de\/ilzstadt\/#organization"},"image":{"@id":"https:\/\/www.ffpassau.de\/ilzstadt\/2014\/12\/17\/jahreshauptversammlung-des-loechzugs-ilztadt-2013\/#primaryimage"},"thumbnailUrl":"https:\/\/www.ffpassau.de\/ilzstadt\/wp-content\/uploads\/sites\/3\/2020\/03\/Jahreshauptversammlung-des-L\u00f6chzugs-Ilztadt-2013.jpg","articleSection":{"1":"News"},"inLanguage":"de","potentialAction":[{"@type":"CommentAction","name":"Comment","target":["https:\/\/www.ffpassau.de\/ilzstadt\/2014\/12\/17\/jahreshauptversammlung-des-loechzugs-ilztadt-2013\/#respond"]}]},{"@type":"WebPage","@id":"https:\/\/www.ffpassau.de\/ilzstadt\/2014\/12\/17\/jahreshauptversammlung-des-loechzugs-ilztadt-2013\/","url":"https:\/\/www.ffpassau.de\/ilzstadt\/2014\/12\/17\/jahreshauptversammlung-des-loechzugs-ilztadt-2013\/","name":"Jahreshauptversammlung des L\u00f6chzugs Ilztadt 2014 - Feuerwehr Passau - L\u00f6schzug Ilzstadt","isPartOf":{"@id":"https:\/\/www.ffpassau.de\/ilzstadt\/#website"},"primaryImageOfPage":{"@id":"https:\/\/www.ffpassau.de\/ilzstadt\/2014\/12\/17\/jahreshauptversammlung-des-loechzugs-ilztadt-2013\/#primaryimage"},"image":{"@id":"https:\/\/www.ffpassau.de\/ilzstadt\/2014\/12\/17\/jahreshauptversammlung-des-loechzugs-ilztadt-2013\/#primaryimage"},"thumbnailUrl":"https:\/\/www.ffpassau.de\/ilzstadt\/wp-content\/uploads\/sites\/3\/2020\/03\/Jahreshauptversammlung-des-L\u00f6chzugs-Ilztadt-2013.jpg","datePublished":"2014-12-17T14:53:48+00:00","dateModified":"2020-03-23T18:58:37+00:00","breadcrumb":{"@id":"https:\/\/www.ffpassau.de\/ilzstadt\/2014\/12\/17\/jahreshauptversammlung-des-loechzugs-ilztadt-2013\/#breadcrumb"},"inLanguage":"de","potentialAction":[{"@type":"ReadAction","target":["https:\/\/www.ffpassau.de\/ilzstadt\/2014\/12\/17\/jahreshauptversammlung-des-loechzugs-ilztadt-2013\/"]}]},{"@type":"ImageObject","inLanguage":"de","@id":"https:\/\/www.ffpassau.de\/ilzstadt\/2014\/12\/17\/jahreshauptversammlung-des-loechzugs-ilztadt-2013\/#primaryimage","url":"https:\/\/www.ffpassau.de\/ilzstadt\/wp-content\/uploads\/sites\/3\/2020\/03\/Jahreshauptversammlung-des-L\u00f6chzugs-Ilztadt-2013.jpg","contentUrl":"https:\/\/www.ffpassau.de\/ilzstadt\/wp-content\/uploads\/sites\/3\/2020\/03\/Jahreshauptversammlung-des-L\u00f6chzugs-Ilztadt-2013.jpg","width":640,"height":423},{"@type":"BreadcrumbList","@id":"https:\/\/www.ffpassau.de\/ilzstadt\/2014\/12\/17\/jahreshauptversammlung-des-loechzugs-ilztadt-2013\/#breadcrumb","itemListElement":[{"@type":"ListItem","position":1,"name":"Startseite","item":"https:\/\/www.ffpassau.de\/ilzstadt\/"},{"@type":"ListItem","position":2,"name":"Jahreshauptversammlung des L\u00f6chzugs Ilztadt 2014"}]},{"@type":"WebSite","@id":"https:\/\/www.ffpassau.de\/ilzstadt\/#website","url":"https:\/\/www.ffpassau.de\/ilzstadt\/","name":"Feuerwehr Passau - L\u00f6schzug Ilztadt","description":"","publisher":{"@id":"https:\/\/www.ffpassau.de\/ilzstadt\/#organization"},"potentialAction":[{"@type":"SearchAction","target":{"@type":"EntryPoint","urlTemplate":"https:\/\/www.ffpassau.de\/ilzstadt\/?s={search_term_string}"},"query-input":{"@type":"PropertyValueSpecification","valueRequired":true,"valueName":"search_term_string"}}],"inLanguage":"de"},{"@type":"Organization","@id":"https:\/\/www.ffpassau.de\/ilzstadt\/#organization","name":"Feuerwehr Passau - L\u00f6schzug Ilztadt","url":"https:\/\/www.ffpassau.de\/ilzstadt\/","logo":{"@type":"ImageObject","inLanguage":"de","@id":"https:\/\/www.ffpassau.de\/ilzstadt\/#\/schema\/logo\/image\/","url":"https:\/\/www.ffpassau.de\/ilzstadt\/wp-content\/uploads\/sites\/3\/2020\/02\/lz_ilzstadt_logo.svg","contentUrl":"https:\/\/www.ffpassau.de\/ilzstadt\/wp-content\/uploads\/sites\/3\/2020\/02\/lz_ilzstadt_logo.svg","width":1,"height":1,"caption":"Feuerwehr Passau - L\u00f6schzug Ilztadt"},"image":{"@id":"https:\/\/www.ffpassau.de\/ilzstadt\/#\/schema\/logo\/image\/"}},{"@type":"Person","@id":"","url":"https:\/\/www.ffpassau.de\/ilzstadt\/author\/"}]}},"_links":{"self":[{"href":"https:\/\/www.ffpassau.de\/ilzstadt\/wp-json\/wp\/v2\/posts\/276","targetHints":{"allow":["GET"]}}],"collection":[{"href":"https:\/\/www.ffpassau.de\/ilzstadt\/wp-json\/wp\/v2\/posts"}],"about":[{"href":"https:\/\/www.ffpassau.de\/ilzstadt\/wp-json\/wp\/v2\/types\/post"}],"author":[{"embeddable":true,"href":"https:\/\/www.ffpassau.de\/ilzstadt\/wp-json\/wp\/v2\/users\/22"}],"replies":[{"embeddable":true,"href":"https:\/\/www.ffpassau.de\/ilzstadt\/wp-json\/wp\/v2\/comments?post=276"}],"version-history":[{"count":2,"href":"https:\/\/www.ffpassau.de\/ilzstadt\/wp-json\/wp\/v2\/posts\/276\/revisions"}],"predecessor-version":[{"id":427,"href":"https:\/\/www.ffpassau.de\/ilzstadt\/wp-json\/wp\/v2\/posts\/276\/revisions\/427"}],"wp:featuredmedia":[{"embeddable":true,"href":"https:\/\/www.ffpassau.de\/ilzstadt\/wp-json\/wp\/v2\/media\/277"}],"wp:attachment":[{"href":"https:\/\/www.ffpassau.de\/ilzstadt\/wp-json\/wp\/v2\/media?parent=276"}],"wp:term":[{"taxonomy":"category","embeddable":true,"href":"https:\/\/www.ffpassau.de\/ilzstadt\/wp-json\/wp\/v2\/categories?post=276"},{"taxonomy":"post_tag","embeddable":true,"href":"https:\/\/www.ffpassau.de\/ilzstadt\/wp-json\/wp\/v2\/tags?post=276"}],"curies":[{"name":"wp","href":"https:\/\/api.w.org\/{rel}","templated":true}]}}