{"id":293,"date":"2013-12-13T16:00:16","date_gmt":"2013-12-13T15:00:16","guid":{"rendered":"https:\/\/www.ffpassau.de\/ilzstadt\/?p=293"},"modified":"2020-03-22T20:00:23","modified_gmt":"2020-03-22T19:00:23","slug":"vereinsausflug-auf-den-grossen-falkenstein","status":"publish","type":"post","link":"https:\/\/www.ffpassau.de\/ilzstadt\/2013\/12\/13\/vereinsausflug-auf-den-grossen-falkenstein\/","title":{"rendered":"Vereinsausflug auf den gro\u00dfen Falkenstein"},"content":{"rendered":"<p>Der diesj\u00e4hrige Vereinsausflug f\u00fchrte uns auf den Gipfel des gro\u00dfen Falkensteins. Bepackt mit Proviant und guter Laune machte sich eine sch\u00f6ne Gruppe, begleitet von wunderbarem Wanderwetter, auf dem Weg Richtung Gipfel. Nach ca. dreist\u00fcndigen Anstieg durch das sch\u00f6ne H\u00f6llbachgespreng konnte dieser dann erreicht werden. Oben wurde mit einer deftigen Jausen wieder Kraft getankt und das Gipfelkreuz erobert. \u00dcber die &#8222;Schachten&#8220; wurde dann der Heimweg angetreten. Es war ein richtig sch\u00f6ner Ausflug, der allen gefallen hat, auch wenn einer (wir wollen keine Namen nennen- gell Fredi!), aufgrund der enormen Belastung :), seine Schuhsohlen am Berg zur\u00fccklassen musste.<\/p>\n","protected":false},"excerpt":{"rendered":"<p>Der diesj\u00e4hrige Vereinsausflug f\u00fchrte uns auf den Gipfel des gro\u00dfen Falkensteins. Bepackt mit Proviant und guter Laune machte sich eine sch\u00f6ne Gruppe, begleitet von wunderbarem Wanderwetter, auf dem Weg Richtung Gipfel. Nach ca. dreist\u00fcndigen Anstieg durch das sch\u00f6ne H\u00f6llbachgespreng konnte dieser dann erreicht werden. Oben wurde mit einer deftigen Jausen wieder Kraft getankt und das Gipfelkreuz erobert. \u00dcber die &#8222;Schachten&#8220; wurde dann der Heimweg angetreten. Es war ein richtig sch\u00f6ner Ausflug, der allen gefallen hat, auch wenn einer (wir wollen keine Namen nennen- gell Fredi!), aufgrund der enormen Belastung :), seine Schuhsohlen am Berg zur\u00fccklassen musste.<\/p>\n","protected":false},"author":22,"featured_media":294,"comment_status":"open","ping_status":"open","sticky":false,"template":"","format":"standard","meta":{"footnotes":""},"categories":[1,7],"tags":[],"class_list":["post-293","post","type-post","status-publish","format-standard","has-post-thumbnail","hentry","category-allgemein","category-news"],"yoast_head":"<!-- This site is optimized with the Yoast SEO plugin v24.3 - https:\/\/yoast.com\/wordpress\/plugins\/seo\/ -->\n<title>Vereinsausflug auf den gro\u00dfen Falkenstein - Feuerwehr Passau - L\u00f6schzug Ilzstadt<\/title>\n<meta name=\"robots\" content=\"index, follow, max-snippet:-1, max-image-preview:large, max-video-preview:-1\" \/>\n<link rel=\"canonical\" href=\"https:\/\/www.ffpassau.de\/ilzstadt\/2013\/12\/13\/vereinsausflug-auf-den-grossen-falkenstein\/\" \/>\n<meta property=\"og:locale\" content=\"de_DE\" \/>\n<meta property=\"og:type\" content=\"article\" \/>\n<meta property=\"og:title\" content=\"Vereinsausflug auf den gro\u00dfen Falkenstein - Feuerwehr Passau - L\u00f6schzug Ilzstadt\" \/>\n<meta property=\"og:description\" content=\"Der diesj\u00e4hrige Vereinsausflug f\u00fchrte uns auf den Gipfel des gro\u00dfen Falkensteins. Bepackt mit Proviant und guter Laune machte sich eine sch\u00f6ne Gruppe, begleitet von wunderbarem Wanderwetter, auf dem Weg Richtung Gipfel. Nach ca. dreist\u00fcndigen Anstieg durch das sch\u00f6ne H\u00f6llbachgespreng konnte dieser dann erreicht werden. Oben wurde mit einer deftigen Jausen wieder Kraft getankt und das Gipfelkreuz erobert. \u00dcber die &#8222;Schachten&#8220; wurde dann der Heimweg angetreten. Es war ein richtig sch\u00f6ner Ausflug, der allen gefallen hat, auch wenn einer (wir wollen keine Namen nennen- gell Fredi!), aufgrund der enormen Belastung :), seine Schuhsohlen am Berg zur\u00fccklassen musste.\" \/>\n<meta property=\"og:url\" content=\"https:\/\/www.ffpassau.de\/ilzstadt\/2013\/12\/13\/vereinsausflug-auf-den-grossen-falkenstein\/\" \/>\n<meta property=\"og:site_name\" content=\"Feuerwehr Passau - L\u00f6schzug Ilzstadt\" \/>\n<meta property=\"article:published_time\" content=\"2013-12-13T15:00:16+00:00\" \/>\n<meta property=\"article:modified_time\" content=\"2020-03-22T19:00:23+00:00\" \/>\n<meta property=\"og:image\" content=\"https:\/\/www.ffpassau.de\/ilzstadt\/wp-content\/uploads\/sites\/3\/2020\/03\/Vereinsausflug-auf-den-gro\u00dfen-Falkenstein.jpg\" \/>\n\t<meta property=\"og:image:width\" content=\"345\" \/>\n\t<meta property=\"og:image:height\" content=\"480\" \/>\n\t<meta property=\"og:image:type\" content=\"image\/jpeg\" \/>\n<meta name=\"twitter:card\" content=\"summary_large_image\" \/>\n<meta name=\"twitter:label1\" content=\"Verfasst von\" \/>\n\t<meta name=\"twitter:data1\" content=\"\" \/>\n\t<meta name=\"twitter:label2\" content=\"Gesch\u00e4tzte Lesezeit\" \/>\n\t<meta name=\"twitter:data2\" content=\"1\u00a0Minute\" \/>\n<script type=\"application\/ld+json\" class=\"yoast-schema-graph\">{\"@context\":\"https:\/\/schema.org\",\"@graph\":[{\"@type\":\"Article\",\"@id\":\"https:\/\/www.ffpassau.de\/ilzstadt\/2013\/12\/13\/vereinsausflug-auf-den-grossen-falkenstein\/#article\",\"isPartOf\":{\"@id\":\"https:\/\/www.ffpassau.de\/ilzstadt\/2013\/12\/13\/vereinsausflug-auf-den-grossen-falkenstein\/\"},\"author\":{\"name\":\"\",\"@id\":\"\"},\"headline\":\"Vereinsausflug auf den gro\u00dfen Falkenstein\",\"datePublished\":\"2013-12-13T15:00:16+00:00\",\"dateModified\":\"2020-03-22T19:00:23+00:00\",\"mainEntityOfPage\":{\"@id\":\"https:\/\/www.ffpassau.de\/ilzstadt\/2013\/12\/13\/vereinsausflug-auf-den-grossen-falkenstein\/\"},\"wordCount\":110,\"commentCount\":0,\"publisher\":{\"@id\":\"https:\/\/www.ffpassau.de\/ilzstadt\/#organization\"},\"image\":{\"@id\":\"https:\/\/www.ffpassau.de\/ilzstadt\/2013\/12\/13\/vereinsausflug-auf-den-grossen-falkenstein\/#primaryimage\"},\"thumbnailUrl\":\"https:\/\/www.ffpassau.de\/ilzstadt\/wp-content\/uploads\/sites\/3\/2020\/03\/Vereinsausflug-auf-den-gro\u00dfen-Falkenstein.jpg\",\"articleSection\":{\"1\":\"News\"},\"inLanguage\":\"de\",\"potentialAction\":[{\"@type\":\"CommentAction\",\"name\":\"Comment\",\"target\":[\"https:\/\/www.ffpassau.de\/ilzstadt\/2013\/12\/13\/vereinsausflug-auf-den-grossen-falkenstein\/#respond\"]}]},{\"@type\":\"WebPage\",\"@id\":\"https:\/\/www.ffpassau.de\/ilzstadt\/2013\/12\/13\/vereinsausflug-auf-den-grossen-falkenstein\/\",\"url\":\"https:\/\/www.ffpassau.de\/ilzstadt\/2013\/12\/13\/vereinsausflug-auf-den-grossen-falkenstein\/\",\"name\":\"Vereinsausflug auf den gro\u00dfen Falkenstein - Feuerwehr Passau - L\u00f6schzug Ilzstadt\",\"isPartOf\":{\"@id\":\"https:\/\/www.ffpassau.de\/ilzstadt\/#website\"},\"primaryImageOfPage\":{\"@id\":\"https:\/\/www.ffpassau.de\/ilzstadt\/2013\/12\/13\/vereinsausflug-auf-den-grossen-falkenstein\/#primaryimage\"},\"image\":{\"@id\":\"https:\/\/www.ffpassau.de\/ilzstadt\/2013\/12\/13\/vereinsausflug-auf-den-grossen-falkenstein\/#primaryimage\"},\"thumbnailUrl\":\"https:\/\/www.ffpassau.de\/ilzstadt\/wp-content\/uploads\/sites\/3\/2020\/03\/Vereinsausflug-auf-den-gro\u00dfen-Falkenstein.jpg\",\"datePublished\":\"2013-12-13T15:00:16+00:00\",\"dateModified\":\"2020-03-22T19:00:23+00:00\",\"breadcrumb\":{\"@id\":\"https:\/\/www.ffpassau.de\/ilzstadt\/2013\/12\/13\/vereinsausflug-auf-den-grossen-falkenstein\/#breadcrumb\"},\"inLanguage\":\"de\",\"potentialAction\":[{\"@type\":\"ReadAction\",\"target\":[\"https:\/\/www.ffpassau.de\/ilzstadt\/2013\/12\/13\/vereinsausflug-auf-den-grossen-falkenstein\/\"]}]},{\"@type\":\"ImageObject\",\"inLanguage\":\"de\",\"@id\":\"https:\/\/www.ffpassau.de\/ilzstadt\/2013\/12\/13\/vereinsausflug-auf-den-grossen-falkenstein\/#primaryimage\",\"url\":\"https:\/\/www.ffpassau.de\/ilzstadt\/wp-content\/uploads\/sites\/3\/2020\/03\/Vereinsausflug-auf-den-gro\u00dfen-Falkenstein.jpg\",\"contentUrl\":\"https:\/\/www.ffpassau.de\/ilzstadt\/wp-content\/uploads\/sites\/3\/2020\/03\/Vereinsausflug-auf-den-gro\u00dfen-Falkenstein.jpg\",\"width\":345,\"height\":480},{\"@type\":\"BreadcrumbList\",\"@id\":\"https:\/\/www.ffpassau.de\/ilzstadt\/2013\/12\/13\/vereinsausflug-auf-den-grossen-falkenstein\/#breadcrumb\",\"itemListElement\":[{\"@type\":\"ListItem\",\"position\":1,\"name\":\"Startseite\",\"item\":\"https:\/\/www.ffpassau.de\/ilzstadt\/\"},{\"@type\":\"ListItem\",\"position\":2,\"name\":\"Vereinsausflug auf den gro\u00dfen Falkenstein\"}]},{\"@type\":\"WebSite\",\"@id\":\"https:\/\/www.ffpassau.de\/ilzstadt\/#website\",\"url\":\"https:\/\/www.ffpassau.de\/ilzstadt\/\",\"name\":\"Feuerwehr Passau - L\u00f6schzug Ilztadt\",\"description\":\"\",\"publisher\":{\"@id\":\"https:\/\/www.ffpassau.de\/ilzstadt\/#organization\"},\"potentialAction\":[{\"@type\":\"SearchAction\",\"target\":{\"@type\":\"EntryPoint\",\"urlTemplate\":\"https:\/\/www.ffpassau.de\/ilzstadt\/?s={search_term_string}\"},\"query-input\":{\"@type\":\"PropertyValueSpecification\",\"valueRequired\":true,\"valueName\":\"search_term_string\"}}],\"inLanguage\":\"de\"},{\"@type\":\"Organization\",\"@id\":\"https:\/\/www.ffpassau.de\/ilzstadt\/#organization\",\"name\":\"Feuerwehr Passau - L\u00f6schzug Ilztadt\",\"url\":\"https:\/\/www.ffpassau.de\/ilzstadt\/\",\"logo\":{\"@type\":\"ImageObject\",\"inLanguage\":\"de\",\"@id\":\"https:\/\/www.ffpassau.de\/ilzstadt\/#\/schema\/logo\/image\/\",\"url\":\"https:\/\/www.ffpassau.de\/ilzstadt\/wp-content\/uploads\/sites\/3\/2020\/02\/lz_ilzstadt_logo.svg\",\"contentUrl\":\"https:\/\/www.ffpassau.de\/ilzstadt\/wp-content\/uploads\/sites\/3\/2020\/02\/lz_ilzstadt_logo.svg\",\"width\":1,\"height\":1,\"caption\":\"Feuerwehr Passau - L\u00f6schzug Ilztadt\"},\"image\":{\"@id\":\"https:\/\/www.ffpassau.de\/ilzstadt\/#\/schema\/logo\/image\/\"}},{\"@type\":\"Person\",\"@id\":\"\",\"url\":\"https:\/\/www.ffpassau.de\/ilzstadt\/author\/\"}]}<\/script>\n<!-- \/ Yoast SEO plugin. -->","yoast_head_json":{"title":"Vereinsausflug auf den gro\u00dfen Falkenstein - Feuerwehr Passau - L\u00f6schzug Ilzstadt","robots":{"index":"index","follow":"follow","max-snippet":"max-snippet:-1","max-image-preview":"max-image-preview:large","max-video-preview":"max-video-preview:-1"},"canonical":"https:\/\/www.ffpassau.de\/ilzstadt\/2013\/12\/13\/vereinsausflug-auf-den-grossen-falkenstein\/","og_locale":"de_DE","og_type":"article","og_title":"Vereinsausflug auf den gro\u00dfen Falkenstein - Feuerwehr Passau - L\u00f6schzug Ilzstadt","og_description":"Der diesj\u00e4hrige Vereinsausflug f\u00fchrte uns auf den Gipfel des gro\u00dfen Falkensteins. Bepackt mit Proviant und guter Laune machte sich eine sch\u00f6ne Gruppe, begleitet von wunderbarem Wanderwetter, auf dem Weg Richtung Gipfel. Nach ca. dreist\u00fcndigen Anstieg durch das sch\u00f6ne H\u00f6llbachgespreng konnte dieser dann erreicht werden. Oben wurde mit einer deftigen Jausen wieder Kraft getankt und das Gipfelkreuz erobert. \u00dcber die &#8222;Schachten&#8220; wurde dann der Heimweg angetreten. Es war ein richtig sch\u00f6ner Ausflug, der allen gefallen hat, auch wenn einer (wir wollen keine Namen nennen- gell Fredi!), aufgrund der enormen Belastung :), seine Schuhsohlen am Berg zur\u00fccklassen musste.","og_url":"https:\/\/www.ffpassau.de\/ilzstadt\/2013\/12\/13\/vereinsausflug-auf-den-grossen-falkenstein\/","og_site_name":"Feuerwehr Passau - L\u00f6schzug Ilzstadt","article_published_time":"2013-12-13T15:00:16+00:00","article_modified_time":"2020-03-22T19:00:23+00:00","og_image":[{"width":345,"height":480,"url":"https:\/\/www.ffpassau.de\/ilzstadt\/wp-content\/uploads\/sites\/3\/2020\/03\/Vereinsausflug-auf-den-gro\u00dfen-Falkenstein.jpg","type":"image\/jpeg"}],"twitter_card":"summary_large_image","twitter_misc":{"Verfasst von":"","Gesch\u00e4tzte Lesezeit":"1\u00a0Minute"},"schema":{"@context":"https:\/\/schema.org","@graph":[{"@type":"Article","@id":"https:\/\/www.ffpassau.de\/ilzstadt\/2013\/12\/13\/vereinsausflug-auf-den-grossen-falkenstein\/#article","isPartOf":{"@id":"https:\/\/www.ffpassau.de\/ilzstadt\/2013\/12\/13\/vereinsausflug-auf-den-grossen-falkenstein\/"},"author":{"name":"","@id":""},"headline":"Vereinsausflug auf den gro\u00dfen Falkenstein","datePublished":"2013-12-13T15:00:16+00:00","dateModified":"2020-03-22T19:00:23+00:00","mainEntityOfPage":{"@id":"https:\/\/www.ffpassau.de\/ilzstadt\/2013\/12\/13\/vereinsausflug-auf-den-grossen-falkenstein\/"},"wordCount":110,"commentCount":0,"publisher":{"@id":"https:\/\/www.ffpassau.de\/ilzstadt\/#organization"},"image":{"@id":"https:\/\/www.ffpassau.de\/ilzstadt\/2013\/12\/13\/vereinsausflug-auf-den-grossen-falkenstein\/#primaryimage"},"thumbnailUrl":"https:\/\/www.ffpassau.de\/ilzstadt\/wp-content\/uploads\/sites\/3\/2020\/03\/Vereinsausflug-auf-den-gro\u00dfen-Falkenstein.jpg","articleSection":{"1":"News"},"inLanguage":"de","potentialAction":[{"@type":"CommentAction","name":"Comment","target":["https:\/\/www.ffpassau.de\/ilzstadt\/2013\/12\/13\/vereinsausflug-auf-den-grossen-falkenstein\/#respond"]}]},{"@type":"WebPage","@id":"https:\/\/www.ffpassau.de\/ilzstadt\/2013\/12\/13\/vereinsausflug-auf-den-grossen-falkenstein\/","url":"https:\/\/www.ffpassau.de\/ilzstadt\/2013\/12\/13\/vereinsausflug-auf-den-grossen-falkenstein\/","name":"Vereinsausflug auf den gro\u00dfen Falkenstein - Feuerwehr Passau - L\u00f6schzug Ilzstadt","isPartOf":{"@id":"https:\/\/www.ffpassau.de\/ilzstadt\/#website"},"primaryImageOfPage":{"@id":"https:\/\/www.ffpassau.de\/ilzstadt\/2013\/12\/13\/vereinsausflug-auf-den-grossen-falkenstein\/#primaryimage"},"image":{"@id":"https:\/\/www.ffpassau.de\/ilzstadt\/2013\/12\/13\/vereinsausflug-auf-den-grossen-falkenstein\/#primaryimage"},"thumbnailUrl":"https:\/\/www.ffpassau.de\/ilzstadt\/wp-content\/uploads\/sites\/3\/2020\/03\/Vereinsausflug-auf-den-gro\u00dfen-Falkenstein.jpg","datePublished":"2013-12-13T15:00:16+00:00","dateModified":"2020-03-22T19:00:23+00:00","breadcrumb":{"@id":"https:\/\/www.ffpassau.de\/ilzstadt\/2013\/12\/13\/vereinsausflug-auf-den-grossen-falkenstein\/#breadcrumb"},"inLanguage":"de","potentialAction":[{"@type":"ReadAction","target":["https:\/\/www.ffpassau.de\/ilzstadt\/2013\/12\/13\/vereinsausflug-auf-den-grossen-falkenstein\/"]}]},{"@type":"ImageObject","inLanguage":"de","@id":"https:\/\/www.ffpassau.de\/ilzstadt\/2013\/12\/13\/vereinsausflug-auf-den-grossen-falkenstein\/#primaryimage","url":"https:\/\/www.ffpassau.de\/ilzstadt\/wp-content\/uploads\/sites\/3\/2020\/03\/Vereinsausflug-auf-den-gro\u00dfen-Falkenstein.jpg","contentUrl":"https:\/\/www.ffpassau.de\/ilzstadt\/wp-content\/uploads\/sites\/3\/2020\/03\/Vereinsausflug-auf-den-gro\u00dfen-Falkenstein.jpg","width":345,"height":480},{"@type":"BreadcrumbList","@id":"https:\/\/www.ffpassau.de\/ilzstadt\/2013\/12\/13\/vereinsausflug-auf-den-grossen-falkenstein\/#breadcrumb","itemListElement":[{"@type":"ListItem","position":1,"name":"Startseite","item":"https:\/\/www.ffpassau.de\/ilzstadt\/"},{"@type":"ListItem","position":2,"name":"Vereinsausflug auf den gro\u00dfen Falkenstein"}]},{"@type":"WebSite","@id":"https:\/\/www.ffpassau.de\/ilzstadt\/#website","url":"https:\/\/www.ffpassau.de\/ilzstadt\/","name":"Feuerwehr Passau - L\u00f6schzug Ilztadt","description":"","publisher":{"@id":"https:\/\/www.ffpassau.de\/ilzstadt\/#organization"},"potentialAction":[{"@type":"SearchAction","target":{"@type":"EntryPoint","urlTemplate":"https:\/\/www.ffpassau.de\/ilzstadt\/?s={search_term_string}"},"query-input":{"@type":"PropertyValueSpecification","valueRequired":true,"valueName":"search_term_string"}}],"inLanguage":"de"},{"@type":"Organization","@id":"https:\/\/www.ffpassau.de\/ilzstadt\/#organization","name":"Feuerwehr Passau - L\u00f6schzug Ilztadt","url":"https:\/\/www.ffpassau.de\/ilzstadt\/","logo":{"@type":"ImageObject","inLanguage":"de","@id":"https:\/\/www.ffpassau.de\/ilzstadt\/#\/schema\/logo\/image\/","url":"https:\/\/www.ffpassau.de\/ilzstadt\/wp-content\/uploads\/sites\/3\/2020\/02\/lz_ilzstadt_logo.svg","contentUrl":"https:\/\/www.ffpassau.de\/ilzstadt\/wp-content\/uploads\/sites\/3\/2020\/02\/lz_ilzstadt_logo.svg","width":1,"height":1,"caption":"Feuerwehr Passau - L\u00f6schzug Ilztadt"},"image":{"@id":"https:\/\/www.ffpassau.de\/ilzstadt\/#\/schema\/logo\/image\/"}},{"@type":"Person","@id":"","url":"https:\/\/www.ffpassau.de\/ilzstadt\/author\/"}]}},"_links":{"self":[{"href":"https:\/\/www.ffpassau.de\/ilzstadt\/wp-json\/wp\/v2\/posts\/293","targetHints":{"allow":["GET"]}}],"collection":[{"href":"https:\/\/www.ffpassau.de\/ilzstadt\/wp-json\/wp\/v2\/posts"}],"about":[{"href":"https:\/\/www.ffpassau.de\/ilzstadt\/wp-json\/wp\/v2\/types\/post"}],"author":[{"embeddable":true,"href":"https:\/\/www.ffpassau.de\/ilzstadt\/wp-json\/wp\/v2\/users\/22"}],"replies":[{"embeddable":true,"href":"https:\/\/www.ffpassau.de\/ilzstadt\/wp-json\/wp\/v2\/comments?post=293"}],"version-history":[{"count":1,"href":"https:\/\/www.ffpassau.de\/ilzstadt\/wp-json\/wp\/v2\/posts\/293\/revisions"}],"predecessor-version":[{"id":295,"href":"https:\/\/www.ffpassau.de\/ilzstadt\/wp-json\/wp\/v2\/posts\/293\/revisions\/295"}],"wp:featuredmedia":[{"embeddable":true,"href":"https:\/\/www.ffpassau.de\/ilzstadt\/wp-json\/wp\/v2\/media\/294"}],"wp:attachment":[{"href":"https:\/\/www.ffpassau.de\/ilzstadt\/wp-json\/wp\/v2\/media?parent=293"}],"wp:term":[{"taxonomy":"category","embeddable":true,"href":"https:\/\/www.ffpassau.de\/ilzstadt\/wp-json\/wp\/v2\/categories?post=293"},{"taxonomy":"post_tag","embeddable":true,"href":"https:\/\/www.ffpassau.de\/ilzstadt\/wp-json\/wp\/v2\/tags?post=293"}],"curies":[{"name":"wp","href":"https:\/\/api.w.org\/{rel}","templated":true}]}}