{"id":296,"date":"2013-12-12T16:01:53","date_gmt":"2013-12-12T15:01:53","guid":{"rendered":"https:\/\/www.ffpassau.de\/ilzstadt\/?p=296"},"modified":"2020-03-22T20:01:05","modified_gmt":"2020-03-22T19:01:05","slug":"johannesbad-unterstuetzt-fluthelfer","status":"publish","type":"post","link":"https:\/\/www.ffpassau.de\/ilzstadt\/2013\/12\/12\/johannesbad-unterstuetzt-fluthelfer\/","title":{"rendered":"Johannesbad unterst\u00fctzt Fluthelfer"},"content":{"rendered":"<p>Die Therme Johannesbad in Bad F\u00fcssing hat die im Hochwasser eingesetzten Freiwilligen Feuerwehren zu einem Badeaufenthalt mit Brotzeit eingeladen. So machte sich eine Gruppe des L\u00f6schzugs Ilzstadt der Feuerwehr Passau dorthin auf den Weg. Neben der Erholung im 42\u00b0C warmen Vulkanbad gab es nat\u00fcrlich auch spa\u00df und Action im Wellenbad, so dass f\u00fcr alle was dabei war. Abgerundet wurde der Besuch durch eine Brotzeit im Thermen-Restaurant. Zum Abschluss bedankte sich die Vorsitzende Marina Nowak noch f\u00fcr die \u00e4u\u00dferst gelungene Rundumeinladung und die Gruppe machte sich, gest\u00e4rkt f\u00fcr neue Aufgaben, wieder auf den Weg nach Hause.<\/p>\n","protected":false},"excerpt":{"rendered":"<p>Die Therme Johannesbad in Bad F\u00fcssing hat die im Hochwasser eingesetzten Freiwilligen Feuerwehren zu einem Badeaufenthalt mit Brotzeit eingeladen. So machte sich eine Gruppe des L\u00f6schzugs Ilzstadt der Feuerwehr Passau dorthin auf den Weg. Neben der Erholung im 42\u00b0C warmen Vulkanbad gab es nat\u00fcrlich auch spa\u00df und Action im Wellenbad, so dass f\u00fcr alle was dabei war. Abgerundet wurde der Besuch durch eine Brotzeit im Thermen-Restaurant. Zum Abschluss bedankte sich die Vorsitzende Marina Nowak noch f\u00fcr die \u00e4u\u00dferst gelungene Rundumeinladung und die Gruppe machte sich, gest\u00e4rkt f\u00fcr neue Aufgaben, wieder auf den Weg nach Hause.<\/p>\n","protected":false},"author":22,"featured_media":297,"comment_status":"open","ping_status":"open","sticky":false,"template":"","format":"standard","meta":{"footnotes":""},"categories":[1,7],"tags":[],"class_list":["post-296","post","type-post","status-publish","format-standard","has-post-thumbnail","hentry","category-allgemein","category-news"],"yoast_head":"<!-- This site is optimized with the Yoast SEO plugin v24.3 - https:\/\/yoast.com\/wordpress\/plugins\/seo\/ -->\n<title>Johannesbad unterst\u00fctzt Fluthelfer - Feuerwehr Passau - L\u00f6schzug Ilzstadt<\/title>\n<meta name=\"robots\" content=\"index, follow, max-snippet:-1, max-image-preview:large, max-video-preview:-1\" \/>\n<link rel=\"canonical\" href=\"https:\/\/www.ffpassau.de\/ilzstadt\/2013\/12\/12\/johannesbad-unterstuetzt-fluthelfer\/\" \/>\n<meta property=\"og:locale\" content=\"de_DE\" \/>\n<meta property=\"og:type\" content=\"article\" \/>\n<meta property=\"og:title\" content=\"Johannesbad unterst\u00fctzt Fluthelfer - Feuerwehr Passau - L\u00f6schzug Ilzstadt\" \/>\n<meta property=\"og:description\" content=\"Die Therme Johannesbad in Bad F\u00fcssing hat die im Hochwasser eingesetzten Freiwilligen Feuerwehren zu einem Badeaufenthalt mit Brotzeit eingeladen. So machte sich eine Gruppe des L\u00f6schzugs Ilzstadt der Feuerwehr Passau dorthin auf den Weg. Neben der Erholung im 42\u00b0C warmen Vulkanbad gab es nat\u00fcrlich auch spa\u00df und Action im Wellenbad, so dass f\u00fcr alle was dabei war. Abgerundet wurde der Besuch durch eine Brotzeit im Thermen-Restaurant. Zum Abschluss bedankte sich die Vorsitzende Marina Nowak noch f\u00fcr die \u00e4u\u00dferst gelungene Rundumeinladung und die Gruppe machte sich, gest\u00e4rkt f\u00fcr neue Aufgaben, wieder auf den Weg nach Hause.\" \/>\n<meta property=\"og:url\" content=\"https:\/\/www.ffpassau.de\/ilzstadt\/2013\/12\/12\/johannesbad-unterstuetzt-fluthelfer\/\" \/>\n<meta property=\"og:site_name\" content=\"Feuerwehr Passau - L\u00f6schzug Ilzstadt\" \/>\n<meta property=\"article:published_time\" content=\"2013-12-12T15:01:53+00:00\" \/>\n<meta property=\"article:modified_time\" content=\"2020-03-22T19:01:05+00:00\" \/>\n<meta property=\"og:image\" content=\"https:\/\/www.ffpassau.de\/ilzstadt\/wp-content\/uploads\/sites\/3\/2020\/03\/Johannesbad-unterst\u00fctzt-Fluthelfer.jpg\" \/>\n\t<meta property=\"og:image:width\" content=\"640\" \/>\n\t<meta property=\"og:image:height\" content=\"480\" \/>\n\t<meta property=\"og:image:type\" content=\"image\/jpeg\" \/>\n<meta name=\"twitter:card\" content=\"summary_large_image\" \/>\n<meta name=\"twitter:label1\" content=\"Verfasst von\" \/>\n\t<meta name=\"twitter:data1\" content=\"\" \/>\n\t<meta name=\"twitter:label2\" content=\"Gesch\u00e4tzte Lesezeit\" \/>\n\t<meta name=\"twitter:data2\" content=\"1\u00a0Minute\" \/>\n<script type=\"application\/ld+json\" class=\"yoast-schema-graph\">{\"@context\":\"https:\/\/schema.org\",\"@graph\":[{\"@type\":\"Article\",\"@id\":\"https:\/\/www.ffpassau.de\/ilzstadt\/2013\/12\/12\/johannesbad-unterstuetzt-fluthelfer\/#article\",\"isPartOf\":{\"@id\":\"https:\/\/www.ffpassau.de\/ilzstadt\/2013\/12\/12\/johannesbad-unterstuetzt-fluthelfer\/\"},\"author\":{\"name\":\"\",\"@id\":\"\"},\"headline\":\"Johannesbad unterst\u00fctzt Fluthelfer\",\"datePublished\":\"2013-12-12T15:01:53+00:00\",\"dateModified\":\"2020-03-22T19:01:05+00:00\",\"mainEntityOfPage\":{\"@id\":\"https:\/\/www.ffpassau.de\/ilzstadt\/2013\/12\/12\/johannesbad-unterstuetzt-fluthelfer\/\"},\"wordCount\":107,\"commentCount\":0,\"publisher\":{\"@id\":\"https:\/\/www.ffpassau.de\/ilzstadt\/#organization\"},\"image\":{\"@id\":\"https:\/\/www.ffpassau.de\/ilzstadt\/2013\/12\/12\/johannesbad-unterstuetzt-fluthelfer\/#primaryimage\"},\"thumbnailUrl\":\"https:\/\/www.ffpassau.de\/ilzstadt\/wp-content\/uploads\/sites\/3\/2020\/03\/Johannesbad-unterst\u00fctzt-Fluthelfer.jpg\",\"articleSection\":{\"1\":\"News\"},\"inLanguage\":\"de\",\"potentialAction\":[{\"@type\":\"CommentAction\",\"name\":\"Comment\",\"target\":[\"https:\/\/www.ffpassau.de\/ilzstadt\/2013\/12\/12\/johannesbad-unterstuetzt-fluthelfer\/#respond\"]}]},{\"@type\":\"WebPage\",\"@id\":\"https:\/\/www.ffpassau.de\/ilzstadt\/2013\/12\/12\/johannesbad-unterstuetzt-fluthelfer\/\",\"url\":\"https:\/\/www.ffpassau.de\/ilzstadt\/2013\/12\/12\/johannesbad-unterstuetzt-fluthelfer\/\",\"name\":\"Johannesbad unterst\u00fctzt Fluthelfer - Feuerwehr Passau - L\u00f6schzug Ilzstadt\",\"isPartOf\":{\"@id\":\"https:\/\/www.ffpassau.de\/ilzstadt\/#website\"},\"primaryImageOfPage\":{\"@id\":\"https:\/\/www.ffpassau.de\/ilzstadt\/2013\/12\/12\/johannesbad-unterstuetzt-fluthelfer\/#primaryimage\"},\"image\":{\"@id\":\"https:\/\/www.ffpassau.de\/ilzstadt\/2013\/12\/12\/johannesbad-unterstuetzt-fluthelfer\/#primaryimage\"},\"thumbnailUrl\":\"https:\/\/www.ffpassau.de\/ilzstadt\/wp-content\/uploads\/sites\/3\/2020\/03\/Johannesbad-unterst\u00fctzt-Fluthelfer.jpg\",\"datePublished\":\"2013-12-12T15:01:53+00:00\",\"dateModified\":\"2020-03-22T19:01:05+00:00\",\"breadcrumb\":{\"@id\":\"https:\/\/www.ffpassau.de\/ilzstadt\/2013\/12\/12\/johannesbad-unterstuetzt-fluthelfer\/#breadcrumb\"},\"inLanguage\":\"de\",\"potentialAction\":[{\"@type\":\"ReadAction\",\"target\":[\"https:\/\/www.ffpassau.de\/ilzstadt\/2013\/12\/12\/johannesbad-unterstuetzt-fluthelfer\/\"]}]},{\"@type\":\"ImageObject\",\"inLanguage\":\"de\",\"@id\":\"https:\/\/www.ffpassau.de\/ilzstadt\/2013\/12\/12\/johannesbad-unterstuetzt-fluthelfer\/#primaryimage\",\"url\":\"https:\/\/www.ffpassau.de\/ilzstadt\/wp-content\/uploads\/sites\/3\/2020\/03\/Johannesbad-unterst\u00fctzt-Fluthelfer.jpg\",\"contentUrl\":\"https:\/\/www.ffpassau.de\/ilzstadt\/wp-content\/uploads\/sites\/3\/2020\/03\/Johannesbad-unterst\u00fctzt-Fluthelfer.jpg\",\"width\":640,\"height\":480},{\"@type\":\"BreadcrumbList\",\"@id\":\"https:\/\/www.ffpassau.de\/ilzstadt\/2013\/12\/12\/johannesbad-unterstuetzt-fluthelfer\/#breadcrumb\",\"itemListElement\":[{\"@type\":\"ListItem\",\"position\":1,\"name\":\"Startseite\",\"item\":\"https:\/\/www.ffpassau.de\/ilzstadt\/\"},{\"@type\":\"ListItem\",\"position\":2,\"name\":\"Johannesbad unterst\u00fctzt Fluthelfer\"}]},{\"@type\":\"WebSite\",\"@id\":\"https:\/\/www.ffpassau.de\/ilzstadt\/#website\",\"url\":\"https:\/\/www.ffpassau.de\/ilzstadt\/\",\"name\":\"Feuerwehr Passau - L\u00f6schzug Ilztadt\",\"description\":\"\",\"publisher\":{\"@id\":\"https:\/\/www.ffpassau.de\/ilzstadt\/#organization\"},\"potentialAction\":[{\"@type\":\"SearchAction\",\"target\":{\"@type\":\"EntryPoint\",\"urlTemplate\":\"https:\/\/www.ffpassau.de\/ilzstadt\/?s={search_term_string}\"},\"query-input\":{\"@type\":\"PropertyValueSpecification\",\"valueRequired\":true,\"valueName\":\"search_term_string\"}}],\"inLanguage\":\"de\"},{\"@type\":\"Organization\",\"@id\":\"https:\/\/www.ffpassau.de\/ilzstadt\/#organization\",\"name\":\"Feuerwehr Passau - L\u00f6schzug Ilztadt\",\"url\":\"https:\/\/www.ffpassau.de\/ilzstadt\/\",\"logo\":{\"@type\":\"ImageObject\",\"inLanguage\":\"de\",\"@id\":\"https:\/\/www.ffpassau.de\/ilzstadt\/#\/schema\/logo\/image\/\",\"url\":\"https:\/\/www.ffpassau.de\/ilzstadt\/wp-content\/uploads\/sites\/3\/2020\/02\/lz_ilzstadt_logo.svg\",\"contentUrl\":\"https:\/\/www.ffpassau.de\/ilzstadt\/wp-content\/uploads\/sites\/3\/2020\/02\/lz_ilzstadt_logo.svg\",\"width\":1,\"height\":1,\"caption\":\"Feuerwehr Passau - L\u00f6schzug Ilztadt\"},\"image\":{\"@id\":\"https:\/\/www.ffpassau.de\/ilzstadt\/#\/schema\/logo\/image\/\"}},{\"@type\":\"Person\",\"@id\":\"\",\"url\":\"https:\/\/www.ffpassau.de\/ilzstadt\/author\/\"}]}<\/script>\n<!-- \/ Yoast SEO plugin. -->","yoast_head_json":{"title":"Johannesbad unterst\u00fctzt Fluthelfer - Feuerwehr Passau - L\u00f6schzug Ilzstadt","robots":{"index":"index","follow":"follow","max-snippet":"max-snippet:-1","max-image-preview":"max-image-preview:large","max-video-preview":"max-video-preview:-1"},"canonical":"https:\/\/www.ffpassau.de\/ilzstadt\/2013\/12\/12\/johannesbad-unterstuetzt-fluthelfer\/","og_locale":"de_DE","og_type":"article","og_title":"Johannesbad unterst\u00fctzt Fluthelfer - Feuerwehr Passau - L\u00f6schzug Ilzstadt","og_description":"Die Therme Johannesbad in Bad F\u00fcssing hat die im Hochwasser eingesetzten Freiwilligen Feuerwehren zu einem Badeaufenthalt mit Brotzeit eingeladen. So machte sich eine Gruppe des L\u00f6schzugs Ilzstadt der Feuerwehr Passau dorthin auf den Weg. Neben der Erholung im 42\u00b0C warmen Vulkanbad gab es nat\u00fcrlich auch spa\u00df und Action im Wellenbad, so dass f\u00fcr alle was dabei war. Abgerundet wurde der Besuch durch eine Brotzeit im Thermen-Restaurant. Zum Abschluss bedankte sich die Vorsitzende Marina Nowak noch f\u00fcr die \u00e4u\u00dferst gelungene Rundumeinladung und die Gruppe machte sich, gest\u00e4rkt f\u00fcr neue Aufgaben, wieder auf den Weg nach Hause.","og_url":"https:\/\/www.ffpassau.de\/ilzstadt\/2013\/12\/12\/johannesbad-unterstuetzt-fluthelfer\/","og_site_name":"Feuerwehr Passau - L\u00f6schzug Ilzstadt","article_published_time":"2013-12-12T15:01:53+00:00","article_modified_time":"2020-03-22T19:01:05+00:00","og_image":[{"width":640,"height":480,"url":"https:\/\/www.ffpassau.de\/ilzstadt\/wp-content\/uploads\/sites\/3\/2020\/03\/Johannesbad-unterst\u00fctzt-Fluthelfer.jpg","type":"image\/jpeg"}],"twitter_card":"summary_large_image","twitter_misc":{"Verfasst von":"","Gesch\u00e4tzte Lesezeit":"1\u00a0Minute"},"schema":{"@context":"https:\/\/schema.org","@graph":[{"@type":"Article","@id":"https:\/\/www.ffpassau.de\/ilzstadt\/2013\/12\/12\/johannesbad-unterstuetzt-fluthelfer\/#article","isPartOf":{"@id":"https:\/\/www.ffpassau.de\/ilzstadt\/2013\/12\/12\/johannesbad-unterstuetzt-fluthelfer\/"},"author":{"name":"","@id":""},"headline":"Johannesbad unterst\u00fctzt Fluthelfer","datePublished":"2013-12-12T15:01:53+00:00","dateModified":"2020-03-22T19:01:05+00:00","mainEntityOfPage":{"@id":"https:\/\/www.ffpassau.de\/ilzstadt\/2013\/12\/12\/johannesbad-unterstuetzt-fluthelfer\/"},"wordCount":107,"commentCount":0,"publisher":{"@id":"https:\/\/www.ffpassau.de\/ilzstadt\/#organization"},"image":{"@id":"https:\/\/www.ffpassau.de\/ilzstadt\/2013\/12\/12\/johannesbad-unterstuetzt-fluthelfer\/#primaryimage"},"thumbnailUrl":"https:\/\/www.ffpassau.de\/ilzstadt\/wp-content\/uploads\/sites\/3\/2020\/03\/Johannesbad-unterst\u00fctzt-Fluthelfer.jpg","articleSection":{"1":"News"},"inLanguage":"de","potentialAction":[{"@type":"CommentAction","name":"Comment","target":["https:\/\/www.ffpassau.de\/ilzstadt\/2013\/12\/12\/johannesbad-unterstuetzt-fluthelfer\/#respond"]}]},{"@type":"WebPage","@id":"https:\/\/www.ffpassau.de\/ilzstadt\/2013\/12\/12\/johannesbad-unterstuetzt-fluthelfer\/","url":"https:\/\/www.ffpassau.de\/ilzstadt\/2013\/12\/12\/johannesbad-unterstuetzt-fluthelfer\/","name":"Johannesbad unterst\u00fctzt Fluthelfer - Feuerwehr Passau - L\u00f6schzug Ilzstadt","isPartOf":{"@id":"https:\/\/www.ffpassau.de\/ilzstadt\/#website"},"primaryImageOfPage":{"@id":"https:\/\/www.ffpassau.de\/ilzstadt\/2013\/12\/12\/johannesbad-unterstuetzt-fluthelfer\/#primaryimage"},"image":{"@id":"https:\/\/www.ffpassau.de\/ilzstadt\/2013\/12\/12\/johannesbad-unterstuetzt-fluthelfer\/#primaryimage"},"thumbnailUrl":"https:\/\/www.ffpassau.de\/ilzstadt\/wp-content\/uploads\/sites\/3\/2020\/03\/Johannesbad-unterst\u00fctzt-Fluthelfer.jpg","datePublished":"2013-12-12T15:01:53+00:00","dateModified":"2020-03-22T19:01:05+00:00","breadcrumb":{"@id":"https:\/\/www.ffpassau.de\/ilzstadt\/2013\/12\/12\/johannesbad-unterstuetzt-fluthelfer\/#breadcrumb"},"inLanguage":"de","potentialAction":[{"@type":"ReadAction","target":["https:\/\/www.ffpassau.de\/ilzstadt\/2013\/12\/12\/johannesbad-unterstuetzt-fluthelfer\/"]}]},{"@type":"ImageObject","inLanguage":"de","@id":"https:\/\/www.ffpassau.de\/ilzstadt\/2013\/12\/12\/johannesbad-unterstuetzt-fluthelfer\/#primaryimage","url":"https:\/\/www.ffpassau.de\/ilzstadt\/wp-content\/uploads\/sites\/3\/2020\/03\/Johannesbad-unterst\u00fctzt-Fluthelfer.jpg","contentUrl":"https:\/\/www.ffpassau.de\/ilzstadt\/wp-content\/uploads\/sites\/3\/2020\/03\/Johannesbad-unterst\u00fctzt-Fluthelfer.jpg","width":640,"height":480},{"@type":"BreadcrumbList","@id":"https:\/\/www.ffpassau.de\/ilzstadt\/2013\/12\/12\/johannesbad-unterstuetzt-fluthelfer\/#breadcrumb","itemListElement":[{"@type":"ListItem","position":1,"name":"Startseite","item":"https:\/\/www.ffpassau.de\/ilzstadt\/"},{"@type":"ListItem","position":2,"name":"Johannesbad unterst\u00fctzt Fluthelfer"}]},{"@type":"WebSite","@id":"https:\/\/www.ffpassau.de\/ilzstadt\/#website","url":"https:\/\/www.ffpassau.de\/ilzstadt\/","name":"Feuerwehr Passau - L\u00f6schzug Ilztadt","description":"","publisher":{"@id":"https:\/\/www.ffpassau.de\/ilzstadt\/#organization"},"potentialAction":[{"@type":"SearchAction","target":{"@type":"EntryPoint","urlTemplate":"https:\/\/www.ffpassau.de\/ilzstadt\/?s={search_term_string}"},"query-input":{"@type":"PropertyValueSpecification","valueRequired":true,"valueName":"search_term_string"}}],"inLanguage":"de"},{"@type":"Organization","@id":"https:\/\/www.ffpassau.de\/ilzstadt\/#organization","name":"Feuerwehr Passau - L\u00f6schzug Ilztadt","url":"https:\/\/www.ffpassau.de\/ilzstadt\/","logo":{"@type":"ImageObject","inLanguage":"de","@id":"https:\/\/www.ffpassau.de\/ilzstadt\/#\/schema\/logo\/image\/","url":"https:\/\/www.ffpassau.de\/ilzstadt\/wp-content\/uploads\/sites\/3\/2020\/02\/lz_ilzstadt_logo.svg","contentUrl":"https:\/\/www.ffpassau.de\/ilzstadt\/wp-content\/uploads\/sites\/3\/2020\/02\/lz_ilzstadt_logo.svg","width":1,"height":1,"caption":"Feuerwehr Passau - L\u00f6schzug Ilztadt"},"image":{"@id":"https:\/\/www.ffpassau.de\/ilzstadt\/#\/schema\/logo\/image\/"}},{"@type":"Person","@id":"","url":"https:\/\/www.ffpassau.de\/ilzstadt\/author\/"}]}},"_links":{"self":[{"href":"https:\/\/www.ffpassau.de\/ilzstadt\/wp-json\/wp\/v2\/posts\/296","targetHints":{"allow":["GET"]}}],"collection":[{"href":"https:\/\/www.ffpassau.de\/ilzstadt\/wp-json\/wp\/v2\/posts"}],"about":[{"href":"https:\/\/www.ffpassau.de\/ilzstadt\/wp-json\/wp\/v2\/types\/post"}],"author":[{"embeddable":true,"href":"https:\/\/www.ffpassau.de\/ilzstadt\/wp-json\/wp\/v2\/users\/22"}],"replies":[{"embeddable":true,"href":"https:\/\/www.ffpassau.de\/ilzstadt\/wp-json\/wp\/v2\/comments?post=296"}],"version-history":[{"count":1,"href":"https:\/\/www.ffpassau.de\/ilzstadt\/wp-json\/wp\/v2\/posts\/296\/revisions"}],"predecessor-version":[{"id":298,"href":"https:\/\/www.ffpassau.de\/ilzstadt\/wp-json\/wp\/v2\/posts\/296\/revisions\/298"}],"wp:featuredmedia":[{"embeddable":true,"href":"https:\/\/www.ffpassau.de\/ilzstadt\/wp-json\/wp\/v2\/media\/297"}],"wp:attachment":[{"href":"https:\/\/www.ffpassau.de\/ilzstadt\/wp-json\/wp\/v2\/media?parent=296"}],"wp:term":[{"taxonomy":"category","embeddable":true,"href":"https:\/\/www.ffpassau.de\/ilzstadt\/wp-json\/wp\/v2\/categories?post=296"},{"taxonomy":"post_tag","embeddable":true,"href":"https:\/\/www.ffpassau.de\/ilzstadt\/wp-json\/wp\/v2\/tags?post=296"}],"curies":[{"name":"wp","href":"https:\/\/api.w.org\/{rel}","templated":true}]}}