{"id":570,"date":"2022-03-13T17:48:17","date_gmt":"2022-03-13T16:48:17","guid":{"rendered":"https:\/\/www.ffpassau.de\/ilzstadt\/?p=570"},"modified":"2022-03-13T17:48:17","modified_gmt":"2022-03-13T16:48:17","slug":"loeschzug-ilzstadt-unter-neuer-fuehrung","status":"publish","type":"post","link":"https:\/\/www.ffpassau.de\/ilzstadt\/2022\/03\/13\/loeschzug-ilzstadt-unter-neuer-fuehrung\/","title":{"rendered":"L\u00f6schzug Ilzstadt unter neuer F\u00fchrung"},"content":{"rendered":"<div class=\"cxmmr5t8 oygrvhab hcukyx3x c1et5uql o9v6fnle ii04i59q\">\n<div dir=\"auto\">Bei der ersten hybriden Jahreshauptversammlung des L\u00f6schzugs Ilzstadt durfte der Vereinsvorsitzende Andreas H\u00fchn neben einer Vielzahl von aktiven Mitgliedern auch Oberb\u00fcrgermeister J\u00fcrgen Dupper, MdL Oskar Atzinger und die Stadtr\u00e4te Stefanie Auer, Siegfried Kapfer und Martin Burkert begr\u00fc\u00dfen. Von Seiten der Feuerwehr waren zudem Stadtbrandrat Andreas Dittlmann, Ehrenstadtbrandmeister Ludwig Kapfhammer und die Zugf\u00fchrer Toni Rang, Manfred Fasching, Markus Kornexl des L\u00f6schzuges Hauptwache und Zugf\u00fchrer Thomas Pratsch vom L\u00f6schzug Innstadt anwesend.<\/div>\n<\/div>\n<div class=\"cxmmr5t8 oygrvhab hcukyx3x c1et5uql o9v6fnle ii04i59q\">\n<div dir=\"auto\">Im R\u00fcckblick des Vorsitzenden lie\u00df man die Vereinsveranstaltungen nochmals Revue passieren, die allerdings auf Grund der Pandemie weniger waren und nur im kleinen Rahmen stattfinden konnten. Positiv war jedoch die Mitgliederentwicklung mit einer Steigerung auf 41 Aktive und 128 Vereinsmitglieder sowie der Kassenstand &#8211; beides litt nicht unter der Pandemie. Der Verein bedankt sich in diesem Rahmen nochmals herzlichst f\u00fcr alle Spenden in den letzten beiden Jahren.<\/div>\n<\/div>\n<div class=\"cxmmr5t8 oygrvhab hcukyx3x c1et5uql o9v6fnle ii04i59q\">\n<div dir=\"auto\">Zugf\u00fchrer Florian Emmer konnte bei seinem Bericht auf 88 Eins\u00e4tze im Jahr 2020 und 113 Eins\u00e4tze im Jahr 2021 zur\u00fcckblicken. Besonders erw\u00e4hnenswert war dabei die Rettung von zwei Schlauchbootfahrern w\u00e4hrend des Hochwassers, das Fluten eines Kellers mit Schaum bei einem Brandeinsatz in Grubweg und die zunehmenden Verkehrsunf\u00e4lle am Anger. Aber nat\u00fcrlich waren die Ilzer im letzten Jahr auch immer bei Hochwassereins\u00e4tzen und Sturmschaden zur Stelle. W\u00e4hrend des vergangenen Jahres wurde der Focus verst\u00e4rkt auf die Grundausbildung der neu eingetretenen Kameraden gelegt und so konnten diese im Herbst dann in den Einsatzdienst \u00fcbernommen werden. Leider musste die Kassiererin Kathrin Klenk, die Atemschutzbeauftragten Caroline Seibl und der stv. Zugf\u00fchrer David Stockbauer-Muhr wegen Umzugs aus dem 2. L\u00f6schzug verabschiedet werden.<\/div>\n<\/div>\n<div class=\"cxmmr5t8 oygrvhab hcukyx3x c1et5uql o9v6fnle ii04i59q\">\n<div dir=\"auto\">Einer der Hauptpunkte der Tagesordnung waren die Neuwahlen von Zugf\u00fchrung und Vereinsvorstandschaft: Nachdem die Amtsinhaber nicht mehr kandidierten, wurde Andreas H\u00fchn zum Zugf\u00fchrer und Christopher Craxton zu seinem Stellvertreter gew\u00e4hlt. Den Verein f\u00fchrt zuk\u00fcnftig Marina Probst und wird vertreten von Manfred Nowak. Um die Kasse wird sich in Zukunft Alexander Breitenfellner k\u00fcmmern. Max Entfellner wurde zum Schriftf\u00fchrer gew\u00e4hlt. Des Weiteren wurden Anna-Lena Warncke und Zacharias Zanella als Beisitzer sowie Dorina Spannbauer und Kathrin Klenk als Kassenpr\u00fcfer eingesetzt.<\/div>\n<\/div>\n<div class=\"cxmmr5t8 oygrvhab hcukyx3x c1et5uql o9v6fnle ii04i59q\">\n<div dir=\"auto\">Ein Highlight der Versammlung war die Ehrung von Erwin Schreib jun. Neben seinen 45 Dienstjahren bei der Feuerwehr machte er sich auch mit seinem gro\u00dfen Engagement im Vereinsleben verdient. Ihm wurde die Ehrenmitgliedsurkunde \u00fcberreicht.<\/div>\n<\/div>\n<div class=\"cxmmr5t8 oygrvhab hcukyx3x c1et5uql o9v6fnle ii04i59q\">\n<div dir=\"auto\">In seinem Gru\u00dfwort gratulierte Oberb\u00fcrgermeister Dupper den neuen Amtsinhabern und dankte den Scheidenden. &#8222;Das kommende Jahr wird das Jahr der Ilzer Feuerwehr&#8220;, gab er in Anspielung auf den Ger\u00e4tehausanbau durch die WGP sowie die Anschaffung eines Kleinalarmfahrzeugs Pumpe und eines Mannschaftstransportwagen durch die Stadt zum Besten. &#8222;Leider konnte die Bootsgarage nicht verwirklicht werden &#8211; gemeinsam mit der Stadtbrandinspektion werden wir aber an einer deutlichen Verbesserung der Bootssituation in der Ilzstadt arbeiten. Das Geld, das f\u00fcr die Bootsgarage zur Verf\u00fcgung stand, ist noch immer verf\u00fcgbar&#8220;, tr\u00f6stete er die H\u00fcter seines Rathauses.<\/div>\n<\/div>\n<div class=\"cxmmr5t8 oygrvhab hcukyx3x c1et5uql o9v6fnle ii04i59q\">\n<div dir=\"auto\">Die Gru\u00dfworte des Stadtbrandrates Andreas Dittlmann sowie die des Vorsitzenden des Hauptvereins der Feuerwehr Passau waren ebenso voll des Lobes f\u00fcr den 2. L\u00f6schzug. &#8222;Sei es bei der Bew\u00e4ltigung der Corona-Pandemie oder auch jetzt wieder beim Massenzustrom aus der Ukraine, man kann sich auf die Ilzer Feuerwehrfrauen und -m\u00e4nner voll verlassen&#8220;, res\u00fcmierte Dittlmann.<\/div>\n<\/div>\n","protected":false},"excerpt":{"rendered":"<p>Bei der ersten hybriden Jahreshauptversammlung des L\u00f6schzugs Ilzstadt durfte der Vereinsvorsitzende Andreas H\u00fchn neben einer Vielzahl von aktiven Mitgliedern auch Oberb\u00fcrgermeister J\u00fcrgen Dupper, MdL Oskar Atzinger und die Stadtr\u00e4te Stefanie Auer, Siegfried Kapfer und Martin Burkert begr\u00fc\u00dfen. Von Seiten der Feuerwehr waren zudem Stadtbrandrat Andreas Dittlmann, Ehrenstadtbrandmeister Ludwig Kapfhammer und die Zugf\u00fchrer Toni Rang, Manfred Fasching, Markus Kornexl des L\u00f6schzuges Hauptwache und Zugf\u00fchrer Thomas Pratsch vom L\u00f6schzug Innstadt anwesend. Im R\u00fcckblick des Vorsitzenden lie\u00df man die Vereinsveranstaltungen nochmals Revue passieren, die allerdings auf Grund der Pandemie weniger waren und nur im kleinen Rahmen stattfinden konnten. Positiv war jedoch die Mitgliederentwicklung mit einer Steigerung auf 41 Aktive und 128 Vereinsmitglieder sowie der Kassenstand &#8211; beides litt nicht unter der Pandemie. Der Verein bedankt sich in diesem Rahmen nochmals herzlichst f\u00fcr alle Spenden in den letzten beiden Jahren. Zugf\u00fchrer Florian Emmer konnte [&hellip;]<\/p>\n","protected":false},"author":22,"featured_media":571,"comment_status":"open","ping_status":"open","sticky":false,"template":"","format":"standard","meta":{"footnotes":""},"categories":[1,7],"tags":[],"class_list":["post-570","post","type-post","status-publish","format-standard","has-post-thumbnail","hentry","category-allgemein","category-news"],"yoast_head":"<!-- This site is optimized with the Yoast SEO plugin v24.3 - https:\/\/yoast.com\/wordpress\/plugins\/seo\/ -->\n<title>L\u00f6schzug Ilzstadt unter neuer F\u00fchrung - Feuerwehr Passau - L\u00f6schzug Ilzstadt<\/title>\n<meta name=\"robots\" content=\"index, follow, max-snippet:-1, max-image-preview:large, max-video-preview:-1\" \/>\n<link rel=\"canonical\" href=\"https:\/\/www.ffpassau.de\/ilzstadt\/2022\/03\/13\/loeschzug-ilzstadt-unter-neuer-fuehrung\/\" \/>\n<meta property=\"og:locale\" content=\"de_DE\" \/>\n<meta property=\"og:type\" content=\"article\" \/>\n<meta property=\"og:title\" content=\"L\u00f6schzug Ilzstadt unter neuer F\u00fchrung - Feuerwehr Passau - L\u00f6schzug Ilzstadt\" \/>\n<meta property=\"og:description\" content=\"Bei der ersten hybriden Jahreshauptversammlung des L\u00f6schzugs Ilzstadt durfte der Vereinsvorsitzende Andreas H\u00fchn neben einer Vielzahl von aktiven Mitgliedern auch Oberb\u00fcrgermeister J\u00fcrgen Dupper, MdL Oskar Atzinger und die Stadtr\u00e4te Stefanie Auer, Siegfried Kapfer und Martin Burkert begr\u00fc\u00dfen. Von Seiten der Feuerwehr waren zudem Stadtbrandrat Andreas Dittlmann, Ehrenstadtbrandmeister Ludwig Kapfhammer und die Zugf\u00fchrer Toni Rang, Manfred Fasching, Markus Kornexl des L\u00f6schzuges Hauptwache und Zugf\u00fchrer Thomas Pratsch vom L\u00f6schzug Innstadt anwesend. Im R\u00fcckblick des Vorsitzenden lie\u00df man die Vereinsveranstaltungen nochmals Revue passieren, die allerdings auf Grund der Pandemie weniger waren und nur im kleinen Rahmen stattfinden konnten. Positiv war jedoch die Mitgliederentwicklung mit einer Steigerung auf 41 Aktive und 128 Vereinsmitglieder sowie der Kassenstand &#8211; beides litt nicht unter der Pandemie. Der Verein bedankt sich in diesem Rahmen nochmals herzlichst f\u00fcr alle Spenden in den letzten beiden Jahren. Zugf\u00fchrer Florian Emmer konnte [&hellip;]\" \/>\n<meta property=\"og:url\" content=\"https:\/\/www.ffpassau.de\/ilzstadt\/2022\/03\/13\/loeschzug-ilzstadt-unter-neuer-fuehrung\/\" \/>\n<meta property=\"og:site_name\" content=\"Feuerwehr Passau - L\u00f6schzug Ilzstadt\" \/>\n<meta property=\"article:published_time\" content=\"2022-03-13T16:48:17+00:00\" \/>\n<meta property=\"og:image\" content=\"https:\/\/www.ffpassau.de\/ilzstadt\/wp-content\/uploads\/sites\/3\/2022\/03\/Screenshot-2022-03-13-174342.png\" \/>\n\t<meta property=\"og:image:width\" content=\"1439\" \/>\n\t<meta property=\"og:image:height\" content=\"820\" \/>\n\t<meta property=\"og:image:type\" content=\"image\/png\" \/>\n<meta name=\"twitter:card\" content=\"summary_large_image\" \/>\n<meta name=\"twitter:label1\" content=\"Verfasst von\" \/>\n\t<meta name=\"twitter:data1\" content=\"\" \/>\n\t<meta name=\"twitter:label2\" content=\"Gesch\u00e4tzte Lesezeit\" \/>\n\t<meta name=\"twitter:data2\" content=\"3\u00a0Minuten\" \/>\n<script type=\"application\/ld+json\" class=\"yoast-schema-graph\">{\"@context\":\"https:\/\/schema.org\",\"@graph\":[{\"@type\":\"Article\",\"@id\":\"https:\/\/www.ffpassau.de\/ilzstadt\/2022\/03\/13\/loeschzug-ilzstadt-unter-neuer-fuehrung\/#article\",\"isPartOf\":{\"@id\":\"https:\/\/www.ffpassau.de\/ilzstadt\/2022\/03\/13\/loeschzug-ilzstadt-unter-neuer-fuehrung\/\"},\"author\":{\"name\":\"\",\"@id\":\"\"},\"headline\":\"L\u00f6schzug Ilzstadt unter neuer F\u00fchrung\",\"datePublished\":\"2022-03-13T16:48:17+00:00\",\"dateModified\":\"2022-03-13T16:48:17+00:00\",\"mainEntityOfPage\":{\"@id\":\"https:\/\/www.ffpassau.de\/ilzstadt\/2022\/03\/13\/loeschzug-ilzstadt-unter-neuer-fuehrung\/\"},\"wordCount\":555,\"commentCount\":0,\"publisher\":{\"@id\":\"https:\/\/www.ffpassau.de\/ilzstadt\/#organization\"},\"image\":{\"@id\":\"https:\/\/www.ffpassau.de\/ilzstadt\/2022\/03\/13\/loeschzug-ilzstadt-unter-neuer-fuehrung\/#primaryimage\"},\"thumbnailUrl\":\"https:\/\/www.ffpassau.de\/ilzstadt\/wp-content\/uploads\/sites\/3\/2022\/03\/Screenshot-2022-03-13-174342-e1679409594691.png\",\"articleSection\":{\"1\":\"News\"},\"inLanguage\":\"de\",\"potentialAction\":[{\"@type\":\"CommentAction\",\"name\":\"Comment\",\"target\":[\"https:\/\/www.ffpassau.de\/ilzstadt\/2022\/03\/13\/loeschzug-ilzstadt-unter-neuer-fuehrung\/#respond\"]}]},{\"@type\":\"WebPage\",\"@id\":\"https:\/\/www.ffpassau.de\/ilzstadt\/2022\/03\/13\/loeschzug-ilzstadt-unter-neuer-fuehrung\/\",\"url\":\"https:\/\/www.ffpassau.de\/ilzstadt\/2022\/03\/13\/loeschzug-ilzstadt-unter-neuer-fuehrung\/\",\"name\":\"L\u00f6schzug Ilzstadt unter neuer F\u00fchrung - Feuerwehr Passau - L\u00f6schzug Ilzstadt\",\"isPartOf\":{\"@id\":\"https:\/\/www.ffpassau.de\/ilzstadt\/#website\"},\"primaryImageOfPage\":{\"@id\":\"https:\/\/www.ffpassau.de\/ilzstadt\/2022\/03\/13\/loeschzug-ilzstadt-unter-neuer-fuehrung\/#primaryimage\"},\"image\":{\"@id\":\"https:\/\/www.ffpassau.de\/ilzstadt\/2022\/03\/13\/loeschzug-ilzstadt-unter-neuer-fuehrung\/#primaryimage\"},\"thumbnailUrl\":\"https:\/\/www.ffpassau.de\/ilzstadt\/wp-content\/uploads\/sites\/3\/2022\/03\/Screenshot-2022-03-13-174342-e1679409594691.png\",\"datePublished\":\"2022-03-13T16:48:17+00:00\",\"dateModified\":\"2022-03-13T16:48:17+00:00\",\"breadcrumb\":{\"@id\":\"https:\/\/www.ffpassau.de\/ilzstadt\/2022\/03\/13\/loeschzug-ilzstadt-unter-neuer-fuehrung\/#breadcrumb\"},\"inLanguage\":\"de\",\"potentialAction\":[{\"@type\":\"ReadAction\",\"target\":[\"https:\/\/www.ffpassau.de\/ilzstadt\/2022\/03\/13\/loeschzug-ilzstadt-unter-neuer-fuehrung\/\"]}]},{\"@type\":\"ImageObject\",\"inLanguage\":\"de\",\"@id\":\"https:\/\/www.ffpassau.de\/ilzstadt\/2022\/03\/13\/loeschzug-ilzstadt-unter-neuer-fuehrung\/#primaryimage\",\"url\":\"https:\/\/www.ffpassau.de\/ilzstadt\/wp-content\/uploads\/sites\/3\/2022\/03\/Screenshot-2022-03-13-174342-e1679409594691.png\",\"contentUrl\":\"https:\/\/www.ffpassau.de\/ilzstadt\/wp-content\/uploads\/sites\/3\/2022\/03\/Screenshot-2022-03-13-174342-e1679409594691.png\",\"width\":294,\"height\":323},{\"@type\":\"BreadcrumbList\",\"@id\":\"https:\/\/www.ffpassau.de\/ilzstadt\/2022\/03\/13\/loeschzug-ilzstadt-unter-neuer-fuehrung\/#breadcrumb\",\"itemListElement\":[{\"@type\":\"ListItem\",\"position\":1,\"name\":\"Startseite\",\"item\":\"https:\/\/www.ffpassau.de\/ilzstadt\/\"},{\"@type\":\"ListItem\",\"position\":2,\"name\":\"L\u00f6schzug Ilzstadt unter neuer F\u00fchrung\"}]},{\"@type\":\"WebSite\",\"@id\":\"https:\/\/www.ffpassau.de\/ilzstadt\/#website\",\"url\":\"https:\/\/www.ffpassau.de\/ilzstadt\/\",\"name\":\"Feuerwehr Passau - L\u00f6schzug Ilztadt\",\"description\":\"\",\"publisher\":{\"@id\":\"https:\/\/www.ffpassau.de\/ilzstadt\/#organization\"},\"potentialAction\":[{\"@type\":\"SearchAction\",\"target\":{\"@type\":\"EntryPoint\",\"urlTemplate\":\"https:\/\/www.ffpassau.de\/ilzstadt\/?s={search_term_string}\"},\"query-input\":{\"@type\":\"PropertyValueSpecification\",\"valueRequired\":true,\"valueName\":\"search_term_string\"}}],\"inLanguage\":\"de\"},{\"@type\":\"Organization\",\"@id\":\"https:\/\/www.ffpassau.de\/ilzstadt\/#organization\",\"name\":\"Feuerwehr Passau - L\u00f6schzug Ilztadt\",\"url\":\"https:\/\/www.ffpassau.de\/ilzstadt\/\",\"logo\":{\"@type\":\"ImageObject\",\"inLanguage\":\"de\",\"@id\":\"https:\/\/www.ffpassau.de\/ilzstadt\/#\/schema\/logo\/image\/\",\"url\":\"https:\/\/www.ffpassau.de\/ilzstadt\/wp-content\/uploads\/sites\/3\/2020\/02\/lz_ilzstadt_logo.svg\",\"contentUrl\":\"https:\/\/www.ffpassau.de\/ilzstadt\/wp-content\/uploads\/sites\/3\/2020\/02\/lz_ilzstadt_logo.svg\",\"width\":1,\"height\":1,\"caption\":\"Feuerwehr Passau - L\u00f6schzug Ilztadt\"},\"image\":{\"@id\":\"https:\/\/www.ffpassau.de\/ilzstadt\/#\/schema\/logo\/image\/\"}},{\"@type\":\"Person\",\"@id\":\"\",\"url\":\"https:\/\/www.ffpassau.de\/ilzstadt\/author\/\"}]}<\/script>\n<!-- \/ Yoast SEO plugin. -->","yoast_head_json":{"title":"L\u00f6schzug Ilzstadt unter neuer F\u00fchrung - Feuerwehr Passau - L\u00f6schzug Ilzstadt","robots":{"index":"index","follow":"follow","max-snippet":"max-snippet:-1","max-image-preview":"max-image-preview:large","max-video-preview":"max-video-preview:-1"},"canonical":"https:\/\/www.ffpassau.de\/ilzstadt\/2022\/03\/13\/loeschzug-ilzstadt-unter-neuer-fuehrung\/","og_locale":"de_DE","og_type":"article","og_title":"L\u00f6schzug Ilzstadt unter neuer F\u00fchrung - Feuerwehr Passau - L\u00f6schzug Ilzstadt","og_description":"Bei der ersten hybriden Jahreshauptversammlung des L\u00f6schzugs Ilzstadt durfte der Vereinsvorsitzende Andreas H\u00fchn neben einer Vielzahl von aktiven Mitgliedern auch Oberb\u00fcrgermeister J\u00fcrgen Dupper, MdL Oskar Atzinger und die Stadtr\u00e4te Stefanie Auer, Siegfried Kapfer und Martin Burkert begr\u00fc\u00dfen. Von Seiten der Feuerwehr waren zudem Stadtbrandrat Andreas Dittlmann, Ehrenstadtbrandmeister Ludwig Kapfhammer und die Zugf\u00fchrer Toni Rang, Manfred Fasching, Markus Kornexl des L\u00f6schzuges Hauptwache und Zugf\u00fchrer Thomas Pratsch vom L\u00f6schzug Innstadt anwesend. Im R\u00fcckblick des Vorsitzenden lie\u00df man die Vereinsveranstaltungen nochmals Revue passieren, die allerdings auf Grund der Pandemie weniger waren und nur im kleinen Rahmen stattfinden konnten. Positiv war jedoch die Mitgliederentwicklung mit einer Steigerung auf 41 Aktive und 128 Vereinsmitglieder sowie der Kassenstand &#8211; beides litt nicht unter der Pandemie. Der Verein bedankt sich in diesem Rahmen nochmals herzlichst f\u00fcr alle Spenden in den letzten beiden Jahren. Zugf\u00fchrer Florian Emmer konnte [&hellip;]","og_url":"https:\/\/www.ffpassau.de\/ilzstadt\/2022\/03\/13\/loeschzug-ilzstadt-unter-neuer-fuehrung\/","og_site_name":"Feuerwehr Passau - L\u00f6schzug Ilzstadt","article_published_time":"2022-03-13T16:48:17+00:00","og_image":[{"width":1439,"height":820,"url":"https:\/\/www.ffpassau.de\/ilzstadt\/wp-content\/uploads\/sites\/3\/2022\/03\/Screenshot-2022-03-13-174342.png","type":"image\/png"}],"twitter_card":"summary_large_image","twitter_misc":{"Verfasst von":"","Gesch\u00e4tzte Lesezeit":"3\u00a0Minuten"},"schema":{"@context":"https:\/\/schema.org","@graph":[{"@type":"Article","@id":"https:\/\/www.ffpassau.de\/ilzstadt\/2022\/03\/13\/loeschzug-ilzstadt-unter-neuer-fuehrung\/#article","isPartOf":{"@id":"https:\/\/www.ffpassau.de\/ilzstadt\/2022\/03\/13\/loeschzug-ilzstadt-unter-neuer-fuehrung\/"},"author":{"name":"","@id":""},"headline":"L\u00f6schzug Ilzstadt unter neuer F\u00fchrung","datePublished":"2022-03-13T16:48:17+00:00","dateModified":"2022-03-13T16:48:17+00:00","mainEntityOfPage":{"@id":"https:\/\/www.ffpassau.de\/ilzstadt\/2022\/03\/13\/loeschzug-ilzstadt-unter-neuer-fuehrung\/"},"wordCount":555,"commentCount":0,"publisher":{"@id":"https:\/\/www.ffpassau.de\/ilzstadt\/#organization"},"image":{"@id":"https:\/\/www.ffpassau.de\/ilzstadt\/2022\/03\/13\/loeschzug-ilzstadt-unter-neuer-fuehrung\/#primaryimage"},"thumbnailUrl":"https:\/\/www.ffpassau.de\/ilzstadt\/wp-content\/uploads\/sites\/3\/2022\/03\/Screenshot-2022-03-13-174342-e1679409594691.png","articleSection":{"1":"News"},"inLanguage":"de","potentialAction":[{"@type":"CommentAction","name":"Comment","target":["https:\/\/www.ffpassau.de\/ilzstadt\/2022\/03\/13\/loeschzug-ilzstadt-unter-neuer-fuehrung\/#respond"]}]},{"@type":"WebPage","@id":"https:\/\/www.ffpassau.de\/ilzstadt\/2022\/03\/13\/loeschzug-ilzstadt-unter-neuer-fuehrung\/","url":"https:\/\/www.ffpassau.de\/ilzstadt\/2022\/03\/13\/loeschzug-ilzstadt-unter-neuer-fuehrung\/","name":"L\u00f6schzug Ilzstadt unter neuer F\u00fchrung - Feuerwehr Passau - L\u00f6schzug Ilzstadt","isPartOf":{"@id":"https:\/\/www.ffpassau.de\/ilzstadt\/#website"},"primaryImageOfPage":{"@id":"https:\/\/www.ffpassau.de\/ilzstadt\/2022\/03\/13\/loeschzug-ilzstadt-unter-neuer-fuehrung\/#primaryimage"},"image":{"@id":"https:\/\/www.ffpassau.de\/ilzstadt\/2022\/03\/13\/loeschzug-ilzstadt-unter-neuer-fuehrung\/#primaryimage"},"thumbnailUrl":"https:\/\/www.ffpassau.de\/ilzstadt\/wp-content\/uploads\/sites\/3\/2022\/03\/Screenshot-2022-03-13-174342-e1679409594691.png","datePublished":"2022-03-13T16:48:17+00:00","dateModified":"2022-03-13T16:48:17+00:00","breadcrumb":{"@id":"https:\/\/www.ffpassau.de\/ilzstadt\/2022\/03\/13\/loeschzug-ilzstadt-unter-neuer-fuehrung\/#breadcrumb"},"inLanguage":"de","potentialAction":[{"@type":"ReadAction","target":["https:\/\/www.ffpassau.de\/ilzstadt\/2022\/03\/13\/loeschzug-ilzstadt-unter-neuer-fuehrung\/"]}]},{"@type":"ImageObject","inLanguage":"de","@id":"https:\/\/www.ffpassau.de\/ilzstadt\/2022\/03\/13\/loeschzug-ilzstadt-unter-neuer-fuehrung\/#primaryimage","url":"https:\/\/www.ffpassau.de\/ilzstadt\/wp-content\/uploads\/sites\/3\/2022\/03\/Screenshot-2022-03-13-174342-e1679409594691.png","contentUrl":"https:\/\/www.ffpassau.de\/ilzstadt\/wp-content\/uploads\/sites\/3\/2022\/03\/Screenshot-2022-03-13-174342-e1679409594691.png","width":294,"height":323},{"@type":"BreadcrumbList","@id":"https:\/\/www.ffpassau.de\/ilzstadt\/2022\/03\/13\/loeschzug-ilzstadt-unter-neuer-fuehrung\/#breadcrumb","itemListElement":[{"@type":"ListItem","position":1,"name":"Startseite","item":"https:\/\/www.ffpassau.de\/ilzstadt\/"},{"@type":"ListItem","position":2,"name":"L\u00f6schzug Ilzstadt unter neuer F\u00fchrung"}]},{"@type":"WebSite","@id":"https:\/\/www.ffpassau.de\/ilzstadt\/#website","url":"https:\/\/www.ffpassau.de\/ilzstadt\/","name":"Feuerwehr Passau - L\u00f6schzug Ilztadt","description":"","publisher":{"@id":"https:\/\/www.ffpassau.de\/ilzstadt\/#organization"},"potentialAction":[{"@type":"SearchAction","target":{"@type":"EntryPoint","urlTemplate":"https:\/\/www.ffpassau.de\/ilzstadt\/?s={search_term_string}"},"query-input":{"@type":"PropertyValueSpecification","valueRequired":true,"valueName":"search_term_string"}}],"inLanguage":"de"},{"@type":"Organization","@id":"https:\/\/www.ffpassau.de\/ilzstadt\/#organization","name":"Feuerwehr Passau - L\u00f6schzug Ilztadt","url":"https:\/\/www.ffpassau.de\/ilzstadt\/","logo":{"@type":"ImageObject","inLanguage":"de","@id":"https:\/\/www.ffpassau.de\/ilzstadt\/#\/schema\/logo\/image\/","url":"https:\/\/www.ffpassau.de\/ilzstadt\/wp-content\/uploads\/sites\/3\/2020\/02\/lz_ilzstadt_logo.svg","contentUrl":"https:\/\/www.ffpassau.de\/ilzstadt\/wp-content\/uploads\/sites\/3\/2020\/02\/lz_ilzstadt_logo.svg","width":1,"height":1,"caption":"Feuerwehr Passau - L\u00f6schzug Ilztadt"},"image":{"@id":"https:\/\/www.ffpassau.de\/ilzstadt\/#\/schema\/logo\/image\/"}},{"@type":"Person","@id":"","url":"https:\/\/www.ffpassau.de\/ilzstadt\/author\/"}]}},"_links":{"self":[{"href":"https:\/\/www.ffpassau.de\/ilzstadt\/wp-json\/wp\/v2\/posts\/570","targetHints":{"allow":["GET"]}}],"collection":[{"href":"https:\/\/www.ffpassau.de\/ilzstadt\/wp-json\/wp\/v2\/posts"}],"about":[{"href":"https:\/\/www.ffpassau.de\/ilzstadt\/wp-json\/wp\/v2\/types\/post"}],"author":[{"embeddable":true,"href":"https:\/\/www.ffpassau.de\/ilzstadt\/wp-json\/wp\/v2\/users\/22"}],"replies":[{"embeddable":true,"href":"https:\/\/www.ffpassau.de\/ilzstadt\/wp-json\/wp\/v2\/comments?post=570"}],"version-history":[{"count":1,"href":"https:\/\/www.ffpassau.de\/ilzstadt\/wp-json\/wp\/v2\/posts\/570\/revisions"}],"predecessor-version":[{"id":573,"href":"https:\/\/www.ffpassau.de\/ilzstadt\/wp-json\/wp\/v2\/posts\/570\/revisions\/573"}],"wp:featuredmedia":[{"embeddable":true,"href":"https:\/\/www.ffpassau.de\/ilzstadt\/wp-json\/wp\/v2\/media\/571"}],"wp:attachment":[{"href":"https:\/\/www.ffpassau.de\/ilzstadt\/wp-json\/wp\/v2\/media?parent=570"}],"wp:term":[{"taxonomy":"category","embeddable":true,"href":"https:\/\/www.ffpassau.de\/ilzstadt\/wp-json\/wp\/v2\/categories?post=570"},{"taxonomy":"post_tag","embeddable":true,"href":"https:\/\/www.ffpassau.de\/ilzstadt\/wp-json\/wp\/v2\/tags?post=570"}],"curies":[{"name":"wp","href":"https:\/\/api.w.org\/{rel}","templated":true}]}}