{"id":587,"date":"2022-11-20T17:06:43","date_gmt":"2022-11-20T16:06:43","guid":{"rendered":"https:\/\/www.ffpassau.de\/ilzstadt\/?p=587"},"modified":"2022-11-20T17:46:17","modified_gmt":"2022-11-20T16:46:17","slug":"neue-winterjacken-fuer-lz-ilzstadt","status":"publish","type":"post","link":"https:\/\/www.ffpassau.de\/ilzstadt\/2022\/11\/20\/neue-winterjacken-fuer-lz-ilzstadt\/","title":{"rendered":"Neue Winterjacken f\u00fcr Lz. Ilzstadt"},"content":{"rendered":"<p>Die Mitglieder des L\u00f6schzugs Ilzstadt brauchen jetzt bei repr\u00e4sentativen T\u00e4tigkeiten w\u00e4hrend der kalten Jahreszeit nicht mehr frieren.<br \/>\nZu den Uniformen, die von der Stadt zur Verf\u00fcgung gestellt werden, kaufte der F\u00f6rderverein des L\u00f6schzugs 20 neu Texport-Feuerwehrjacken, die bei Veranstaltungen wie auch bei Sicherheitswachen getragen werden k\u00f6nnen und somit Schutz gegen Wind, Niederschlag und K\u00e4lte bieten. M\u00f6glich wurde diese Investition durch eine Spende der Fa. Knorr-Bremse aus deren Programm &#8222;KB Ehrenamt&#8220; in H\u00f6he von 4.500,-\u20ac.<\/p>\n<p>&nbsp;<\/p>\n","protected":false},"excerpt":{"rendered":"<p>Die Mitglieder des L\u00f6schzugs Ilzstadt brauchen jetzt bei repr\u00e4sentativen T\u00e4tigkeiten w\u00e4hrend der kalten Jahreszeit nicht mehr frieren. Zu den Uniformen, die von der Stadt zur Verf\u00fcgung gestellt werden, kaufte der F\u00f6rderverein des L\u00f6schzugs 20 neu Texport-Feuerwehrjacken, die bei Veranstaltungen wie auch bei Sicherheitswachen getragen werden k\u00f6nnen und somit Schutz gegen Wind, Niederschlag und K\u00e4lte bieten. M\u00f6glich wurde diese Investition durch eine Spende der Fa. Knorr-Bremse aus deren Programm &#8222;KB Ehrenamt&#8220; in H\u00f6he von 4.500,-\u20ac. &nbsp;<\/p>\n","protected":false},"author":25,"featured_media":588,"comment_status":"open","ping_status":"open","sticky":false,"template":"","format":"standard","meta":{"footnotes":""},"categories":[1],"tags":[],"class_list":["post-587","post","type-post","status-publish","format-standard","has-post-thumbnail","hentry","category-allgemein"],"yoast_head":"<!-- This site is optimized with the Yoast SEO plugin v24.3 - https:\/\/yoast.com\/wordpress\/plugins\/seo\/ -->\n<title>Neue Winterjacken f\u00fcr Lz. Ilzstadt - Feuerwehr Passau - L\u00f6schzug Ilzstadt<\/title>\n<meta name=\"robots\" content=\"index, follow, max-snippet:-1, max-image-preview:large, max-video-preview:-1\" \/>\n<link rel=\"canonical\" href=\"https:\/\/www.ffpassau.de\/ilzstadt\/2022\/11\/20\/neue-winterjacken-fuer-lz-ilzstadt\/\" \/>\n<meta property=\"og:locale\" content=\"de_DE\" \/>\n<meta property=\"og:type\" content=\"article\" \/>\n<meta property=\"og:title\" content=\"Neue Winterjacken f\u00fcr Lz. Ilzstadt - Feuerwehr Passau - L\u00f6schzug Ilzstadt\" \/>\n<meta property=\"og:description\" content=\"Die Mitglieder des L\u00f6schzugs Ilzstadt brauchen jetzt bei repr\u00e4sentativen T\u00e4tigkeiten w\u00e4hrend der kalten Jahreszeit nicht mehr frieren. Zu den Uniformen, die von der Stadt zur Verf\u00fcgung gestellt werden, kaufte der F\u00f6rderverein des L\u00f6schzugs 20 neu Texport-Feuerwehrjacken, die bei Veranstaltungen wie auch bei Sicherheitswachen getragen werden k\u00f6nnen und somit Schutz gegen Wind, Niederschlag und K\u00e4lte bieten. M\u00f6glich wurde diese Investition durch eine Spende der Fa. Knorr-Bremse aus deren Programm &#8222;KB Ehrenamt&#8220; in H\u00f6he von 4.500,-\u20ac. &nbsp;\" \/>\n<meta property=\"og:url\" content=\"https:\/\/www.ffpassau.de\/ilzstadt\/2022\/11\/20\/neue-winterjacken-fuer-lz-ilzstadt\/\" \/>\n<meta property=\"og:site_name\" content=\"Feuerwehr Passau - L\u00f6schzug Ilzstadt\" \/>\n<meta property=\"article:published_time\" content=\"2022-11-20T16:06:43+00:00\" \/>\n<meta property=\"article:modified_time\" content=\"2022-11-20T16:46:17+00:00\" \/>\n<meta property=\"og:image\" content=\"https:\/\/www.ffpassau.de\/ilzstadt\/wp-content\/uploads\/sites\/3\/2022\/11\/Foto_Jacken-scaled.jpg\" \/>\n\t<meta property=\"og:image:width\" content=\"2560\" \/>\n\t<meta property=\"og:image:height\" content=\"1920\" \/>\n\t<meta property=\"og:image:type\" content=\"image\/jpeg\" \/>\n<meta name=\"author\" content=\"florianemmer\" \/>\n<meta name=\"twitter:card\" content=\"summary_large_image\" \/>\n<meta name=\"twitter:label1\" content=\"Verfasst von\" \/>\n\t<meta name=\"twitter:data1\" content=\"florianemmer\" \/>\n<script type=\"application\/ld+json\" class=\"yoast-schema-graph\">{\"@context\":\"https:\/\/schema.org\",\"@graph\":[{\"@type\":\"Article\",\"@id\":\"https:\/\/www.ffpassau.de\/ilzstadt\/2022\/11\/20\/neue-winterjacken-fuer-lz-ilzstadt\/#article\",\"isPartOf\":{\"@id\":\"https:\/\/www.ffpassau.de\/ilzstadt\/2022\/11\/20\/neue-winterjacken-fuer-lz-ilzstadt\/\"},\"author\":{\"name\":\"florianemmer\",\"@id\":\"https:\/\/www.ffpassau.de\/ilzstadt\/#\/schema\/person\/0a8a328696d64ce03df696cfa71fff6e\"},\"headline\":\"Neue Winterjacken f\u00fcr Lz. Ilzstadt\",\"datePublished\":\"2022-11-20T16:06:43+00:00\",\"dateModified\":\"2022-11-20T16:46:17+00:00\",\"mainEntityOfPage\":{\"@id\":\"https:\/\/www.ffpassau.de\/ilzstadt\/2022\/11\/20\/neue-winterjacken-fuer-lz-ilzstadt\/\"},\"wordCount\":91,\"commentCount\":0,\"publisher\":{\"@id\":\"https:\/\/www.ffpassau.de\/ilzstadt\/#organization\"},\"image\":{\"@id\":\"https:\/\/www.ffpassau.de\/ilzstadt\/2022\/11\/20\/neue-winterjacken-fuer-lz-ilzstadt\/#primaryimage\"},\"thumbnailUrl\":\"https:\/\/www.ffpassau.de\/ilzstadt\/wp-content\/uploads\/sites\/3\/2022\/11\/Foto_Jacken-scaled.jpg\",\"inLanguage\":\"de\",\"potentialAction\":[{\"@type\":\"CommentAction\",\"name\":\"Comment\",\"target\":[\"https:\/\/www.ffpassau.de\/ilzstadt\/2022\/11\/20\/neue-winterjacken-fuer-lz-ilzstadt\/#respond\"]}]},{\"@type\":\"WebPage\",\"@id\":\"https:\/\/www.ffpassau.de\/ilzstadt\/2022\/11\/20\/neue-winterjacken-fuer-lz-ilzstadt\/\",\"url\":\"https:\/\/www.ffpassau.de\/ilzstadt\/2022\/11\/20\/neue-winterjacken-fuer-lz-ilzstadt\/\",\"name\":\"Neue Winterjacken f\u00fcr Lz. Ilzstadt - Feuerwehr Passau - L\u00f6schzug Ilzstadt\",\"isPartOf\":{\"@id\":\"https:\/\/www.ffpassau.de\/ilzstadt\/#website\"},\"primaryImageOfPage\":{\"@id\":\"https:\/\/www.ffpassau.de\/ilzstadt\/2022\/11\/20\/neue-winterjacken-fuer-lz-ilzstadt\/#primaryimage\"},\"image\":{\"@id\":\"https:\/\/www.ffpassau.de\/ilzstadt\/2022\/11\/20\/neue-winterjacken-fuer-lz-ilzstadt\/#primaryimage\"},\"thumbnailUrl\":\"https:\/\/www.ffpassau.de\/ilzstadt\/wp-content\/uploads\/sites\/3\/2022\/11\/Foto_Jacken-scaled.jpg\",\"datePublished\":\"2022-11-20T16:06:43+00:00\",\"dateModified\":\"2022-11-20T16:46:17+00:00\",\"breadcrumb\":{\"@id\":\"https:\/\/www.ffpassau.de\/ilzstadt\/2022\/11\/20\/neue-winterjacken-fuer-lz-ilzstadt\/#breadcrumb\"},\"inLanguage\":\"de\",\"potentialAction\":[{\"@type\":\"ReadAction\",\"target\":[\"https:\/\/www.ffpassau.de\/ilzstadt\/2022\/11\/20\/neue-winterjacken-fuer-lz-ilzstadt\/\"]}]},{\"@type\":\"ImageObject\",\"inLanguage\":\"de\",\"@id\":\"https:\/\/www.ffpassau.de\/ilzstadt\/2022\/11\/20\/neue-winterjacken-fuer-lz-ilzstadt\/#primaryimage\",\"url\":\"https:\/\/www.ffpassau.de\/ilzstadt\/wp-content\/uploads\/sites\/3\/2022\/11\/Foto_Jacken-scaled.jpg\",\"contentUrl\":\"https:\/\/www.ffpassau.de\/ilzstadt\/wp-content\/uploads\/sites\/3\/2022\/11\/Foto_Jacken-scaled.jpg\",\"width\":2560,\"height\":1920},{\"@type\":\"BreadcrumbList\",\"@id\":\"https:\/\/www.ffpassau.de\/ilzstadt\/2022\/11\/20\/neue-winterjacken-fuer-lz-ilzstadt\/#breadcrumb\",\"itemListElement\":[{\"@type\":\"ListItem\",\"position\":1,\"name\":\"Startseite\",\"item\":\"https:\/\/www.ffpassau.de\/ilzstadt\/\"},{\"@type\":\"ListItem\",\"position\":2,\"name\":\"Neue Winterjacken f\u00fcr Lz. Ilzstadt\"}]},{\"@type\":\"WebSite\",\"@id\":\"https:\/\/www.ffpassau.de\/ilzstadt\/#website\",\"url\":\"https:\/\/www.ffpassau.de\/ilzstadt\/\",\"name\":\"Feuerwehr Passau - L\u00f6schzug Ilztadt\",\"description\":\"\",\"publisher\":{\"@id\":\"https:\/\/www.ffpassau.de\/ilzstadt\/#organization\"},\"potentialAction\":[{\"@type\":\"SearchAction\",\"target\":{\"@type\":\"EntryPoint\",\"urlTemplate\":\"https:\/\/www.ffpassau.de\/ilzstadt\/?s={search_term_string}\"},\"query-input\":{\"@type\":\"PropertyValueSpecification\",\"valueRequired\":true,\"valueName\":\"search_term_string\"}}],\"inLanguage\":\"de\"},{\"@type\":\"Organization\",\"@id\":\"https:\/\/www.ffpassau.de\/ilzstadt\/#organization\",\"name\":\"Feuerwehr Passau - L\u00f6schzug Ilztadt\",\"url\":\"https:\/\/www.ffpassau.de\/ilzstadt\/\",\"logo\":{\"@type\":\"ImageObject\",\"inLanguage\":\"de\",\"@id\":\"https:\/\/www.ffpassau.de\/ilzstadt\/#\/schema\/logo\/image\/\",\"url\":\"https:\/\/www.ffpassau.de\/ilzstadt\/wp-content\/uploads\/sites\/3\/2020\/02\/lz_ilzstadt_logo.svg\",\"contentUrl\":\"https:\/\/www.ffpassau.de\/ilzstadt\/wp-content\/uploads\/sites\/3\/2020\/02\/lz_ilzstadt_logo.svg\",\"width\":1,\"height\":1,\"caption\":\"Feuerwehr Passau - L\u00f6schzug Ilztadt\"},\"image\":{\"@id\":\"https:\/\/www.ffpassau.de\/ilzstadt\/#\/schema\/logo\/image\/\"}},{\"@type\":\"Person\",\"@id\":\"https:\/\/www.ffpassau.de\/ilzstadt\/#\/schema\/person\/0a8a328696d64ce03df696cfa71fff6e\",\"name\":\"florianemmer\",\"image\":{\"@type\":\"ImageObject\",\"inLanguage\":\"de\",\"@id\":\"https:\/\/www.ffpassau.de\/ilzstadt\/#\/schema\/person\/image\/\",\"url\":\"https:\/\/secure.gravatar.com\/avatar\/d873e44cf51ef076311ae3fd16951164?s=96&d=mm&r=g\",\"contentUrl\":\"https:\/\/secure.gravatar.com\/avatar\/d873e44cf51ef076311ae3fd16951164?s=96&d=mm&r=g\",\"caption\":\"florianemmer\"},\"url\":\"https:\/\/www.ffpassau.de\/ilzstadt\/author\/florianemmer\/\"}]}<\/script>\n<!-- \/ Yoast SEO plugin. -->","yoast_head_json":{"title":"Neue Winterjacken f\u00fcr Lz. Ilzstadt - Feuerwehr Passau - L\u00f6schzug Ilzstadt","robots":{"index":"index","follow":"follow","max-snippet":"max-snippet:-1","max-image-preview":"max-image-preview:large","max-video-preview":"max-video-preview:-1"},"canonical":"https:\/\/www.ffpassau.de\/ilzstadt\/2022\/11\/20\/neue-winterjacken-fuer-lz-ilzstadt\/","og_locale":"de_DE","og_type":"article","og_title":"Neue Winterjacken f\u00fcr Lz. Ilzstadt - Feuerwehr Passau - L\u00f6schzug Ilzstadt","og_description":"Die Mitglieder des L\u00f6schzugs Ilzstadt brauchen jetzt bei repr\u00e4sentativen T\u00e4tigkeiten w\u00e4hrend der kalten Jahreszeit nicht mehr frieren. Zu den Uniformen, die von der Stadt zur Verf\u00fcgung gestellt werden, kaufte der F\u00f6rderverein des L\u00f6schzugs 20 neu Texport-Feuerwehrjacken, die bei Veranstaltungen wie auch bei Sicherheitswachen getragen werden k\u00f6nnen und somit Schutz gegen Wind, Niederschlag und K\u00e4lte bieten. M\u00f6glich wurde diese Investition durch eine Spende der Fa. Knorr-Bremse aus deren Programm &#8222;KB Ehrenamt&#8220; in H\u00f6he von 4.500,-\u20ac. &nbsp;","og_url":"https:\/\/www.ffpassau.de\/ilzstadt\/2022\/11\/20\/neue-winterjacken-fuer-lz-ilzstadt\/","og_site_name":"Feuerwehr Passau - L\u00f6schzug Ilzstadt","article_published_time":"2022-11-20T16:06:43+00:00","article_modified_time":"2022-11-20T16:46:17+00:00","og_image":[{"width":2560,"height":1920,"url":"https:\/\/www.ffpassau.de\/ilzstadt\/wp-content\/uploads\/sites\/3\/2022\/11\/Foto_Jacken-scaled.jpg","type":"image\/jpeg"}],"author":"florianemmer","twitter_card":"summary_large_image","twitter_misc":{"Verfasst von":"florianemmer"},"schema":{"@context":"https:\/\/schema.org","@graph":[{"@type":"Article","@id":"https:\/\/www.ffpassau.de\/ilzstadt\/2022\/11\/20\/neue-winterjacken-fuer-lz-ilzstadt\/#article","isPartOf":{"@id":"https:\/\/www.ffpassau.de\/ilzstadt\/2022\/11\/20\/neue-winterjacken-fuer-lz-ilzstadt\/"},"author":{"name":"florianemmer","@id":"https:\/\/www.ffpassau.de\/ilzstadt\/#\/schema\/person\/0a8a328696d64ce03df696cfa71fff6e"},"headline":"Neue Winterjacken f\u00fcr Lz. Ilzstadt","datePublished":"2022-11-20T16:06:43+00:00","dateModified":"2022-11-20T16:46:17+00:00","mainEntityOfPage":{"@id":"https:\/\/www.ffpassau.de\/ilzstadt\/2022\/11\/20\/neue-winterjacken-fuer-lz-ilzstadt\/"},"wordCount":91,"commentCount":0,"publisher":{"@id":"https:\/\/www.ffpassau.de\/ilzstadt\/#organization"},"image":{"@id":"https:\/\/www.ffpassau.de\/ilzstadt\/2022\/11\/20\/neue-winterjacken-fuer-lz-ilzstadt\/#primaryimage"},"thumbnailUrl":"https:\/\/www.ffpassau.de\/ilzstadt\/wp-content\/uploads\/sites\/3\/2022\/11\/Foto_Jacken-scaled.jpg","inLanguage":"de","potentialAction":[{"@type":"CommentAction","name":"Comment","target":["https:\/\/www.ffpassau.de\/ilzstadt\/2022\/11\/20\/neue-winterjacken-fuer-lz-ilzstadt\/#respond"]}]},{"@type":"WebPage","@id":"https:\/\/www.ffpassau.de\/ilzstadt\/2022\/11\/20\/neue-winterjacken-fuer-lz-ilzstadt\/","url":"https:\/\/www.ffpassau.de\/ilzstadt\/2022\/11\/20\/neue-winterjacken-fuer-lz-ilzstadt\/","name":"Neue Winterjacken f\u00fcr Lz. Ilzstadt - Feuerwehr Passau - L\u00f6schzug Ilzstadt","isPartOf":{"@id":"https:\/\/www.ffpassau.de\/ilzstadt\/#website"},"primaryImageOfPage":{"@id":"https:\/\/www.ffpassau.de\/ilzstadt\/2022\/11\/20\/neue-winterjacken-fuer-lz-ilzstadt\/#primaryimage"},"image":{"@id":"https:\/\/www.ffpassau.de\/ilzstadt\/2022\/11\/20\/neue-winterjacken-fuer-lz-ilzstadt\/#primaryimage"},"thumbnailUrl":"https:\/\/www.ffpassau.de\/ilzstadt\/wp-content\/uploads\/sites\/3\/2022\/11\/Foto_Jacken-scaled.jpg","datePublished":"2022-11-20T16:06:43+00:00","dateModified":"2022-11-20T16:46:17+00:00","breadcrumb":{"@id":"https:\/\/www.ffpassau.de\/ilzstadt\/2022\/11\/20\/neue-winterjacken-fuer-lz-ilzstadt\/#breadcrumb"},"inLanguage":"de","potentialAction":[{"@type":"ReadAction","target":["https:\/\/www.ffpassau.de\/ilzstadt\/2022\/11\/20\/neue-winterjacken-fuer-lz-ilzstadt\/"]}]},{"@type":"ImageObject","inLanguage":"de","@id":"https:\/\/www.ffpassau.de\/ilzstadt\/2022\/11\/20\/neue-winterjacken-fuer-lz-ilzstadt\/#primaryimage","url":"https:\/\/www.ffpassau.de\/ilzstadt\/wp-content\/uploads\/sites\/3\/2022\/11\/Foto_Jacken-scaled.jpg","contentUrl":"https:\/\/www.ffpassau.de\/ilzstadt\/wp-content\/uploads\/sites\/3\/2022\/11\/Foto_Jacken-scaled.jpg","width":2560,"height":1920},{"@type":"BreadcrumbList","@id":"https:\/\/www.ffpassau.de\/ilzstadt\/2022\/11\/20\/neue-winterjacken-fuer-lz-ilzstadt\/#breadcrumb","itemListElement":[{"@type":"ListItem","position":1,"name":"Startseite","item":"https:\/\/www.ffpassau.de\/ilzstadt\/"},{"@type":"ListItem","position":2,"name":"Neue Winterjacken f\u00fcr Lz. Ilzstadt"}]},{"@type":"WebSite","@id":"https:\/\/www.ffpassau.de\/ilzstadt\/#website","url":"https:\/\/www.ffpassau.de\/ilzstadt\/","name":"Feuerwehr Passau - L\u00f6schzug Ilztadt","description":"","publisher":{"@id":"https:\/\/www.ffpassau.de\/ilzstadt\/#organization"},"potentialAction":[{"@type":"SearchAction","target":{"@type":"EntryPoint","urlTemplate":"https:\/\/www.ffpassau.de\/ilzstadt\/?s={search_term_string}"},"query-input":{"@type":"PropertyValueSpecification","valueRequired":true,"valueName":"search_term_string"}}],"inLanguage":"de"},{"@type":"Organization","@id":"https:\/\/www.ffpassau.de\/ilzstadt\/#organization","name":"Feuerwehr Passau - L\u00f6schzug Ilztadt","url":"https:\/\/www.ffpassau.de\/ilzstadt\/","logo":{"@type":"ImageObject","inLanguage":"de","@id":"https:\/\/www.ffpassau.de\/ilzstadt\/#\/schema\/logo\/image\/","url":"https:\/\/www.ffpassau.de\/ilzstadt\/wp-content\/uploads\/sites\/3\/2020\/02\/lz_ilzstadt_logo.svg","contentUrl":"https:\/\/www.ffpassau.de\/ilzstadt\/wp-content\/uploads\/sites\/3\/2020\/02\/lz_ilzstadt_logo.svg","width":1,"height":1,"caption":"Feuerwehr Passau - L\u00f6schzug Ilztadt"},"image":{"@id":"https:\/\/www.ffpassau.de\/ilzstadt\/#\/schema\/logo\/image\/"}},{"@type":"Person","@id":"https:\/\/www.ffpassau.de\/ilzstadt\/#\/schema\/person\/0a8a328696d64ce03df696cfa71fff6e","name":"florianemmer","image":{"@type":"ImageObject","inLanguage":"de","@id":"https:\/\/www.ffpassau.de\/ilzstadt\/#\/schema\/person\/image\/","url":"https:\/\/secure.gravatar.com\/avatar\/d873e44cf51ef076311ae3fd16951164?s=96&d=mm&r=g","contentUrl":"https:\/\/secure.gravatar.com\/avatar\/d873e44cf51ef076311ae3fd16951164?s=96&d=mm&r=g","caption":"florianemmer"},"url":"https:\/\/www.ffpassau.de\/ilzstadt\/author\/florianemmer\/"}]}},"_links":{"self":[{"href":"https:\/\/www.ffpassau.de\/ilzstadt\/wp-json\/wp\/v2\/posts\/587","targetHints":{"allow":["GET"]}}],"collection":[{"href":"https:\/\/www.ffpassau.de\/ilzstadt\/wp-json\/wp\/v2\/posts"}],"about":[{"href":"https:\/\/www.ffpassau.de\/ilzstadt\/wp-json\/wp\/v2\/types\/post"}],"author":[{"embeddable":true,"href":"https:\/\/www.ffpassau.de\/ilzstadt\/wp-json\/wp\/v2\/users\/25"}],"replies":[{"embeddable":true,"href":"https:\/\/www.ffpassau.de\/ilzstadt\/wp-json\/wp\/v2\/comments?post=587"}],"version-history":[{"count":3,"href":"https:\/\/www.ffpassau.de\/ilzstadt\/wp-json\/wp\/v2\/posts\/587\/revisions"}],"predecessor-version":[{"id":610,"href":"https:\/\/www.ffpassau.de\/ilzstadt\/wp-json\/wp\/v2\/posts\/587\/revisions\/610"}],"wp:featuredmedia":[{"embeddable":true,"href":"https:\/\/www.ffpassau.de\/ilzstadt\/wp-json\/wp\/v2\/media\/588"}],"wp:attachment":[{"href":"https:\/\/www.ffpassau.de\/ilzstadt\/wp-json\/wp\/v2\/media?parent=587"}],"wp:term":[{"taxonomy":"category","embeddable":true,"href":"https:\/\/www.ffpassau.de\/ilzstadt\/wp-json\/wp\/v2\/categories?post=587"},{"taxonomy":"post_tag","embeddable":true,"href":"https:\/\/www.ffpassau.de\/ilzstadt\/wp-json\/wp\/v2\/tags?post=587"}],"curies":[{"name":"wp","href":"https:\/\/api.w.org\/{rel}","templated":true}]}}