{"id":795,"date":"2024-11-22T13:01:40","date_gmt":"2024-11-22T12:01:40","guid":{"rendered":"https:\/\/www.ffpassau.de\/ilzstadt\/?p=795"},"modified":"2024-11-22T13:01:40","modified_gmt":"2024-11-22T12:01:40","slug":"feierliches-enzuenden-des-christbaums-vorm-feuerwehrhaus","status":"publish","type":"post","link":"https:\/\/www.ffpassau.de\/ilzstadt\/2024\/11\/22\/feierliches-enzuenden-des-christbaums-vorm-feuerwehrhaus\/","title":{"rendered":"Feierliches Enz\u00fcnden des Christbaums vorm Feuerwehrhaus"},"content":{"rendered":"<p>Am Samstag vor dem 1. Advent wird wieder der Christbaum vorm Feuerwehrhaus in der Ilzstadt am Fu\u00dfe des Georgsberges enz\u00fcndet.<br \/>\nBeginn ist um 17:00 Uhr.<br \/>\nBei Gl\u00fchwein und W\u00fcrstchen ist an den Feuertonnen ein gem\u00fctlicher Ratsch in die &#8222;staade Zeit&#8220; m\u00f6glich.<\/p>\n<p>Nat\u00fcrlich besteht auch die M\u00f6glichkeit mal einen Blick hinter die Fassaden des Ger\u00e4tehauses zu werfen und zu sehen, wie und mit welchen Ger\u00e4tschaften die ehrenamtlichen Feuerwehrdienstleistenden ihre Freizeit zum Wohle der Allgemeinheit verbringen.<\/p>\n","protected":false},"excerpt":{"rendered":"<p>Am Samstag vor dem 1. Advent wird wieder der Christbaum vorm Feuerwehrhaus in der Ilzstadt am Fu\u00dfe des Georgsberges enz\u00fcndet. Beginn ist um 17:00 Uhr. Bei Gl\u00fchwein und W\u00fcrstchen ist an den Feuertonnen ein gem\u00fctlicher Ratsch in die &#8222;staade Zeit&#8220; m\u00f6glich. Nat\u00fcrlich besteht auch die M\u00f6glichkeit mal einen Blick hinter die Fassaden des Ger\u00e4tehauses zu werfen und zu sehen, wie und mit welchen Ger\u00e4tschaften die ehrenamtlichen Feuerwehrdienstleistenden ihre Freizeit zum Wohle der Allgemeinheit verbringen.<\/p>\n","protected":false},"author":25,"featured_media":796,"comment_status":"open","ping_status":"open","sticky":false,"template":"","format":"standard","meta":{"footnotes":""},"categories":[1],"tags":[],"class_list":["post-795","post","type-post","status-publish","format-standard","has-post-thumbnail","hentry","category-allgemein"],"yoast_head":"<!-- This site is optimized with the Yoast SEO plugin v24.3 - https:\/\/yoast.com\/wordpress\/plugins\/seo\/ -->\n<title>Feierliches Enz\u00fcnden des Christbaums vorm Feuerwehrhaus - Feuerwehr Passau - L\u00f6schzug Ilzstadt<\/title>\n<meta name=\"robots\" content=\"index, follow, max-snippet:-1, max-image-preview:large, max-video-preview:-1\" \/>\n<link rel=\"canonical\" href=\"https:\/\/www.ffpassau.de\/ilzstadt\/2024\/11\/22\/feierliches-enzuenden-des-christbaums-vorm-feuerwehrhaus\/\" \/>\n<meta property=\"og:locale\" content=\"de_DE\" \/>\n<meta property=\"og:type\" content=\"article\" \/>\n<meta property=\"og:title\" content=\"Feierliches Enz\u00fcnden des Christbaums vorm Feuerwehrhaus - Feuerwehr Passau - L\u00f6schzug Ilzstadt\" \/>\n<meta property=\"og:description\" content=\"Am Samstag vor dem 1. Advent wird wieder der Christbaum vorm Feuerwehrhaus in der Ilzstadt am Fu\u00dfe des Georgsberges enz\u00fcndet. Beginn ist um 17:00 Uhr. Bei Gl\u00fchwein und W\u00fcrstchen ist an den Feuertonnen ein gem\u00fctlicher Ratsch in die &#8222;staade Zeit&#8220; m\u00f6glich. Nat\u00fcrlich besteht auch die M\u00f6glichkeit mal einen Blick hinter die Fassaden des Ger\u00e4tehauses zu werfen und zu sehen, wie und mit welchen Ger\u00e4tschaften die ehrenamtlichen Feuerwehrdienstleistenden ihre Freizeit zum Wohle der Allgemeinheit verbringen.\" \/>\n<meta property=\"og:url\" content=\"https:\/\/www.ffpassau.de\/ilzstadt\/2024\/11\/22\/feierliches-enzuenden-des-christbaums-vorm-feuerwehrhaus\/\" \/>\n<meta property=\"og:site_name\" content=\"Feuerwehr Passau - L\u00f6schzug Ilzstadt\" \/>\n<meta property=\"article:published_time\" content=\"2024-11-22T12:01:40+00:00\" \/>\n<meta property=\"og:image\" content=\"https:\/\/www.ffpassau.de\/ilzstadt\/wp-content\/uploads\/sites\/3\/2024\/11\/2024-11-30_Christbaumanzuenden.jpg\" \/>\n\t<meta property=\"og:image:width\" content=\"770\" \/>\n\t<meta property=\"og:image:height\" content=\"754\" \/>\n\t<meta property=\"og:image:type\" content=\"image\/jpeg\" \/>\n<meta name=\"author\" content=\"florianemmer\" \/>\n<meta name=\"twitter:card\" content=\"summary_large_image\" \/>\n<meta name=\"twitter:label1\" content=\"Verfasst von\" \/>\n\t<meta name=\"twitter:data1\" content=\"florianemmer\" \/>\n\t<meta name=\"twitter:label2\" content=\"Gesch\u00e4tzte Lesezeit\" \/>\n\t<meta name=\"twitter:data2\" content=\"1\u00a0Minute\" \/>\n<script type=\"application\/ld+json\" class=\"yoast-schema-graph\">{\"@context\":\"https:\/\/schema.org\",\"@graph\":[{\"@type\":\"Article\",\"@id\":\"https:\/\/www.ffpassau.de\/ilzstadt\/2024\/11\/22\/feierliches-enzuenden-des-christbaums-vorm-feuerwehrhaus\/#article\",\"isPartOf\":{\"@id\":\"https:\/\/www.ffpassau.de\/ilzstadt\/2024\/11\/22\/feierliches-enzuenden-des-christbaums-vorm-feuerwehrhaus\/\"},\"author\":{\"name\":\"florianemmer\",\"@id\":\"https:\/\/www.ffpassau.de\/ilzstadt\/#\/schema\/person\/0a8a328696d64ce03df696cfa71fff6e\"},\"headline\":\"Feierliches Enz\u00fcnden des Christbaums vorm Feuerwehrhaus\",\"datePublished\":\"2024-11-22T12:01:40+00:00\",\"dateModified\":\"2024-11-22T12:01:40+00:00\",\"mainEntityOfPage\":{\"@id\":\"https:\/\/www.ffpassau.de\/ilzstadt\/2024\/11\/22\/feierliches-enzuenden-des-christbaums-vorm-feuerwehrhaus\/\"},\"wordCount\":89,\"commentCount\":0,\"publisher\":{\"@id\":\"https:\/\/www.ffpassau.de\/ilzstadt\/#organization\"},\"image\":{\"@id\":\"https:\/\/www.ffpassau.de\/ilzstadt\/2024\/11\/22\/feierliches-enzuenden-des-christbaums-vorm-feuerwehrhaus\/#primaryimage\"},\"thumbnailUrl\":\"https:\/\/www.ffpassau.de\/ilzstadt\/wp-content\/uploads\/sites\/3\/2024\/11\/2024-11-30_Christbaumanzuenden.jpg\",\"inLanguage\":\"de\",\"potentialAction\":[{\"@type\":\"CommentAction\",\"name\":\"Comment\",\"target\":[\"https:\/\/www.ffpassau.de\/ilzstadt\/2024\/11\/22\/feierliches-enzuenden-des-christbaums-vorm-feuerwehrhaus\/#respond\"]}]},{\"@type\":\"WebPage\",\"@id\":\"https:\/\/www.ffpassau.de\/ilzstadt\/2024\/11\/22\/feierliches-enzuenden-des-christbaums-vorm-feuerwehrhaus\/\",\"url\":\"https:\/\/www.ffpassau.de\/ilzstadt\/2024\/11\/22\/feierliches-enzuenden-des-christbaums-vorm-feuerwehrhaus\/\",\"name\":\"Feierliches Enz\u00fcnden des Christbaums vorm Feuerwehrhaus - Feuerwehr Passau - L\u00f6schzug Ilzstadt\",\"isPartOf\":{\"@id\":\"https:\/\/www.ffpassau.de\/ilzstadt\/#website\"},\"primaryImageOfPage\":{\"@id\":\"https:\/\/www.ffpassau.de\/ilzstadt\/2024\/11\/22\/feierliches-enzuenden-des-christbaums-vorm-feuerwehrhaus\/#primaryimage\"},\"image\":{\"@id\":\"https:\/\/www.ffpassau.de\/ilzstadt\/2024\/11\/22\/feierliches-enzuenden-des-christbaums-vorm-feuerwehrhaus\/#primaryimage\"},\"thumbnailUrl\":\"https:\/\/www.ffpassau.de\/ilzstadt\/wp-content\/uploads\/sites\/3\/2024\/11\/2024-11-30_Christbaumanzuenden.jpg\",\"datePublished\":\"2024-11-22T12:01:40+00:00\",\"dateModified\":\"2024-11-22T12:01:40+00:00\",\"breadcrumb\":{\"@id\":\"https:\/\/www.ffpassau.de\/ilzstadt\/2024\/11\/22\/feierliches-enzuenden-des-christbaums-vorm-feuerwehrhaus\/#breadcrumb\"},\"inLanguage\":\"de\",\"potentialAction\":[{\"@type\":\"ReadAction\",\"target\":[\"https:\/\/www.ffpassau.de\/ilzstadt\/2024\/11\/22\/feierliches-enzuenden-des-christbaums-vorm-feuerwehrhaus\/\"]}]},{\"@type\":\"ImageObject\",\"inLanguage\":\"de\",\"@id\":\"https:\/\/www.ffpassau.de\/ilzstadt\/2024\/11\/22\/feierliches-enzuenden-des-christbaums-vorm-feuerwehrhaus\/#primaryimage\",\"url\":\"https:\/\/www.ffpassau.de\/ilzstadt\/wp-content\/uploads\/sites\/3\/2024\/11\/2024-11-30_Christbaumanzuenden.jpg\",\"contentUrl\":\"https:\/\/www.ffpassau.de\/ilzstadt\/wp-content\/uploads\/sites\/3\/2024\/11\/2024-11-30_Christbaumanzuenden.jpg\",\"width\":770,\"height\":754},{\"@type\":\"BreadcrumbList\",\"@id\":\"https:\/\/www.ffpassau.de\/ilzstadt\/2024\/11\/22\/feierliches-enzuenden-des-christbaums-vorm-feuerwehrhaus\/#breadcrumb\",\"itemListElement\":[{\"@type\":\"ListItem\",\"position\":1,\"name\":\"Startseite\",\"item\":\"https:\/\/www.ffpassau.de\/ilzstadt\/\"},{\"@type\":\"ListItem\",\"position\":2,\"name\":\"Feierliches Enz\u00fcnden des Christbaums vorm Feuerwehrhaus\"}]},{\"@type\":\"WebSite\",\"@id\":\"https:\/\/www.ffpassau.de\/ilzstadt\/#website\",\"url\":\"https:\/\/www.ffpassau.de\/ilzstadt\/\",\"name\":\"Feuerwehr Passau - L\u00f6schzug Ilztadt\",\"description\":\"\",\"publisher\":{\"@id\":\"https:\/\/www.ffpassau.de\/ilzstadt\/#organization\"},\"potentialAction\":[{\"@type\":\"SearchAction\",\"target\":{\"@type\":\"EntryPoint\",\"urlTemplate\":\"https:\/\/www.ffpassau.de\/ilzstadt\/?s={search_term_string}\"},\"query-input\":{\"@type\":\"PropertyValueSpecification\",\"valueRequired\":true,\"valueName\":\"search_term_string\"}}],\"inLanguage\":\"de\"},{\"@type\":\"Organization\",\"@id\":\"https:\/\/www.ffpassau.de\/ilzstadt\/#organization\",\"name\":\"Feuerwehr Passau - L\u00f6schzug Ilztadt\",\"url\":\"https:\/\/www.ffpassau.de\/ilzstadt\/\",\"logo\":{\"@type\":\"ImageObject\",\"inLanguage\":\"de\",\"@id\":\"https:\/\/www.ffpassau.de\/ilzstadt\/#\/schema\/logo\/image\/\",\"url\":\"https:\/\/www.ffpassau.de\/ilzstadt\/wp-content\/uploads\/sites\/3\/2020\/02\/lz_ilzstadt_logo.svg\",\"contentUrl\":\"https:\/\/www.ffpassau.de\/ilzstadt\/wp-content\/uploads\/sites\/3\/2020\/02\/lz_ilzstadt_logo.svg\",\"width\":1,\"height\":1,\"caption\":\"Feuerwehr Passau - L\u00f6schzug Ilztadt\"},\"image\":{\"@id\":\"https:\/\/www.ffpassau.de\/ilzstadt\/#\/schema\/logo\/image\/\"}},{\"@type\":\"Person\",\"@id\":\"https:\/\/www.ffpassau.de\/ilzstadt\/#\/schema\/person\/0a8a328696d64ce03df696cfa71fff6e\",\"name\":\"florianemmer\",\"image\":{\"@type\":\"ImageObject\",\"inLanguage\":\"de\",\"@id\":\"https:\/\/www.ffpassau.de\/ilzstadt\/#\/schema\/person\/image\/\",\"url\":\"https:\/\/secure.gravatar.com\/avatar\/d873e44cf51ef076311ae3fd16951164?s=96&d=mm&r=g\",\"contentUrl\":\"https:\/\/secure.gravatar.com\/avatar\/d873e44cf51ef076311ae3fd16951164?s=96&d=mm&r=g\",\"caption\":\"florianemmer\"},\"url\":\"https:\/\/www.ffpassau.de\/ilzstadt\/author\/florianemmer\/\"}]}<\/script>\n<!-- \/ Yoast SEO plugin. -->","yoast_head_json":{"title":"Feierliches Enz\u00fcnden des Christbaums vorm Feuerwehrhaus - Feuerwehr Passau - L\u00f6schzug Ilzstadt","robots":{"index":"index","follow":"follow","max-snippet":"max-snippet:-1","max-image-preview":"max-image-preview:large","max-video-preview":"max-video-preview:-1"},"canonical":"https:\/\/www.ffpassau.de\/ilzstadt\/2024\/11\/22\/feierliches-enzuenden-des-christbaums-vorm-feuerwehrhaus\/","og_locale":"de_DE","og_type":"article","og_title":"Feierliches Enz\u00fcnden des Christbaums vorm Feuerwehrhaus - Feuerwehr Passau - L\u00f6schzug Ilzstadt","og_description":"Am Samstag vor dem 1. Advent wird wieder der Christbaum vorm Feuerwehrhaus in der Ilzstadt am Fu\u00dfe des Georgsberges enz\u00fcndet. Beginn ist um 17:00 Uhr. Bei Gl\u00fchwein und W\u00fcrstchen ist an den Feuertonnen ein gem\u00fctlicher Ratsch in die &#8222;staade Zeit&#8220; m\u00f6glich. Nat\u00fcrlich besteht auch die M\u00f6glichkeit mal einen Blick hinter die Fassaden des Ger\u00e4tehauses zu werfen und zu sehen, wie und mit welchen Ger\u00e4tschaften die ehrenamtlichen Feuerwehrdienstleistenden ihre Freizeit zum Wohle der Allgemeinheit verbringen.","og_url":"https:\/\/www.ffpassau.de\/ilzstadt\/2024\/11\/22\/feierliches-enzuenden-des-christbaums-vorm-feuerwehrhaus\/","og_site_name":"Feuerwehr Passau - L\u00f6schzug Ilzstadt","article_published_time":"2024-11-22T12:01:40+00:00","og_image":[{"width":770,"height":754,"url":"https:\/\/www.ffpassau.de\/ilzstadt\/wp-content\/uploads\/sites\/3\/2024\/11\/2024-11-30_Christbaumanzuenden.jpg","type":"image\/jpeg"}],"author":"florianemmer","twitter_card":"summary_large_image","twitter_misc":{"Verfasst von":"florianemmer","Gesch\u00e4tzte Lesezeit":"1\u00a0Minute"},"schema":{"@context":"https:\/\/schema.org","@graph":[{"@type":"Article","@id":"https:\/\/www.ffpassau.de\/ilzstadt\/2024\/11\/22\/feierliches-enzuenden-des-christbaums-vorm-feuerwehrhaus\/#article","isPartOf":{"@id":"https:\/\/www.ffpassau.de\/ilzstadt\/2024\/11\/22\/feierliches-enzuenden-des-christbaums-vorm-feuerwehrhaus\/"},"author":{"name":"florianemmer","@id":"https:\/\/www.ffpassau.de\/ilzstadt\/#\/schema\/person\/0a8a328696d64ce03df696cfa71fff6e"},"headline":"Feierliches Enz\u00fcnden des Christbaums vorm Feuerwehrhaus","datePublished":"2024-11-22T12:01:40+00:00","dateModified":"2024-11-22T12:01:40+00:00","mainEntityOfPage":{"@id":"https:\/\/www.ffpassau.de\/ilzstadt\/2024\/11\/22\/feierliches-enzuenden-des-christbaums-vorm-feuerwehrhaus\/"},"wordCount":89,"commentCount":0,"publisher":{"@id":"https:\/\/www.ffpassau.de\/ilzstadt\/#organization"},"image":{"@id":"https:\/\/www.ffpassau.de\/ilzstadt\/2024\/11\/22\/feierliches-enzuenden-des-christbaums-vorm-feuerwehrhaus\/#primaryimage"},"thumbnailUrl":"https:\/\/www.ffpassau.de\/ilzstadt\/wp-content\/uploads\/sites\/3\/2024\/11\/2024-11-30_Christbaumanzuenden.jpg","inLanguage":"de","potentialAction":[{"@type":"CommentAction","name":"Comment","target":["https:\/\/www.ffpassau.de\/ilzstadt\/2024\/11\/22\/feierliches-enzuenden-des-christbaums-vorm-feuerwehrhaus\/#respond"]}]},{"@type":"WebPage","@id":"https:\/\/www.ffpassau.de\/ilzstadt\/2024\/11\/22\/feierliches-enzuenden-des-christbaums-vorm-feuerwehrhaus\/","url":"https:\/\/www.ffpassau.de\/ilzstadt\/2024\/11\/22\/feierliches-enzuenden-des-christbaums-vorm-feuerwehrhaus\/","name":"Feierliches Enz\u00fcnden des Christbaums vorm Feuerwehrhaus - Feuerwehr Passau - L\u00f6schzug Ilzstadt","isPartOf":{"@id":"https:\/\/www.ffpassau.de\/ilzstadt\/#website"},"primaryImageOfPage":{"@id":"https:\/\/www.ffpassau.de\/ilzstadt\/2024\/11\/22\/feierliches-enzuenden-des-christbaums-vorm-feuerwehrhaus\/#primaryimage"},"image":{"@id":"https:\/\/www.ffpassau.de\/ilzstadt\/2024\/11\/22\/feierliches-enzuenden-des-christbaums-vorm-feuerwehrhaus\/#primaryimage"},"thumbnailUrl":"https:\/\/www.ffpassau.de\/ilzstadt\/wp-content\/uploads\/sites\/3\/2024\/11\/2024-11-30_Christbaumanzuenden.jpg","datePublished":"2024-11-22T12:01:40+00:00","dateModified":"2024-11-22T12:01:40+00:00","breadcrumb":{"@id":"https:\/\/www.ffpassau.de\/ilzstadt\/2024\/11\/22\/feierliches-enzuenden-des-christbaums-vorm-feuerwehrhaus\/#breadcrumb"},"inLanguage":"de","potentialAction":[{"@type":"ReadAction","target":["https:\/\/www.ffpassau.de\/ilzstadt\/2024\/11\/22\/feierliches-enzuenden-des-christbaums-vorm-feuerwehrhaus\/"]}]},{"@type":"ImageObject","inLanguage":"de","@id":"https:\/\/www.ffpassau.de\/ilzstadt\/2024\/11\/22\/feierliches-enzuenden-des-christbaums-vorm-feuerwehrhaus\/#primaryimage","url":"https:\/\/www.ffpassau.de\/ilzstadt\/wp-content\/uploads\/sites\/3\/2024\/11\/2024-11-30_Christbaumanzuenden.jpg","contentUrl":"https:\/\/www.ffpassau.de\/ilzstadt\/wp-content\/uploads\/sites\/3\/2024\/11\/2024-11-30_Christbaumanzuenden.jpg","width":770,"height":754},{"@type":"BreadcrumbList","@id":"https:\/\/www.ffpassau.de\/ilzstadt\/2024\/11\/22\/feierliches-enzuenden-des-christbaums-vorm-feuerwehrhaus\/#breadcrumb","itemListElement":[{"@type":"ListItem","position":1,"name":"Startseite","item":"https:\/\/www.ffpassau.de\/ilzstadt\/"},{"@type":"ListItem","position":2,"name":"Feierliches Enz\u00fcnden des Christbaums vorm Feuerwehrhaus"}]},{"@type":"WebSite","@id":"https:\/\/www.ffpassau.de\/ilzstadt\/#website","url":"https:\/\/www.ffpassau.de\/ilzstadt\/","name":"Feuerwehr Passau - L\u00f6schzug Ilztadt","description":"","publisher":{"@id":"https:\/\/www.ffpassau.de\/ilzstadt\/#organization"},"potentialAction":[{"@type":"SearchAction","target":{"@type":"EntryPoint","urlTemplate":"https:\/\/www.ffpassau.de\/ilzstadt\/?s={search_term_string}"},"query-input":{"@type":"PropertyValueSpecification","valueRequired":true,"valueName":"search_term_string"}}],"inLanguage":"de"},{"@type":"Organization","@id":"https:\/\/www.ffpassau.de\/ilzstadt\/#organization","name":"Feuerwehr Passau - L\u00f6schzug Ilztadt","url":"https:\/\/www.ffpassau.de\/ilzstadt\/","logo":{"@type":"ImageObject","inLanguage":"de","@id":"https:\/\/www.ffpassau.de\/ilzstadt\/#\/schema\/logo\/image\/","url":"https:\/\/www.ffpassau.de\/ilzstadt\/wp-content\/uploads\/sites\/3\/2020\/02\/lz_ilzstadt_logo.svg","contentUrl":"https:\/\/www.ffpassau.de\/ilzstadt\/wp-content\/uploads\/sites\/3\/2020\/02\/lz_ilzstadt_logo.svg","width":1,"height":1,"caption":"Feuerwehr Passau - L\u00f6schzug Ilztadt"},"image":{"@id":"https:\/\/www.ffpassau.de\/ilzstadt\/#\/schema\/logo\/image\/"}},{"@type":"Person","@id":"https:\/\/www.ffpassau.de\/ilzstadt\/#\/schema\/person\/0a8a328696d64ce03df696cfa71fff6e","name":"florianemmer","image":{"@type":"ImageObject","inLanguage":"de","@id":"https:\/\/www.ffpassau.de\/ilzstadt\/#\/schema\/person\/image\/","url":"https:\/\/secure.gravatar.com\/avatar\/d873e44cf51ef076311ae3fd16951164?s=96&d=mm&r=g","contentUrl":"https:\/\/secure.gravatar.com\/avatar\/d873e44cf51ef076311ae3fd16951164?s=96&d=mm&r=g","caption":"florianemmer"},"url":"https:\/\/www.ffpassau.de\/ilzstadt\/author\/florianemmer\/"}]}},"_links":{"self":[{"href":"https:\/\/www.ffpassau.de\/ilzstadt\/wp-json\/wp\/v2\/posts\/795","targetHints":{"allow":["GET"]}}],"collection":[{"href":"https:\/\/www.ffpassau.de\/ilzstadt\/wp-json\/wp\/v2\/posts"}],"about":[{"href":"https:\/\/www.ffpassau.de\/ilzstadt\/wp-json\/wp\/v2\/types\/post"}],"author":[{"embeddable":true,"href":"https:\/\/www.ffpassau.de\/ilzstadt\/wp-json\/wp\/v2\/users\/25"}],"replies":[{"embeddable":true,"href":"https:\/\/www.ffpassau.de\/ilzstadt\/wp-json\/wp\/v2\/comments?post=795"}],"version-history":[{"count":1,"href":"https:\/\/www.ffpassau.de\/ilzstadt\/wp-json\/wp\/v2\/posts\/795\/revisions"}],"predecessor-version":[{"id":797,"href":"https:\/\/www.ffpassau.de\/ilzstadt\/wp-json\/wp\/v2\/posts\/795\/revisions\/797"}],"wp:featuredmedia":[{"embeddable":true,"href":"https:\/\/www.ffpassau.de\/ilzstadt\/wp-json\/wp\/v2\/media\/796"}],"wp:attachment":[{"href":"https:\/\/www.ffpassau.de\/ilzstadt\/wp-json\/wp\/v2\/media?parent=795"}],"wp:term":[{"taxonomy":"category","embeddable":true,"href":"https:\/\/www.ffpassau.de\/ilzstadt\/wp-json\/wp\/v2\/categories?post=795"},{"taxonomy":"post_tag","embeddable":true,"href":"https:\/\/www.ffpassau.de\/ilzstadt\/wp-json\/wp\/v2\/tags?post=795"}],"curies":[{"name":"wp","href":"https:\/\/api.w.org\/{rel}","templated":true}]}}