{"id":990,"date":"2025-04-12T11:42:52","date_gmt":"2025-04-12T09:42:52","guid":{"rendered":"https:\/\/www.ffpassau.de\/ilzstadt\/?p=990"},"modified":"2025-04-12T11:42:52","modified_gmt":"2025-04-12T09:42:52","slug":"leistungspruefung-beim-loeschzug-ilzstadt","status":"publish","type":"post","link":"https:\/\/www.ffpassau.de\/ilzstadt\/2025\/04\/12\/leistungspruefung-beim-loeschzug-ilzstadt\/","title":{"rendered":"Leistungspr\u00fcfung beim L\u00f6schzug Ilzstadt"},"content":{"rendered":"<p>Viele schauten verwundert, wenn sie die vergangenen 2 Wochen durch den neuen Fu\u00df- und Fahrradtunnel in die Ilzstadt kamen. Am Feuerwehrhaus am Fu\u00dfe des Georgsberges standen jeden Abend Feuerwehrfrauen und -m\u00e4nner und pumpten Wasser aus einer Zisterne, warfen Schl\u00e4uche aus und schrien sich Befehle zu. Dies diente der Vorbereitung auf die Leistungspr\u00fcfung, der sich 2 Gruppen des L\u00f6schzugs stellten.<br \/>\nNeben dem Aufbau eines L\u00f6scheinsatzes innerhalb von 4 Minuten mussten Knoten und Stiche vorgef\u00fchrt werden und Fragen zu Ger\u00e4ten und Einsatztaktik beantwortet werden. Unter den strengen Blicken der Pr\u00fcfer <strong>Bernhard Kuisl<\/strong> (FF Schalding l.d.D.),<strong> J\u00fcrgen Grotke<\/strong> (Lz. Hauptwache) und <strong>Stefan Daller<\/strong> (Lz. Innstadt) konnte allerdings zum Schluss gejubelt werden und die M\u00fchen hatten sich gelohnt. <strong>Alissa Hutwelker, Daniela Gottinger, Nadine Gottinger, Julia Johanson, Fabian Matijevic, Florian Knoll, Dennis Magdans, Felix Fuhs, Matthias Weigl<\/strong> (alle Stufe 1 &#8211; Bronze), <strong>Dorina Spannbauer, Oliver F\u00e4rber, Zacharias Zanella<\/strong> (alle Stufe 2 &#8211; Silber), <strong>Christopher Craxton, Sven Andres<\/strong> (beide Stufe 3 &#8211; gold) und <strong>Alexander Breitenfellner<\/strong> (Stufe 6 &#8211; gold\/rot) konnten ihre Abzeichen entgegennehmen.<br \/>\nNeben der pers\u00f6nlichen Best\u00e4tigung der eigenen Leistung, zeigte sich auch, dass die B\u00fcrger und Besucher von Alt- und Ilzstadt &#8211; dem Schutzgebiet dieses L\u00f6schzugs &#8211; sich auf ihre Freiwillige Feuerwehr verlassen k\u00f6nnen und schnell kompetente Hilfe durch die ehrenamtlichen Helfer bekommen.<br \/>\nEin besonderer Dank gilt noch den Ausbildern F<strong>lorian Emmer, Josef K\u00f6ck, Oliver Haimerl<\/strong> und <strong>Martin Gahr<\/strong> die die Teilnehmenden auf die Pr\u00fcfung vorbereiteten sowie <strong>Marius Schreib<\/strong>, der die Geehrten anschlie\u00dfend noch angemessen verpflegte.<\/p>\n","protected":false},"excerpt":{"rendered":"<p>Viele schauten verwundert, wenn sie die vergangenen 2 Wochen durch den neuen Fu\u00df- und Fahrradtunnel in die Ilzstadt kamen. Am Feuerwehrhaus am Fu\u00dfe des Georgsberges standen jeden Abend Feuerwehrfrauen und -m\u00e4nner und pumpten Wasser aus einer Zisterne, warfen Schl\u00e4uche aus und schrien sich Befehle zu. Dies diente der Vorbereitung auf die Leistungspr\u00fcfung, der sich 2 Gruppen des L\u00f6schzugs stellten. Neben dem Aufbau eines L\u00f6scheinsatzes innerhalb von 4 Minuten mussten Knoten und Stiche vorgef\u00fchrt werden und Fragen zu Ger\u00e4ten und Einsatztaktik beantwortet werden. Unter den strengen Blicken der Pr\u00fcfer Bernhard Kuisl (FF Schalding l.d.D.), J\u00fcrgen Grotke (Lz. Hauptwache) und Stefan Daller (Lz. Innstadt) konnte allerdings zum Schluss gejubelt werden und die M\u00fchen hatten sich gelohnt. Alissa Hutwelker, Daniela Gottinger, Nadine Gottinger, Julia Johanson, Fabian Matijevic, Florian Knoll, Dennis Magdans, Felix Fuhs, Matthias Weigl (alle Stufe 1 &#8211; Bronze), Dorina Spannbauer, Oliver [&hellip;]<\/p>\n","protected":false},"author":25,"featured_media":1008,"comment_status":"open","ping_status":"open","sticky":false,"template":"","format":"standard","meta":{"footnotes":""},"categories":[1,7],"tags":[],"class_list":["post-990","post","type-post","status-publish","format-standard","has-post-thumbnail","hentry","category-allgemein","category-news"],"yoast_head":"<!-- This site is optimized with the Yoast SEO plugin v24.3 - https:\/\/yoast.com\/wordpress\/plugins\/seo\/ -->\n<title>Leistungspr\u00fcfung beim L\u00f6schzug Ilzstadt - Feuerwehr Passau - L\u00f6schzug Ilzstadt<\/title>\n<meta name=\"robots\" content=\"index, follow, max-snippet:-1, max-image-preview:large, max-video-preview:-1\" \/>\n<link rel=\"canonical\" href=\"https:\/\/www.ffpassau.de\/ilzstadt\/2025\/04\/12\/leistungspruefung-beim-loeschzug-ilzstadt\/\" \/>\n<meta property=\"og:locale\" content=\"de_DE\" \/>\n<meta property=\"og:type\" content=\"article\" \/>\n<meta property=\"og:title\" content=\"Leistungspr\u00fcfung beim L\u00f6schzug Ilzstadt - Feuerwehr Passau - L\u00f6schzug Ilzstadt\" \/>\n<meta property=\"og:description\" content=\"Viele schauten verwundert, wenn sie die vergangenen 2 Wochen durch den neuen Fu\u00df- und Fahrradtunnel in die Ilzstadt kamen. Am Feuerwehrhaus am Fu\u00dfe des Georgsberges standen jeden Abend Feuerwehrfrauen und -m\u00e4nner und pumpten Wasser aus einer Zisterne, warfen Schl\u00e4uche aus und schrien sich Befehle zu. Dies diente der Vorbereitung auf die Leistungspr\u00fcfung, der sich 2 Gruppen des L\u00f6schzugs stellten. Neben dem Aufbau eines L\u00f6scheinsatzes innerhalb von 4 Minuten mussten Knoten und Stiche vorgef\u00fchrt werden und Fragen zu Ger\u00e4ten und Einsatztaktik beantwortet werden. Unter den strengen Blicken der Pr\u00fcfer Bernhard Kuisl (FF Schalding l.d.D.), J\u00fcrgen Grotke (Lz. Hauptwache) und Stefan Daller (Lz. Innstadt) konnte allerdings zum Schluss gejubelt werden und die M\u00fchen hatten sich gelohnt. Alissa Hutwelker, Daniela Gottinger, Nadine Gottinger, Julia Johanson, Fabian Matijevic, Florian Knoll, Dennis Magdans, Felix Fuhs, Matthias Weigl (alle Stufe 1 &#8211; Bronze), Dorina Spannbauer, Oliver [&hellip;]\" \/>\n<meta property=\"og:url\" content=\"https:\/\/www.ffpassau.de\/ilzstadt\/2025\/04\/12\/leistungspruefung-beim-loeschzug-ilzstadt\/\" \/>\n<meta property=\"og:site_name\" content=\"Feuerwehr Passau - L\u00f6schzug Ilzstadt\" \/>\n<meta property=\"article:published_time\" content=\"2025-04-12T09:42:52+00:00\" \/>\n<meta property=\"og:image\" content=\"https:\/\/www.ffpassau.de\/ilzstadt\/wp-content\/uploads\/sites\/3\/2025\/04\/2025-04-10_Gruppenfoto_Leistungsabzeichen-scaled.jpeg\" \/>\n\t<meta property=\"og:image:width\" content=\"2560\" \/>\n\t<meta property=\"og:image:height\" content=\"1920\" \/>\n\t<meta property=\"og:image:type\" content=\"image\/jpeg\" \/>\n<meta name=\"author\" content=\"florianemmer\" \/>\n<meta name=\"twitter:card\" content=\"summary_large_image\" \/>\n<meta name=\"twitter:label1\" content=\"Verfasst von\" \/>\n\t<meta name=\"twitter:data1\" content=\"florianemmer\" \/>\n\t<meta name=\"twitter:label2\" content=\"Gesch\u00e4tzte Lesezeit\" \/>\n\t<meta name=\"twitter:data2\" content=\"2\u00a0Minuten\" \/>\n<script type=\"application\/ld+json\" class=\"yoast-schema-graph\">{\"@context\":\"https:\/\/schema.org\",\"@graph\":[{\"@type\":\"Article\",\"@id\":\"https:\/\/www.ffpassau.de\/ilzstadt\/2025\/04\/12\/leistungspruefung-beim-loeschzug-ilzstadt\/#article\",\"isPartOf\":{\"@id\":\"https:\/\/www.ffpassau.de\/ilzstadt\/2025\/04\/12\/leistungspruefung-beim-loeschzug-ilzstadt\/\"},\"author\":{\"name\":\"florianemmer\",\"@id\":\"https:\/\/www.ffpassau.de\/ilzstadt\/#\/schema\/person\/0a8a328696d64ce03df696cfa71fff6e\"},\"headline\":\"Leistungspr\u00fcfung beim L\u00f6schzug Ilzstadt\",\"datePublished\":\"2025-04-12T09:42:52+00:00\",\"dateModified\":\"2025-04-12T09:42:52+00:00\",\"mainEntityOfPage\":{\"@id\":\"https:\/\/www.ffpassau.de\/ilzstadt\/2025\/04\/12\/leistungspruefung-beim-loeschzug-ilzstadt\/\"},\"wordCount\":265,\"commentCount\":0,\"publisher\":{\"@id\":\"https:\/\/www.ffpassau.de\/ilzstadt\/#organization\"},\"image\":{\"@id\":\"https:\/\/www.ffpassau.de\/ilzstadt\/2025\/04\/12\/leistungspruefung-beim-loeschzug-ilzstadt\/#primaryimage\"},\"thumbnailUrl\":\"https:\/\/www.ffpassau.de\/ilzstadt\/wp-content\/uploads\/sites\/3\/2025\/04\/2025-04-10_Gruppenfoto_Leistungsabzeichen-scaled.jpeg\",\"articleSection\":{\"1\":\"News\"},\"inLanguage\":\"de\",\"potentialAction\":[{\"@type\":\"CommentAction\",\"name\":\"Comment\",\"target\":[\"https:\/\/www.ffpassau.de\/ilzstadt\/2025\/04\/12\/leistungspruefung-beim-loeschzug-ilzstadt\/#respond\"]}]},{\"@type\":\"WebPage\",\"@id\":\"https:\/\/www.ffpassau.de\/ilzstadt\/2025\/04\/12\/leistungspruefung-beim-loeschzug-ilzstadt\/\",\"url\":\"https:\/\/www.ffpassau.de\/ilzstadt\/2025\/04\/12\/leistungspruefung-beim-loeschzug-ilzstadt\/\",\"name\":\"Leistungspr\u00fcfung beim L\u00f6schzug Ilzstadt - Feuerwehr Passau - L\u00f6schzug Ilzstadt\",\"isPartOf\":{\"@id\":\"https:\/\/www.ffpassau.de\/ilzstadt\/#website\"},\"primaryImageOfPage\":{\"@id\":\"https:\/\/www.ffpassau.de\/ilzstadt\/2025\/04\/12\/leistungspruefung-beim-loeschzug-ilzstadt\/#primaryimage\"},\"image\":{\"@id\":\"https:\/\/www.ffpassau.de\/ilzstadt\/2025\/04\/12\/leistungspruefung-beim-loeschzug-ilzstadt\/#primaryimage\"},\"thumbnailUrl\":\"https:\/\/www.ffpassau.de\/ilzstadt\/wp-content\/uploads\/sites\/3\/2025\/04\/2025-04-10_Gruppenfoto_Leistungsabzeichen-scaled.jpeg\",\"datePublished\":\"2025-04-12T09:42:52+00:00\",\"dateModified\":\"2025-04-12T09:42:52+00:00\",\"breadcrumb\":{\"@id\":\"https:\/\/www.ffpassau.de\/ilzstadt\/2025\/04\/12\/leistungspruefung-beim-loeschzug-ilzstadt\/#breadcrumb\"},\"inLanguage\":\"de\",\"potentialAction\":[{\"@type\":\"ReadAction\",\"target\":[\"https:\/\/www.ffpassau.de\/ilzstadt\/2025\/04\/12\/leistungspruefung-beim-loeschzug-ilzstadt\/\"]}]},{\"@type\":\"ImageObject\",\"inLanguage\":\"de\",\"@id\":\"https:\/\/www.ffpassau.de\/ilzstadt\/2025\/04\/12\/leistungspruefung-beim-loeschzug-ilzstadt\/#primaryimage\",\"url\":\"https:\/\/www.ffpassau.de\/ilzstadt\/wp-content\/uploads\/sites\/3\/2025\/04\/2025-04-10_Gruppenfoto_Leistungsabzeichen-scaled.jpeg\",\"contentUrl\":\"https:\/\/www.ffpassau.de\/ilzstadt\/wp-content\/uploads\/sites\/3\/2025\/04\/2025-04-10_Gruppenfoto_Leistungsabzeichen-scaled.jpeg\",\"width\":2560,\"height\":1920},{\"@type\":\"BreadcrumbList\",\"@id\":\"https:\/\/www.ffpassau.de\/ilzstadt\/2025\/04\/12\/leistungspruefung-beim-loeschzug-ilzstadt\/#breadcrumb\",\"itemListElement\":[{\"@type\":\"ListItem\",\"position\":1,\"name\":\"Startseite\",\"item\":\"https:\/\/www.ffpassau.de\/ilzstadt\/\"},{\"@type\":\"ListItem\",\"position\":2,\"name\":\"Leistungspr\u00fcfung beim L\u00f6schzug Ilzstadt\"}]},{\"@type\":\"WebSite\",\"@id\":\"https:\/\/www.ffpassau.de\/ilzstadt\/#website\",\"url\":\"https:\/\/www.ffpassau.de\/ilzstadt\/\",\"name\":\"Feuerwehr Passau - L\u00f6schzug Ilztadt\",\"description\":\"\",\"publisher\":{\"@id\":\"https:\/\/www.ffpassau.de\/ilzstadt\/#organization\"},\"potentialAction\":[{\"@type\":\"SearchAction\",\"target\":{\"@type\":\"EntryPoint\",\"urlTemplate\":\"https:\/\/www.ffpassau.de\/ilzstadt\/?s={search_term_string}\"},\"query-input\":{\"@type\":\"PropertyValueSpecification\",\"valueRequired\":true,\"valueName\":\"search_term_string\"}}],\"inLanguage\":\"de\"},{\"@type\":\"Organization\",\"@id\":\"https:\/\/www.ffpassau.de\/ilzstadt\/#organization\",\"name\":\"Feuerwehr Passau - L\u00f6schzug Ilztadt\",\"url\":\"https:\/\/www.ffpassau.de\/ilzstadt\/\",\"logo\":{\"@type\":\"ImageObject\",\"inLanguage\":\"de\",\"@id\":\"https:\/\/www.ffpassau.de\/ilzstadt\/#\/schema\/logo\/image\/\",\"url\":\"https:\/\/www.ffpassau.de\/ilzstadt\/wp-content\/uploads\/sites\/3\/2020\/02\/lz_ilzstadt_logo.svg\",\"contentUrl\":\"https:\/\/www.ffpassau.de\/ilzstadt\/wp-content\/uploads\/sites\/3\/2020\/02\/lz_ilzstadt_logo.svg\",\"width\":1,\"height\":1,\"caption\":\"Feuerwehr Passau - L\u00f6schzug Ilztadt\"},\"image\":{\"@id\":\"https:\/\/www.ffpassau.de\/ilzstadt\/#\/schema\/logo\/image\/\"}},{\"@type\":\"Person\",\"@id\":\"https:\/\/www.ffpassau.de\/ilzstadt\/#\/schema\/person\/0a8a328696d64ce03df696cfa71fff6e\",\"name\":\"florianemmer\",\"image\":{\"@type\":\"ImageObject\",\"inLanguage\":\"de\",\"@id\":\"https:\/\/www.ffpassau.de\/ilzstadt\/#\/schema\/person\/image\/\",\"url\":\"https:\/\/secure.gravatar.com\/avatar\/d873e44cf51ef076311ae3fd16951164?s=96&d=mm&r=g\",\"contentUrl\":\"https:\/\/secure.gravatar.com\/avatar\/d873e44cf51ef076311ae3fd16951164?s=96&d=mm&r=g\",\"caption\":\"florianemmer\"},\"url\":\"https:\/\/www.ffpassau.de\/ilzstadt\/author\/florianemmer\/\"}]}<\/script>\n<!-- \/ Yoast SEO plugin. -->","yoast_head_json":{"title":"Leistungspr\u00fcfung beim L\u00f6schzug Ilzstadt - Feuerwehr Passau - L\u00f6schzug Ilzstadt","robots":{"index":"index","follow":"follow","max-snippet":"max-snippet:-1","max-image-preview":"max-image-preview:large","max-video-preview":"max-video-preview:-1"},"canonical":"https:\/\/www.ffpassau.de\/ilzstadt\/2025\/04\/12\/leistungspruefung-beim-loeschzug-ilzstadt\/","og_locale":"de_DE","og_type":"article","og_title":"Leistungspr\u00fcfung beim L\u00f6schzug Ilzstadt - Feuerwehr Passau - L\u00f6schzug Ilzstadt","og_description":"Viele schauten verwundert, wenn sie die vergangenen 2 Wochen durch den neuen Fu\u00df- und Fahrradtunnel in die Ilzstadt kamen. Am Feuerwehrhaus am Fu\u00dfe des Georgsberges standen jeden Abend Feuerwehrfrauen und -m\u00e4nner und pumpten Wasser aus einer Zisterne, warfen Schl\u00e4uche aus und schrien sich Befehle zu. Dies diente der Vorbereitung auf die Leistungspr\u00fcfung, der sich 2 Gruppen des L\u00f6schzugs stellten. Neben dem Aufbau eines L\u00f6scheinsatzes innerhalb von 4 Minuten mussten Knoten und Stiche vorgef\u00fchrt werden und Fragen zu Ger\u00e4ten und Einsatztaktik beantwortet werden. Unter den strengen Blicken der Pr\u00fcfer Bernhard Kuisl (FF Schalding l.d.D.), J\u00fcrgen Grotke (Lz. Hauptwache) und Stefan Daller (Lz. Innstadt) konnte allerdings zum Schluss gejubelt werden und die M\u00fchen hatten sich gelohnt. Alissa Hutwelker, Daniela Gottinger, Nadine Gottinger, Julia Johanson, Fabian Matijevic, Florian Knoll, Dennis Magdans, Felix Fuhs, Matthias Weigl (alle Stufe 1 &#8211; Bronze), Dorina Spannbauer, Oliver [&hellip;]","og_url":"https:\/\/www.ffpassau.de\/ilzstadt\/2025\/04\/12\/leistungspruefung-beim-loeschzug-ilzstadt\/","og_site_name":"Feuerwehr Passau - L\u00f6schzug Ilzstadt","article_published_time":"2025-04-12T09:42:52+00:00","og_image":[{"width":2560,"height":1920,"url":"https:\/\/www.ffpassau.de\/ilzstadt\/wp-content\/uploads\/sites\/3\/2025\/04\/2025-04-10_Gruppenfoto_Leistungsabzeichen-scaled.jpeg","type":"image\/jpeg"}],"author":"florianemmer","twitter_card":"summary_large_image","twitter_misc":{"Verfasst von":"florianemmer","Gesch\u00e4tzte Lesezeit":"2\u00a0Minuten"},"schema":{"@context":"https:\/\/schema.org","@graph":[{"@type":"Article","@id":"https:\/\/www.ffpassau.de\/ilzstadt\/2025\/04\/12\/leistungspruefung-beim-loeschzug-ilzstadt\/#article","isPartOf":{"@id":"https:\/\/www.ffpassau.de\/ilzstadt\/2025\/04\/12\/leistungspruefung-beim-loeschzug-ilzstadt\/"},"author":{"name":"florianemmer","@id":"https:\/\/www.ffpassau.de\/ilzstadt\/#\/schema\/person\/0a8a328696d64ce03df696cfa71fff6e"},"headline":"Leistungspr\u00fcfung beim L\u00f6schzug Ilzstadt","datePublished":"2025-04-12T09:42:52+00:00","dateModified":"2025-04-12T09:42:52+00:00","mainEntityOfPage":{"@id":"https:\/\/www.ffpassau.de\/ilzstadt\/2025\/04\/12\/leistungspruefung-beim-loeschzug-ilzstadt\/"},"wordCount":265,"commentCount":0,"publisher":{"@id":"https:\/\/www.ffpassau.de\/ilzstadt\/#organization"},"image":{"@id":"https:\/\/www.ffpassau.de\/ilzstadt\/2025\/04\/12\/leistungspruefung-beim-loeschzug-ilzstadt\/#primaryimage"},"thumbnailUrl":"https:\/\/www.ffpassau.de\/ilzstadt\/wp-content\/uploads\/sites\/3\/2025\/04\/2025-04-10_Gruppenfoto_Leistungsabzeichen-scaled.jpeg","articleSection":{"1":"News"},"inLanguage":"de","potentialAction":[{"@type":"CommentAction","name":"Comment","target":["https:\/\/www.ffpassau.de\/ilzstadt\/2025\/04\/12\/leistungspruefung-beim-loeschzug-ilzstadt\/#respond"]}]},{"@type":"WebPage","@id":"https:\/\/www.ffpassau.de\/ilzstadt\/2025\/04\/12\/leistungspruefung-beim-loeschzug-ilzstadt\/","url":"https:\/\/www.ffpassau.de\/ilzstadt\/2025\/04\/12\/leistungspruefung-beim-loeschzug-ilzstadt\/","name":"Leistungspr\u00fcfung beim L\u00f6schzug Ilzstadt - Feuerwehr Passau - L\u00f6schzug Ilzstadt","isPartOf":{"@id":"https:\/\/www.ffpassau.de\/ilzstadt\/#website"},"primaryImageOfPage":{"@id":"https:\/\/www.ffpassau.de\/ilzstadt\/2025\/04\/12\/leistungspruefung-beim-loeschzug-ilzstadt\/#primaryimage"},"image":{"@id":"https:\/\/www.ffpassau.de\/ilzstadt\/2025\/04\/12\/leistungspruefung-beim-loeschzug-ilzstadt\/#primaryimage"},"thumbnailUrl":"https:\/\/www.ffpassau.de\/ilzstadt\/wp-content\/uploads\/sites\/3\/2025\/04\/2025-04-10_Gruppenfoto_Leistungsabzeichen-scaled.jpeg","datePublished":"2025-04-12T09:42:52+00:00","dateModified":"2025-04-12T09:42:52+00:00","breadcrumb":{"@id":"https:\/\/www.ffpassau.de\/ilzstadt\/2025\/04\/12\/leistungspruefung-beim-loeschzug-ilzstadt\/#breadcrumb"},"inLanguage":"de","potentialAction":[{"@type":"ReadAction","target":["https:\/\/www.ffpassau.de\/ilzstadt\/2025\/04\/12\/leistungspruefung-beim-loeschzug-ilzstadt\/"]}]},{"@type":"ImageObject","inLanguage":"de","@id":"https:\/\/www.ffpassau.de\/ilzstadt\/2025\/04\/12\/leistungspruefung-beim-loeschzug-ilzstadt\/#primaryimage","url":"https:\/\/www.ffpassau.de\/ilzstadt\/wp-content\/uploads\/sites\/3\/2025\/04\/2025-04-10_Gruppenfoto_Leistungsabzeichen-scaled.jpeg","contentUrl":"https:\/\/www.ffpassau.de\/ilzstadt\/wp-content\/uploads\/sites\/3\/2025\/04\/2025-04-10_Gruppenfoto_Leistungsabzeichen-scaled.jpeg","width":2560,"height":1920},{"@type":"BreadcrumbList","@id":"https:\/\/www.ffpassau.de\/ilzstadt\/2025\/04\/12\/leistungspruefung-beim-loeschzug-ilzstadt\/#breadcrumb","itemListElement":[{"@type":"ListItem","position":1,"name":"Startseite","item":"https:\/\/www.ffpassau.de\/ilzstadt\/"},{"@type":"ListItem","position":2,"name":"Leistungspr\u00fcfung beim L\u00f6schzug Ilzstadt"}]},{"@type":"WebSite","@id":"https:\/\/www.ffpassau.de\/ilzstadt\/#website","url":"https:\/\/www.ffpassau.de\/ilzstadt\/","name":"Feuerwehr Passau - L\u00f6schzug Ilztadt","description":"","publisher":{"@id":"https:\/\/www.ffpassau.de\/ilzstadt\/#organization"},"potentialAction":[{"@type":"SearchAction","target":{"@type":"EntryPoint","urlTemplate":"https:\/\/www.ffpassau.de\/ilzstadt\/?s={search_term_string}"},"query-input":{"@type":"PropertyValueSpecification","valueRequired":true,"valueName":"search_term_string"}}],"inLanguage":"de"},{"@type":"Organization","@id":"https:\/\/www.ffpassau.de\/ilzstadt\/#organization","name":"Feuerwehr Passau - L\u00f6schzug Ilztadt","url":"https:\/\/www.ffpassau.de\/ilzstadt\/","logo":{"@type":"ImageObject","inLanguage":"de","@id":"https:\/\/www.ffpassau.de\/ilzstadt\/#\/schema\/logo\/image\/","url":"https:\/\/www.ffpassau.de\/ilzstadt\/wp-content\/uploads\/sites\/3\/2020\/02\/lz_ilzstadt_logo.svg","contentUrl":"https:\/\/www.ffpassau.de\/ilzstadt\/wp-content\/uploads\/sites\/3\/2020\/02\/lz_ilzstadt_logo.svg","width":1,"height":1,"caption":"Feuerwehr Passau - L\u00f6schzug Ilztadt"},"image":{"@id":"https:\/\/www.ffpassau.de\/ilzstadt\/#\/schema\/logo\/image\/"}},{"@type":"Person","@id":"https:\/\/www.ffpassau.de\/ilzstadt\/#\/schema\/person\/0a8a328696d64ce03df696cfa71fff6e","name":"florianemmer","image":{"@type":"ImageObject","inLanguage":"de","@id":"https:\/\/www.ffpassau.de\/ilzstadt\/#\/schema\/person\/image\/","url":"https:\/\/secure.gravatar.com\/avatar\/d873e44cf51ef076311ae3fd16951164?s=96&d=mm&r=g","contentUrl":"https:\/\/secure.gravatar.com\/avatar\/d873e44cf51ef076311ae3fd16951164?s=96&d=mm&r=g","caption":"florianemmer"},"url":"https:\/\/www.ffpassau.de\/ilzstadt\/author\/florianemmer\/"}]}},"_links":{"self":[{"href":"https:\/\/www.ffpassau.de\/ilzstadt\/wp-json\/wp\/v2\/posts\/990","targetHints":{"allow":["GET"]}}],"collection":[{"href":"https:\/\/www.ffpassau.de\/ilzstadt\/wp-json\/wp\/v2\/posts"}],"about":[{"href":"https:\/\/www.ffpassau.de\/ilzstadt\/wp-json\/wp\/v2\/types\/post"}],"author":[{"embeddable":true,"href":"https:\/\/www.ffpassau.de\/ilzstadt\/wp-json\/wp\/v2\/users\/25"}],"replies":[{"embeddable":true,"href":"https:\/\/www.ffpassau.de\/ilzstadt\/wp-json\/wp\/v2\/comments?post=990"}],"version-history":[{"count":1,"href":"https:\/\/www.ffpassau.de\/ilzstadt\/wp-json\/wp\/v2\/posts\/990\/revisions"}],"predecessor-version":[{"id":1009,"href":"https:\/\/www.ffpassau.de\/ilzstadt\/wp-json\/wp\/v2\/posts\/990\/revisions\/1009"}],"wp:featuredmedia":[{"embeddable":true,"href":"https:\/\/www.ffpassau.de\/ilzstadt\/wp-json\/wp\/v2\/media\/1008"}],"wp:attachment":[{"href":"https:\/\/www.ffpassau.de\/ilzstadt\/wp-json\/wp\/v2\/media?parent=990"}],"wp:term":[{"taxonomy":"category","embeddable":true,"href":"https:\/\/www.ffpassau.de\/ilzstadt\/wp-json\/wp\/v2\/categories?post=990"},{"taxonomy":"post_tag","embeddable":true,"href":"https:\/\/www.ffpassau.de\/ilzstadt\/wp-json\/wp\/v2\/tags?post=990"}],"curies":[{"name":"wp","href":"https:\/\/api.w.org\/{rel}","templated":true}]}}