{"id":290,"date":"2018-10-20T09:03:38","date_gmt":"2018-10-20T07:03:38","guid":{"rendered":"https:\/\/www.ffpassau.de\/innstadt\/?p=290"},"modified":"2020-03-21T00:18:07","modified_gmt":"2020-03-20T23:18:07","slug":"gemeinschaftsuebung-ffw-passau-innstadt-und-ffw-schardenberg","status":"publish","type":"post","link":"https:\/\/www.ffpassau.de\/innstadt\/2018\/10\/gemeinschaftsuebung-ffw-passau-innstadt-und-ffw-schardenberg\/","title":{"rendered":"Gemeinschafts\u00fcbung Innstadt und Schardenberg"},"content":{"rendered":"<p>Am Freitag, den 19. Oktober 2018 fand die j\u00e4hrliche Gemeinschafts\u00fcbung der beiden Patenfeuerwehren FF Passau-Innstadt und FF Schardenberg statt. Dabei sind die \u00dcbungsorte immer abwechselnd, einmal in Deutschland und einmal in \u00d6sterreich. Dieses Jahr wurde die \u00dcbung von der FF Passau-Innstadt organisiert. Angenommen wurde ein Wohnhausbrand in einer sehr schwer zug\u00e4nglichen Sackgasse im Lindental, die den Berg hinauf Richtung K\u00fchberg ging. Das Haus ist mit normalen Pkw kaum zu erreichen, geschweige denn mit einem Feuerwehrauto. Aufgeteilt wurde die Einsatzstelle in die Teile Lindental und K\u00fchberg. Im Lindental wurde die L\u00f6schwasserversorgung \u00fcber Hydranten mit dem L\u00f6schgruppenfahrzeug LF 10 aufgebaut. Zus\u00e4tzlich wurde hier die Drehleiter zur Beleuchtung der Einsatzstelle eingesetzt. Das LF 8\/6 der FF Passau-Innstadt wurde mit der L\u00f6schwasserversorgung \u00fcber Hydranten und mit der Ausleuchtung der Einsatzstelle vom K\u00fchberg aus beauftragt. Die Kameraden der FF Schardenberg unterst\u00fctzten am K\u00fchberg und \u00fcbernahmen die L\u00f6schwasserversorgung.<\/p>\n<p>Vom Lindental aus gingen zwei Trupps unter Atemschutz zum Geb\u00e4ude vor, retteten eine verletzte Person und begannen anschlie\u00dfend mit der Brandbek\u00e4mpfung. Nachdem &#8222;Feuer aus&#8220; gemeldet wurde, trafen sich alle beteiligten zum gem\u00fctlichen Beisammensein am K\u00fchberg, wo bei Wei\u00dfwurst und Bier der Abend ausklang.<\/p>\n<p>Wie schnell die gegenseitige Unterst\u00fctzung gebraucht werden kann, zeigte eine Alarmierung am n\u00e4chsten Tag. Um 11:01 wurde in der Gegend um Schardenberg 8 Freiwillige Feuerwehren zu einem Brand einer Gewerbehalle gerufen. Nachdem schnell klar wurde, dass das Feuer schon relativ weit ausgebreitet war, wurden aus Passau die Feuerwehr Hauptwache und die Feuerwehr Innstadt dazu gerufen, um die Kameraden aus Schardenberg zu unterst\u00fctzen. Verletzt wurde bei dem Brand gl\u00fccklicherweise niemand.<\/p>\n<p>&nbsp;<\/p>\n<p><a href=\"http:\/\/ffpassau.de\/innstadt\/wp-content\/uploads\/sites\/2\/2020\/03\/Schardenberg18_2.jpg\"><img loading=\"lazy\" decoding=\"async\" class=\"size-medium wp-image-292 alignleft\" src=\"http:\/\/ffpassau.de\/innstadt\/wp-content\/uploads\/sites\/2\/2020\/03\/Schardenberg18_2-300x222.jpg\" alt=\"\" width=\"300\" height=\"222\" srcset=\"https:\/\/www.ffpassau.de\/innstadt\/wp-content\/uploads\/sites\/2\/2020\/03\/Schardenberg18_2-300x222.jpg 300w, https:\/\/www.ffpassau.de\/innstadt\/wp-content\/uploads\/sites\/2\/2020\/03\/Schardenberg18_2-768x569.jpg 768w, https:\/\/www.ffpassau.de\/innstadt\/wp-content\/uploads\/sites\/2\/2020\/03\/Schardenberg18_2.jpg 922w\" sizes=\"auto, (max-width: 300px) 100vw, 300px\" \/><\/a> <a href=\"http:\/\/ffpassau.de\/innstadt\/wp-content\/uploads\/sites\/2\/2020\/03\/Schardenberg18_4.jpg\"><img loading=\"lazy\" decoding=\"async\" class=\"size-medium wp-image-294 alignleft\" src=\"http:\/\/ffpassau.de\/innstadt\/wp-content\/uploads\/sites\/2\/2020\/03\/Schardenberg18_4-300x235.jpg\" alt=\"\" width=\"300\" height=\"235\" srcset=\"https:\/\/www.ffpassau.de\/innstadt\/wp-content\/uploads\/sites\/2\/2020\/03\/Schardenberg18_4-300x235.jpg 300w, https:\/\/www.ffpassau.de\/innstadt\/wp-content\/uploads\/sites\/2\/2020\/03\/Schardenberg18_4-768x602.jpg 768w, https:\/\/www.ffpassau.de\/innstadt\/wp-content\/uploads\/sites\/2\/2020\/03\/Schardenberg18_4.jpg 980w\" sizes=\"auto, (max-width: 300px) 100vw, 300px\" \/><\/a> <a href=\"http:\/\/ffpassau.de\/innstadt\/wp-content\/uploads\/sites\/2\/2020\/03\/Schardenberg18_5.jpg\"><img loading=\"lazy\" decoding=\"async\" class=\"size-medium wp-image-295 alignleft\" src=\"http:\/\/ffpassau.de\/innstadt\/wp-content\/uploads\/sites\/2\/2020\/03\/Schardenberg18_5-300x200.jpg\" alt=\"\" width=\"300\" height=\"200\" srcset=\"https:\/\/www.ffpassau.de\/innstadt\/wp-content\/uploads\/sites\/2\/2020\/03\/Schardenberg18_5-300x200.jpg 300w, https:\/\/www.ffpassau.de\/innstadt\/wp-content\/uploads\/sites\/2\/2020\/03\/Schardenberg18_5-768x512.jpg 768w, https:\/\/www.ffpassau.de\/innstadt\/wp-content\/uploads\/sites\/2\/2020\/03\/Schardenberg18_5-272x182.jpg 272w, https:\/\/www.ffpassau.de\/innstadt\/wp-content\/uploads\/sites\/2\/2020\/03\/Schardenberg18_5.jpg 1024w\" sizes=\"auto, (max-width: 300px) 100vw, 300px\" \/><\/a><a href=\"http:\/\/ffpassau.de\/innstadt\/wp-content\/uploads\/sites\/2\/2020\/03\/Schardenberg18_3.jpg\"><img loading=\"lazy\" decoding=\"async\" class=\"size-medium wp-image-293 alignnone\" src=\"http:\/\/ffpassau.de\/innstadt\/wp-content\/uploads\/sites\/2\/2020\/03\/Schardenberg18_3-300x200.jpg\" alt=\"\" width=\"300\" height=\"200\" srcset=\"https:\/\/www.ffpassau.de\/innstadt\/wp-content\/uploads\/sites\/2\/2020\/03\/Schardenberg18_3-300x200.jpg 300w, https:\/\/www.ffpassau.de\/innstadt\/wp-content\/uploads\/sites\/2\/2020\/03\/Schardenberg18_3-768x512.jpg 768w, https:\/\/www.ffpassau.de\/innstadt\/wp-content\/uploads\/sites\/2\/2020\/03\/Schardenberg18_3-272x182.jpg 272w, https:\/\/www.ffpassau.de\/innstadt\/wp-content\/uploads\/sites\/2\/2020\/03\/Schardenberg18_3.jpg 1024w\" sizes=\"auto, (max-width: 300px) 100vw, 300px\" \/><\/a><\/p>\n","protected":false},"excerpt":{"rendered":"<p>Am Freitag, den 19. Oktober 2018 fand die j\u00e4hrliche Gemeinschafts\u00fcbung der beiden Patenfeuerwehren FF Passau-Innstadt und FF Schardenberg statt. Dabei sind die \u00dcbungsorte immer abwechselnd, einmal in Deutschland und einmal in \u00d6sterreich. Dieses Jahr wurde die \u00dcbung von der FF Passau-Innstadt organisiert. Angenommen wurde ein Wohnhausbrand in einer sehr schwer zug\u00e4nglichen Sackgasse im Lindental, die den Berg hinauf Richtung K\u00fchberg ging. Das Haus ist mit normalen Pkw kaum zu erreichen, geschweige denn mit einem Feuerwehrauto. Aufgeteilt wurde die Einsatzstelle in die Teile Lindental und K\u00fchberg. Im Lindental wurde die L\u00f6schwasserversorgung \u00fcber Hydranten mit dem L\u00f6schgruppenfahrzeug LF 10 aufgebaut. Zus\u00e4tzlich wurde hier die Drehleiter zur Beleuchtung der Einsatzstelle eingesetzt. Das LF 8\/6 der FF Passau-Innstadt wurde mit der L\u00f6schwasserversorgung \u00fcber Hydranten und mit der Ausleuchtung der Einsatzstelle vom K\u00fchberg aus beauftragt. Die Kameraden der FF Schardenberg unterst\u00fctzten am K\u00fchberg und \u00fcbernahmen [&hellip;]<\/p>\n","protected":false},"author":11,"featured_media":291,"comment_status":"open","ping_status":"open","sticky":false,"template":"","format":"standard","meta":{"footnotes":""},"categories":[22],"tags":[20,16,18,19,17],"class_list":["post-290","post","type-post","status-publish","format-standard","has-post-thumbnail","hentry","category-uebung","tag-drehleiter","tag-gemeinschaftsuebung","tag-lf-10","tag-lf-8","tag-schardenberg"],"yoast_head":"<!-- This site is optimized with the Yoast SEO plugin v24.3 - https:\/\/yoast.com\/wordpress\/plugins\/seo\/ -->\n<title>Gemeinschafts\u00fcbung Innstadt und Schardenberg - Feuerwehr Passau - L\u00f6schzug Innstadt<\/title>\n<meta name=\"robots\" content=\"index, follow, max-snippet:-1, max-image-preview:large, max-video-preview:-1\" \/>\n<link rel=\"canonical\" href=\"https:\/\/www.ffpassau.de\/innstadt\/2018\/10\/gemeinschaftsuebung-ffw-passau-innstadt-und-ffw-schardenberg\/\" \/>\n<meta property=\"og:locale\" content=\"de_DE\" \/>\n<meta property=\"og:type\" content=\"article\" \/>\n<meta property=\"og:title\" content=\"Gemeinschafts\u00fcbung Innstadt und Schardenberg - Feuerwehr Passau - L\u00f6schzug Innstadt\" \/>\n<meta property=\"og:description\" content=\"Am Freitag, den 19. Oktober 2018 fand die j\u00e4hrliche Gemeinschafts\u00fcbung der beiden Patenfeuerwehren FF Passau-Innstadt und FF Schardenberg statt. Dabei sind die \u00dcbungsorte immer abwechselnd, einmal in Deutschland und einmal in \u00d6sterreich. Dieses Jahr wurde die \u00dcbung von der FF Passau-Innstadt organisiert. Angenommen wurde ein Wohnhausbrand in einer sehr schwer zug\u00e4nglichen Sackgasse im Lindental, die den Berg hinauf Richtung K\u00fchberg ging. Das Haus ist mit normalen Pkw kaum zu erreichen, geschweige denn mit einem Feuerwehrauto. Aufgeteilt wurde die Einsatzstelle in die Teile Lindental und K\u00fchberg. Im Lindental wurde die L\u00f6schwasserversorgung \u00fcber Hydranten mit dem L\u00f6schgruppenfahrzeug LF 10 aufgebaut. Zus\u00e4tzlich wurde hier die Drehleiter zur Beleuchtung der Einsatzstelle eingesetzt. Das LF 8\/6 der FF Passau-Innstadt wurde mit der L\u00f6schwasserversorgung \u00fcber Hydranten und mit der Ausleuchtung der Einsatzstelle vom K\u00fchberg aus beauftragt. Die Kameraden der FF Schardenberg unterst\u00fctzten am K\u00fchberg und \u00fcbernahmen [&hellip;]\" \/>\n<meta property=\"og:url\" content=\"https:\/\/www.ffpassau.de\/innstadt\/2018\/10\/gemeinschaftsuebung-ffw-passau-innstadt-und-ffw-schardenberg\/\" \/>\n<meta property=\"og:site_name\" content=\"Feuerwehr Passau - L\u00f6schzug Innstadt\" \/>\n<meta property=\"article:published_time\" content=\"2018-10-20T07:03:38+00:00\" \/>\n<meta property=\"article:modified_time\" content=\"2020-03-20T23:18:07+00:00\" \/>\n<meta property=\"og:image\" content=\"https:\/\/www.ffpassau.de\/innstadt\/wp-content\/uploads\/sites\/2\/2020\/03\/Schardenberg18_1.jpg\" \/>\n\t<meta property=\"og:image:width\" content=\"818\" \/>\n\t<meta property=\"og:image:height\" content=\"768\" \/>\n\t<meta property=\"og:image:type\" content=\"image\/jpeg\" \/>\n<meta name=\"author\" content=\"josephsieger\" \/>\n<meta name=\"twitter:card\" content=\"summary_large_image\" \/>\n<meta name=\"twitter:label1\" content=\"Verfasst von\" \/>\n\t<meta name=\"twitter:data1\" content=\"josephsieger\" \/>\n\t<meta name=\"twitter:label2\" content=\"Gesch\u00e4tzte Lesezeit\" \/>\n\t<meta name=\"twitter:data2\" content=\"1\u00a0Minute\" \/>\n<script type=\"application\/ld+json\" class=\"yoast-schema-graph\">{\"@context\":\"https:\/\/schema.org\",\"@graph\":[{\"@type\":\"Article\",\"@id\":\"https:\/\/www.ffpassau.de\/innstadt\/2018\/10\/gemeinschaftsuebung-ffw-passau-innstadt-und-ffw-schardenberg\/#article\",\"isPartOf\":{\"@id\":\"https:\/\/www.ffpassau.de\/innstadt\/2018\/10\/gemeinschaftsuebung-ffw-passau-innstadt-und-ffw-schardenberg\/\"},\"author\":{\"name\":\"josephsieger\",\"@id\":\"https:\/\/www.ffpassau.de\/innstadt\/#\/schema\/person\/c57aee147ebbb10e364ea9680fcef601\"},\"headline\":\"Gemeinschafts\u00fcbung Innstadt und Schardenberg\",\"datePublished\":\"2018-10-20T07:03:38+00:00\",\"dateModified\":\"2020-03-20T23:18:07+00:00\",\"mainEntityOfPage\":{\"@id\":\"https:\/\/www.ffpassau.de\/innstadt\/2018\/10\/gemeinschaftsuebung-ffw-passau-innstadt-und-ffw-schardenberg\/\"},\"wordCount\":277,\"commentCount\":0,\"publisher\":{\"@id\":\"https:\/\/www.ffpassau.de\/innstadt\/#organization\"},\"image\":{\"@id\":\"https:\/\/www.ffpassau.de\/innstadt\/2018\/10\/gemeinschaftsuebung-ffw-passau-innstadt-und-ffw-schardenberg\/#primaryimage\"},\"thumbnailUrl\":\"https:\/\/www.ffpassau.de\/innstadt\/wp-content\/uploads\/sites\/2\/2020\/03\/Schardenberg18_1.jpg\",\"keywords\":[\"Drehleiter\",\"Gemeinschafts\u00fcbung\",\"LF 10\",\"LF 8\",\"Schardenberg\"],\"articleSection\":[\"\u00dcbung\"],\"inLanguage\":\"de\",\"potentialAction\":[{\"@type\":\"CommentAction\",\"name\":\"Comment\",\"target\":[\"https:\/\/www.ffpassau.de\/innstadt\/2018\/10\/gemeinschaftsuebung-ffw-passau-innstadt-und-ffw-schardenberg\/#respond\"]}]},{\"@type\":\"WebPage\",\"@id\":\"https:\/\/www.ffpassau.de\/innstadt\/2018\/10\/gemeinschaftsuebung-ffw-passau-innstadt-und-ffw-schardenberg\/\",\"url\":\"https:\/\/www.ffpassau.de\/innstadt\/2018\/10\/gemeinschaftsuebung-ffw-passau-innstadt-und-ffw-schardenberg\/\",\"name\":\"Gemeinschafts\u00fcbung Innstadt und Schardenberg - Feuerwehr Passau - L\u00f6schzug Innstadt\",\"isPartOf\":{\"@id\":\"https:\/\/www.ffpassau.de\/innstadt\/#website\"},\"primaryImageOfPage\":{\"@id\":\"https:\/\/www.ffpassau.de\/innstadt\/2018\/10\/gemeinschaftsuebung-ffw-passau-innstadt-und-ffw-schardenberg\/#primaryimage\"},\"image\":{\"@id\":\"https:\/\/www.ffpassau.de\/innstadt\/2018\/10\/gemeinschaftsuebung-ffw-passau-innstadt-und-ffw-schardenberg\/#primaryimage\"},\"thumbnailUrl\":\"https:\/\/www.ffpassau.de\/innstadt\/wp-content\/uploads\/sites\/2\/2020\/03\/Schardenberg18_1.jpg\",\"datePublished\":\"2018-10-20T07:03:38+00:00\",\"dateModified\":\"2020-03-20T23:18:07+00:00\",\"breadcrumb\":{\"@id\":\"https:\/\/www.ffpassau.de\/innstadt\/2018\/10\/gemeinschaftsuebung-ffw-passau-innstadt-und-ffw-schardenberg\/#breadcrumb\"},\"inLanguage\":\"de\",\"potentialAction\":[{\"@type\":\"ReadAction\",\"target\":[\"https:\/\/www.ffpassau.de\/innstadt\/2018\/10\/gemeinschaftsuebung-ffw-passau-innstadt-und-ffw-schardenberg\/\"]}]},{\"@type\":\"ImageObject\",\"inLanguage\":\"de\",\"@id\":\"https:\/\/www.ffpassau.de\/innstadt\/2018\/10\/gemeinschaftsuebung-ffw-passau-innstadt-und-ffw-schardenberg\/#primaryimage\",\"url\":\"https:\/\/www.ffpassau.de\/innstadt\/wp-content\/uploads\/sites\/2\/2020\/03\/Schardenberg18_1.jpg\",\"contentUrl\":\"https:\/\/www.ffpassau.de\/innstadt\/wp-content\/uploads\/sites\/2\/2020\/03\/Schardenberg18_1.jpg\",\"width\":818,\"height\":768},{\"@type\":\"BreadcrumbList\",\"@id\":\"https:\/\/www.ffpassau.de\/innstadt\/2018\/10\/gemeinschaftsuebung-ffw-passau-innstadt-und-ffw-schardenberg\/#breadcrumb\",\"itemListElement\":[{\"@type\":\"ListItem\",\"position\":1,\"name\":\"L\u00f6schzug Innstadt Startseite\",\"item\":\"https:\/\/www.ffpassau.de\/innstadt\/\"},{\"@type\":\"ListItem\",\"position\":2,\"name\":\"Gemeinschafts\u00fcbung Innstadt und Schardenberg\"}]},{\"@type\":\"WebSite\",\"@id\":\"https:\/\/www.ffpassau.de\/innstadt\/#website\",\"url\":\"https:\/\/www.ffpassau.de\/innstadt\/\",\"name\":\"Feuerwehr Passau - L\u00f6schzug Innstadt\",\"description\":\"\",\"publisher\":{\"@id\":\"https:\/\/www.ffpassau.de\/innstadt\/#organization\"},\"potentialAction\":[{\"@type\":\"SearchAction\",\"target\":{\"@type\":\"EntryPoint\",\"urlTemplate\":\"https:\/\/www.ffpassau.de\/innstadt\/?s={search_term_string}\"},\"query-input\":{\"@type\":\"PropertyValueSpecification\",\"valueRequired\":true,\"valueName\":\"search_term_string\"}}],\"inLanguage\":\"de\"},{\"@type\":\"Organization\",\"@id\":\"https:\/\/www.ffpassau.de\/innstadt\/#organization\",\"name\":\"Feuerwehr Passau - L\u00f6schzug Innstadt\",\"url\":\"https:\/\/www.ffpassau.de\/innstadt\/\",\"logo\":{\"@type\":\"ImageObject\",\"inLanguage\":\"de\",\"@id\":\"https:\/\/www.ffpassau.de\/innstadt\/#\/schema\/logo\/image\/\",\"url\":\"https:\/\/www.ffpassau.de\/innstadt\/wp-content\/uploads\/sites\/2\/2020\/02\/lz_innstadt_logo.svg\",\"contentUrl\":\"https:\/\/www.ffpassau.de\/innstadt\/wp-content\/uploads\/sites\/2\/2020\/02\/lz_innstadt_logo.svg\",\"width\":1,\"height\":1,\"caption\":\"Feuerwehr Passau - L\u00f6schzug Innstadt\"},\"image\":{\"@id\":\"https:\/\/www.ffpassau.de\/innstadt\/#\/schema\/logo\/image\/\"}},{\"@type\":\"Person\",\"@id\":\"https:\/\/www.ffpassau.de\/innstadt\/#\/schema\/person\/c57aee147ebbb10e364ea9680fcef601\",\"name\":\"josephsieger\",\"image\":{\"@type\":\"ImageObject\",\"inLanguage\":\"de\",\"@id\":\"https:\/\/www.ffpassau.de\/innstadt\/#\/schema\/person\/image\/\",\"url\":\"https:\/\/secure.gravatar.com\/avatar\/cc3466d2572aca2d6e25842b9d8b7736?s=96&d=mm&r=g\",\"contentUrl\":\"https:\/\/secure.gravatar.com\/avatar\/cc3466d2572aca2d6e25842b9d8b7736?s=96&d=mm&r=g\",\"caption\":\"josephsieger\"},\"url\":\"https:\/\/www.ffpassau.de\/innstadt\/author\/josephsieger\/\"}]}<\/script>\n<!-- \/ Yoast SEO plugin. -->","yoast_head_json":{"title":"Gemeinschafts\u00fcbung Innstadt und Schardenberg - Feuerwehr Passau - L\u00f6schzug Innstadt","robots":{"index":"index","follow":"follow","max-snippet":"max-snippet:-1","max-image-preview":"max-image-preview:large","max-video-preview":"max-video-preview:-1"},"canonical":"https:\/\/www.ffpassau.de\/innstadt\/2018\/10\/gemeinschaftsuebung-ffw-passau-innstadt-und-ffw-schardenberg\/","og_locale":"de_DE","og_type":"article","og_title":"Gemeinschafts\u00fcbung Innstadt und Schardenberg - Feuerwehr Passau - L\u00f6schzug Innstadt","og_description":"Am Freitag, den 19. Oktober 2018 fand die j\u00e4hrliche Gemeinschafts\u00fcbung der beiden Patenfeuerwehren FF Passau-Innstadt und FF Schardenberg statt. Dabei sind die \u00dcbungsorte immer abwechselnd, einmal in Deutschland und einmal in \u00d6sterreich. Dieses Jahr wurde die \u00dcbung von der FF Passau-Innstadt organisiert. Angenommen wurde ein Wohnhausbrand in einer sehr schwer zug\u00e4nglichen Sackgasse im Lindental, die den Berg hinauf Richtung K\u00fchberg ging. Das Haus ist mit normalen Pkw kaum zu erreichen, geschweige denn mit einem Feuerwehrauto. Aufgeteilt wurde die Einsatzstelle in die Teile Lindental und K\u00fchberg. Im Lindental wurde die L\u00f6schwasserversorgung \u00fcber Hydranten mit dem L\u00f6schgruppenfahrzeug LF 10 aufgebaut. Zus\u00e4tzlich wurde hier die Drehleiter zur Beleuchtung der Einsatzstelle eingesetzt. Das LF 8\/6 der FF Passau-Innstadt wurde mit der L\u00f6schwasserversorgung \u00fcber Hydranten und mit der Ausleuchtung der Einsatzstelle vom K\u00fchberg aus beauftragt. Die Kameraden der FF Schardenberg unterst\u00fctzten am K\u00fchberg und \u00fcbernahmen [&hellip;]","og_url":"https:\/\/www.ffpassau.de\/innstadt\/2018\/10\/gemeinschaftsuebung-ffw-passau-innstadt-und-ffw-schardenberg\/","og_site_name":"Feuerwehr Passau - L\u00f6schzug Innstadt","article_published_time":"2018-10-20T07:03:38+00:00","article_modified_time":"2020-03-20T23:18:07+00:00","og_image":[{"width":818,"height":768,"url":"https:\/\/www.ffpassau.de\/innstadt\/wp-content\/uploads\/sites\/2\/2020\/03\/Schardenberg18_1.jpg","type":"image\/jpeg"}],"author":"josephsieger","twitter_card":"summary_large_image","twitter_misc":{"Verfasst von":"josephsieger","Gesch\u00e4tzte Lesezeit":"1\u00a0Minute"},"schema":{"@context":"https:\/\/schema.org","@graph":[{"@type":"Article","@id":"https:\/\/www.ffpassau.de\/innstadt\/2018\/10\/gemeinschaftsuebung-ffw-passau-innstadt-und-ffw-schardenberg\/#article","isPartOf":{"@id":"https:\/\/www.ffpassau.de\/innstadt\/2018\/10\/gemeinschaftsuebung-ffw-passau-innstadt-und-ffw-schardenberg\/"},"author":{"name":"josephsieger","@id":"https:\/\/www.ffpassau.de\/innstadt\/#\/schema\/person\/c57aee147ebbb10e364ea9680fcef601"},"headline":"Gemeinschafts\u00fcbung Innstadt und Schardenberg","datePublished":"2018-10-20T07:03:38+00:00","dateModified":"2020-03-20T23:18:07+00:00","mainEntityOfPage":{"@id":"https:\/\/www.ffpassau.de\/innstadt\/2018\/10\/gemeinschaftsuebung-ffw-passau-innstadt-und-ffw-schardenberg\/"},"wordCount":277,"commentCount":0,"publisher":{"@id":"https:\/\/www.ffpassau.de\/innstadt\/#organization"},"image":{"@id":"https:\/\/www.ffpassau.de\/innstadt\/2018\/10\/gemeinschaftsuebung-ffw-passau-innstadt-und-ffw-schardenberg\/#primaryimage"},"thumbnailUrl":"https:\/\/www.ffpassau.de\/innstadt\/wp-content\/uploads\/sites\/2\/2020\/03\/Schardenberg18_1.jpg","keywords":["Drehleiter","Gemeinschafts\u00fcbung","LF 10","LF 8","Schardenberg"],"articleSection":["\u00dcbung"],"inLanguage":"de","potentialAction":[{"@type":"CommentAction","name":"Comment","target":["https:\/\/www.ffpassau.de\/innstadt\/2018\/10\/gemeinschaftsuebung-ffw-passau-innstadt-und-ffw-schardenberg\/#respond"]}]},{"@type":"WebPage","@id":"https:\/\/www.ffpassau.de\/innstadt\/2018\/10\/gemeinschaftsuebung-ffw-passau-innstadt-und-ffw-schardenberg\/","url":"https:\/\/www.ffpassau.de\/innstadt\/2018\/10\/gemeinschaftsuebung-ffw-passau-innstadt-und-ffw-schardenberg\/","name":"Gemeinschafts\u00fcbung Innstadt und Schardenberg - Feuerwehr Passau - L\u00f6schzug Innstadt","isPartOf":{"@id":"https:\/\/www.ffpassau.de\/innstadt\/#website"},"primaryImageOfPage":{"@id":"https:\/\/www.ffpassau.de\/innstadt\/2018\/10\/gemeinschaftsuebung-ffw-passau-innstadt-und-ffw-schardenberg\/#primaryimage"},"image":{"@id":"https:\/\/www.ffpassau.de\/innstadt\/2018\/10\/gemeinschaftsuebung-ffw-passau-innstadt-und-ffw-schardenberg\/#primaryimage"},"thumbnailUrl":"https:\/\/www.ffpassau.de\/innstadt\/wp-content\/uploads\/sites\/2\/2020\/03\/Schardenberg18_1.jpg","datePublished":"2018-10-20T07:03:38+00:00","dateModified":"2020-03-20T23:18:07+00:00","breadcrumb":{"@id":"https:\/\/www.ffpassau.de\/innstadt\/2018\/10\/gemeinschaftsuebung-ffw-passau-innstadt-und-ffw-schardenberg\/#breadcrumb"},"inLanguage":"de","potentialAction":[{"@type":"ReadAction","target":["https:\/\/www.ffpassau.de\/innstadt\/2018\/10\/gemeinschaftsuebung-ffw-passau-innstadt-und-ffw-schardenberg\/"]}]},{"@type":"ImageObject","inLanguage":"de","@id":"https:\/\/www.ffpassau.de\/innstadt\/2018\/10\/gemeinschaftsuebung-ffw-passau-innstadt-und-ffw-schardenberg\/#primaryimage","url":"https:\/\/www.ffpassau.de\/innstadt\/wp-content\/uploads\/sites\/2\/2020\/03\/Schardenberg18_1.jpg","contentUrl":"https:\/\/www.ffpassau.de\/innstadt\/wp-content\/uploads\/sites\/2\/2020\/03\/Schardenberg18_1.jpg","width":818,"height":768},{"@type":"BreadcrumbList","@id":"https:\/\/www.ffpassau.de\/innstadt\/2018\/10\/gemeinschaftsuebung-ffw-passau-innstadt-und-ffw-schardenberg\/#breadcrumb","itemListElement":[{"@type":"ListItem","position":1,"name":"L\u00f6schzug Innstadt Startseite","item":"https:\/\/www.ffpassau.de\/innstadt\/"},{"@type":"ListItem","position":2,"name":"Gemeinschafts\u00fcbung Innstadt und Schardenberg"}]},{"@type":"WebSite","@id":"https:\/\/www.ffpassau.de\/innstadt\/#website","url":"https:\/\/www.ffpassau.de\/innstadt\/","name":"Feuerwehr Passau - L\u00f6schzug Innstadt","description":"","publisher":{"@id":"https:\/\/www.ffpassau.de\/innstadt\/#organization"},"potentialAction":[{"@type":"SearchAction","target":{"@type":"EntryPoint","urlTemplate":"https:\/\/www.ffpassau.de\/innstadt\/?s={search_term_string}"},"query-input":{"@type":"PropertyValueSpecification","valueRequired":true,"valueName":"search_term_string"}}],"inLanguage":"de"},{"@type":"Organization","@id":"https:\/\/www.ffpassau.de\/innstadt\/#organization","name":"Feuerwehr Passau - L\u00f6schzug Innstadt","url":"https:\/\/www.ffpassau.de\/innstadt\/","logo":{"@type":"ImageObject","inLanguage":"de","@id":"https:\/\/www.ffpassau.de\/innstadt\/#\/schema\/logo\/image\/","url":"https:\/\/www.ffpassau.de\/innstadt\/wp-content\/uploads\/sites\/2\/2020\/02\/lz_innstadt_logo.svg","contentUrl":"https:\/\/www.ffpassau.de\/innstadt\/wp-content\/uploads\/sites\/2\/2020\/02\/lz_innstadt_logo.svg","width":1,"height":1,"caption":"Feuerwehr Passau - L\u00f6schzug Innstadt"},"image":{"@id":"https:\/\/www.ffpassau.de\/innstadt\/#\/schema\/logo\/image\/"}},{"@type":"Person","@id":"https:\/\/www.ffpassau.de\/innstadt\/#\/schema\/person\/c57aee147ebbb10e364ea9680fcef601","name":"josephsieger","image":{"@type":"ImageObject","inLanguage":"de","@id":"https:\/\/www.ffpassau.de\/innstadt\/#\/schema\/person\/image\/","url":"https:\/\/secure.gravatar.com\/avatar\/cc3466d2572aca2d6e25842b9d8b7736?s=96&d=mm&r=g","contentUrl":"https:\/\/secure.gravatar.com\/avatar\/cc3466d2572aca2d6e25842b9d8b7736?s=96&d=mm&r=g","caption":"josephsieger"},"url":"https:\/\/www.ffpassau.de\/innstadt\/author\/josephsieger\/"}]}},"_links":{"self":[{"href":"https:\/\/www.ffpassau.de\/innstadt\/wp-json\/wp\/v2\/posts\/290","targetHints":{"allow":["GET"]}}],"collection":[{"href":"https:\/\/www.ffpassau.de\/innstadt\/wp-json\/wp\/v2\/posts"}],"about":[{"href":"https:\/\/www.ffpassau.de\/innstadt\/wp-json\/wp\/v2\/types\/post"}],"author":[{"embeddable":true,"href":"https:\/\/www.ffpassau.de\/innstadt\/wp-json\/wp\/v2\/users\/11"}],"replies":[{"embeddable":true,"href":"https:\/\/www.ffpassau.de\/innstadt\/wp-json\/wp\/v2\/comments?post=290"}],"version-history":[{"count":6,"href":"https:\/\/www.ffpassau.de\/innstadt\/wp-json\/wp\/v2\/posts\/290\/revisions"}],"predecessor-version":[{"id":489,"href":"https:\/\/www.ffpassau.de\/innstadt\/wp-json\/wp\/v2\/posts\/290\/revisions\/489"}],"wp:featuredmedia":[{"embeddable":true,"href":"https:\/\/www.ffpassau.de\/innstadt\/wp-json\/wp\/v2\/media\/291"}],"wp:attachment":[{"href":"https:\/\/www.ffpassau.de\/innstadt\/wp-json\/wp\/v2\/media?parent=290"}],"wp:term":[{"taxonomy":"category","embeddable":true,"href":"https:\/\/www.ffpassau.de\/innstadt\/wp-json\/wp\/v2\/categories?post=290"},{"taxonomy":"post_tag","embeddable":true,"href":"https:\/\/www.ffpassau.de\/innstadt\/wp-json\/wp\/v2\/tags?post=290"}],"curies":[{"name":"wp","href":"https:\/\/api.w.org\/{rel}","templated":true}]}}