{"id":317,"date":"2016-05-15T09:51:07","date_gmt":"2016-05-15T07:51:07","guid":{"rendered":"https:\/\/www.ffpassau.de\/innstadt\/?p=317"},"modified":"2020-03-21T00:19:01","modified_gmt":"2020-03-20T23:19:01","slug":"die-feuerwehr-haelt-den-stadtteil-zusammen","status":"publish","type":"post","link":"https:\/\/www.ffpassau.de\/innstadt\/2016\/05\/die-feuerwehr-haelt-den-stadtteil-zusammen\/","title":{"rendered":"\u201eDie Feuerwehr h\u00e4lt den Stadtteil zusammen\u201c"},"content":{"rendered":"<p><strong>Florianifeier der Freiwilligen Feuerwehr Passau\/L\u00f6schzug Innstadt<\/strong><\/p>\n<p>&nbsp;<\/p>\n<p>Zu Ehren ihres Schutzpatrons, des Hl. Florians, feierte die Freiwillige Feuerwehr Passau-Innstadt am vergangenen Samstag ihre traditionelle Florianifeier. Nach einem gemeinsamen Umzug vom Ger\u00e4tehaus zum Kirchenplatz, wo die Feuerwehrler und ihre G\u00e4ste pers\u00f6nlich von Pater Jakob Zarzycki begr\u00fc\u00dft wurden, fand in der Pfarrkirche St. Gertraud der Festgottesdienst zu Ehren des Hl. Florian statt. Dabei stellte P. Jakob die Bedeutung der Feuerwehren sowie ihre Selbstlosigkeit heraus: \u201eBei der Feuerwehr engagiert sich niemand f\u00fcr Geld\u201c, stellte er fest und bezog sich damit auf einen Ausspruch von William Feehan, einem der rangh\u00f6chsten New Yorker Feuerwehrm\u00e4nner, die beim Einsturz des World Trade Centers 2001 ums Leben kamen. Vielmehr sei es die christliche N\u00e4chstenliebe, der sich alle Feuerwehrleute verschrieben h\u00e4tten, da sie bereit seien, f\u00fcr das Wohl ihrer Mitmenschen ihr eigenes Leben in \u00a0Gefahr zu bringen. Derselben Thematik widmete sich anschlie\u00dfend das von Theresa Haselgruber vorgetragene Gedicht \u201eWei\u00dft du, wer ich bin?\u201c, das von den Aufgaben und dem Selbstverst\u00e4ndnis eines Feuerwehrmanns handelt.<\/p>\n<p>Nach dem Gottesdienst ging es zur\u00fcck ins Ger\u00e4tehaus, wo Zugf\u00fchrer J\u00fcrgen Haselgruber die G\u00e4ste willkommen hie\u00df. Oberb\u00fcrgermeister J\u00fcrgen Dupper betonte in seinem Gru\u00dfwort, dass er den Feuerwehren neben ihren eigentlichen Aufgaben noch eine weitere zentrale Funktion zuschreibt \u2013 sie halten ihren jeweiligen Stadtteil zusammen: \u201eHier trifft man sich gern zum Gem\u00fctlich sein, hier kommt der Stadtteil zusammen, hier wird der pers\u00f6nliche Austausch gepflegt.\u201c Der Oberb\u00fcrgermeister dankte den Innst\u00e4dtern f\u00fcr ihre Arbeit und w\u00fcnschte ihnen wenig Eins\u00e4tze und viel Gl\u00fcck f\u00fcr 2016. Dem schlossen sich Stadtbrandrat Dieter Schlegl sowie die Kommandanten der Feuerwehren Grubweg und Freinberg (\u00d6), Otto Neiss und Christian Altweger, an. Letztere bedankten sich insbesondere f\u00fcr die gute Zusammenarbeit mit dem L\u00f6schzug Innstadt.<\/p>\n<p>Nach den Gru\u00dfworten folgten mehrere Bef\u00f6rderungen, die Stadtbrandrat Schlegl gemeinsam mit Oberb\u00fcrgermeister Dupper vornahm. Im Anschluss daran ergriff Vereinsvorstand Erich H\u00e4usler das Wort und sagte ein herzliches \u201eVergelt\u2019s Gott\u201c an Elisabeth Vogl, die seit fast zehn Jahren Fahnenmutter der Innst\u00e4dter Wehr ist und daf\u00fcr mit der Ehrenmitgliedschaft des Vereins ausgezeichnet wurde. Ebenso bedankte er sich bei Hans Winghardt, dem ehemaligen Kommandanten der FF Grubweg, f\u00fcr die von ihm mit initiierte Patenschaft und die jahrelange gute Zusammenarbeit. Danach ging die Veranstaltung in den gem\u00fctlichen Teil \u00fcber, der \u2013 ebenso wie zuvor schon der Kirchenzug und der Festgottesdienst \u2013 von der Musikkapelle aus dem benachbarten Freinberg begleitet wurde.<\/p>\n<p>&nbsp;<\/p>\n","protected":false},"excerpt":{"rendered":"<p>Florianifeier der Freiwilligen Feuerwehr Passau\/L\u00f6schzug Innstadt &nbsp; Zu Ehren ihres Schutzpatrons, des Hl. Florians, feierte die Freiwillige Feuerwehr Passau-Innstadt am vergangenen Samstag ihre traditionelle Florianifeier. Nach einem gemeinsamen Umzug vom Ger\u00e4tehaus zum Kirchenplatz, wo die Feuerwehrler und ihre G\u00e4ste pers\u00f6nlich von Pater Jakob Zarzycki begr\u00fc\u00dft wurden, fand in der Pfarrkirche St. Gertraud der Festgottesdienst zu Ehren des Hl. Florian statt. Dabei stellte P. Jakob die Bedeutung der Feuerwehren sowie ihre Selbstlosigkeit heraus: \u201eBei der Feuerwehr engagiert sich niemand f\u00fcr Geld\u201c, stellte er fest und bezog sich damit auf einen Ausspruch von William Feehan, einem der rangh\u00f6chsten New Yorker Feuerwehrm\u00e4nner, die beim Einsturz des World Trade Centers 2001 ums Leben kamen. Vielmehr sei es die christliche N\u00e4chstenliebe, der sich alle Feuerwehrleute verschrieben h\u00e4tten, da sie bereit seien, f\u00fcr das Wohl ihrer Mitmenschen ihr eigenes Leben in \u00a0Gefahr zu bringen. Derselben Thematik [&hellip;]<\/p>\n","protected":false},"author":11,"featured_media":0,"comment_status":"open","ping_status":"open","sticky":false,"template":"","format":"standard","meta":{"footnotes":""},"categories":[23],"tags":[27,28,21],"class_list":["post-317","post","type-post","status-publish","format-standard","hentry","category-veranstaltung","tag-florianifeier","tag-freinberg","tag-grubweg"],"yoast_head":"<!-- This site is optimized with the Yoast SEO plugin v24.3 - https:\/\/yoast.com\/wordpress\/plugins\/seo\/ -->\n<title>\u201eDie Feuerwehr h\u00e4lt den Stadtteil zusammen\u201c - Feuerwehr Passau - L\u00f6schzug Innstadt<\/title>\n<meta name=\"robots\" content=\"index, follow, max-snippet:-1, max-image-preview:large, max-video-preview:-1\" \/>\n<link rel=\"canonical\" href=\"https:\/\/www.ffpassau.de\/innstadt\/2016\/05\/die-feuerwehr-haelt-den-stadtteil-zusammen\/\" \/>\n<meta property=\"og:locale\" content=\"de_DE\" \/>\n<meta property=\"og:type\" content=\"article\" \/>\n<meta property=\"og:title\" content=\"\u201eDie Feuerwehr h\u00e4lt den Stadtteil zusammen\u201c - Feuerwehr Passau - L\u00f6schzug Innstadt\" \/>\n<meta property=\"og:description\" content=\"Florianifeier der Freiwilligen Feuerwehr Passau\/L\u00f6schzug Innstadt &nbsp; Zu Ehren ihres Schutzpatrons, des Hl. Florians, feierte die Freiwillige Feuerwehr Passau-Innstadt am vergangenen Samstag ihre traditionelle Florianifeier. Nach einem gemeinsamen Umzug vom Ger\u00e4tehaus zum Kirchenplatz, wo die Feuerwehrler und ihre G\u00e4ste pers\u00f6nlich von Pater Jakob Zarzycki begr\u00fc\u00dft wurden, fand in der Pfarrkirche St. Gertraud der Festgottesdienst zu Ehren des Hl. Florian statt. Dabei stellte P. Jakob die Bedeutung der Feuerwehren sowie ihre Selbstlosigkeit heraus: \u201eBei der Feuerwehr engagiert sich niemand f\u00fcr Geld\u201c, stellte er fest und bezog sich damit auf einen Ausspruch von William Feehan, einem der rangh\u00f6chsten New Yorker Feuerwehrm\u00e4nner, die beim Einsturz des World Trade Centers 2001 ums Leben kamen. Vielmehr sei es die christliche N\u00e4chstenliebe, der sich alle Feuerwehrleute verschrieben h\u00e4tten, da sie bereit seien, f\u00fcr das Wohl ihrer Mitmenschen ihr eigenes Leben in \u00a0Gefahr zu bringen. Derselben Thematik [&hellip;]\" \/>\n<meta property=\"og:url\" content=\"https:\/\/www.ffpassau.de\/innstadt\/2016\/05\/die-feuerwehr-haelt-den-stadtteil-zusammen\/\" \/>\n<meta property=\"og:site_name\" content=\"Feuerwehr Passau - L\u00f6schzug Innstadt\" \/>\n<meta property=\"article:published_time\" content=\"2016-05-15T07:51:07+00:00\" \/>\n<meta property=\"article:modified_time\" content=\"2020-03-20T23:19:01+00:00\" \/>\n<meta name=\"author\" content=\"josephsieger\" \/>\n<meta name=\"twitter:card\" content=\"summary_large_image\" \/>\n<meta name=\"twitter:label1\" content=\"Verfasst von\" \/>\n\t<meta name=\"twitter:data1\" content=\"josephsieger\" \/>\n\t<meta name=\"twitter:label2\" content=\"Gesch\u00e4tzte Lesezeit\" \/>\n\t<meta name=\"twitter:data2\" content=\"2\u00a0Minuten\" \/>\n<script type=\"application\/ld+json\" class=\"yoast-schema-graph\">{\"@context\":\"https:\/\/schema.org\",\"@graph\":[{\"@type\":\"Article\",\"@id\":\"https:\/\/www.ffpassau.de\/innstadt\/2016\/05\/die-feuerwehr-haelt-den-stadtteil-zusammen\/#article\",\"isPartOf\":{\"@id\":\"https:\/\/www.ffpassau.de\/innstadt\/2016\/05\/die-feuerwehr-haelt-den-stadtteil-zusammen\/\"},\"author\":{\"name\":\"josephsieger\",\"@id\":\"https:\/\/www.ffpassau.de\/innstadt\/#\/schema\/person\/c57aee147ebbb10e364ea9680fcef601\"},\"headline\":\"\u201eDie Feuerwehr h\u00e4lt den Stadtteil zusammen\u201c\",\"datePublished\":\"2016-05-15T07:51:07+00:00\",\"dateModified\":\"2020-03-20T23:19:01+00:00\",\"mainEntityOfPage\":{\"@id\":\"https:\/\/www.ffpassau.de\/innstadt\/2016\/05\/die-feuerwehr-haelt-den-stadtteil-zusammen\/\"},\"wordCount\":429,\"commentCount\":0,\"publisher\":{\"@id\":\"https:\/\/www.ffpassau.de\/innstadt\/#organization\"},\"keywords\":[\"Florianifeier\",\"Freinberg\",\"Grubweg\"],\"articleSection\":[\"Veranstaltung\"],\"inLanguage\":\"de\",\"potentialAction\":[{\"@type\":\"CommentAction\",\"name\":\"Comment\",\"target\":[\"https:\/\/www.ffpassau.de\/innstadt\/2016\/05\/die-feuerwehr-haelt-den-stadtteil-zusammen\/#respond\"]}]},{\"@type\":\"WebPage\",\"@id\":\"https:\/\/www.ffpassau.de\/innstadt\/2016\/05\/die-feuerwehr-haelt-den-stadtteil-zusammen\/\",\"url\":\"https:\/\/www.ffpassau.de\/innstadt\/2016\/05\/die-feuerwehr-haelt-den-stadtteil-zusammen\/\",\"name\":\"\u201eDie Feuerwehr h\u00e4lt den Stadtteil zusammen\u201c - Feuerwehr Passau - L\u00f6schzug Innstadt\",\"isPartOf\":{\"@id\":\"https:\/\/www.ffpassau.de\/innstadt\/#website\"},\"datePublished\":\"2016-05-15T07:51:07+00:00\",\"dateModified\":\"2020-03-20T23:19:01+00:00\",\"breadcrumb\":{\"@id\":\"https:\/\/www.ffpassau.de\/innstadt\/2016\/05\/die-feuerwehr-haelt-den-stadtteil-zusammen\/#breadcrumb\"},\"inLanguage\":\"de\",\"potentialAction\":[{\"@type\":\"ReadAction\",\"target\":[\"https:\/\/www.ffpassau.de\/innstadt\/2016\/05\/die-feuerwehr-haelt-den-stadtteil-zusammen\/\"]}]},{\"@type\":\"BreadcrumbList\",\"@id\":\"https:\/\/www.ffpassau.de\/innstadt\/2016\/05\/die-feuerwehr-haelt-den-stadtteil-zusammen\/#breadcrumb\",\"itemListElement\":[{\"@type\":\"ListItem\",\"position\":1,\"name\":\"L\u00f6schzug Innstadt Startseite\",\"item\":\"https:\/\/www.ffpassau.de\/innstadt\/\"},{\"@type\":\"ListItem\",\"position\":2,\"name\":\"\u201eDie Feuerwehr h\u00e4lt den Stadtteil zusammen\u201c\"}]},{\"@type\":\"WebSite\",\"@id\":\"https:\/\/www.ffpassau.de\/innstadt\/#website\",\"url\":\"https:\/\/www.ffpassau.de\/innstadt\/\",\"name\":\"Feuerwehr Passau - L\u00f6schzug Innstadt\",\"description\":\"\",\"publisher\":{\"@id\":\"https:\/\/www.ffpassau.de\/innstadt\/#organization\"},\"potentialAction\":[{\"@type\":\"SearchAction\",\"target\":{\"@type\":\"EntryPoint\",\"urlTemplate\":\"https:\/\/www.ffpassau.de\/innstadt\/?s={search_term_string}\"},\"query-input\":{\"@type\":\"PropertyValueSpecification\",\"valueRequired\":true,\"valueName\":\"search_term_string\"}}],\"inLanguage\":\"de\"},{\"@type\":\"Organization\",\"@id\":\"https:\/\/www.ffpassau.de\/innstadt\/#organization\",\"name\":\"Feuerwehr Passau - L\u00f6schzug Innstadt\",\"url\":\"https:\/\/www.ffpassau.de\/innstadt\/\",\"logo\":{\"@type\":\"ImageObject\",\"inLanguage\":\"de\",\"@id\":\"https:\/\/www.ffpassau.de\/innstadt\/#\/schema\/logo\/image\/\",\"url\":\"https:\/\/www.ffpassau.de\/innstadt\/wp-content\/uploads\/sites\/2\/2020\/02\/lz_innstadt_logo.svg\",\"contentUrl\":\"https:\/\/www.ffpassau.de\/innstadt\/wp-content\/uploads\/sites\/2\/2020\/02\/lz_innstadt_logo.svg\",\"width\":1,\"height\":1,\"caption\":\"Feuerwehr Passau - L\u00f6schzug Innstadt\"},\"image\":{\"@id\":\"https:\/\/www.ffpassau.de\/innstadt\/#\/schema\/logo\/image\/\"}},{\"@type\":\"Person\",\"@id\":\"https:\/\/www.ffpassau.de\/innstadt\/#\/schema\/person\/c57aee147ebbb10e364ea9680fcef601\",\"name\":\"josephsieger\",\"image\":{\"@type\":\"ImageObject\",\"inLanguage\":\"de\",\"@id\":\"https:\/\/www.ffpassau.de\/innstadt\/#\/schema\/person\/image\/\",\"url\":\"https:\/\/secure.gravatar.com\/avatar\/cc3466d2572aca2d6e25842b9d8b7736?s=96&d=mm&r=g\",\"contentUrl\":\"https:\/\/secure.gravatar.com\/avatar\/cc3466d2572aca2d6e25842b9d8b7736?s=96&d=mm&r=g\",\"caption\":\"josephsieger\"},\"url\":\"https:\/\/www.ffpassau.de\/innstadt\/author\/josephsieger\/\"}]}<\/script>\n<!-- \/ Yoast SEO plugin. -->","yoast_head_json":{"title":"\u201eDie Feuerwehr h\u00e4lt den Stadtteil zusammen\u201c - Feuerwehr Passau - L\u00f6schzug Innstadt","robots":{"index":"index","follow":"follow","max-snippet":"max-snippet:-1","max-image-preview":"max-image-preview:large","max-video-preview":"max-video-preview:-1"},"canonical":"https:\/\/www.ffpassau.de\/innstadt\/2016\/05\/die-feuerwehr-haelt-den-stadtteil-zusammen\/","og_locale":"de_DE","og_type":"article","og_title":"\u201eDie Feuerwehr h\u00e4lt den Stadtteil zusammen\u201c - Feuerwehr Passau - L\u00f6schzug Innstadt","og_description":"Florianifeier der Freiwilligen Feuerwehr Passau\/L\u00f6schzug Innstadt &nbsp; Zu Ehren ihres Schutzpatrons, des Hl. Florians, feierte die Freiwillige Feuerwehr Passau-Innstadt am vergangenen Samstag ihre traditionelle Florianifeier. Nach einem gemeinsamen Umzug vom Ger\u00e4tehaus zum Kirchenplatz, wo die Feuerwehrler und ihre G\u00e4ste pers\u00f6nlich von Pater Jakob Zarzycki begr\u00fc\u00dft wurden, fand in der Pfarrkirche St. Gertraud der Festgottesdienst zu Ehren des Hl. Florian statt. Dabei stellte P. Jakob die Bedeutung der Feuerwehren sowie ihre Selbstlosigkeit heraus: \u201eBei der Feuerwehr engagiert sich niemand f\u00fcr Geld\u201c, stellte er fest und bezog sich damit auf einen Ausspruch von William Feehan, einem der rangh\u00f6chsten New Yorker Feuerwehrm\u00e4nner, die beim Einsturz des World Trade Centers 2001 ums Leben kamen. Vielmehr sei es die christliche N\u00e4chstenliebe, der sich alle Feuerwehrleute verschrieben h\u00e4tten, da sie bereit seien, f\u00fcr das Wohl ihrer Mitmenschen ihr eigenes Leben in \u00a0Gefahr zu bringen. Derselben Thematik [&hellip;]","og_url":"https:\/\/www.ffpassau.de\/innstadt\/2016\/05\/die-feuerwehr-haelt-den-stadtteil-zusammen\/","og_site_name":"Feuerwehr Passau - L\u00f6schzug Innstadt","article_published_time":"2016-05-15T07:51:07+00:00","article_modified_time":"2020-03-20T23:19:01+00:00","author":"josephsieger","twitter_card":"summary_large_image","twitter_misc":{"Verfasst von":"josephsieger","Gesch\u00e4tzte Lesezeit":"2\u00a0Minuten"},"schema":{"@context":"https:\/\/schema.org","@graph":[{"@type":"Article","@id":"https:\/\/www.ffpassau.de\/innstadt\/2016\/05\/die-feuerwehr-haelt-den-stadtteil-zusammen\/#article","isPartOf":{"@id":"https:\/\/www.ffpassau.de\/innstadt\/2016\/05\/die-feuerwehr-haelt-den-stadtteil-zusammen\/"},"author":{"name":"josephsieger","@id":"https:\/\/www.ffpassau.de\/innstadt\/#\/schema\/person\/c57aee147ebbb10e364ea9680fcef601"},"headline":"\u201eDie Feuerwehr h\u00e4lt den Stadtteil zusammen\u201c","datePublished":"2016-05-15T07:51:07+00:00","dateModified":"2020-03-20T23:19:01+00:00","mainEntityOfPage":{"@id":"https:\/\/www.ffpassau.de\/innstadt\/2016\/05\/die-feuerwehr-haelt-den-stadtteil-zusammen\/"},"wordCount":429,"commentCount":0,"publisher":{"@id":"https:\/\/www.ffpassau.de\/innstadt\/#organization"},"keywords":["Florianifeier","Freinberg","Grubweg"],"articleSection":["Veranstaltung"],"inLanguage":"de","potentialAction":[{"@type":"CommentAction","name":"Comment","target":["https:\/\/www.ffpassau.de\/innstadt\/2016\/05\/die-feuerwehr-haelt-den-stadtteil-zusammen\/#respond"]}]},{"@type":"WebPage","@id":"https:\/\/www.ffpassau.de\/innstadt\/2016\/05\/die-feuerwehr-haelt-den-stadtteil-zusammen\/","url":"https:\/\/www.ffpassau.de\/innstadt\/2016\/05\/die-feuerwehr-haelt-den-stadtteil-zusammen\/","name":"\u201eDie Feuerwehr h\u00e4lt den Stadtteil zusammen\u201c - Feuerwehr Passau - L\u00f6schzug Innstadt","isPartOf":{"@id":"https:\/\/www.ffpassau.de\/innstadt\/#website"},"datePublished":"2016-05-15T07:51:07+00:00","dateModified":"2020-03-20T23:19:01+00:00","breadcrumb":{"@id":"https:\/\/www.ffpassau.de\/innstadt\/2016\/05\/die-feuerwehr-haelt-den-stadtteil-zusammen\/#breadcrumb"},"inLanguage":"de","potentialAction":[{"@type":"ReadAction","target":["https:\/\/www.ffpassau.de\/innstadt\/2016\/05\/die-feuerwehr-haelt-den-stadtteil-zusammen\/"]}]},{"@type":"BreadcrumbList","@id":"https:\/\/www.ffpassau.de\/innstadt\/2016\/05\/die-feuerwehr-haelt-den-stadtteil-zusammen\/#breadcrumb","itemListElement":[{"@type":"ListItem","position":1,"name":"L\u00f6schzug Innstadt Startseite","item":"https:\/\/www.ffpassau.de\/innstadt\/"},{"@type":"ListItem","position":2,"name":"\u201eDie Feuerwehr h\u00e4lt den Stadtteil zusammen\u201c"}]},{"@type":"WebSite","@id":"https:\/\/www.ffpassau.de\/innstadt\/#website","url":"https:\/\/www.ffpassau.de\/innstadt\/","name":"Feuerwehr Passau - L\u00f6schzug Innstadt","description":"","publisher":{"@id":"https:\/\/www.ffpassau.de\/innstadt\/#organization"},"potentialAction":[{"@type":"SearchAction","target":{"@type":"EntryPoint","urlTemplate":"https:\/\/www.ffpassau.de\/innstadt\/?s={search_term_string}"},"query-input":{"@type":"PropertyValueSpecification","valueRequired":true,"valueName":"search_term_string"}}],"inLanguage":"de"},{"@type":"Organization","@id":"https:\/\/www.ffpassau.de\/innstadt\/#organization","name":"Feuerwehr Passau - L\u00f6schzug Innstadt","url":"https:\/\/www.ffpassau.de\/innstadt\/","logo":{"@type":"ImageObject","inLanguage":"de","@id":"https:\/\/www.ffpassau.de\/innstadt\/#\/schema\/logo\/image\/","url":"https:\/\/www.ffpassau.de\/innstadt\/wp-content\/uploads\/sites\/2\/2020\/02\/lz_innstadt_logo.svg","contentUrl":"https:\/\/www.ffpassau.de\/innstadt\/wp-content\/uploads\/sites\/2\/2020\/02\/lz_innstadt_logo.svg","width":1,"height":1,"caption":"Feuerwehr Passau - L\u00f6schzug Innstadt"},"image":{"@id":"https:\/\/www.ffpassau.de\/innstadt\/#\/schema\/logo\/image\/"}},{"@type":"Person","@id":"https:\/\/www.ffpassau.de\/innstadt\/#\/schema\/person\/c57aee147ebbb10e364ea9680fcef601","name":"josephsieger","image":{"@type":"ImageObject","inLanguage":"de","@id":"https:\/\/www.ffpassau.de\/innstadt\/#\/schema\/person\/image\/","url":"https:\/\/secure.gravatar.com\/avatar\/cc3466d2572aca2d6e25842b9d8b7736?s=96&d=mm&r=g","contentUrl":"https:\/\/secure.gravatar.com\/avatar\/cc3466d2572aca2d6e25842b9d8b7736?s=96&d=mm&r=g","caption":"josephsieger"},"url":"https:\/\/www.ffpassau.de\/innstadt\/author\/josephsieger\/"}]}},"_links":{"self":[{"href":"https:\/\/www.ffpassau.de\/innstadt\/wp-json\/wp\/v2\/posts\/317","targetHints":{"allow":["GET"]}}],"collection":[{"href":"https:\/\/www.ffpassau.de\/innstadt\/wp-json\/wp\/v2\/posts"}],"about":[{"href":"https:\/\/www.ffpassau.de\/innstadt\/wp-json\/wp\/v2\/types\/post"}],"author":[{"embeddable":true,"href":"https:\/\/www.ffpassau.de\/innstadt\/wp-json\/wp\/v2\/users\/11"}],"replies":[{"embeddable":true,"href":"https:\/\/www.ffpassau.de\/innstadt\/wp-json\/wp\/v2\/comments?post=317"}],"version-history":[{"count":1,"href":"https:\/\/www.ffpassau.de\/innstadt\/wp-json\/wp\/v2\/posts\/317\/revisions"}],"predecessor-version":[{"id":318,"href":"https:\/\/www.ffpassau.de\/innstadt\/wp-json\/wp\/v2\/posts\/317\/revisions\/318"}],"wp:attachment":[{"href":"https:\/\/www.ffpassau.de\/innstadt\/wp-json\/wp\/v2\/media?parent=317"}],"wp:term":[{"taxonomy":"category","embeddable":true,"href":"https:\/\/www.ffpassau.de\/innstadt\/wp-json\/wp\/v2\/categories?post=317"},{"taxonomy":"post_tag","embeddable":true,"href":"https:\/\/www.ffpassau.de\/innstadt\/wp-json\/wp\/v2\/tags?post=317"}],"curies":[{"name":"wp","href":"https:\/\/api.w.org\/{rel}","templated":true}]}}