{"id":522,"date":"2019-10-06T08:00:53","date_gmt":"2019-10-06T06:00:53","guid":{"rendered":"https:\/\/www.ffpassau.de\/innstadt\/?p=522"},"modified":"2020-03-22T20:21:19","modified_gmt":"2020-03-22T19:21:19","slug":"hallenfest-mit-toller-show-einlage","status":"publish","type":"post","link":"https:\/\/www.ffpassau.de\/innstadt\/2019\/10\/hallenfest-mit-toller-show-einlage\/","title":{"rendered":"Hallenfest mit toller Show-Einlage"},"content":{"rendered":"<p>Reichlich gute Laune und beste Unterhaltung gab es heuer wieder beim Hallenfest vom L\u00f6schzug Innstadt der Freiwilligen Feuerwehr Passau. Eines der Highlights dabei war ohne Frage die beliebte Show-Einlage, seit Jahren das Markenzeichen schlechthin dieses Innstadt-Fests: Zu Hits wie \u201eHulapalu\u201c, \u201eCordula Gr\u00fcn\u201c und \u201eRock mi heit Nacht\u201c hatten die Feuerwehrkameraden unter Anleitung von Elena Umseher eigens eine umfangreiche Tanz-Performance mit ebenso lustiger wie einfallsreicher Choreographie einstudiert. Dabei \u00fcberzeugten die Innst\u00e4dter nicht nur mit flotten Tanzschritten, sondern auch gesanglich. Denn ihr Auftritt war keineswegs eine reine Playback-Show: Beim Lied \u201eAtemschutz\u201c \u2013 ein Feuerwehr-Cover des Schlagerhits \u201eAtemlos\u201c \u2013 griff Theresa Haselgruber unter gro\u00dfem Beifall selbst zum Mikrofon. Der Wunsch nach einer Zugabe war danach so gro\u00df, dass die Kameraden die gesamte Show kurzerhand nochmal auff\u00fchren mussten.<\/p>\n<p>Bei so einem Auftritt muss man sich nicht wundern, dass die Halle bis auf den letzten Platz besetzt war. Zwischenzeitlich mussten sogar zus\u00e4tzliche Bierb\u00e4nke aufgestellt werden. Viele Innst\u00e4dter waren der Einladung \u201eihrer\u201c Feuerwehr gefolgt, ebenso wie zahlreiche Vereine sowie Kameraden aus den benachbarten und befreundeten Wehren. Auch Oberb\u00fcrgermeister J\u00fcrgen Dupper und einige Stadtratskollegen schauten vorbei. Musikalisch umrahmt wurde der Abend von den \u201eHoamat-Buam\u201c aus Waldkirchen. In den fr\u00fchen Morgenstunden klang das Fest gesellig aus.<\/p>\n","protected":false},"excerpt":{"rendered":"<p>Reichlich gute Laune und beste Unterhaltung gab es heuer wieder beim Hallenfest vom L\u00f6schzug Innstadt der Freiwilligen Feuerwehr Passau. Eines der Highlights dabei war ohne Frage die beliebte Show-Einlage, seit Jahren das Markenzeichen schlechthin dieses Innstadt-Fests: Zu Hits wie \u201eHulapalu\u201c, \u201eCordula Gr\u00fcn\u201c und \u201eRock mi heit Nacht\u201c hatten die Feuerwehrkameraden unter Anleitung von Elena Umseher eigens eine umfangreiche Tanz-Performance mit ebenso lustiger wie einfallsreicher Choreographie einstudiert. Dabei \u00fcberzeugten die Innst\u00e4dter nicht nur mit flotten Tanzschritten, sondern auch gesanglich. Denn ihr Auftritt war keineswegs eine reine Playback-Show: Beim Lied \u201eAtemschutz\u201c \u2013 ein Feuerwehr-Cover des Schlagerhits \u201eAtemlos\u201c \u2013 griff Theresa Haselgruber unter gro\u00dfem Beifall selbst zum Mikrofon. Der Wunsch nach einer Zugabe war danach so gro\u00df, dass die Kameraden die gesamte Show kurzerhand nochmal auff\u00fchren mussten. Bei so einem Auftritt muss man sich nicht wundern, dass die Halle bis auf den letzten [&hellip;]<\/p>\n","protected":false},"author":10,"featured_media":523,"comment_status":"open","ping_status":"open","sticky":false,"template":"","format":"standard","meta":{"footnotes":""},"categories":[23],"tags":[24],"class_list":["post-522","post","type-post","status-publish","format-standard","has-post-thumbnail","hentry","category-veranstaltung","tag-hallenfest"],"yoast_head":"<!-- This site is optimized with the Yoast SEO plugin v24.3 - https:\/\/yoast.com\/wordpress\/plugins\/seo\/ -->\n<title>Hallenfest mit toller Show-Einlage - Feuerwehr Passau - L\u00f6schzug Innstadt<\/title>\n<meta name=\"robots\" content=\"index, follow, max-snippet:-1, max-image-preview:large, max-video-preview:-1\" \/>\n<link rel=\"canonical\" href=\"https:\/\/www.ffpassau.de\/innstadt\/2019\/10\/hallenfest-mit-toller-show-einlage\/\" \/>\n<meta property=\"og:locale\" content=\"de_DE\" \/>\n<meta property=\"og:type\" content=\"article\" \/>\n<meta property=\"og:title\" content=\"Hallenfest mit toller Show-Einlage - Feuerwehr Passau - L\u00f6schzug Innstadt\" \/>\n<meta property=\"og:description\" content=\"Reichlich gute Laune und beste Unterhaltung gab es heuer wieder beim Hallenfest vom L\u00f6schzug Innstadt der Freiwilligen Feuerwehr Passau. Eines der Highlights dabei war ohne Frage die beliebte Show-Einlage, seit Jahren das Markenzeichen schlechthin dieses Innstadt-Fests: Zu Hits wie \u201eHulapalu\u201c, \u201eCordula Gr\u00fcn\u201c und \u201eRock mi heit Nacht\u201c hatten die Feuerwehrkameraden unter Anleitung von Elena Umseher eigens eine umfangreiche Tanz-Performance mit ebenso lustiger wie einfallsreicher Choreographie einstudiert. Dabei \u00fcberzeugten die Innst\u00e4dter nicht nur mit flotten Tanzschritten, sondern auch gesanglich. Denn ihr Auftritt war keineswegs eine reine Playback-Show: Beim Lied \u201eAtemschutz\u201c \u2013 ein Feuerwehr-Cover des Schlagerhits \u201eAtemlos\u201c \u2013 griff Theresa Haselgruber unter gro\u00dfem Beifall selbst zum Mikrofon. Der Wunsch nach einer Zugabe war danach so gro\u00df, dass die Kameraden die gesamte Show kurzerhand nochmal auff\u00fchren mussten. Bei so einem Auftritt muss man sich nicht wundern, dass die Halle bis auf den letzten [&hellip;]\" \/>\n<meta property=\"og:url\" content=\"https:\/\/www.ffpassau.de\/innstadt\/2019\/10\/hallenfest-mit-toller-show-einlage\/\" \/>\n<meta property=\"og:site_name\" content=\"Feuerwehr Passau - L\u00f6schzug Innstadt\" \/>\n<meta property=\"article:published_time\" content=\"2019-10-06T06:00:53+00:00\" \/>\n<meta property=\"article:modified_time\" content=\"2020-03-22T19:21:19+00:00\" \/>\n<meta property=\"og:image\" content=\"https:\/\/www.ffpassau.de\/innstadt\/wp-content\/uploads\/sites\/2\/2020\/03\/hallenfest-2019-show.jpg\" \/>\n\t<meta property=\"og:image:width\" content=\"1143\" \/>\n\t<meta property=\"og:image:height\" content=\"658\" \/>\n\t<meta property=\"og:image:type\" content=\"image\/jpeg\" \/>\n<meta name=\"author\" content=\"Stefan Daller\" \/>\n<meta name=\"twitter:card\" content=\"summary_large_image\" \/>\n<meta name=\"twitter:label1\" content=\"Verfasst von\" \/>\n\t<meta name=\"twitter:data1\" content=\"Stefan Daller\" \/>\n\t<meta name=\"twitter:label2\" content=\"Gesch\u00e4tzte Lesezeit\" \/>\n\t<meta name=\"twitter:data2\" content=\"1\u00a0Minute\" \/>\n<script type=\"application\/ld+json\" class=\"yoast-schema-graph\">{\"@context\":\"https:\/\/schema.org\",\"@graph\":[{\"@type\":\"Article\",\"@id\":\"https:\/\/www.ffpassau.de\/innstadt\/2019\/10\/hallenfest-mit-toller-show-einlage\/#article\",\"isPartOf\":{\"@id\":\"https:\/\/www.ffpassau.de\/innstadt\/2019\/10\/hallenfest-mit-toller-show-einlage\/\"},\"author\":{\"name\":\"Stefan Daller\",\"@id\":\"https:\/\/www.ffpassau.de\/innstadt\/#\/schema\/person\/79775f60788f3f1a0aa3269b7db317b1\"},\"headline\":\"Hallenfest mit toller Show-Einlage\",\"datePublished\":\"2019-10-06T06:00:53+00:00\",\"dateModified\":\"2020-03-22T19:21:19+00:00\",\"mainEntityOfPage\":{\"@id\":\"https:\/\/www.ffpassau.de\/innstadt\/2019\/10\/hallenfest-mit-toller-show-einlage\/\"},\"wordCount\":211,\"commentCount\":0,\"publisher\":{\"@id\":\"https:\/\/www.ffpassau.de\/innstadt\/#organization\"},\"image\":{\"@id\":\"https:\/\/www.ffpassau.de\/innstadt\/2019\/10\/hallenfest-mit-toller-show-einlage\/#primaryimage\"},\"thumbnailUrl\":\"https:\/\/www.ffpassau.de\/innstadt\/wp-content\/uploads\/sites\/2\/2020\/03\/hallenfest-2019-show.jpg\",\"keywords\":[\"Hallenfest\"],\"articleSection\":[\"Veranstaltung\"],\"inLanguage\":\"de\",\"potentialAction\":[{\"@type\":\"CommentAction\",\"name\":\"Comment\",\"target\":[\"https:\/\/www.ffpassau.de\/innstadt\/2019\/10\/hallenfest-mit-toller-show-einlage\/#respond\"]}]},{\"@type\":\"WebPage\",\"@id\":\"https:\/\/www.ffpassau.de\/innstadt\/2019\/10\/hallenfest-mit-toller-show-einlage\/\",\"url\":\"https:\/\/www.ffpassau.de\/innstadt\/2019\/10\/hallenfest-mit-toller-show-einlage\/\",\"name\":\"Hallenfest mit toller Show-Einlage - Feuerwehr Passau - L\u00f6schzug Innstadt\",\"isPartOf\":{\"@id\":\"https:\/\/www.ffpassau.de\/innstadt\/#website\"},\"primaryImageOfPage\":{\"@id\":\"https:\/\/www.ffpassau.de\/innstadt\/2019\/10\/hallenfest-mit-toller-show-einlage\/#primaryimage\"},\"image\":{\"@id\":\"https:\/\/www.ffpassau.de\/innstadt\/2019\/10\/hallenfest-mit-toller-show-einlage\/#primaryimage\"},\"thumbnailUrl\":\"https:\/\/www.ffpassau.de\/innstadt\/wp-content\/uploads\/sites\/2\/2020\/03\/hallenfest-2019-show.jpg\",\"datePublished\":\"2019-10-06T06:00:53+00:00\",\"dateModified\":\"2020-03-22T19:21:19+00:00\",\"breadcrumb\":{\"@id\":\"https:\/\/www.ffpassau.de\/innstadt\/2019\/10\/hallenfest-mit-toller-show-einlage\/#breadcrumb\"},\"inLanguage\":\"de\",\"potentialAction\":[{\"@type\":\"ReadAction\",\"target\":[\"https:\/\/www.ffpassau.de\/innstadt\/2019\/10\/hallenfest-mit-toller-show-einlage\/\"]}]},{\"@type\":\"ImageObject\",\"inLanguage\":\"de\",\"@id\":\"https:\/\/www.ffpassau.de\/innstadt\/2019\/10\/hallenfest-mit-toller-show-einlage\/#primaryimage\",\"url\":\"https:\/\/www.ffpassau.de\/innstadt\/wp-content\/uploads\/sites\/2\/2020\/03\/hallenfest-2019-show.jpg\",\"contentUrl\":\"https:\/\/www.ffpassau.de\/innstadt\/wp-content\/uploads\/sites\/2\/2020\/03\/hallenfest-2019-show.jpg\",\"width\":1143,\"height\":658},{\"@type\":\"BreadcrumbList\",\"@id\":\"https:\/\/www.ffpassau.de\/innstadt\/2019\/10\/hallenfest-mit-toller-show-einlage\/#breadcrumb\",\"itemListElement\":[{\"@type\":\"ListItem\",\"position\":1,\"name\":\"L\u00f6schzug Innstadt Startseite\",\"item\":\"https:\/\/www.ffpassau.de\/innstadt\/\"},{\"@type\":\"ListItem\",\"position\":2,\"name\":\"Hallenfest mit toller Show-Einlage\"}]},{\"@type\":\"WebSite\",\"@id\":\"https:\/\/www.ffpassau.de\/innstadt\/#website\",\"url\":\"https:\/\/www.ffpassau.de\/innstadt\/\",\"name\":\"Feuerwehr Passau - L\u00f6schzug Innstadt\",\"description\":\"\",\"publisher\":{\"@id\":\"https:\/\/www.ffpassau.de\/innstadt\/#organization\"},\"potentialAction\":[{\"@type\":\"SearchAction\",\"target\":{\"@type\":\"EntryPoint\",\"urlTemplate\":\"https:\/\/www.ffpassau.de\/innstadt\/?s={search_term_string}\"},\"query-input\":{\"@type\":\"PropertyValueSpecification\",\"valueRequired\":true,\"valueName\":\"search_term_string\"}}],\"inLanguage\":\"de\"},{\"@type\":\"Organization\",\"@id\":\"https:\/\/www.ffpassau.de\/innstadt\/#organization\",\"name\":\"Feuerwehr Passau - L\u00f6schzug Innstadt\",\"url\":\"https:\/\/www.ffpassau.de\/innstadt\/\",\"logo\":{\"@type\":\"ImageObject\",\"inLanguage\":\"de\",\"@id\":\"https:\/\/www.ffpassau.de\/innstadt\/#\/schema\/logo\/image\/\",\"url\":\"https:\/\/www.ffpassau.de\/innstadt\/wp-content\/uploads\/sites\/2\/2020\/02\/lz_innstadt_logo.svg\",\"contentUrl\":\"https:\/\/www.ffpassau.de\/innstadt\/wp-content\/uploads\/sites\/2\/2020\/02\/lz_innstadt_logo.svg\",\"width\":1,\"height\":1,\"caption\":\"Feuerwehr Passau - L\u00f6schzug Innstadt\"},\"image\":{\"@id\":\"https:\/\/www.ffpassau.de\/innstadt\/#\/schema\/logo\/image\/\"}},{\"@type\":\"Person\",\"@id\":\"https:\/\/www.ffpassau.de\/innstadt\/#\/schema\/person\/79775f60788f3f1a0aa3269b7db317b1\",\"name\":\"Stefan Daller\",\"image\":{\"@type\":\"ImageObject\",\"inLanguage\":\"de\",\"@id\":\"https:\/\/www.ffpassau.de\/innstadt\/#\/schema\/person\/image\/\",\"url\":\"https:\/\/secure.gravatar.com\/avatar\/512ff9c8d04a77cb4e3921d8ee011143?s=96&d=mm&r=g\",\"contentUrl\":\"https:\/\/secure.gravatar.com\/avatar\/512ff9c8d04a77cb4e3921d8ee011143?s=96&d=mm&r=g\",\"caption\":\"Stefan Daller\"},\"url\":\"https:\/\/www.ffpassau.de\/innstadt\/author\/stefandaller\/\"}]}<\/script>\n<!-- \/ Yoast SEO plugin. -->","yoast_head_json":{"title":"Hallenfest mit toller Show-Einlage - Feuerwehr Passau - L\u00f6schzug Innstadt","robots":{"index":"index","follow":"follow","max-snippet":"max-snippet:-1","max-image-preview":"max-image-preview:large","max-video-preview":"max-video-preview:-1"},"canonical":"https:\/\/www.ffpassau.de\/innstadt\/2019\/10\/hallenfest-mit-toller-show-einlage\/","og_locale":"de_DE","og_type":"article","og_title":"Hallenfest mit toller Show-Einlage - Feuerwehr Passau - L\u00f6schzug Innstadt","og_description":"Reichlich gute Laune und beste Unterhaltung gab es heuer wieder beim Hallenfest vom L\u00f6schzug Innstadt der Freiwilligen Feuerwehr Passau. Eines der Highlights dabei war ohne Frage die beliebte Show-Einlage, seit Jahren das Markenzeichen schlechthin dieses Innstadt-Fests: Zu Hits wie \u201eHulapalu\u201c, \u201eCordula Gr\u00fcn\u201c und \u201eRock mi heit Nacht\u201c hatten die Feuerwehrkameraden unter Anleitung von Elena Umseher eigens eine umfangreiche Tanz-Performance mit ebenso lustiger wie einfallsreicher Choreographie einstudiert. Dabei \u00fcberzeugten die Innst\u00e4dter nicht nur mit flotten Tanzschritten, sondern auch gesanglich. Denn ihr Auftritt war keineswegs eine reine Playback-Show: Beim Lied \u201eAtemschutz\u201c \u2013 ein Feuerwehr-Cover des Schlagerhits \u201eAtemlos\u201c \u2013 griff Theresa Haselgruber unter gro\u00dfem Beifall selbst zum Mikrofon. Der Wunsch nach einer Zugabe war danach so gro\u00df, dass die Kameraden die gesamte Show kurzerhand nochmal auff\u00fchren mussten. Bei so einem Auftritt muss man sich nicht wundern, dass die Halle bis auf den letzten [&hellip;]","og_url":"https:\/\/www.ffpassau.de\/innstadt\/2019\/10\/hallenfest-mit-toller-show-einlage\/","og_site_name":"Feuerwehr Passau - L\u00f6schzug Innstadt","article_published_time":"2019-10-06T06:00:53+00:00","article_modified_time":"2020-03-22T19:21:19+00:00","og_image":[{"width":1143,"height":658,"url":"https:\/\/www.ffpassau.de\/innstadt\/wp-content\/uploads\/sites\/2\/2020\/03\/hallenfest-2019-show.jpg","type":"image\/jpeg"}],"author":"Stefan Daller","twitter_card":"summary_large_image","twitter_misc":{"Verfasst von":"Stefan Daller","Gesch\u00e4tzte Lesezeit":"1\u00a0Minute"},"schema":{"@context":"https:\/\/schema.org","@graph":[{"@type":"Article","@id":"https:\/\/www.ffpassau.de\/innstadt\/2019\/10\/hallenfest-mit-toller-show-einlage\/#article","isPartOf":{"@id":"https:\/\/www.ffpassau.de\/innstadt\/2019\/10\/hallenfest-mit-toller-show-einlage\/"},"author":{"name":"Stefan Daller","@id":"https:\/\/www.ffpassau.de\/innstadt\/#\/schema\/person\/79775f60788f3f1a0aa3269b7db317b1"},"headline":"Hallenfest mit toller Show-Einlage","datePublished":"2019-10-06T06:00:53+00:00","dateModified":"2020-03-22T19:21:19+00:00","mainEntityOfPage":{"@id":"https:\/\/www.ffpassau.de\/innstadt\/2019\/10\/hallenfest-mit-toller-show-einlage\/"},"wordCount":211,"commentCount":0,"publisher":{"@id":"https:\/\/www.ffpassau.de\/innstadt\/#organization"},"image":{"@id":"https:\/\/www.ffpassau.de\/innstadt\/2019\/10\/hallenfest-mit-toller-show-einlage\/#primaryimage"},"thumbnailUrl":"https:\/\/www.ffpassau.de\/innstadt\/wp-content\/uploads\/sites\/2\/2020\/03\/hallenfest-2019-show.jpg","keywords":["Hallenfest"],"articleSection":["Veranstaltung"],"inLanguage":"de","potentialAction":[{"@type":"CommentAction","name":"Comment","target":["https:\/\/www.ffpassau.de\/innstadt\/2019\/10\/hallenfest-mit-toller-show-einlage\/#respond"]}]},{"@type":"WebPage","@id":"https:\/\/www.ffpassau.de\/innstadt\/2019\/10\/hallenfest-mit-toller-show-einlage\/","url":"https:\/\/www.ffpassau.de\/innstadt\/2019\/10\/hallenfest-mit-toller-show-einlage\/","name":"Hallenfest mit toller Show-Einlage - Feuerwehr Passau - L\u00f6schzug Innstadt","isPartOf":{"@id":"https:\/\/www.ffpassau.de\/innstadt\/#website"},"primaryImageOfPage":{"@id":"https:\/\/www.ffpassau.de\/innstadt\/2019\/10\/hallenfest-mit-toller-show-einlage\/#primaryimage"},"image":{"@id":"https:\/\/www.ffpassau.de\/innstadt\/2019\/10\/hallenfest-mit-toller-show-einlage\/#primaryimage"},"thumbnailUrl":"https:\/\/www.ffpassau.de\/innstadt\/wp-content\/uploads\/sites\/2\/2020\/03\/hallenfest-2019-show.jpg","datePublished":"2019-10-06T06:00:53+00:00","dateModified":"2020-03-22T19:21:19+00:00","breadcrumb":{"@id":"https:\/\/www.ffpassau.de\/innstadt\/2019\/10\/hallenfest-mit-toller-show-einlage\/#breadcrumb"},"inLanguage":"de","potentialAction":[{"@type":"ReadAction","target":["https:\/\/www.ffpassau.de\/innstadt\/2019\/10\/hallenfest-mit-toller-show-einlage\/"]}]},{"@type":"ImageObject","inLanguage":"de","@id":"https:\/\/www.ffpassau.de\/innstadt\/2019\/10\/hallenfest-mit-toller-show-einlage\/#primaryimage","url":"https:\/\/www.ffpassau.de\/innstadt\/wp-content\/uploads\/sites\/2\/2020\/03\/hallenfest-2019-show.jpg","contentUrl":"https:\/\/www.ffpassau.de\/innstadt\/wp-content\/uploads\/sites\/2\/2020\/03\/hallenfest-2019-show.jpg","width":1143,"height":658},{"@type":"BreadcrumbList","@id":"https:\/\/www.ffpassau.de\/innstadt\/2019\/10\/hallenfest-mit-toller-show-einlage\/#breadcrumb","itemListElement":[{"@type":"ListItem","position":1,"name":"L\u00f6schzug Innstadt Startseite","item":"https:\/\/www.ffpassau.de\/innstadt\/"},{"@type":"ListItem","position":2,"name":"Hallenfest mit toller Show-Einlage"}]},{"@type":"WebSite","@id":"https:\/\/www.ffpassau.de\/innstadt\/#website","url":"https:\/\/www.ffpassau.de\/innstadt\/","name":"Feuerwehr Passau - L\u00f6schzug Innstadt","description":"","publisher":{"@id":"https:\/\/www.ffpassau.de\/innstadt\/#organization"},"potentialAction":[{"@type":"SearchAction","target":{"@type":"EntryPoint","urlTemplate":"https:\/\/www.ffpassau.de\/innstadt\/?s={search_term_string}"},"query-input":{"@type":"PropertyValueSpecification","valueRequired":true,"valueName":"search_term_string"}}],"inLanguage":"de"},{"@type":"Organization","@id":"https:\/\/www.ffpassau.de\/innstadt\/#organization","name":"Feuerwehr Passau - L\u00f6schzug Innstadt","url":"https:\/\/www.ffpassau.de\/innstadt\/","logo":{"@type":"ImageObject","inLanguage":"de","@id":"https:\/\/www.ffpassau.de\/innstadt\/#\/schema\/logo\/image\/","url":"https:\/\/www.ffpassau.de\/innstadt\/wp-content\/uploads\/sites\/2\/2020\/02\/lz_innstadt_logo.svg","contentUrl":"https:\/\/www.ffpassau.de\/innstadt\/wp-content\/uploads\/sites\/2\/2020\/02\/lz_innstadt_logo.svg","width":1,"height":1,"caption":"Feuerwehr Passau - L\u00f6schzug Innstadt"},"image":{"@id":"https:\/\/www.ffpassau.de\/innstadt\/#\/schema\/logo\/image\/"}},{"@type":"Person","@id":"https:\/\/www.ffpassau.de\/innstadt\/#\/schema\/person\/79775f60788f3f1a0aa3269b7db317b1","name":"Stefan Daller","image":{"@type":"ImageObject","inLanguage":"de","@id":"https:\/\/www.ffpassau.de\/innstadt\/#\/schema\/person\/image\/","url":"https:\/\/secure.gravatar.com\/avatar\/512ff9c8d04a77cb4e3921d8ee011143?s=96&d=mm&r=g","contentUrl":"https:\/\/secure.gravatar.com\/avatar\/512ff9c8d04a77cb4e3921d8ee011143?s=96&d=mm&r=g","caption":"Stefan Daller"},"url":"https:\/\/www.ffpassau.de\/innstadt\/author\/stefandaller\/"}]}},"_links":{"self":[{"href":"https:\/\/www.ffpassau.de\/innstadt\/wp-json\/wp\/v2\/posts\/522","targetHints":{"allow":["GET"]}}],"collection":[{"href":"https:\/\/www.ffpassau.de\/innstadt\/wp-json\/wp\/v2\/posts"}],"about":[{"href":"https:\/\/www.ffpassau.de\/innstadt\/wp-json\/wp\/v2\/types\/post"}],"author":[{"embeddable":true,"href":"https:\/\/www.ffpassau.de\/innstadt\/wp-json\/wp\/v2\/users\/10"}],"replies":[{"embeddable":true,"href":"https:\/\/www.ffpassau.de\/innstadt\/wp-json\/wp\/v2\/comments?post=522"}],"version-history":[{"count":2,"href":"https:\/\/www.ffpassau.de\/innstadt\/wp-json\/wp\/v2\/posts\/522\/revisions"}],"predecessor-version":[{"id":525,"href":"https:\/\/www.ffpassau.de\/innstadt\/wp-json\/wp\/v2\/posts\/522\/revisions\/525"}],"wp:featuredmedia":[{"embeddable":true,"href":"https:\/\/www.ffpassau.de\/innstadt\/wp-json\/wp\/v2\/media\/523"}],"wp:attachment":[{"href":"https:\/\/www.ffpassau.de\/innstadt\/wp-json\/wp\/v2\/media?parent=522"}],"wp:term":[{"taxonomy":"category","embeddable":true,"href":"https:\/\/www.ffpassau.de\/innstadt\/wp-json\/wp\/v2\/categories?post=522"},{"taxonomy":"post_tag","embeddable":true,"href":"https:\/\/www.ffpassau.de\/innstadt\/wp-json\/wp\/v2\/tags?post=522"}],"curies":[{"name":"wp","href":"https:\/\/api.w.org\/{rel}","templated":true}]}}