{"id":533,"date":"2018-03-18T08:00:50","date_gmt":"2018-03-18T07:00:50","guid":{"rendered":"https:\/\/www.ffpassau.de\/innstadt\/?p=533"},"modified":"2020-03-22T20:31:46","modified_gmt":"2020-03-22T19:31:46","slug":"jahreshauptversammlung-2018","status":"publish","type":"post","link":"https:\/\/www.ffpassau.de\/innstadt\/2018\/03\/jahreshauptversammlung-2018\/","title":{"rendered":"Jahreshauptversammlung 2018"},"content":{"rendered":"<p>In seiner Jahreshauptversammlung hat der L\u00f6schzug Innstadt auf das Jahr 2017 zur\u00fcckgeblickt. Zugf\u00fchrer J\u00fcrgen Haselgruber konnte dabei wieder eine beachtliche Einsatzstatistik pr\u00e4sentieren: Zu nicht weniger als 153 Eins\u00e4tzen r\u00fcckten in Summe knapp 1000 Feuerwehrfrauen und -m\u00e4nner aus. Wesentlichen Anteil an diesen Zahlen haben, wie bereits in den Vorjahren, die vielen Unwettereins\u00e4tze. Allerdings r\u00fcckten die Innst\u00e4dter nicht einmal im Hochwasserjahr 2013 zu derma\u00dfen vielen Eins\u00e4tzen aus \u2013 selbst damals waren insgesamt \u201enur\u201c 134 Alarmierungen.<\/p>\n<p>\u201eMan k\u00f6nnte meinen, dass es zur allj\u00e4hrlichen Regelm\u00e4\u00dfigkeit wird, dass wir zu Unwettereins\u00e4tzen wie Starkregen, Sturm oder Hochwasser alarmiert werden\u201c, attestierte Haselgruber. So verwundert es wenig, dass der \u00fcberwiegende Gro\u00dfteil der Alarmierungen auf Technische Hilfeleistungen zur\u00fcckgeht: Im Schnitt kam es 2017 zu 7 THL-Eins\u00e4tzen pro Monat, nur allein im August waren es stolze 34! In Summe wurden die 40 aktiven Mitglieder der Wehr 86-mal f\u00fcr die Beseitigung von \u00d6lspuren, Gefahrguteins\u00e4tze oder Kleintierrettungen zu Hilfe gerufen. Hinzu kommen 33 Brandeins\u00e4tze und leider auch 18 Fehlalarme. Zudem wurden 16 Sicherheitswachen, etwa im Stadttheater, in der Dreil\u00e4nderhalle oder auf der Dult, wahrgenommen. Um f\u00fcr den Ernstfall gut vorbereitet und ausgebildet zu sein, wurden dar\u00fcber hinaus zahlreiche \u00dcbungen abgehalten und verschiedene Ausbildungen absolviert, unter anderem direkt am Standort, aber ebenso an den staatlichen Feuerwehrschulen.<\/p>\n<p>Haselgruber pr\u00e4sentierte in seinem R\u00fcckblick allerdings nicht nur beeindruckende Zahlen, sondern \u00e4u\u00dferte sich auch kritisch \u2013 etwa gerade hinsichtlich der Aufgabenaufteilung bei Unwettereins\u00e4tzen. So w\u00e4re es f\u00fcr einen reibungsloseren Ablauf bei solchen Gro\u00dfschadensereignissen w\u00fcnschenswert, eine strukturierte Aufteilung von Aufgabengebieten zu schaffen und verbindlich festzulegen, wer der jeweilige Einsatzleiter ist und wof\u00fcr Einsatzzentrale und Abschnittf\u00fchrungsstellen zust\u00e4ndig sind. \u201eDies w\u00fcrde die Arbeit effizienter machen und weniger Einsatzkr\u00e4fte binden.\u201c<\/p>\n<p>In Richtung von Oberb\u00fcrgermeister J\u00fcrgen Dupper gewandt, dr\u00e4ngte Haselgruber auch auf eine z\u00fcgige Umsetzung der bereits l\u00e4nger geplanten Neugestaltung des Feuerwehrhofs. Diese sei vor allem angesichts der beiden neuen Einsatzfahrzeuge des L\u00f6schzugs dringend notwendig, die Mitte des Jahres in Dienst gestellt werden sollen: Als Ersatz f\u00fcr das in die Jahre gekommene TLF 16\/24 kommt ein modernes LF 10 mit einem Aufbau von Rosenbauer und einem Tank-Fassungsverm\u00f6gen von 1900 Litern L\u00f6schwasser. Zus\u00e4tzlich wird ein Versorgungs-LKW mit Modularem Ger\u00e4tesatz Hochwasser (MGH) vom Freistaat Bayern zur Verf\u00fcgung gestellt und in der Innstadt stationiert.<\/p>\n<p>Mit den neuen Fahrzeugen sind technisch die Weichen f\u00fcr die Zukunft gestellt \u2013 dass der L\u00f6schzug Innstadt auch personell gut auf Kurs ist, dar\u00fcber berichtete Jugendwart Florian Dillinger. Aktuell geh\u00f6ren 9 Jugendliche der Feuerwehr an, davon ist einer im vergangenen Jahr neu zur Jugendgruppe hinzugesto\u00dfen. Zwei junge Feuerwehrfrauen haben 2017 ihre Modulare Truppausbildung (MTA) erfolgreich abgeschlossen und damit die Grundlage geschaffen, um sp\u00e4ter in die aktive Mannschaft \u00fcberzutreten.<\/p>\n<p>Vorsitzender Gerhard Woller jun. gab Einblicke in das Vereinsleben des FF Passau L\u00f6schzug Innstadt e. V., der 2017 um 14 Mitglieder wachsen konnte; zum 31. Dezember geh\u00f6rten dem Verein 121 Mitglieder an. 58-mal kamen insgesamt 628 Frauen und M\u00e4nner zu verschiedensten Anl\u00e4ssen zusammen und leisteten dabei stolze 2406 Vereinsstunden \u2013 fast genauso viel wie im vorigen Jahr. Zu den zahlreichen vereinseigenen Aktivit\u00e4ten wie Florianifeier, Hallenfest und Kameradschaftstreffen kamen vor allem die Besuche bei den Veranstaltungen der vielen befreundeten Vereine in der Stadt und im benachbarten \u00d6sterreich hinzu. Neben den Innst\u00e4dter Vereinen waren die Kameraden des L\u00f6schzugs vor allem in Freinberg und Haibach regelm\u00e4\u00dfig vertreten, bei den zwei Patenvereinen in Grubweg und Schardenberg sowieso.<\/p>\n<p>OB J\u00fcrgen Dupper w\u00fcrdigte dieses au\u00dfergew\u00f6hnliche Engagement der Innst\u00e4dter Wehr, die f\u00fcr 2017 eine beachtliche Gesamtbilanz von exakt 5800 ehrenamtlich geleisteten Stunden aufweisen kann, in seinem Gru\u00dfwort ausdr\u00fccklich. Die Stadt werde das M\u00f6glichste tun, um \u201eihren\u201c Feuerwehrdienstleistenden die Arbeit soweit es geht zu erleichtern: Neben den neuen Fahrzeugen f\u00fcr die Innstadt oder auch den L\u00f6schzug Hauptwache sollen demn\u00e4chst beispielsweise die Ger\u00e4teh\u00e4user in Grubweg und Heining modernisiert werden. Ebenso st\u00fcnde die Schutzausr\u00fcstung aktuell auf dem Pr\u00fcfstand. Und in Hinblick auf die erhoffte Umgestaltung des Innst\u00e4dter Feuerwehrhofs versprach er: \u201eAuch das werden wir heuer unterkriegen!\u201c<\/p>\n","protected":false},"excerpt":{"rendered":"<p>In seiner Jahreshauptversammlung hat der L\u00f6schzug Innstadt auf das Jahr 2017 zur\u00fcckgeblickt. Zugf\u00fchrer J\u00fcrgen Haselgruber konnte dabei wieder eine beachtliche Einsatzstatistik pr\u00e4sentieren: Zu nicht weniger als 153 Eins\u00e4tzen r\u00fcckten in Summe knapp 1000 Feuerwehrfrauen und -m\u00e4nner aus. Wesentlichen Anteil an diesen Zahlen haben, wie bereits in den Vorjahren, die vielen Unwettereins\u00e4tze. Allerdings r\u00fcckten die Innst\u00e4dter nicht einmal im Hochwasserjahr 2013 zu derma\u00dfen vielen Eins\u00e4tzen aus \u2013 selbst damals waren insgesamt \u201enur\u201c 134 Alarmierungen. \u201eMan k\u00f6nnte meinen, dass es zur allj\u00e4hrlichen Regelm\u00e4\u00dfigkeit wird, dass wir zu Unwettereins\u00e4tzen wie Starkregen, Sturm oder Hochwasser alarmiert werden\u201c, attestierte Haselgruber. So verwundert es wenig, dass der \u00fcberwiegende Gro\u00dfteil der Alarmierungen auf Technische Hilfeleistungen zur\u00fcckgeht: Im Schnitt kam es 2017 zu 7 THL-Eins\u00e4tzen pro Monat, nur allein im August waren es stolze 34! In Summe wurden die 40 aktiven Mitglieder der Wehr 86-mal f\u00fcr die Beseitigung [&hellip;]<\/p>\n","protected":false},"author":10,"featured_media":536,"comment_status":"open","ping_status":"open","sticky":false,"template":"","format":"standard","meta":{"footnotes":""},"categories":[23],"tags":[15,18,30,26],"class_list":["post-533","post","type-post","status-publish","format-standard","has-post-thumbnail","hentry","category-veranstaltung","tag-jahreshauptversammlung","tag-lf-10","tag-lkw","tag-tlf"],"yoast_head":"<!-- This site is optimized with the Yoast SEO plugin v24.3 - https:\/\/yoast.com\/wordpress\/plugins\/seo\/ -->\n<title>Jahreshauptversammlung 2018 - Feuerwehr Passau - L\u00f6schzug Innstadt<\/title>\n<meta name=\"robots\" content=\"index, follow, max-snippet:-1, max-image-preview:large, max-video-preview:-1\" \/>\n<link rel=\"canonical\" href=\"https:\/\/www.ffpassau.de\/innstadt\/2018\/03\/jahreshauptversammlung-2018\/\" \/>\n<meta property=\"og:locale\" content=\"de_DE\" \/>\n<meta property=\"og:type\" content=\"article\" \/>\n<meta property=\"og:title\" content=\"Jahreshauptversammlung 2018 - Feuerwehr Passau - L\u00f6schzug Innstadt\" \/>\n<meta property=\"og:description\" content=\"In seiner Jahreshauptversammlung hat der L\u00f6schzug Innstadt auf das Jahr 2017 zur\u00fcckgeblickt. Zugf\u00fchrer J\u00fcrgen Haselgruber konnte dabei wieder eine beachtliche Einsatzstatistik pr\u00e4sentieren: Zu nicht weniger als 153 Eins\u00e4tzen r\u00fcckten in Summe knapp 1000 Feuerwehrfrauen und -m\u00e4nner aus. Wesentlichen Anteil an diesen Zahlen haben, wie bereits in den Vorjahren, die vielen Unwettereins\u00e4tze. Allerdings r\u00fcckten die Innst\u00e4dter nicht einmal im Hochwasserjahr 2013 zu derma\u00dfen vielen Eins\u00e4tzen aus \u2013 selbst damals waren insgesamt \u201enur\u201c 134 Alarmierungen. \u201eMan k\u00f6nnte meinen, dass es zur allj\u00e4hrlichen Regelm\u00e4\u00dfigkeit wird, dass wir zu Unwettereins\u00e4tzen wie Starkregen, Sturm oder Hochwasser alarmiert werden\u201c, attestierte Haselgruber. So verwundert es wenig, dass der \u00fcberwiegende Gro\u00dfteil der Alarmierungen auf Technische Hilfeleistungen zur\u00fcckgeht: Im Schnitt kam es 2017 zu 7 THL-Eins\u00e4tzen pro Monat, nur allein im August waren es stolze 34! In Summe wurden die 40 aktiven Mitglieder der Wehr 86-mal f\u00fcr die Beseitigung [&hellip;]\" \/>\n<meta property=\"og:url\" content=\"https:\/\/www.ffpassau.de\/innstadt\/2018\/03\/jahreshauptversammlung-2018\/\" \/>\n<meta property=\"og:site_name\" content=\"Feuerwehr Passau - L\u00f6schzug Innstadt\" \/>\n<meta property=\"article:published_time\" content=\"2018-03-18T07:00:50+00:00\" \/>\n<meta property=\"article:modified_time\" content=\"2020-03-22T19:31:46+00:00\" \/>\n<meta property=\"og:image\" content=\"https:\/\/www.ffpassau.de\/innstadt\/wp-content\/uploads\/sites\/2\/2020\/03\/jahreshauptversammlung-innstadt-2018.jpg\" \/>\n\t<meta property=\"og:image:width\" content=\"998\" \/>\n\t<meta property=\"og:image:height\" content=\"606\" \/>\n\t<meta property=\"og:image:type\" content=\"image\/jpeg\" \/>\n<meta name=\"author\" content=\"Stefan Daller\" \/>\n<meta name=\"twitter:card\" content=\"summary_large_image\" \/>\n<meta name=\"twitter:label1\" content=\"Verfasst von\" \/>\n\t<meta name=\"twitter:data1\" content=\"Stefan Daller\" \/>\n\t<meta name=\"twitter:label2\" content=\"Gesch\u00e4tzte Lesezeit\" \/>\n\t<meta name=\"twitter:data2\" content=\"3\u00a0Minuten\" \/>\n<script type=\"application\/ld+json\" class=\"yoast-schema-graph\">{\"@context\":\"https:\/\/schema.org\",\"@graph\":[{\"@type\":\"Article\",\"@id\":\"https:\/\/www.ffpassau.de\/innstadt\/2018\/03\/jahreshauptversammlung-2018\/#article\",\"isPartOf\":{\"@id\":\"https:\/\/www.ffpassau.de\/innstadt\/2018\/03\/jahreshauptversammlung-2018\/\"},\"author\":{\"name\":\"Stefan Daller\",\"@id\":\"https:\/\/www.ffpassau.de\/innstadt\/#\/schema\/person\/79775f60788f3f1a0aa3269b7db317b1\"},\"headline\":\"Jahreshauptversammlung 2018\",\"datePublished\":\"2018-03-18T07:00:50+00:00\",\"dateModified\":\"2020-03-22T19:31:46+00:00\",\"mainEntityOfPage\":{\"@id\":\"https:\/\/www.ffpassau.de\/innstadt\/2018\/03\/jahreshauptversammlung-2018\/\"},\"wordCount\":688,\"commentCount\":0,\"publisher\":{\"@id\":\"https:\/\/www.ffpassau.de\/innstadt\/#organization\"},\"image\":{\"@id\":\"https:\/\/www.ffpassau.de\/innstadt\/2018\/03\/jahreshauptversammlung-2018\/#primaryimage\"},\"thumbnailUrl\":\"https:\/\/www.ffpassau.de\/innstadt\/wp-content\/uploads\/sites\/2\/2020\/03\/jahreshauptversammlung-innstadt-2018.jpg\",\"keywords\":[\"Jahreshauptversammlung\",\"LF 10\",\"LKW\",\"TLF\"],\"articleSection\":[\"Veranstaltung\"],\"inLanguage\":\"de\",\"potentialAction\":[{\"@type\":\"CommentAction\",\"name\":\"Comment\",\"target\":[\"https:\/\/www.ffpassau.de\/innstadt\/2018\/03\/jahreshauptversammlung-2018\/#respond\"]}]},{\"@type\":\"WebPage\",\"@id\":\"https:\/\/www.ffpassau.de\/innstadt\/2018\/03\/jahreshauptversammlung-2018\/\",\"url\":\"https:\/\/www.ffpassau.de\/innstadt\/2018\/03\/jahreshauptversammlung-2018\/\",\"name\":\"Jahreshauptversammlung 2018 - Feuerwehr Passau - L\u00f6schzug Innstadt\",\"isPartOf\":{\"@id\":\"https:\/\/www.ffpassau.de\/innstadt\/#website\"},\"primaryImageOfPage\":{\"@id\":\"https:\/\/www.ffpassau.de\/innstadt\/2018\/03\/jahreshauptversammlung-2018\/#primaryimage\"},\"image\":{\"@id\":\"https:\/\/www.ffpassau.de\/innstadt\/2018\/03\/jahreshauptversammlung-2018\/#primaryimage\"},\"thumbnailUrl\":\"https:\/\/www.ffpassau.de\/innstadt\/wp-content\/uploads\/sites\/2\/2020\/03\/jahreshauptversammlung-innstadt-2018.jpg\",\"datePublished\":\"2018-03-18T07:00:50+00:00\",\"dateModified\":\"2020-03-22T19:31:46+00:00\",\"breadcrumb\":{\"@id\":\"https:\/\/www.ffpassau.de\/innstadt\/2018\/03\/jahreshauptversammlung-2018\/#breadcrumb\"},\"inLanguage\":\"de\",\"potentialAction\":[{\"@type\":\"ReadAction\",\"target\":[\"https:\/\/www.ffpassau.de\/innstadt\/2018\/03\/jahreshauptversammlung-2018\/\"]}]},{\"@type\":\"ImageObject\",\"inLanguage\":\"de\",\"@id\":\"https:\/\/www.ffpassau.de\/innstadt\/2018\/03\/jahreshauptversammlung-2018\/#primaryimage\",\"url\":\"https:\/\/www.ffpassau.de\/innstadt\/wp-content\/uploads\/sites\/2\/2020\/03\/jahreshauptversammlung-innstadt-2018.jpg\",\"contentUrl\":\"https:\/\/www.ffpassau.de\/innstadt\/wp-content\/uploads\/sites\/2\/2020\/03\/jahreshauptversammlung-innstadt-2018.jpg\",\"width\":998,\"height\":606},{\"@type\":\"BreadcrumbList\",\"@id\":\"https:\/\/www.ffpassau.de\/innstadt\/2018\/03\/jahreshauptversammlung-2018\/#breadcrumb\",\"itemListElement\":[{\"@type\":\"ListItem\",\"position\":1,\"name\":\"L\u00f6schzug Innstadt Startseite\",\"item\":\"https:\/\/www.ffpassau.de\/innstadt\/\"},{\"@type\":\"ListItem\",\"position\":2,\"name\":\"Jahreshauptversammlung 2018\"}]},{\"@type\":\"WebSite\",\"@id\":\"https:\/\/www.ffpassau.de\/innstadt\/#website\",\"url\":\"https:\/\/www.ffpassau.de\/innstadt\/\",\"name\":\"Feuerwehr Passau - L\u00f6schzug Innstadt\",\"description\":\"\",\"publisher\":{\"@id\":\"https:\/\/www.ffpassau.de\/innstadt\/#organization\"},\"potentialAction\":[{\"@type\":\"SearchAction\",\"target\":{\"@type\":\"EntryPoint\",\"urlTemplate\":\"https:\/\/www.ffpassau.de\/innstadt\/?s={search_term_string}\"},\"query-input\":{\"@type\":\"PropertyValueSpecification\",\"valueRequired\":true,\"valueName\":\"search_term_string\"}}],\"inLanguage\":\"de\"},{\"@type\":\"Organization\",\"@id\":\"https:\/\/www.ffpassau.de\/innstadt\/#organization\",\"name\":\"Feuerwehr Passau - L\u00f6schzug Innstadt\",\"url\":\"https:\/\/www.ffpassau.de\/innstadt\/\",\"logo\":{\"@type\":\"ImageObject\",\"inLanguage\":\"de\",\"@id\":\"https:\/\/www.ffpassau.de\/innstadt\/#\/schema\/logo\/image\/\",\"url\":\"https:\/\/www.ffpassau.de\/innstadt\/wp-content\/uploads\/sites\/2\/2020\/02\/lz_innstadt_logo.svg\",\"contentUrl\":\"https:\/\/www.ffpassau.de\/innstadt\/wp-content\/uploads\/sites\/2\/2020\/02\/lz_innstadt_logo.svg\",\"width\":1,\"height\":1,\"caption\":\"Feuerwehr Passau - L\u00f6schzug Innstadt\"},\"image\":{\"@id\":\"https:\/\/www.ffpassau.de\/innstadt\/#\/schema\/logo\/image\/\"}},{\"@type\":\"Person\",\"@id\":\"https:\/\/www.ffpassau.de\/innstadt\/#\/schema\/person\/79775f60788f3f1a0aa3269b7db317b1\",\"name\":\"Stefan Daller\",\"image\":{\"@type\":\"ImageObject\",\"inLanguage\":\"de\",\"@id\":\"https:\/\/www.ffpassau.de\/innstadt\/#\/schema\/person\/image\/\",\"url\":\"https:\/\/secure.gravatar.com\/avatar\/512ff9c8d04a77cb4e3921d8ee011143?s=96&d=mm&r=g\",\"contentUrl\":\"https:\/\/secure.gravatar.com\/avatar\/512ff9c8d04a77cb4e3921d8ee011143?s=96&d=mm&r=g\",\"caption\":\"Stefan Daller\"},\"url\":\"https:\/\/www.ffpassau.de\/innstadt\/author\/stefandaller\/\"}]}<\/script>\n<!-- \/ Yoast SEO plugin. -->","yoast_head_json":{"title":"Jahreshauptversammlung 2018 - Feuerwehr Passau - L\u00f6schzug Innstadt","robots":{"index":"index","follow":"follow","max-snippet":"max-snippet:-1","max-image-preview":"max-image-preview:large","max-video-preview":"max-video-preview:-1"},"canonical":"https:\/\/www.ffpassau.de\/innstadt\/2018\/03\/jahreshauptversammlung-2018\/","og_locale":"de_DE","og_type":"article","og_title":"Jahreshauptversammlung 2018 - Feuerwehr Passau - L\u00f6schzug Innstadt","og_description":"In seiner Jahreshauptversammlung hat der L\u00f6schzug Innstadt auf das Jahr 2017 zur\u00fcckgeblickt. Zugf\u00fchrer J\u00fcrgen Haselgruber konnte dabei wieder eine beachtliche Einsatzstatistik pr\u00e4sentieren: Zu nicht weniger als 153 Eins\u00e4tzen r\u00fcckten in Summe knapp 1000 Feuerwehrfrauen und -m\u00e4nner aus. Wesentlichen Anteil an diesen Zahlen haben, wie bereits in den Vorjahren, die vielen Unwettereins\u00e4tze. Allerdings r\u00fcckten die Innst\u00e4dter nicht einmal im Hochwasserjahr 2013 zu derma\u00dfen vielen Eins\u00e4tzen aus \u2013 selbst damals waren insgesamt \u201enur\u201c 134 Alarmierungen. \u201eMan k\u00f6nnte meinen, dass es zur allj\u00e4hrlichen Regelm\u00e4\u00dfigkeit wird, dass wir zu Unwettereins\u00e4tzen wie Starkregen, Sturm oder Hochwasser alarmiert werden\u201c, attestierte Haselgruber. So verwundert es wenig, dass der \u00fcberwiegende Gro\u00dfteil der Alarmierungen auf Technische Hilfeleistungen zur\u00fcckgeht: Im Schnitt kam es 2017 zu 7 THL-Eins\u00e4tzen pro Monat, nur allein im August waren es stolze 34! In Summe wurden die 40 aktiven Mitglieder der Wehr 86-mal f\u00fcr die Beseitigung [&hellip;]","og_url":"https:\/\/www.ffpassau.de\/innstadt\/2018\/03\/jahreshauptversammlung-2018\/","og_site_name":"Feuerwehr Passau - L\u00f6schzug Innstadt","article_published_time":"2018-03-18T07:00:50+00:00","article_modified_time":"2020-03-22T19:31:46+00:00","og_image":[{"width":998,"height":606,"url":"https:\/\/www.ffpassau.de\/innstadt\/wp-content\/uploads\/sites\/2\/2020\/03\/jahreshauptversammlung-innstadt-2018.jpg","type":"image\/jpeg"}],"author":"Stefan Daller","twitter_card":"summary_large_image","twitter_misc":{"Verfasst von":"Stefan Daller","Gesch\u00e4tzte Lesezeit":"3\u00a0Minuten"},"schema":{"@context":"https:\/\/schema.org","@graph":[{"@type":"Article","@id":"https:\/\/www.ffpassau.de\/innstadt\/2018\/03\/jahreshauptversammlung-2018\/#article","isPartOf":{"@id":"https:\/\/www.ffpassau.de\/innstadt\/2018\/03\/jahreshauptversammlung-2018\/"},"author":{"name":"Stefan Daller","@id":"https:\/\/www.ffpassau.de\/innstadt\/#\/schema\/person\/79775f60788f3f1a0aa3269b7db317b1"},"headline":"Jahreshauptversammlung 2018","datePublished":"2018-03-18T07:00:50+00:00","dateModified":"2020-03-22T19:31:46+00:00","mainEntityOfPage":{"@id":"https:\/\/www.ffpassau.de\/innstadt\/2018\/03\/jahreshauptversammlung-2018\/"},"wordCount":688,"commentCount":0,"publisher":{"@id":"https:\/\/www.ffpassau.de\/innstadt\/#organization"},"image":{"@id":"https:\/\/www.ffpassau.de\/innstadt\/2018\/03\/jahreshauptversammlung-2018\/#primaryimage"},"thumbnailUrl":"https:\/\/www.ffpassau.de\/innstadt\/wp-content\/uploads\/sites\/2\/2020\/03\/jahreshauptversammlung-innstadt-2018.jpg","keywords":["Jahreshauptversammlung","LF 10","LKW","TLF"],"articleSection":["Veranstaltung"],"inLanguage":"de","potentialAction":[{"@type":"CommentAction","name":"Comment","target":["https:\/\/www.ffpassau.de\/innstadt\/2018\/03\/jahreshauptversammlung-2018\/#respond"]}]},{"@type":"WebPage","@id":"https:\/\/www.ffpassau.de\/innstadt\/2018\/03\/jahreshauptversammlung-2018\/","url":"https:\/\/www.ffpassau.de\/innstadt\/2018\/03\/jahreshauptversammlung-2018\/","name":"Jahreshauptversammlung 2018 - Feuerwehr Passau - L\u00f6schzug Innstadt","isPartOf":{"@id":"https:\/\/www.ffpassau.de\/innstadt\/#website"},"primaryImageOfPage":{"@id":"https:\/\/www.ffpassau.de\/innstadt\/2018\/03\/jahreshauptversammlung-2018\/#primaryimage"},"image":{"@id":"https:\/\/www.ffpassau.de\/innstadt\/2018\/03\/jahreshauptversammlung-2018\/#primaryimage"},"thumbnailUrl":"https:\/\/www.ffpassau.de\/innstadt\/wp-content\/uploads\/sites\/2\/2020\/03\/jahreshauptversammlung-innstadt-2018.jpg","datePublished":"2018-03-18T07:00:50+00:00","dateModified":"2020-03-22T19:31:46+00:00","breadcrumb":{"@id":"https:\/\/www.ffpassau.de\/innstadt\/2018\/03\/jahreshauptversammlung-2018\/#breadcrumb"},"inLanguage":"de","potentialAction":[{"@type":"ReadAction","target":["https:\/\/www.ffpassau.de\/innstadt\/2018\/03\/jahreshauptversammlung-2018\/"]}]},{"@type":"ImageObject","inLanguage":"de","@id":"https:\/\/www.ffpassau.de\/innstadt\/2018\/03\/jahreshauptversammlung-2018\/#primaryimage","url":"https:\/\/www.ffpassau.de\/innstadt\/wp-content\/uploads\/sites\/2\/2020\/03\/jahreshauptversammlung-innstadt-2018.jpg","contentUrl":"https:\/\/www.ffpassau.de\/innstadt\/wp-content\/uploads\/sites\/2\/2020\/03\/jahreshauptversammlung-innstadt-2018.jpg","width":998,"height":606},{"@type":"BreadcrumbList","@id":"https:\/\/www.ffpassau.de\/innstadt\/2018\/03\/jahreshauptversammlung-2018\/#breadcrumb","itemListElement":[{"@type":"ListItem","position":1,"name":"L\u00f6schzug Innstadt Startseite","item":"https:\/\/www.ffpassau.de\/innstadt\/"},{"@type":"ListItem","position":2,"name":"Jahreshauptversammlung 2018"}]},{"@type":"WebSite","@id":"https:\/\/www.ffpassau.de\/innstadt\/#website","url":"https:\/\/www.ffpassau.de\/innstadt\/","name":"Feuerwehr Passau - L\u00f6schzug Innstadt","description":"","publisher":{"@id":"https:\/\/www.ffpassau.de\/innstadt\/#organization"},"potentialAction":[{"@type":"SearchAction","target":{"@type":"EntryPoint","urlTemplate":"https:\/\/www.ffpassau.de\/innstadt\/?s={search_term_string}"},"query-input":{"@type":"PropertyValueSpecification","valueRequired":true,"valueName":"search_term_string"}}],"inLanguage":"de"},{"@type":"Organization","@id":"https:\/\/www.ffpassau.de\/innstadt\/#organization","name":"Feuerwehr Passau - L\u00f6schzug Innstadt","url":"https:\/\/www.ffpassau.de\/innstadt\/","logo":{"@type":"ImageObject","inLanguage":"de","@id":"https:\/\/www.ffpassau.de\/innstadt\/#\/schema\/logo\/image\/","url":"https:\/\/www.ffpassau.de\/innstadt\/wp-content\/uploads\/sites\/2\/2020\/02\/lz_innstadt_logo.svg","contentUrl":"https:\/\/www.ffpassau.de\/innstadt\/wp-content\/uploads\/sites\/2\/2020\/02\/lz_innstadt_logo.svg","width":1,"height":1,"caption":"Feuerwehr Passau - L\u00f6schzug Innstadt"},"image":{"@id":"https:\/\/www.ffpassau.de\/innstadt\/#\/schema\/logo\/image\/"}},{"@type":"Person","@id":"https:\/\/www.ffpassau.de\/innstadt\/#\/schema\/person\/79775f60788f3f1a0aa3269b7db317b1","name":"Stefan Daller","image":{"@type":"ImageObject","inLanguage":"de","@id":"https:\/\/www.ffpassau.de\/innstadt\/#\/schema\/person\/image\/","url":"https:\/\/secure.gravatar.com\/avatar\/512ff9c8d04a77cb4e3921d8ee011143?s=96&d=mm&r=g","contentUrl":"https:\/\/secure.gravatar.com\/avatar\/512ff9c8d04a77cb4e3921d8ee011143?s=96&d=mm&r=g","caption":"Stefan Daller"},"url":"https:\/\/www.ffpassau.de\/innstadt\/author\/stefandaller\/"}]}},"_links":{"self":[{"href":"https:\/\/www.ffpassau.de\/innstadt\/wp-json\/wp\/v2\/posts\/533","targetHints":{"allow":["GET"]}}],"collection":[{"href":"https:\/\/www.ffpassau.de\/innstadt\/wp-json\/wp\/v2\/posts"}],"about":[{"href":"https:\/\/www.ffpassau.de\/innstadt\/wp-json\/wp\/v2\/types\/post"}],"author":[{"embeddable":true,"href":"https:\/\/www.ffpassau.de\/innstadt\/wp-json\/wp\/v2\/users\/10"}],"replies":[{"embeddable":true,"href":"https:\/\/www.ffpassau.de\/innstadt\/wp-json\/wp\/v2\/comments?post=533"}],"version-history":[{"count":5,"href":"https:\/\/www.ffpassau.de\/innstadt\/wp-json\/wp\/v2\/posts\/533\/revisions"}],"predecessor-version":[{"id":539,"href":"https:\/\/www.ffpassau.de\/innstadt\/wp-json\/wp\/v2\/posts\/533\/revisions\/539"}],"wp:featuredmedia":[{"embeddable":true,"href":"https:\/\/www.ffpassau.de\/innstadt\/wp-json\/wp\/v2\/media\/536"}],"wp:attachment":[{"href":"https:\/\/www.ffpassau.de\/innstadt\/wp-json\/wp\/v2\/media?parent=533"}],"wp:term":[{"taxonomy":"category","embeddable":true,"href":"https:\/\/www.ffpassau.de\/innstadt\/wp-json\/wp\/v2\/categories?post=533"},{"taxonomy":"post_tag","embeddable":true,"href":"https:\/\/www.ffpassau.de\/innstadt\/wp-json\/wp\/v2\/tags?post=533"}],"curies":[{"name":"wp","href":"https:\/\/api.w.org\/{rel}","templated":true}]}}