{"id":543,"date":"2016-09-03T08:00:42","date_gmt":"2016-09-03T06:00:42","guid":{"rendered":"https:\/\/www.ffpassau.de\/innstadt\/?p=543"},"modified":"2020-03-22T20:41:09","modified_gmt":"2020-03-22T19:41:09","slug":"uebung-im-nadeloehr-der-innstadt","status":"publish","type":"post","link":"https:\/\/www.ffpassau.de\/innstadt\/2016\/09\/uebung-im-nadeloehr-der-innstadt\/","title":{"rendered":"\u00dcbung im Nadel\u00f6hr der Innstadt"},"content":{"rendered":"<p>Wohnhausbrand im vielbefahrenen Neutorgraben. So hie\u00df es am vergangenen Freitag f\u00fcr die Feuerwehr in der Innstadt im Rahmen einer gro\u00df angelegten \u00dcbung. Kurz nach 19 Uhr r\u00fcckten drei Fahrzeuge vom Ger\u00e4tehaus in der Jahnstra\u00dfe an den wenige hundert Meter entfernten Einsatzort vor. Dort wurde ein Brand im Keller eines Wohnhauses mit mehreren eingeschlossenen Personen simuliert. Zwei Atemschutztrupps machten sich in dem bereits erheblich verrauchten Geb\u00e4ude auf die Suche, w\u00e4hrend die Kameraden von drau\u00dfen Unterst\u00fctzung leisteten. Zwei Personen mit schweren Rauchvergiftungen wurden aus dem Keller geborgen, mittels Drehleiter und Rettungstrage konnte eine ebenfalls bereits bewusstlose Person aus dem Obergeschoss evakuiert werden.<\/p>\n<p>W\u00e4hrend der \u00dcbung war der gesamte Neutorgraben f\u00fcr den Verkehr gesperrt. Wer stadtausw\u00e4rts in Richtung Haibach fahren wollte, wurde \u00fcber die R\u00f6merstra\u00dfe und den Kapuzinerplatz umgeleitet. Infolgedessen bildete sich binnen kurzer Zeit ein R\u00fcckstau bis an die Gottfried-Sch\u00e4ffer-Stra\u00dfe. Die \u00dcbung konnte jedoch binnen gerade einmal einer halben Stunde erfolgreich abgeschlossen und damit der Verkehr wieder freigegeben werden.<\/p>\n","protected":false},"excerpt":{"rendered":"<p>Wohnhausbrand im vielbefahrenen Neutorgraben. So hie\u00df es am vergangenen Freitag f\u00fcr die Feuerwehr in der Innstadt im Rahmen einer gro\u00df angelegten \u00dcbung. Kurz nach 19 Uhr r\u00fcckten drei Fahrzeuge vom Ger\u00e4tehaus in der Jahnstra\u00dfe an den wenige hundert Meter entfernten Einsatzort vor. Dort wurde ein Brand im Keller eines Wohnhauses mit mehreren eingeschlossenen Personen simuliert. Zwei Atemschutztrupps machten sich in dem bereits erheblich verrauchten Geb\u00e4ude auf die Suche, w\u00e4hrend die Kameraden von drau\u00dfen Unterst\u00fctzung leisteten. Zwei Personen mit schweren Rauchvergiftungen wurden aus dem Keller geborgen, mittels Drehleiter und Rettungstrage konnte eine ebenfalls bereits bewusstlose Person aus dem Obergeschoss evakuiert werden. W\u00e4hrend der \u00dcbung war der gesamte Neutorgraben f\u00fcr den Verkehr gesperrt. Wer stadtausw\u00e4rts in Richtung Haibach fahren wollte, wurde \u00fcber die R\u00f6merstra\u00dfe und den Kapuzinerplatz umgeleitet. Infolgedessen bildete sich binnen kurzer Zeit ein R\u00fcckstau bis an die Gottfried-Sch\u00e4ffer-Stra\u00dfe. Die \u00dcbung [&hellip;]<\/p>\n","protected":false},"author":10,"featured_media":544,"comment_status":"open","ping_status":"open","sticky":false,"template":"","format":"standard","meta":{"footnotes":""},"categories":[22],"tags":[19,26],"class_list":["post-543","post","type-post","status-publish","format-standard","has-post-thumbnail","hentry","category-uebung","tag-lf-8","tag-tlf"],"yoast_head":"<!-- This site is optimized with the Yoast SEO plugin v24.3 - https:\/\/yoast.com\/wordpress\/plugins\/seo\/ -->\n<title>\u00dcbung im Nadel\u00f6hr der Innstadt - Feuerwehr Passau - L\u00f6schzug Innstadt<\/title>\n<meta name=\"robots\" content=\"index, follow, max-snippet:-1, max-image-preview:large, max-video-preview:-1\" \/>\n<link rel=\"canonical\" href=\"https:\/\/www.ffpassau.de\/innstadt\/2016\/09\/uebung-im-nadeloehr-der-innstadt\/\" \/>\n<meta property=\"og:locale\" content=\"de_DE\" \/>\n<meta property=\"og:type\" content=\"article\" \/>\n<meta property=\"og:title\" content=\"\u00dcbung im Nadel\u00f6hr der Innstadt - Feuerwehr Passau - L\u00f6schzug Innstadt\" \/>\n<meta property=\"og:description\" content=\"Wohnhausbrand im vielbefahrenen Neutorgraben. So hie\u00df es am vergangenen Freitag f\u00fcr die Feuerwehr in der Innstadt im Rahmen einer gro\u00df angelegten \u00dcbung. Kurz nach 19 Uhr r\u00fcckten drei Fahrzeuge vom Ger\u00e4tehaus in der Jahnstra\u00dfe an den wenige hundert Meter entfernten Einsatzort vor. Dort wurde ein Brand im Keller eines Wohnhauses mit mehreren eingeschlossenen Personen simuliert. Zwei Atemschutztrupps machten sich in dem bereits erheblich verrauchten Geb\u00e4ude auf die Suche, w\u00e4hrend die Kameraden von drau\u00dfen Unterst\u00fctzung leisteten. Zwei Personen mit schweren Rauchvergiftungen wurden aus dem Keller geborgen, mittels Drehleiter und Rettungstrage konnte eine ebenfalls bereits bewusstlose Person aus dem Obergeschoss evakuiert werden. W\u00e4hrend der \u00dcbung war der gesamte Neutorgraben f\u00fcr den Verkehr gesperrt. Wer stadtausw\u00e4rts in Richtung Haibach fahren wollte, wurde \u00fcber die R\u00f6merstra\u00dfe und den Kapuzinerplatz umgeleitet. Infolgedessen bildete sich binnen kurzer Zeit ein R\u00fcckstau bis an die Gottfried-Sch\u00e4ffer-Stra\u00dfe. Die \u00dcbung [&hellip;]\" \/>\n<meta property=\"og:url\" content=\"https:\/\/www.ffpassau.de\/innstadt\/2016\/09\/uebung-im-nadeloehr-der-innstadt\/\" \/>\n<meta property=\"og:site_name\" content=\"Feuerwehr Passau - L\u00f6schzug Innstadt\" \/>\n<meta property=\"article:published_time\" content=\"2016-09-03T06:00:42+00:00\" \/>\n<meta property=\"article:modified_time\" content=\"2020-03-22T19:41:09+00:00\" \/>\n<meta property=\"og:image\" content=\"https:\/\/www.ffpassau.de\/innstadt\/wp-content\/uploads\/sites\/2\/2020\/03\/Feuerwehr\u00fcbung_Neutorgraben_02.jpg\" \/>\n\t<meta property=\"og:image:width\" content=\"800\" \/>\n\t<meta property=\"og:image:height\" content=\"450\" \/>\n\t<meta property=\"og:image:type\" content=\"image\/jpeg\" \/>\n<meta name=\"author\" content=\"Stefan Daller\" \/>\n<meta name=\"twitter:card\" content=\"summary_large_image\" \/>\n<meta name=\"twitter:label1\" content=\"Verfasst von\" \/>\n\t<meta name=\"twitter:data1\" content=\"Stefan Daller\" \/>\n\t<meta name=\"twitter:label2\" content=\"Gesch\u00e4tzte Lesezeit\" \/>\n\t<meta name=\"twitter:data2\" content=\"1\u00a0Minute\" \/>\n<script type=\"application\/ld+json\" class=\"yoast-schema-graph\">{\"@context\":\"https:\/\/schema.org\",\"@graph\":[{\"@type\":\"Article\",\"@id\":\"https:\/\/www.ffpassau.de\/innstadt\/2016\/09\/uebung-im-nadeloehr-der-innstadt\/#article\",\"isPartOf\":{\"@id\":\"https:\/\/www.ffpassau.de\/innstadt\/2016\/09\/uebung-im-nadeloehr-der-innstadt\/\"},\"author\":{\"name\":\"Stefan Daller\",\"@id\":\"https:\/\/www.ffpassau.de\/innstadt\/#\/schema\/person\/79775f60788f3f1a0aa3269b7db317b1\"},\"headline\":\"\u00dcbung im Nadel\u00f6hr der Innstadt\",\"datePublished\":\"2016-09-03T06:00:42+00:00\",\"dateModified\":\"2020-03-22T19:41:09+00:00\",\"mainEntityOfPage\":{\"@id\":\"https:\/\/www.ffpassau.de\/innstadt\/2016\/09\/uebung-im-nadeloehr-der-innstadt\/\"},\"wordCount\":178,\"commentCount\":0,\"publisher\":{\"@id\":\"https:\/\/www.ffpassau.de\/innstadt\/#organization\"},\"image\":{\"@id\":\"https:\/\/www.ffpassau.de\/innstadt\/2016\/09\/uebung-im-nadeloehr-der-innstadt\/#primaryimage\"},\"thumbnailUrl\":\"https:\/\/www.ffpassau.de\/innstadt\/wp-content\/uploads\/sites\/2\/2020\/03\/Feuerwehr\u00fcbung_Neutorgraben_02.jpg\",\"keywords\":[\"LF 8\",\"TLF\"],\"articleSection\":[\"\u00dcbung\"],\"inLanguage\":\"de\",\"potentialAction\":[{\"@type\":\"CommentAction\",\"name\":\"Comment\",\"target\":[\"https:\/\/www.ffpassau.de\/innstadt\/2016\/09\/uebung-im-nadeloehr-der-innstadt\/#respond\"]}]},{\"@type\":\"WebPage\",\"@id\":\"https:\/\/www.ffpassau.de\/innstadt\/2016\/09\/uebung-im-nadeloehr-der-innstadt\/\",\"url\":\"https:\/\/www.ffpassau.de\/innstadt\/2016\/09\/uebung-im-nadeloehr-der-innstadt\/\",\"name\":\"\u00dcbung im Nadel\u00f6hr der Innstadt - Feuerwehr Passau - L\u00f6schzug Innstadt\",\"isPartOf\":{\"@id\":\"https:\/\/www.ffpassau.de\/innstadt\/#website\"},\"primaryImageOfPage\":{\"@id\":\"https:\/\/www.ffpassau.de\/innstadt\/2016\/09\/uebung-im-nadeloehr-der-innstadt\/#primaryimage\"},\"image\":{\"@id\":\"https:\/\/www.ffpassau.de\/innstadt\/2016\/09\/uebung-im-nadeloehr-der-innstadt\/#primaryimage\"},\"thumbnailUrl\":\"https:\/\/www.ffpassau.de\/innstadt\/wp-content\/uploads\/sites\/2\/2020\/03\/Feuerwehr\u00fcbung_Neutorgraben_02.jpg\",\"datePublished\":\"2016-09-03T06:00:42+00:00\",\"dateModified\":\"2020-03-22T19:41:09+00:00\",\"breadcrumb\":{\"@id\":\"https:\/\/www.ffpassau.de\/innstadt\/2016\/09\/uebung-im-nadeloehr-der-innstadt\/#breadcrumb\"},\"inLanguage\":\"de\",\"potentialAction\":[{\"@type\":\"ReadAction\",\"target\":[\"https:\/\/www.ffpassau.de\/innstadt\/2016\/09\/uebung-im-nadeloehr-der-innstadt\/\"]}]},{\"@type\":\"ImageObject\",\"inLanguage\":\"de\",\"@id\":\"https:\/\/www.ffpassau.de\/innstadt\/2016\/09\/uebung-im-nadeloehr-der-innstadt\/#primaryimage\",\"url\":\"https:\/\/www.ffpassau.de\/innstadt\/wp-content\/uploads\/sites\/2\/2020\/03\/Feuerwehr\u00fcbung_Neutorgraben_02.jpg\",\"contentUrl\":\"https:\/\/www.ffpassau.de\/innstadt\/wp-content\/uploads\/sites\/2\/2020\/03\/Feuerwehr\u00fcbung_Neutorgraben_02.jpg\",\"width\":800,\"height\":450},{\"@type\":\"BreadcrumbList\",\"@id\":\"https:\/\/www.ffpassau.de\/innstadt\/2016\/09\/uebung-im-nadeloehr-der-innstadt\/#breadcrumb\",\"itemListElement\":[{\"@type\":\"ListItem\",\"position\":1,\"name\":\"L\u00f6schzug Innstadt Startseite\",\"item\":\"https:\/\/www.ffpassau.de\/innstadt\/\"},{\"@type\":\"ListItem\",\"position\":2,\"name\":\"\u00dcbung im Nadel\u00f6hr der Innstadt\"}]},{\"@type\":\"WebSite\",\"@id\":\"https:\/\/www.ffpassau.de\/innstadt\/#website\",\"url\":\"https:\/\/www.ffpassau.de\/innstadt\/\",\"name\":\"Feuerwehr Passau - L\u00f6schzug Innstadt\",\"description\":\"\",\"publisher\":{\"@id\":\"https:\/\/www.ffpassau.de\/innstadt\/#organization\"},\"potentialAction\":[{\"@type\":\"SearchAction\",\"target\":{\"@type\":\"EntryPoint\",\"urlTemplate\":\"https:\/\/www.ffpassau.de\/innstadt\/?s={search_term_string}\"},\"query-input\":{\"@type\":\"PropertyValueSpecification\",\"valueRequired\":true,\"valueName\":\"search_term_string\"}}],\"inLanguage\":\"de\"},{\"@type\":\"Organization\",\"@id\":\"https:\/\/www.ffpassau.de\/innstadt\/#organization\",\"name\":\"Feuerwehr Passau - L\u00f6schzug Innstadt\",\"url\":\"https:\/\/www.ffpassau.de\/innstadt\/\",\"logo\":{\"@type\":\"ImageObject\",\"inLanguage\":\"de\",\"@id\":\"https:\/\/www.ffpassau.de\/innstadt\/#\/schema\/logo\/image\/\",\"url\":\"https:\/\/www.ffpassau.de\/innstadt\/wp-content\/uploads\/sites\/2\/2020\/02\/lz_innstadt_logo.svg\",\"contentUrl\":\"https:\/\/www.ffpassau.de\/innstadt\/wp-content\/uploads\/sites\/2\/2020\/02\/lz_innstadt_logo.svg\",\"width\":1,\"height\":1,\"caption\":\"Feuerwehr Passau - L\u00f6schzug Innstadt\"},\"image\":{\"@id\":\"https:\/\/www.ffpassau.de\/innstadt\/#\/schema\/logo\/image\/\"}},{\"@type\":\"Person\",\"@id\":\"https:\/\/www.ffpassau.de\/innstadt\/#\/schema\/person\/79775f60788f3f1a0aa3269b7db317b1\",\"name\":\"Stefan Daller\",\"image\":{\"@type\":\"ImageObject\",\"inLanguage\":\"de\",\"@id\":\"https:\/\/www.ffpassau.de\/innstadt\/#\/schema\/person\/image\/\",\"url\":\"https:\/\/secure.gravatar.com\/avatar\/512ff9c8d04a77cb4e3921d8ee011143?s=96&d=mm&r=g\",\"contentUrl\":\"https:\/\/secure.gravatar.com\/avatar\/512ff9c8d04a77cb4e3921d8ee011143?s=96&d=mm&r=g\",\"caption\":\"Stefan Daller\"},\"url\":\"https:\/\/www.ffpassau.de\/innstadt\/author\/stefandaller\/\"}]}<\/script>\n<!-- \/ Yoast SEO plugin. -->","yoast_head_json":{"title":"\u00dcbung im Nadel\u00f6hr der Innstadt - Feuerwehr Passau - L\u00f6schzug Innstadt","robots":{"index":"index","follow":"follow","max-snippet":"max-snippet:-1","max-image-preview":"max-image-preview:large","max-video-preview":"max-video-preview:-1"},"canonical":"https:\/\/www.ffpassau.de\/innstadt\/2016\/09\/uebung-im-nadeloehr-der-innstadt\/","og_locale":"de_DE","og_type":"article","og_title":"\u00dcbung im Nadel\u00f6hr der Innstadt - Feuerwehr Passau - L\u00f6schzug Innstadt","og_description":"Wohnhausbrand im vielbefahrenen Neutorgraben. So hie\u00df es am vergangenen Freitag f\u00fcr die Feuerwehr in der Innstadt im Rahmen einer gro\u00df angelegten \u00dcbung. Kurz nach 19 Uhr r\u00fcckten drei Fahrzeuge vom Ger\u00e4tehaus in der Jahnstra\u00dfe an den wenige hundert Meter entfernten Einsatzort vor. Dort wurde ein Brand im Keller eines Wohnhauses mit mehreren eingeschlossenen Personen simuliert. Zwei Atemschutztrupps machten sich in dem bereits erheblich verrauchten Geb\u00e4ude auf die Suche, w\u00e4hrend die Kameraden von drau\u00dfen Unterst\u00fctzung leisteten. Zwei Personen mit schweren Rauchvergiftungen wurden aus dem Keller geborgen, mittels Drehleiter und Rettungstrage konnte eine ebenfalls bereits bewusstlose Person aus dem Obergeschoss evakuiert werden. W\u00e4hrend der \u00dcbung war der gesamte Neutorgraben f\u00fcr den Verkehr gesperrt. Wer stadtausw\u00e4rts in Richtung Haibach fahren wollte, wurde \u00fcber die R\u00f6merstra\u00dfe und den Kapuzinerplatz umgeleitet. Infolgedessen bildete sich binnen kurzer Zeit ein R\u00fcckstau bis an die Gottfried-Sch\u00e4ffer-Stra\u00dfe. Die \u00dcbung [&hellip;]","og_url":"https:\/\/www.ffpassau.de\/innstadt\/2016\/09\/uebung-im-nadeloehr-der-innstadt\/","og_site_name":"Feuerwehr Passau - L\u00f6schzug Innstadt","article_published_time":"2016-09-03T06:00:42+00:00","article_modified_time":"2020-03-22T19:41:09+00:00","og_image":[{"width":800,"height":450,"url":"https:\/\/www.ffpassau.de\/innstadt\/wp-content\/uploads\/sites\/2\/2020\/03\/Feuerwehr\u00fcbung_Neutorgraben_02.jpg","type":"image\/jpeg"}],"author":"Stefan Daller","twitter_card":"summary_large_image","twitter_misc":{"Verfasst von":"Stefan Daller","Gesch\u00e4tzte Lesezeit":"1\u00a0Minute"},"schema":{"@context":"https:\/\/schema.org","@graph":[{"@type":"Article","@id":"https:\/\/www.ffpassau.de\/innstadt\/2016\/09\/uebung-im-nadeloehr-der-innstadt\/#article","isPartOf":{"@id":"https:\/\/www.ffpassau.de\/innstadt\/2016\/09\/uebung-im-nadeloehr-der-innstadt\/"},"author":{"name":"Stefan Daller","@id":"https:\/\/www.ffpassau.de\/innstadt\/#\/schema\/person\/79775f60788f3f1a0aa3269b7db317b1"},"headline":"\u00dcbung im Nadel\u00f6hr der Innstadt","datePublished":"2016-09-03T06:00:42+00:00","dateModified":"2020-03-22T19:41:09+00:00","mainEntityOfPage":{"@id":"https:\/\/www.ffpassau.de\/innstadt\/2016\/09\/uebung-im-nadeloehr-der-innstadt\/"},"wordCount":178,"commentCount":0,"publisher":{"@id":"https:\/\/www.ffpassau.de\/innstadt\/#organization"},"image":{"@id":"https:\/\/www.ffpassau.de\/innstadt\/2016\/09\/uebung-im-nadeloehr-der-innstadt\/#primaryimage"},"thumbnailUrl":"https:\/\/www.ffpassau.de\/innstadt\/wp-content\/uploads\/sites\/2\/2020\/03\/Feuerwehr\u00fcbung_Neutorgraben_02.jpg","keywords":["LF 8","TLF"],"articleSection":["\u00dcbung"],"inLanguage":"de","potentialAction":[{"@type":"CommentAction","name":"Comment","target":["https:\/\/www.ffpassau.de\/innstadt\/2016\/09\/uebung-im-nadeloehr-der-innstadt\/#respond"]}]},{"@type":"WebPage","@id":"https:\/\/www.ffpassau.de\/innstadt\/2016\/09\/uebung-im-nadeloehr-der-innstadt\/","url":"https:\/\/www.ffpassau.de\/innstadt\/2016\/09\/uebung-im-nadeloehr-der-innstadt\/","name":"\u00dcbung im Nadel\u00f6hr der Innstadt - Feuerwehr Passau - L\u00f6schzug Innstadt","isPartOf":{"@id":"https:\/\/www.ffpassau.de\/innstadt\/#website"},"primaryImageOfPage":{"@id":"https:\/\/www.ffpassau.de\/innstadt\/2016\/09\/uebung-im-nadeloehr-der-innstadt\/#primaryimage"},"image":{"@id":"https:\/\/www.ffpassau.de\/innstadt\/2016\/09\/uebung-im-nadeloehr-der-innstadt\/#primaryimage"},"thumbnailUrl":"https:\/\/www.ffpassau.de\/innstadt\/wp-content\/uploads\/sites\/2\/2020\/03\/Feuerwehr\u00fcbung_Neutorgraben_02.jpg","datePublished":"2016-09-03T06:00:42+00:00","dateModified":"2020-03-22T19:41:09+00:00","breadcrumb":{"@id":"https:\/\/www.ffpassau.de\/innstadt\/2016\/09\/uebung-im-nadeloehr-der-innstadt\/#breadcrumb"},"inLanguage":"de","potentialAction":[{"@type":"ReadAction","target":["https:\/\/www.ffpassau.de\/innstadt\/2016\/09\/uebung-im-nadeloehr-der-innstadt\/"]}]},{"@type":"ImageObject","inLanguage":"de","@id":"https:\/\/www.ffpassau.de\/innstadt\/2016\/09\/uebung-im-nadeloehr-der-innstadt\/#primaryimage","url":"https:\/\/www.ffpassau.de\/innstadt\/wp-content\/uploads\/sites\/2\/2020\/03\/Feuerwehr\u00fcbung_Neutorgraben_02.jpg","contentUrl":"https:\/\/www.ffpassau.de\/innstadt\/wp-content\/uploads\/sites\/2\/2020\/03\/Feuerwehr\u00fcbung_Neutorgraben_02.jpg","width":800,"height":450},{"@type":"BreadcrumbList","@id":"https:\/\/www.ffpassau.de\/innstadt\/2016\/09\/uebung-im-nadeloehr-der-innstadt\/#breadcrumb","itemListElement":[{"@type":"ListItem","position":1,"name":"L\u00f6schzug Innstadt Startseite","item":"https:\/\/www.ffpassau.de\/innstadt\/"},{"@type":"ListItem","position":2,"name":"\u00dcbung im Nadel\u00f6hr der Innstadt"}]},{"@type":"WebSite","@id":"https:\/\/www.ffpassau.de\/innstadt\/#website","url":"https:\/\/www.ffpassau.de\/innstadt\/","name":"Feuerwehr Passau - L\u00f6schzug Innstadt","description":"","publisher":{"@id":"https:\/\/www.ffpassau.de\/innstadt\/#organization"},"potentialAction":[{"@type":"SearchAction","target":{"@type":"EntryPoint","urlTemplate":"https:\/\/www.ffpassau.de\/innstadt\/?s={search_term_string}"},"query-input":{"@type":"PropertyValueSpecification","valueRequired":true,"valueName":"search_term_string"}}],"inLanguage":"de"},{"@type":"Organization","@id":"https:\/\/www.ffpassau.de\/innstadt\/#organization","name":"Feuerwehr Passau - L\u00f6schzug Innstadt","url":"https:\/\/www.ffpassau.de\/innstadt\/","logo":{"@type":"ImageObject","inLanguage":"de","@id":"https:\/\/www.ffpassau.de\/innstadt\/#\/schema\/logo\/image\/","url":"https:\/\/www.ffpassau.de\/innstadt\/wp-content\/uploads\/sites\/2\/2020\/02\/lz_innstadt_logo.svg","contentUrl":"https:\/\/www.ffpassau.de\/innstadt\/wp-content\/uploads\/sites\/2\/2020\/02\/lz_innstadt_logo.svg","width":1,"height":1,"caption":"Feuerwehr Passau - L\u00f6schzug Innstadt"},"image":{"@id":"https:\/\/www.ffpassau.de\/innstadt\/#\/schema\/logo\/image\/"}},{"@type":"Person","@id":"https:\/\/www.ffpassau.de\/innstadt\/#\/schema\/person\/79775f60788f3f1a0aa3269b7db317b1","name":"Stefan Daller","image":{"@type":"ImageObject","inLanguage":"de","@id":"https:\/\/www.ffpassau.de\/innstadt\/#\/schema\/person\/image\/","url":"https:\/\/secure.gravatar.com\/avatar\/512ff9c8d04a77cb4e3921d8ee011143?s=96&d=mm&r=g","contentUrl":"https:\/\/secure.gravatar.com\/avatar\/512ff9c8d04a77cb4e3921d8ee011143?s=96&d=mm&r=g","caption":"Stefan Daller"},"url":"https:\/\/www.ffpassau.de\/innstadt\/author\/stefandaller\/"}]}},"_links":{"self":[{"href":"https:\/\/www.ffpassau.de\/innstadt\/wp-json\/wp\/v2\/posts\/543","targetHints":{"allow":["GET"]}}],"collection":[{"href":"https:\/\/www.ffpassau.de\/innstadt\/wp-json\/wp\/v2\/posts"}],"about":[{"href":"https:\/\/www.ffpassau.de\/innstadt\/wp-json\/wp\/v2\/types\/post"}],"author":[{"embeddable":true,"href":"https:\/\/www.ffpassau.de\/innstadt\/wp-json\/wp\/v2\/users\/10"}],"replies":[{"embeddable":true,"href":"https:\/\/www.ffpassau.de\/innstadt\/wp-json\/wp\/v2\/comments?post=543"}],"version-history":[{"count":2,"href":"https:\/\/www.ffpassau.de\/innstadt\/wp-json\/wp\/v2\/posts\/543\/revisions"}],"predecessor-version":[{"id":546,"href":"https:\/\/www.ffpassau.de\/innstadt\/wp-json\/wp\/v2\/posts\/543\/revisions\/546"}],"wp:featuredmedia":[{"embeddable":true,"href":"https:\/\/www.ffpassau.de\/innstadt\/wp-json\/wp\/v2\/media\/544"}],"wp:attachment":[{"href":"https:\/\/www.ffpassau.de\/innstadt\/wp-json\/wp\/v2\/media?parent=543"}],"wp:term":[{"taxonomy":"category","embeddable":true,"href":"https:\/\/www.ffpassau.de\/innstadt\/wp-json\/wp\/v2\/categories?post=543"},{"taxonomy":"post_tag","embeddable":true,"href":"https:\/\/www.ffpassau.de\/innstadt\/wp-json\/wp\/v2\/tags?post=543"}],"curies":[{"name":"wp","href":"https:\/\/api.w.org\/{rel}","templated":true}]}}