{"id":659,"date":"2021-10-15T22:46:56","date_gmt":"2021-10-15T20:46:56","guid":{"rendered":"https:\/\/www.ffpassau.de\/innstadt\/?p=659"},"modified":"2021-10-24T21:53:22","modified_gmt":"2021-10-24T19:53:22","slug":"gemeinschaftsuebung-mit-der-ff-schardenberg","status":"publish","type":"post","link":"https:\/\/www.ffpassau.de\/innstadt\/2021\/10\/gemeinschaftsuebung-mit-der-ff-schardenberg\/","title":{"rendered":"Gemeinschafts\u00fcbung mit der FF Schardenberg"},"content":{"rendered":"<p>Mit unseren \u00f6sterreichischen Nachbarn aus Schardenberg haben wir am Freitag, den 15. Oktober 2021 wieder die allj\u00e4hrliche Gemeinschafts\u00fcbung abgehalten. Angenommen war der Brand eines landwirtschaftlichen Anwesens am K\u00fchberg. Die Kameraden des 2. Zugs der FF Schardenberg wurden als Unterst\u00fctzung nachalarmiert. Unsere LF-10-Besatzung nahm den L\u00f6schangriff vor. Zur Sicherstellung der Wasserversorgung bauten die \u00f6sterreichischen Kameraden und die Besatzung unseres MLF eine Schlauchleitung zur Zisterne am rund 350 Meter entfernten Aussichtspunkt auf; das MLF wurde auf etwa halber Strecke als Verst\u00e4rkerpumpe eingesetzt. Die Mannschaft der Drehleiter unterst\u00fctzte bei der Ausleuchtung der ansonsten stockdunklen Einsatzstelle. Die \u00dcbung konnte nach einer guten Stunde erfolgreich abgeschlossen werden.<\/p>\n","protected":false},"excerpt":{"rendered":"<p>Mit unseren \u00f6sterreichischen Nachbarn aus Schardenberg haben wir am Freitag, den 15. Oktober 2021 wieder die allj\u00e4hrliche Gemeinschafts\u00fcbung abgehalten. Angenommen war der Brand eines landwirtschaftlichen Anwesens am K\u00fchberg. Die Kameraden des 2. Zugs der FF Schardenberg wurden als Unterst\u00fctzung nachalarmiert. Unsere LF-10-Besatzung nahm den L\u00f6schangriff vor. Zur Sicherstellung der Wasserversorgung bauten die \u00f6sterreichischen Kameraden und die Besatzung unseres MLF eine Schlauchleitung zur Zisterne am rund 350 Meter entfernten Aussichtspunkt auf; das MLF wurde auf etwa halber Strecke als Verst\u00e4rkerpumpe eingesetzt. Die Mannschaft der Drehleiter unterst\u00fctzte bei der Ausleuchtung der ansonsten stockdunklen Einsatzstelle. Die \u00dcbung konnte nach einer guten Stunde erfolgreich abgeschlossen werden.<\/p>\n","protected":false},"author":10,"featured_media":663,"comment_status":"open","ping_status":"open","sticky":false,"template":"","format":"standard","meta":{"footnotes":""},"categories":[22],"tags":[20,16,18,36,17],"class_list":["post-659","post","type-post","status-publish","format-standard","has-post-thumbnail","hentry","category-uebung","tag-drehleiter","tag-gemeinschaftsuebung","tag-lf-10","tag-mlf","tag-schardenberg"],"yoast_head":"<!-- This site is optimized with the Yoast SEO plugin v24.3 - https:\/\/yoast.com\/wordpress\/plugins\/seo\/ -->\n<title>Gemeinschafts\u00fcbung mit der FF Schardenberg - Feuerwehr Passau - L\u00f6schzug Innstadt<\/title>\n<meta name=\"robots\" content=\"index, follow, max-snippet:-1, max-image-preview:large, max-video-preview:-1\" \/>\n<link rel=\"canonical\" href=\"https:\/\/www.ffpassau.de\/innstadt\/2021\/10\/gemeinschaftsuebung-mit-der-ff-schardenberg\/\" \/>\n<meta property=\"og:locale\" content=\"de_DE\" \/>\n<meta property=\"og:type\" content=\"article\" \/>\n<meta property=\"og:title\" content=\"Gemeinschafts\u00fcbung mit der FF Schardenberg - Feuerwehr Passau - L\u00f6schzug Innstadt\" \/>\n<meta property=\"og:description\" content=\"Mit unseren \u00f6sterreichischen Nachbarn aus Schardenberg haben wir am Freitag, den 15. Oktober 2021 wieder die allj\u00e4hrliche Gemeinschafts\u00fcbung abgehalten. Angenommen war der Brand eines landwirtschaftlichen Anwesens am K\u00fchberg. Die Kameraden des 2. Zugs der FF Schardenberg wurden als Unterst\u00fctzung nachalarmiert. Unsere LF-10-Besatzung nahm den L\u00f6schangriff vor. Zur Sicherstellung der Wasserversorgung bauten die \u00f6sterreichischen Kameraden und die Besatzung unseres MLF eine Schlauchleitung zur Zisterne am rund 350 Meter entfernten Aussichtspunkt auf; das MLF wurde auf etwa halber Strecke als Verst\u00e4rkerpumpe eingesetzt. Die Mannschaft der Drehleiter unterst\u00fctzte bei der Ausleuchtung der ansonsten stockdunklen Einsatzstelle. Die \u00dcbung konnte nach einer guten Stunde erfolgreich abgeschlossen werden.\" \/>\n<meta property=\"og:url\" content=\"https:\/\/www.ffpassau.de\/innstadt\/2021\/10\/gemeinschaftsuebung-mit-der-ff-schardenberg\/\" \/>\n<meta property=\"og:site_name\" content=\"Feuerwehr Passau - L\u00f6schzug Innstadt\" \/>\n<meta property=\"article:published_time\" content=\"2021-10-15T20:46:56+00:00\" \/>\n<meta property=\"article:modified_time\" content=\"2021-10-24T19:53:22+00:00\" \/>\n<meta property=\"og:image\" content=\"https:\/\/www.ffpassau.de\/innstadt\/wp-content\/uploads\/sites\/2\/2021\/10\/gemeinschaftsuebung-2021-schardenberg-2.jpg\" \/>\n\t<meta property=\"og:image:width\" content=\"1500\" \/>\n\t<meta property=\"og:image:height\" content=\"2000\" \/>\n\t<meta property=\"og:image:type\" content=\"image\/jpeg\" \/>\n<meta name=\"author\" content=\"Stefan Daller\" \/>\n<meta name=\"twitter:card\" content=\"summary_large_image\" \/>\n<meta name=\"twitter:label1\" content=\"Verfasst von\" \/>\n\t<meta name=\"twitter:data1\" content=\"Stefan Daller\" \/>\n\t<meta name=\"twitter:label2\" content=\"Gesch\u00e4tzte Lesezeit\" \/>\n\t<meta name=\"twitter:data2\" content=\"1\u00a0Minute\" \/>\n<script type=\"application\/ld+json\" class=\"yoast-schema-graph\">{\"@context\":\"https:\/\/schema.org\",\"@graph\":[{\"@type\":\"Article\",\"@id\":\"https:\/\/www.ffpassau.de\/innstadt\/2021\/10\/gemeinschaftsuebung-mit-der-ff-schardenberg\/#article\",\"isPartOf\":{\"@id\":\"https:\/\/www.ffpassau.de\/innstadt\/2021\/10\/gemeinschaftsuebung-mit-der-ff-schardenberg\/\"},\"author\":{\"name\":\"Stefan Daller\",\"@id\":\"https:\/\/www.ffpassau.de\/innstadt\/#\/schema\/person\/79775f60788f3f1a0aa3269b7db317b1\"},\"headline\":\"Gemeinschafts\u00fcbung mit der FF Schardenberg\",\"datePublished\":\"2021-10-15T20:46:56+00:00\",\"dateModified\":\"2021-10-24T19:53:22+00:00\",\"mainEntityOfPage\":{\"@id\":\"https:\/\/www.ffpassau.de\/innstadt\/2021\/10\/gemeinschaftsuebung-mit-der-ff-schardenberg\/\"},\"wordCount\":112,\"commentCount\":0,\"publisher\":{\"@id\":\"https:\/\/www.ffpassau.de\/innstadt\/#organization\"},\"image\":{\"@id\":\"https:\/\/www.ffpassau.de\/innstadt\/2021\/10\/gemeinschaftsuebung-mit-der-ff-schardenberg\/#primaryimage\"},\"thumbnailUrl\":\"https:\/\/www.ffpassau.de\/innstadt\/wp-content\/uploads\/sites\/2\/2021\/10\/gemeinschaftsuebung-2021-schardenberg-2.jpg\",\"keywords\":[\"Drehleiter\",\"Gemeinschafts\u00fcbung\",\"LF 10\",\"MLF\",\"Schardenberg\"],\"articleSection\":[\"\u00dcbung\"],\"inLanguage\":\"de\",\"potentialAction\":[{\"@type\":\"CommentAction\",\"name\":\"Comment\",\"target\":[\"https:\/\/www.ffpassau.de\/innstadt\/2021\/10\/gemeinschaftsuebung-mit-der-ff-schardenberg\/#respond\"]}]},{\"@type\":\"WebPage\",\"@id\":\"https:\/\/www.ffpassau.de\/innstadt\/2021\/10\/gemeinschaftsuebung-mit-der-ff-schardenberg\/\",\"url\":\"https:\/\/www.ffpassau.de\/innstadt\/2021\/10\/gemeinschaftsuebung-mit-der-ff-schardenberg\/\",\"name\":\"Gemeinschafts\u00fcbung mit der FF Schardenberg - Feuerwehr Passau - L\u00f6schzug Innstadt\",\"isPartOf\":{\"@id\":\"https:\/\/www.ffpassau.de\/innstadt\/#website\"},\"primaryImageOfPage\":{\"@id\":\"https:\/\/www.ffpassau.de\/innstadt\/2021\/10\/gemeinschaftsuebung-mit-der-ff-schardenberg\/#primaryimage\"},\"image\":{\"@id\":\"https:\/\/www.ffpassau.de\/innstadt\/2021\/10\/gemeinschaftsuebung-mit-der-ff-schardenberg\/#primaryimage\"},\"thumbnailUrl\":\"https:\/\/www.ffpassau.de\/innstadt\/wp-content\/uploads\/sites\/2\/2021\/10\/gemeinschaftsuebung-2021-schardenberg-2.jpg\",\"datePublished\":\"2021-10-15T20:46:56+00:00\",\"dateModified\":\"2021-10-24T19:53:22+00:00\",\"breadcrumb\":{\"@id\":\"https:\/\/www.ffpassau.de\/innstadt\/2021\/10\/gemeinschaftsuebung-mit-der-ff-schardenberg\/#breadcrumb\"},\"inLanguage\":\"de\",\"potentialAction\":[{\"@type\":\"ReadAction\",\"target\":[\"https:\/\/www.ffpassau.de\/innstadt\/2021\/10\/gemeinschaftsuebung-mit-der-ff-schardenberg\/\"]}]},{\"@type\":\"ImageObject\",\"inLanguage\":\"de\",\"@id\":\"https:\/\/www.ffpassau.de\/innstadt\/2021\/10\/gemeinschaftsuebung-mit-der-ff-schardenberg\/#primaryimage\",\"url\":\"https:\/\/www.ffpassau.de\/innstadt\/wp-content\/uploads\/sites\/2\/2021\/10\/gemeinschaftsuebung-2021-schardenberg-2.jpg\",\"contentUrl\":\"https:\/\/www.ffpassau.de\/innstadt\/wp-content\/uploads\/sites\/2\/2021\/10\/gemeinschaftsuebung-2021-schardenberg-2.jpg\",\"width\":1500,\"height\":2000},{\"@type\":\"BreadcrumbList\",\"@id\":\"https:\/\/www.ffpassau.de\/innstadt\/2021\/10\/gemeinschaftsuebung-mit-der-ff-schardenberg\/#breadcrumb\",\"itemListElement\":[{\"@type\":\"ListItem\",\"position\":1,\"name\":\"L\u00f6schzug Innstadt Startseite\",\"item\":\"https:\/\/www.ffpassau.de\/innstadt\/\"},{\"@type\":\"ListItem\",\"position\":2,\"name\":\"Gemeinschafts\u00fcbung mit der FF Schardenberg\"}]},{\"@type\":\"WebSite\",\"@id\":\"https:\/\/www.ffpassau.de\/innstadt\/#website\",\"url\":\"https:\/\/www.ffpassau.de\/innstadt\/\",\"name\":\"Feuerwehr Passau - L\u00f6schzug Innstadt\",\"description\":\"\",\"publisher\":{\"@id\":\"https:\/\/www.ffpassau.de\/innstadt\/#organization\"},\"potentialAction\":[{\"@type\":\"SearchAction\",\"target\":{\"@type\":\"EntryPoint\",\"urlTemplate\":\"https:\/\/www.ffpassau.de\/innstadt\/?s={search_term_string}\"},\"query-input\":{\"@type\":\"PropertyValueSpecification\",\"valueRequired\":true,\"valueName\":\"search_term_string\"}}],\"inLanguage\":\"de\"},{\"@type\":\"Organization\",\"@id\":\"https:\/\/www.ffpassau.de\/innstadt\/#organization\",\"name\":\"Feuerwehr Passau - L\u00f6schzug Innstadt\",\"url\":\"https:\/\/www.ffpassau.de\/innstadt\/\",\"logo\":{\"@type\":\"ImageObject\",\"inLanguage\":\"de\",\"@id\":\"https:\/\/www.ffpassau.de\/innstadt\/#\/schema\/logo\/image\/\",\"url\":\"https:\/\/www.ffpassau.de\/innstadt\/wp-content\/uploads\/sites\/2\/2020\/02\/lz_innstadt_logo.svg\",\"contentUrl\":\"https:\/\/www.ffpassau.de\/innstadt\/wp-content\/uploads\/sites\/2\/2020\/02\/lz_innstadt_logo.svg\",\"width\":1,\"height\":1,\"caption\":\"Feuerwehr Passau - L\u00f6schzug Innstadt\"},\"image\":{\"@id\":\"https:\/\/www.ffpassau.de\/innstadt\/#\/schema\/logo\/image\/\"}},{\"@type\":\"Person\",\"@id\":\"https:\/\/www.ffpassau.de\/innstadt\/#\/schema\/person\/79775f60788f3f1a0aa3269b7db317b1\",\"name\":\"Stefan Daller\",\"image\":{\"@type\":\"ImageObject\",\"inLanguage\":\"de\",\"@id\":\"https:\/\/www.ffpassau.de\/innstadt\/#\/schema\/person\/image\/\",\"url\":\"https:\/\/secure.gravatar.com\/avatar\/512ff9c8d04a77cb4e3921d8ee011143?s=96&d=mm&r=g\",\"contentUrl\":\"https:\/\/secure.gravatar.com\/avatar\/512ff9c8d04a77cb4e3921d8ee011143?s=96&d=mm&r=g\",\"caption\":\"Stefan Daller\"},\"url\":\"https:\/\/www.ffpassau.de\/innstadt\/author\/stefandaller\/\"}]}<\/script>\n<!-- \/ Yoast SEO plugin. -->","yoast_head_json":{"title":"Gemeinschafts\u00fcbung mit der FF Schardenberg - Feuerwehr Passau - L\u00f6schzug Innstadt","robots":{"index":"index","follow":"follow","max-snippet":"max-snippet:-1","max-image-preview":"max-image-preview:large","max-video-preview":"max-video-preview:-1"},"canonical":"https:\/\/www.ffpassau.de\/innstadt\/2021\/10\/gemeinschaftsuebung-mit-der-ff-schardenberg\/","og_locale":"de_DE","og_type":"article","og_title":"Gemeinschafts\u00fcbung mit der FF Schardenberg - Feuerwehr Passau - L\u00f6schzug Innstadt","og_description":"Mit unseren \u00f6sterreichischen Nachbarn aus Schardenberg haben wir am Freitag, den 15. Oktober 2021 wieder die allj\u00e4hrliche Gemeinschafts\u00fcbung abgehalten. Angenommen war der Brand eines landwirtschaftlichen Anwesens am K\u00fchberg. Die Kameraden des 2. Zugs der FF Schardenberg wurden als Unterst\u00fctzung nachalarmiert. Unsere LF-10-Besatzung nahm den L\u00f6schangriff vor. Zur Sicherstellung der Wasserversorgung bauten die \u00f6sterreichischen Kameraden und die Besatzung unseres MLF eine Schlauchleitung zur Zisterne am rund 350 Meter entfernten Aussichtspunkt auf; das MLF wurde auf etwa halber Strecke als Verst\u00e4rkerpumpe eingesetzt. Die Mannschaft der Drehleiter unterst\u00fctzte bei der Ausleuchtung der ansonsten stockdunklen Einsatzstelle. Die \u00dcbung konnte nach einer guten Stunde erfolgreich abgeschlossen werden.","og_url":"https:\/\/www.ffpassau.de\/innstadt\/2021\/10\/gemeinschaftsuebung-mit-der-ff-schardenberg\/","og_site_name":"Feuerwehr Passau - L\u00f6schzug Innstadt","article_published_time":"2021-10-15T20:46:56+00:00","article_modified_time":"2021-10-24T19:53:22+00:00","og_image":[{"width":1500,"height":2000,"url":"https:\/\/www.ffpassau.de\/innstadt\/wp-content\/uploads\/sites\/2\/2021\/10\/gemeinschaftsuebung-2021-schardenberg-2.jpg","type":"image\/jpeg"}],"author":"Stefan Daller","twitter_card":"summary_large_image","twitter_misc":{"Verfasst von":"Stefan Daller","Gesch\u00e4tzte Lesezeit":"1\u00a0Minute"},"schema":{"@context":"https:\/\/schema.org","@graph":[{"@type":"Article","@id":"https:\/\/www.ffpassau.de\/innstadt\/2021\/10\/gemeinschaftsuebung-mit-der-ff-schardenberg\/#article","isPartOf":{"@id":"https:\/\/www.ffpassau.de\/innstadt\/2021\/10\/gemeinschaftsuebung-mit-der-ff-schardenberg\/"},"author":{"name":"Stefan Daller","@id":"https:\/\/www.ffpassau.de\/innstadt\/#\/schema\/person\/79775f60788f3f1a0aa3269b7db317b1"},"headline":"Gemeinschafts\u00fcbung mit der FF Schardenberg","datePublished":"2021-10-15T20:46:56+00:00","dateModified":"2021-10-24T19:53:22+00:00","mainEntityOfPage":{"@id":"https:\/\/www.ffpassau.de\/innstadt\/2021\/10\/gemeinschaftsuebung-mit-der-ff-schardenberg\/"},"wordCount":112,"commentCount":0,"publisher":{"@id":"https:\/\/www.ffpassau.de\/innstadt\/#organization"},"image":{"@id":"https:\/\/www.ffpassau.de\/innstadt\/2021\/10\/gemeinschaftsuebung-mit-der-ff-schardenberg\/#primaryimage"},"thumbnailUrl":"https:\/\/www.ffpassau.de\/innstadt\/wp-content\/uploads\/sites\/2\/2021\/10\/gemeinschaftsuebung-2021-schardenberg-2.jpg","keywords":["Drehleiter","Gemeinschafts\u00fcbung","LF 10","MLF","Schardenberg"],"articleSection":["\u00dcbung"],"inLanguage":"de","potentialAction":[{"@type":"CommentAction","name":"Comment","target":["https:\/\/www.ffpassau.de\/innstadt\/2021\/10\/gemeinschaftsuebung-mit-der-ff-schardenberg\/#respond"]}]},{"@type":"WebPage","@id":"https:\/\/www.ffpassau.de\/innstadt\/2021\/10\/gemeinschaftsuebung-mit-der-ff-schardenberg\/","url":"https:\/\/www.ffpassau.de\/innstadt\/2021\/10\/gemeinschaftsuebung-mit-der-ff-schardenberg\/","name":"Gemeinschafts\u00fcbung mit der FF Schardenberg - Feuerwehr Passau - L\u00f6schzug Innstadt","isPartOf":{"@id":"https:\/\/www.ffpassau.de\/innstadt\/#website"},"primaryImageOfPage":{"@id":"https:\/\/www.ffpassau.de\/innstadt\/2021\/10\/gemeinschaftsuebung-mit-der-ff-schardenberg\/#primaryimage"},"image":{"@id":"https:\/\/www.ffpassau.de\/innstadt\/2021\/10\/gemeinschaftsuebung-mit-der-ff-schardenberg\/#primaryimage"},"thumbnailUrl":"https:\/\/www.ffpassau.de\/innstadt\/wp-content\/uploads\/sites\/2\/2021\/10\/gemeinschaftsuebung-2021-schardenberg-2.jpg","datePublished":"2021-10-15T20:46:56+00:00","dateModified":"2021-10-24T19:53:22+00:00","breadcrumb":{"@id":"https:\/\/www.ffpassau.de\/innstadt\/2021\/10\/gemeinschaftsuebung-mit-der-ff-schardenberg\/#breadcrumb"},"inLanguage":"de","potentialAction":[{"@type":"ReadAction","target":["https:\/\/www.ffpassau.de\/innstadt\/2021\/10\/gemeinschaftsuebung-mit-der-ff-schardenberg\/"]}]},{"@type":"ImageObject","inLanguage":"de","@id":"https:\/\/www.ffpassau.de\/innstadt\/2021\/10\/gemeinschaftsuebung-mit-der-ff-schardenberg\/#primaryimage","url":"https:\/\/www.ffpassau.de\/innstadt\/wp-content\/uploads\/sites\/2\/2021\/10\/gemeinschaftsuebung-2021-schardenberg-2.jpg","contentUrl":"https:\/\/www.ffpassau.de\/innstadt\/wp-content\/uploads\/sites\/2\/2021\/10\/gemeinschaftsuebung-2021-schardenberg-2.jpg","width":1500,"height":2000},{"@type":"BreadcrumbList","@id":"https:\/\/www.ffpassau.de\/innstadt\/2021\/10\/gemeinschaftsuebung-mit-der-ff-schardenberg\/#breadcrumb","itemListElement":[{"@type":"ListItem","position":1,"name":"L\u00f6schzug Innstadt Startseite","item":"https:\/\/www.ffpassau.de\/innstadt\/"},{"@type":"ListItem","position":2,"name":"Gemeinschafts\u00fcbung mit der FF Schardenberg"}]},{"@type":"WebSite","@id":"https:\/\/www.ffpassau.de\/innstadt\/#website","url":"https:\/\/www.ffpassau.de\/innstadt\/","name":"Feuerwehr Passau - L\u00f6schzug Innstadt","description":"","publisher":{"@id":"https:\/\/www.ffpassau.de\/innstadt\/#organization"},"potentialAction":[{"@type":"SearchAction","target":{"@type":"EntryPoint","urlTemplate":"https:\/\/www.ffpassau.de\/innstadt\/?s={search_term_string}"},"query-input":{"@type":"PropertyValueSpecification","valueRequired":true,"valueName":"search_term_string"}}],"inLanguage":"de"},{"@type":"Organization","@id":"https:\/\/www.ffpassau.de\/innstadt\/#organization","name":"Feuerwehr Passau - L\u00f6schzug Innstadt","url":"https:\/\/www.ffpassau.de\/innstadt\/","logo":{"@type":"ImageObject","inLanguage":"de","@id":"https:\/\/www.ffpassau.de\/innstadt\/#\/schema\/logo\/image\/","url":"https:\/\/www.ffpassau.de\/innstadt\/wp-content\/uploads\/sites\/2\/2020\/02\/lz_innstadt_logo.svg","contentUrl":"https:\/\/www.ffpassau.de\/innstadt\/wp-content\/uploads\/sites\/2\/2020\/02\/lz_innstadt_logo.svg","width":1,"height":1,"caption":"Feuerwehr Passau - L\u00f6schzug Innstadt"},"image":{"@id":"https:\/\/www.ffpassau.de\/innstadt\/#\/schema\/logo\/image\/"}},{"@type":"Person","@id":"https:\/\/www.ffpassau.de\/innstadt\/#\/schema\/person\/79775f60788f3f1a0aa3269b7db317b1","name":"Stefan Daller","image":{"@type":"ImageObject","inLanguage":"de","@id":"https:\/\/www.ffpassau.de\/innstadt\/#\/schema\/person\/image\/","url":"https:\/\/secure.gravatar.com\/avatar\/512ff9c8d04a77cb4e3921d8ee011143?s=96&d=mm&r=g","contentUrl":"https:\/\/secure.gravatar.com\/avatar\/512ff9c8d04a77cb4e3921d8ee011143?s=96&d=mm&r=g","caption":"Stefan Daller"},"url":"https:\/\/www.ffpassau.de\/innstadt\/author\/stefandaller\/"}]}},"_links":{"self":[{"href":"https:\/\/www.ffpassau.de\/innstadt\/wp-json\/wp\/v2\/posts\/659","targetHints":{"allow":["GET"]}}],"collection":[{"href":"https:\/\/www.ffpassau.de\/innstadt\/wp-json\/wp\/v2\/posts"}],"about":[{"href":"https:\/\/www.ffpassau.de\/innstadt\/wp-json\/wp\/v2\/types\/post"}],"author":[{"embeddable":true,"href":"https:\/\/www.ffpassau.de\/innstadt\/wp-json\/wp\/v2\/users\/10"}],"replies":[{"embeddable":true,"href":"https:\/\/www.ffpassau.de\/innstadt\/wp-json\/wp\/v2\/comments?post=659"}],"version-history":[{"count":2,"href":"https:\/\/www.ffpassau.de\/innstadt\/wp-json\/wp\/v2\/posts\/659\/revisions"}],"predecessor-version":[{"id":666,"href":"https:\/\/www.ffpassau.de\/innstadt\/wp-json\/wp\/v2\/posts\/659\/revisions\/666"}],"wp:featuredmedia":[{"embeddable":true,"href":"https:\/\/www.ffpassau.de\/innstadt\/wp-json\/wp\/v2\/media\/663"}],"wp:attachment":[{"href":"https:\/\/www.ffpassau.de\/innstadt\/wp-json\/wp\/v2\/media?parent=659"}],"wp:term":[{"taxonomy":"category","embeddable":true,"href":"https:\/\/www.ffpassau.de\/innstadt\/wp-json\/wp\/v2\/categories?post=659"},{"taxonomy":"post_tag","embeddable":true,"href":"https:\/\/www.ffpassau.de\/innstadt\/wp-json\/wp\/v2\/tags?post=659"}],"curies":[{"name":"wp","href":"https:\/\/api.w.org\/{rel}","templated":true}]}}