{"id":704,"date":"2021-11-04T22:45:17","date_gmt":"2021-11-04T21:45:17","guid":{"rendered":"https:\/\/www.ffpassau.de\/innstadt\/?p=704"},"modified":"2021-11-12T22:48:43","modified_gmt":"2021-11-12T21:48:43","slug":"loeschzug-innstadt-unter-neuer-fuehrung","status":"publish","type":"post","link":"https:\/\/www.ffpassau.de\/innstadt\/2021\/11\/loeschzug-innstadt-unter-neuer-fuehrung\/","title":{"rendered":"L\u00f6schzug Innstadt unter neuer F\u00fchrung"},"content":{"rendered":"<p>Bei einer Dienstversammlung Ende Oktober w\u00e4hlten sich die Kameradinnen und Kameraden des L\u00f6schzugs Innstadt der Freiwilligen Feuerwehr Passau eine neue F\u00fchrung: Der bisherige stellvertretende Zugf\u00fchrer Thomas Pratsch wurde zum Nachfolger von J\u00fcrgen Haselgruber gew\u00e4hlt. Ihm zur Seite steht k\u00fcnftig Joseph Sieger. Oberb\u00fcrgermeister J\u00fcrgen Dupper und Stadtbrandrat Andreas Dittlmann gratulierten den beiden zur Wahl und w\u00fcnschten ihnen f\u00fcr ihre Aufgabe stets eine gl\u00fcckliche Hand und alles Gute.<\/p>\n<p>Die Neuwahl war notwendig geworden, nachdem der bisherige Zugf\u00fchrer J\u00fcrgen Haselgruber sein Amt niedergelegt hatte. Haselgruber f\u00fchrte die Innst\u00e4dter Wehr seit 2010 und erwarb sich insbesondere w\u00e4hrend des Hochwassers 2013 gro\u00dfe Verdienste.<\/p>\n","protected":false},"excerpt":{"rendered":"<p>Bei einer Dienstversammlung Ende Oktober w\u00e4hlten sich die Kameradinnen und Kameraden des L\u00f6schzugs Innstadt der Freiwilligen Feuerwehr Passau eine neue F\u00fchrung: Der bisherige stellvertretende Zugf\u00fchrer Thomas Pratsch wurde zum Nachfolger von J\u00fcrgen Haselgruber gew\u00e4hlt. Ihm zur Seite steht k\u00fcnftig Joseph Sieger. Oberb\u00fcrgermeister J\u00fcrgen Dupper und Stadtbrandrat Andreas Dittlmann gratulierten den beiden zur Wahl und w\u00fcnschten ihnen f\u00fcr ihre Aufgabe stets eine gl\u00fcckliche Hand und alles Gute. Die Neuwahl war notwendig geworden, nachdem der bisherige Zugf\u00fchrer J\u00fcrgen Haselgruber sein Amt niedergelegt hatte. Haselgruber f\u00fchrte die Innst\u00e4dter Wehr seit 2010 und erwarb sich insbesondere w\u00e4hrend des Hochwassers 2013 gro\u00dfe Verdienste.<\/p>\n","protected":false},"author":10,"featured_media":706,"comment_status":"open","ping_status":"open","sticky":false,"template":"","format":"standard","meta":{"footnotes":""},"categories":[1],"tags":[40,39],"class_list":["post-704","post","type-post","status-publish","format-standard","has-post-thumbnail","hentry","category-allgemein","tag-wahl","tag-zugfuehrung"],"yoast_head":"<!-- This site is optimized with the Yoast SEO plugin v24.3 - https:\/\/yoast.com\/wordpress\/plugins\/seo\/ -->\n<title>L\u00f6schzug Innstadt unter neuer F\u00fchrung - Feuerwehr Passau - L\u00f6schzug Innstadt<\/title>\n<meta name=\"robots\" content=\"index, follow, max-snippet:-1, max-image-preview:large, max-video-preview:-1\" \/>\n<link rel=\"canonical\" href=\"https:\/\/www.ffpassau.de\/innstadt\/2021\/11\/loeschzug-innstadt-unter-neuer-fuehrung\/\" \/>\n<meta property=\"og:locale\" content=\"de_DE\" \/>\n<meta property=\"og:type\" content=\"article\" \/>\n<meta property=\"og:title\" content=\"L\u00f6schzug Innstadt unter neuer F\u00fchrung - Feuerwehr Passau - L\u00f6schzug Innstadt\" \/>\n<meta property=\"og:description\" content=\"Bei einer Dienstversammlung Ende Oktober w\u00e4hlten sich die Kameradinnen und Kameraden des L\u00f6schzugs Innstadt der Freiwilligen Feuerwehr Passau eine neue F\u00fchrung: Der bisherige stellvertretende Zugf\u00fchrer Thomas Pratsch wurde zum Nachfolger von J\u00fcrgen Haselgruber gew\u00e4hlt. Ihm zur Seite steht k\u00fcnftig Joseph Sieger. Oberb\u00fcrgermeister J\u00fcrgen Dupper und Stadtbrandrat Andreas Dittlmann gratulierten den beiden zur Wahl und w\u00fcnschten ihnen f\u00fcr ihre Aufgabe stets eine gl\u00fcckliche Hand und alles Gute. Die Neuwahl war notwendig geworden, nachdem der bisherige Zugf\u00fchrer J\u00fcrgen Haselgruber sein Amt niedergelegt hatte. Haselgruber f\u00fchrte die Innst\u00e4dter Wehr seit 2010 und erwarb sich insbesondere w\u00e4hrend des Hochwassers 2013 gro\u00dfe Verdienste.\" \/>\n<meta property=\"og:url\" content=\"https:\/\/www.ffpassau.de\/innstadt\/2021\/11\/loeschzug-innstadt-unter-neuer-fuehrung\/\" \/>\n<meta property=\"og:site_name\" content=\"Feuerwehr Passau - L\u00f6schzug Innstadt\" \/>\n<meta property=\"article:published_time\" content=\"2021-11-04T21:45:17+00:00\" \/>\n<meta property=\"article:modified_time\" content=\"2021-11-12T21:48:43+00:00\" \/>\n<meta property=\"og:image\" content=\"https:\/\/www.ffpassau.de\/innstadt\/wp-content\/uploads\/sites\/2\/2021\/11\/Zugfuehrung-Innstadt-2021.jpg\" \/>\n\t<meta property=\"og:image:width\" content=\"1200\" \/>\n\t<meta property=\"og:image:height\" content=\"800\" \/>\n\t<meta property=\"og:image:type\" content=\"image\/jpeg\" \/>\n<meta name=\"author\" content=\"Stefan Daller\" \/>\n<meta name=\"twitter:card\" content=\"summary_large_image\" \/>\n<meta name=\"twitter:label1\" content=\"Verfasst von\" \/>\n\t<meta name=\"twitter:data1\" content=\"Stefan Daller\" \/>\n\t<meta name=\"twitter:label2\" content=\"Gesch\u00e4tzte Lesezeit\" \/>\n\t<meta name=\"twitter:data2\" content=\"1\u00a0Minute\" \/>\n<script type=\"application\/ld+json\" class=\"yoast-schema-graph\">{\"@context\":\"https:\/\/schema.org\",\"@graph\":[{\"@type\":\"Article\",\"@id\":\"https:\/\/www.ffpassau.de\/innstadt\/2021\/11\/loeschzug-innstadt-unter-neuer-fuehrung\/#article\",\"isPartOf\":{\"@id\":\"https:\/\/www.ffpassau.de\/innstadt\/2021\/11\/loeschzug-innstadt-unter-neuer-fuehrung\/\"},\"author\":{\"name\":\"Stefan Daller\",\"@id\":\"https:\/\/www.ffpassau.de\/innstadt\/#\/schema\/person\/79775f60788f3f1a0aa3269b7db317b1\"},\"headline\":\"L\u00f6schzug Innstadt unter neuer F\u00fchrung\",\"datePublished\":\"2021-11-04T21:45:17+00:00\",\"dateModified\":\"2021-11-12T21:48:43+00:00\",\"mainEntityOfPage\":{\"@id\":\"https:\/\/www.ffpassau.de\/innstadt\/2021\/11\/loeschzug-innstadt-unter-neuer-fuehrung\/\"},\"wordCount\":121,\"commentCount\":0,\"publisher\":{\"@id\":\"https:\/\/www.ffpassau.de\/innstadt\/#organization\"},\"image\":{\"@id\":\"https:\/\/www.ffpassau.de\/innstadt\/2021\/11\/loeschzug-innstadt-unter-neuer-fuehrung\/#primaryimage\"},\"thumbnailUrl\":\"https:\/\/www.ffpassau.de\/innstadt\/wp-content\/uploads\/sites\/2\/2021\/11\/Zugfuehrung-Innstadt-2021.jpg\",\"keywords\":[\"Wahl\",\"Zugf\u00fchrung\"],\"inLanguage\":\"de\",\"potentialAction\":[{\"@type\":\"CommentAction\",\"name\":\"Comment\",\"target\":[\"https:\/\/www.ffpassau.de\/innstadt\/2021\/11\/loeschzug-innstadt-unter-neuer-fuehrung\/#respond\"]}]},{\"@type\":\"WebPage\",\"@id\":\"https:\/\/www.ffpassau.de\/innstadt\/2021\/11\/loeschzug-innstadt-unter-neuer-fuehrung\/\",\"url\":\"https:\/\/www.ffpassau.de\/innstadt\/2021\/11\/loeschzug-innstadt-unter-neuer-fuehrung\/\",\"name\":\"L\u00f6schzug Innstadt unter neuer F\u00fchrung - Feuerwehr Passau - L\u00f6schzug Innstadt\",\"isPartOf\":{\"@id\":\"https:\/\/www.ffpassau.de\/innstadt\/#website\"},\"primaryImageOfPage\":{\"@id\":\"https:\/\/www.ffpassau.de\/innstadt\/2021\/11\/loeschzug-innstadt-unter-neuer-fuehrung\/#primaryimage\"},\"image\":{\"@id\":\"https:\/\/www.ffpassau.de\/innstadt\/2021\/11\/loeschzug-innstadt-unter-neuer-fuehrung\/#primaryimage\"},\"thumbnailUrl\":\"https:\/\/www.ffpassau.de\/innstadt\/wp-content\/uploads\/sites\/2\/2021\/11\/Zugfuehrung-Innstadt-2021.jpg\",\"datePublished\":\"2021-11-04T21:45:17+00:00\",\"dateModified\":\"2021-11-12T21:48:43+00:00\",\"breadcrumb\":{\"@id\":\"https:\/\/www.ffpassau.de\/innstadt\/2021\/11\/loeschzug-innstadt-unter-neuer-fuehrung\/#breadcrumb\"},\"inLanguage\":\"de\",\"potentialAction\":[{\"@type\":\"ReadAction\",\"target\":[\"https:\/\/www.ffpassau.de\/innstadt\/2021\/11\/loeschzug-innstadt-unter-neuer-fuehrung\/\"]}]},{\"@type\":\"ImageObject\",\"inLanguage\":\"de\",\"@id\":\"https:\/\/www.ffpassau.de\/innstadt\/2021\/11\/loeschzug-innstadt-unter-neuer-fuehrung\/#primaryimage\",\"url\":\"https:\/\/www.ffpassau.de\/innstadt\/wp-content\/uploads\/sites\/2\/2021\/11\/Zugfuehrung-Innstadt-2021.jpg\",\"contentUrl\":\"https:\/\/www.ffpassau.de\/innstadt\/wp-content\/uploads\/sites\/2\/2021\/11\/Zugfuehrung-Innstadt-2021.jpg\",\"width\":1200,\"height\":800,\"caption\":\"Zugf\u00fchrung FF Passau Lz. Innstadt, 2021\"},{\"@type\":\"BreadcrumbList\",\"@id\":\"https:\/\/www.ffpassau.de\/innstadt\/2021\/11\/loeschzug-innstadt-unter-neuer-fuehrung\/#breadcrumb\",\"itemListElement\":[{\"@type\":\"ListItem\",\"position\":1,\"name\":\"L\u00f6schzug Innstadt Startseite\",\"item\":\"https:\/\/www.ffpassau.de\/innstadt\/\"},{\"@type\":\"ListItem\",\"position\":2,\"name\":\"L\u00f6schzug Innstadt unter neuer F\u00fchrung\"}]},{\"@type\":\"WebSite\",\"@id\":\"https:\/\/www.ffpassau.de\/innstadt\/#website\",\"url\":\"https:\/\/www.ffpassau.de\/innstadt\/\",\"name\":\"Feuerwehr Passau - L\u00f6schzug Innstadt\",\"description\":\"\",\"publisher\":{\"@id\":\"https:\/\/www.ffpassau.de\/innstadt\/#organization\"},\"potentialAction\":[{\"@type\":\"SearchAction\",\"target\":{\"@type\":\"EntryPoint\",\"urlTemplate\":\"https:\/\/www.ffpassau.de\/innstadt\/?s={search_term_string}\"},\"query-input\":{\"@type\":\"PropertyValueSpecification\",\"valueRequired\":true,\"valueName\":\"search_term_string\"}}],\"inLanguage\":\"de\"},{\"@type\":\"Organization\",\"@id\":\"https:\/\/www.ffpassau.de\/innstadt\/#organization\",\"name\":\"Feuerwehr Passau - L\u00f6schzug Innstadt\",\"url\":\"https:\/\/www.ffpassau.de\/innstadt\/\",\"logo\":{\"@type\":\"ImageObject\",\"inLanguage\":\"de\",\"@id\":\"https:\/\/www.ffpassau.de\/innstadt\/#\/schema\/logo\/image\/\",\"url\":\"https:\/\/www.ffpassau.de\/innstadt\/wp-content\/uploads\/sites\/2\/2020\/02\/lz_innstadt_logo.svg\",\"contentUrl\":\"https:\/\/www.ffpassau.de\/innstadt\/wp-content\/uploads\/sites\/2\/2020\/02\/lz_innstadt_logo.svg\",\"width\":1,\"height\":1,\"caption\":\"Feuerwehr Passau - L\u00f6schzug Innstadt\"},\"image\":{\"@id\":\"https:\/\/www.ffpassau.de\/innstadt\/#\/schema\/logo\/image\/\"}},{\"@type\":\"Person\",\"@id\":\"https:\/\/www.ffpassau.de\/innstadt\/#\/schema\/person\/79775f60788f3f1a0aa3269b7db317b1\",\"name\":\"Stefan Daller\",\"image\":{\"@type\":\"ImageObject\",\"inLanguage\":\"de\",\"@id\":\"https:\/\/www.ffpassau.de\/innstadt\/#\/schema\/person\/image\/\",\"url\":\"https:\/\/secure.gravatar.com\/avatar\/512ff9c8d04a77cb4e3921d8ee011143?s=96&d=mm&r=g\",\"contentUrl\":\"https:\/\/secure.gravatar.com\/avatar\/512ff9c8d04a77cb4e3921d8ee011143?s=96&d=mm&r=g\",\"caption\":\"Stefan Daller\"},\"url\":\"https:\/\/www.ffpassau.de\/innstadt\/author\/stefandaller\/\"}]}<\/script>\n<!-- \/ Yoast SEO plugin. -->","yoast_head_json":{"title":"L\u00f6schzug Innstadt unter neuer F\u00fchrung - Feuerwehr Passau - L\u00f6schzug Innstadt","robots":{"index":"index","follow":"follow","max-snippet":"max-snippet:-1","max-image-preview":"max-image-preview:large","max-video-preview":"max-video-preview:-1"},"canonical":"https:\/\/www.ffpassau.de\/innstadt\/2021\/11\/loeschzug-innstadt-unter-neuer-fuehrung\/","og_locale":"de_DE","og_type":"article","og_title":"L\u00f6schzug Innstadt unter neuer F\u00fchrung - Feuerwehr Passau - L\u00f6schzug Innstadt","og_description":"Bei einer Dienstversammlung Ende Oktober w\u00e4hlten sich die Kameradinnen und Kameraden des L\u00f6schzugs Innstadt der Freiwilligen Feuerwehr Passau eine neue F\u00fchrung: Der bisherige stellvertretende Zugf\u00fchrer Thomas Pratsch wurde zum Nachfolger von J\u00fcrgen Haselgruber gew\u00e4hlt. Ihm zur Seite steht k\u00fcnftig Joseph Sieger. Oberb\u00fcrgermeister J\u00fcrgen Dupper und Stadtbrandrat Andreas Dittlmann gratulierten den beiden zur Wahl und w\u00fcnschten ihnen f\u00fcr ihre Aufgabe stets eine gl\u00fcckliche Hand und alles Gute. Die Neuwahl war notwendig geworden, nachdem der bisherige Zugf\u00fchrer J\u00fcrgen Haselgruber sein Amt niedergelegt hatte. Haselgruber f\u00fchrte die Innst\u00e4dter Wehr seit 2010 und erwarb sich insbesondere w\u00e4hrend des Hochwassers 2013 gro\u00dfe Verdienste.","og_url":"https:\/\/www.ffpassau.de\/innstadt\/2021\/11\/loeschzug-innstadt-unter-neuer-fuehrung\/","og_site_name":"Feuerwehr Passau - L\u00f6schzug Innstadt","article_published_time":"2021-11-04T21:45:17+00:00","article_modified_time":"2021-11-12T21:48:43+00:00","og_image":[{"width":1200,"height":800,"url":"https:\/\/www.ffpassau.de\/innstadt\/wp-content\/uploads\/sites\/2\/2021\/11\/Zugfuehrung-Innstadt-2021.jpg","type":"image\/jpeg"}],"author":"Stefan Daller","twitter_card":"summary_large_image","twitter_misc":{"Verfasst von":"Stefan Daller","Gesch\u00e4tzte Lesezeit":"1\u00a0Minute"},"schema":{"@context":"https:\/\/schema.org","@graph":[{"@type":"Article","@id":"https:\/\/www.ffpassau.de\/innstadt\/2021\/11\/loeschzug-innstadt-unter-neuer-fuehrung\/#article","isPartOf":{"@id":"https:\/\/www.ffpassau.de\/innstadt\/2021\/11\/loeschzug-innstadt-unter-neuer-fuehrung\/"},"author":{"name":"Stefan Daller","@id":"https:\/\/www.ffpassau.de\/innstadt\/#\/schema\/person\/79775f60788f3f1a0aa3269b7db317b1"},"headline":"L\u00f6schzug Innstadt unter neuer F\u00fchrung","datePublished":"2021-11-04T21:45:17+00:00","dateModified":"2021-11-12T21:48:43+00:00","mainEntityOfPage":{"@id":"https:\/\/www.ffpassau.de\/innstadt\/2021\/11\/loeschzug-innstadt-unter-neuer-fuehrung\/"},"wordCount":121,"commentCount":0,"publisher":{"@id":"https:\/\/www.ffpassau.de\/innstadt\/#organization"},"image":{"@id":"https:\/\/www.ffpassau.de\/innstadt\/2021\/11\/loeschzug-innstadt-unter-neuer-fuehrung\/#primaryimage"},"thumbnailUrl":"https:\/\/www.ffpassau.de\/innstadt\/wp-content\/uploads\/sites\/2\/2021\/11\/Zugfuehrung-Innstadt-2021.jpg","keywords":["Wahl","Zugf\u00fchrung"],"inLanguage":"de","potentialAction":[{"@type":"CommentAction","name":"Comment","target":["https:\/\/www.ffpassau.de\/innstadt\/2021\/11\/loeschzug-innstadt-unter-neuer-fuehrung\/#respond"]}]},{"@type":"WebPage","@id":"https:\/\/www.ffpassau.de\/innstadt\/2021\/11\/loeschzug-innstadt-unter-neuer-fuehrung\/","url":"https:\/\/www.ffpassau.de\/innstadt\/2021\/11\/loeschzug-innstadt-unter-neuer-fuehrung\/","name":"L\u00f6schzug Innstadt unter neuer F\u00fchrung - Feuerwehr Passau - L\u00f6schzug Innstadt","isPartOf":{"@id":"https:\/\/www.ffpassau.de\/innstadt\/#website"},"primaryImageOfPage":{"@id":"https:\/\/www.ffpassau.de\/innstadt\/2021\/11\/loeschzug-innstadt-unter-neuer-fuehrung\/#primaryimage"},"image":{"@id":"https:\/\/www.ffpassau.de\/innstadt\/2021\/11\/loeschzug-innstadt-unter-neuer-fuehrung\/#primaryimage"},"thumbnailUrl":"https:\/\/www.ffpassau.de\/innstadt\/wp-content\/uploads\/sites\/2\/2021\/11\/Zugfuehrung-Innstadt-2021.jpg","datePublished":"2021-11-04T21:45:17+00:00","dateModified":"2021-11-12T21:48:43+00:00","breadcrumb":{"@id":"https:\/\/www.ffpassau.de\/innstadt\/2021\/11\/loeschzug-innstadt-unter-neuer-fuehrung\/#breadcrumb"},"inLanguage":"de","potentialAction":[{"@type":"ReadAction","target":["https:\/\/www.ffpassau.de\/innstadt\/2021\/11\/loeschzug-innstadt-unter-neuer-fuehrung\/"]}]},{"@type":"ImageObject","inLanguage":"de","@id":"https:\/\/www.ffpassau.de\/innstadt\/2021\/11\/loeschzug-innstadt-unter-neuer-fuehrung\/#primaryimage","url":"https:\/\/www.ffpassau.de\/innstadt\/wp-content\/uploads\/sites\/2\/2021\/11\/Zugfuehrung-Innstadt-2021.jpg","contentUrl":"https:\/\/www.ffpassau.de\/innstadt\/wp-content\/uploads\/sites\/2\/2021\/11\/Zugfuehrung-Innstadt-2021.jpg","width":1200,"height":800,"caption":"Zugf\u00fchrung FF Passau Lz. Innstadt, 2021"},{"@type":"BreadcrumbList","@id":"https:\/\/www.ffpassau.de\/innstadt\/2021\/11\/loeschzug-innstadt-unter-neuer-fuehrung\/#breadcrumb","itemListElement":[{"@type":"ListItem","position":1,"name":"L\u00f6schzug Innstadt Startseite","item":"https:\/\/www.ffpassau.de\/innstadt\/"},{"@type":"ListItem","position":2,"name":"L\u00f6schzug Innstadt unter neuer F\u00fchrung"}]},{"@type":"WebSite","@id":"https:\/\/www.ffpassau.de\/innstadt\/#website","url":"https:\/\/www.ffpassau.de\/innstadt\/","name":"Feuerwehr Passau - L\u00f6schzug Innstadt","description":"","publisher":{"@id":"https:\/\/www.ffpassau.de\/innstadt\/#organization"},"potentialAction":[{"@type":"SearchAction","target":{"@type":"EntryPoint","urlTemplate":"https:\/\/www.ffpassau.de\/innstadt\/?s={search_term_string}"},"query-input":{"@type":"PropertyValueSpecification","valueRequired":true,"valueName":"search_term_string"}}],"inLanguage":"de"},{"@type":"Organization","@id":"https:\/\/www.ffpassau.de\/innstadt\/#organization","name":"Feuerwehr Passau - L\u00f6schzug Innstadt","url":"https:\/\/www.ffpassau.de\/innstadt\/","logo":{"@type":"ImageObject","inLanguage":"de","@id":"https:\/\/www.ffpassau.de\/innstadt\/#\/schema\/logo\/image\/","url":"https:\/\/www.ffpassau.de\/innstadt\/wp-content\/uploads\/sites\/2\/2020\/02\/lz_innstadt_logo.svg","contentUrl":"https:\/\/www.ffpassau.de\/innstadt\/wp-content\/uploads\/sites\/2\/2020\/02\/lz_innstadt_logo.svg","width":1,"height":1,"caption":"Feuerwehr Passau - L\u00f6schzug Innstadt"},"image":{"@id":"https:\/\/www.ffpassau.de\/innstadt\/#\/schema\/logo\/image\/"}},{"@type":"Person","@id":"https:\/\/www.ffpassau.de\/innstadt\/#\/schema\/person\/79775f60788f3f1a0aa3269b7db317b1","name":"Stefan Daller","image":{"@type":"ImageObject","inLanguage":"de","@id":"https:\/\/www.ffpassau.de\/innstadt\/#\/schema\/person\/image\/","url":"https:\/\/secure.gravatar.com\/avatar\/512ff9c8d04a77cb4e3921d8ee011143?s=96&d=mm&r=g","contentUrl":"https:\/\/secure.gravatar.com\/avatar\/512ff9c8d04a77cb4e3921d8ee011143?s=96&d=mm&r=g","caption":"Stefan Daller"},"url":"https:\/\/www.ffpassau.de\/innstadt\/author\/stefandaller\/"}]}},"_links":{"self":[{"href":"https:\/\/www.ffpassau.de\/innstadt\/wp-json\/wp\/v2\/posts\/704","targetHints":{"allow":["GET"]}}],"collection":[{"href":"https:\/\/www.ffpassau.de\/innstadt\/wp-json\/wp\/v2\/posts"}],"about":[{"href":"https:\/\/www.ffpassau.de\/innstadt\/wp-json\/wp\/v2\/types\/post"}],"author":[{"embeddable":true,"href":"https:\/\/www.ffpassau.de\/innstadt\/wp-json\/wp\/v2\/users\/10"}],"replies":[{"embeddable":true,"href":"https:\/\/www.ffpassau.de\/innstadt\/wp-json\/wp\/v2\/comments?post=704"}],"version-history":[{"count":4,"href":"https:\/\/www.ffpassau.de\/innstadt\/wp-json\/wp\/v2\/posts\/704\/revisions"}],"predecessor-version":[{"id":709,"href":"https:\/\/www.ffpassau.de\/innstadt\/wp-json\/wp\/v2\/posts\/704\/revisions\/709"}],"wp:featuredmedia":[{"embeddable":true,"href":"https:\/\/www.ffpassau.de\/innstadt\/wp-json\/wp\/v2\/media\/706"}],"wp:attachment":[{"href":"https:\/\/www.ffpassau.de\/innstadt\/wp-json\/wp\/v2\/media?parent=704"}],"wp:term":[{"taxonomy":"category","embeddable":true,"href":"https:\/\/www.ffpassau.de\/innstadt\/wp-json\/wp\/v2\/categories?post=704"},{"taxonomy":"post_tag","embeddable":true,"href":"https:\/\/www.ffpassau.de\/innstadt\/wp-json\/wp\/v2\/tags?post=704"}],"curies":[{"name":"wp","href":"https:\/\/api.w.org\/{rel}","templated":true}]}}