{"id":754,"date":"2022-04-23T20:00:36","date_gmt":"2022-04-23T18:00:36","guid":{"rendered":"https:\/\/www.ffpassau.de\/innstadt\/?p=754"},"modified":"2022-04-23T22:28:37","modified_gmt":"2022-04-23T20:28:37","slug":"vier-atemschutztrupps-absolvieren-leistungsbewerb","status":"publish","type":"post","link":"https:\/\/www.ffpassau.de\/innstadt\/2022\/04\/vier-atemschutztrupps-absolvieren-leistungsbewerb\/","title":{"rendered":"Vier Atemschutztrupps bestehen Leistungsbewerb"},"content":{"rendered":"<p>Vier Feuerwehrm\u00e4nner aus der Innstadt sowie vier Kameraden vom L\u00f6schzug Hauptwache haben heute in Abensberg am Atemschutzleistungsbewerb des Bezirksfeuerwehrverbands Niederbayern teilgenommen. Jeweils zu zweit als Trupp mussten alle von ihnen je f\u00fcnf Stationen durchlaufen: Vorbereitung und richtiges Aufnehmen des Atemschutzger\u00e4tes, Personenrettung, Innenangriff, Ger\u00e4tekunde und Flaschenwechsel sowie abschlie\u00dfend noch eine theoretische Pr\u00fcfung. Ziel und Zweck des in den Stufen Bronze, Silber und Gold durchgef\u00fchrten Bewerbs ist es, das in der Ausbildung erworbene Wissen zu vertiefen und Routine im Umgang mit dem Atemschutzger\u00e4t zu gewinnen. Nat\u00fcrlich haben die acht Kameraden die Aufgaben mit Erfolg absolviert und damit ihr K\u00f6nnen unter Beweis gestellt. Herzlichen Gl\u00fcckwunsch!<\/p>\n","protected":false},"excerpt":{"rendered":"<p>Vier Feuerwehrm\u00e4nner aus der Innstadt sowie vier Kameraden vom L\u00f6schzug Hauptwache haben heute in Abensberg am Atemschutzleistungsbewerb des Bezirksfeuerwehrverbands Niederbayern teilgenommen. Jeweils zu zweit als Trupp mussten alle von ihnen je f\u00fcnf Stationen durchlaufen: Vorbereitung und richtiges Aufnehmen des Atemschutzger\u00e4tes, Personenrettung, Innenangriff, Ger\u00e4tekunde und Flaschenwechsel sowie abschlie\u00dfend noch eine theoretische Pr\u00fcfung. Ziel und Zweck des in den Stufen Bronze, Silber und Gold durchgef\u00fchrten Bewerbs ist es, das in der Ausbildung erworbene Wissen zu vertiefen und Routine im Umgang mit dem Atemschutzger\u00e4t zu gewinnen. Nat\u00fcrlich haben die acht Kameraden die Aufgaben mit Erfolg absolviert und damit ihr K\u00f6nnen unter Beweis gestellt. Herzlichen Gl\u00fcckwunsch!<\/p>\n","protected":false},"author":10,"featured_media":756,"comment_status":"open","ping_status":"open","sticky":false,"template":"","format":"standard","meta":{"footnotes":""},"categories":[1],"tags":[41,33],"class_list":["post-754","post","type-post","status-publish","format-standard","has-post-thumbnail","hentry","category-allgemein","tag-atemschutz","tag-leistungsabzeichen"],"yoast_head":"<!-- This site is optimized with the Yoast SEO plugin v24.3 - https:\/\/yoast.com\/wordpress\/plugins\/seo\/ -->\n<title>Vier Atemschutztrupps bestehen Leistungsbewerb - Feuerwehr Passau - L\u00f6schzug Innstadt<\/title>\n<meta name=\"robots\" content=\"index, follow, max-snippet:-1, max-image-preview:large, max-video-preview:-1\" \/>\n<link rel=\"canonical\" href=\"https:\/\/www.ffpassau.de\/innstadt\/2022\/04\/vier-atemschutztrupps-absolvieren-leistungsbewerb\/\" \/>\n<meta property=\"og:locale\" content=\"de_DE\" \/>\n<meta property=\"og:type\" content=\"article\" \/>\n<meta property=\"og:title\" content=\"Vier Atemschutztrupps bestehen Leistungsbewerb - Feuerwehr Passau - L\u00f6schzug Innstadt\" \/>\n<meta property=\"og:description\" content=\"Vier Feuerwehrm\u00e4nner aus der Innstadt sowie vier Kameraden vom L\u00f6schzug Hauptwache haben heute in Abensberg am Atemschutzleistungsbewerb des Bezirksfeuerwehrverbands Niederbayern teilgenommen. Jeweils zu zweit als Trupp mussten alle von ihnen je f\u00fcnf Stationen durchlaufen: Vorbereitung und richtiges Aufnehmen des Atemschutzger\u00e4tes, Personenrettung, Innenangriff, Ger\u00e4tekunde und Flaschenwechsel sowie abschlie\u00dfend noch eine theoretische Pr\u00fcfung. Ziel und Zweck des in den Stufen Bronze, Silber und Gold durchgef\u00fchrten Bewerbs ist es, das in der Ausbildung erworbene Wissen zu vertiefen und Routine im Umgang mit dem Atemschutzger\u00e4t zu gewinnen. Nat\u00fcrlich haben die acht Kameraden die Aufgaben mit Erfolg absolviert und damit ihr K\u00f6nnen unter Beweis gestellt. Herzlichen Gl\u00fcckwunsch!\" \/>\n<meta property=\"og:url\" content=\"https:\/\/www.ffpassau.de\/innstadt\/2022\/04\/vier-atemschutztrupps-absolvieren-leistungsbewerb\/\" \/>\n<meta property=\"og:site_name\" content=\"Feuerwehr Passau - L\u00f6schzug Innstadt\" \/>\n<meta property=\"article:published_time\" content=\"2022-04-23T18:00:36+00:00\" \/>\n<meta property=\"article:modified_time\" content=\"2022-04-23T20:28:37+00:00\" \/>\n<meta property=\"og:image\" content=\"https:\/\/www.ffpassau.de\/innstadt\/wp-content\/uploads\/sites\/2\/2022\/04\/atemschutzleistungsbewerb_pa_22.jpg\" \/>\n\t<meta property=\"og:image:width\" content=\"1440\" \/>\n\t<meta property=\"og:image:height\" content=\"1439\" \/>\n\t<meta property=\"og:image:type\" content=\"image\/jpeg\" \/>\n<meta name=\"author\" content=\"Stefan Daller\" \/>\n<meta name=\"twitter:card\" content=\"summary_large_image\" \/>\n<meta name=\"twitter:label1\" content=\"Verfasst von\" \/>\n\t<meta name=\"twitter:data1\" content=\"Stefan Daller\" \/>\n\t<meta name=\"twitter:label2\" content=\"Gesch\u00e4tzte Lesezeit\" \/>\n\t<meta name=\"twitter:data2\" content=\"1\u00a0Minute\" \/>\n<script type=\"application\/ld+json\" class=\"yoast-schema-graph\">{\"@context\":\"https:\/\/schema.org\",\"@graph\":[{\"@type\":\"Article\",\"@id\":\"https:\/\/www.ffpassau.de\/innstadt\/2022\/04\/vier-atemschutztrupps-absolvieren-leistungsbewerb\/#article\",\"isPartOf\":{\"@id\":\"https:\/\/www.ffpassau.de\/innstadt\/2022\/04\/vier-atemschutztrupps-absolvieren-leistungsbewerb\/\"},\"author\":{\"name\":\"Stefan Daller\",\"@id\":\"https:\/\/www.ffpassau.de\/innstadt\/#\/schema\/person\/79775f60788f3f1a0aa3269b7db317b1\"},\"headline\":\"Vier Atemschutztrupps bestehen Leistungsbewerb\",\"datePublished\":\"2022-04-23T18:00:36+00:00\",\"dateModified\":\"2022-04-23T20:28:37+00:00\",\"mainEntityOfPage\":{\"@id\":\"https:\/\/www.ffpassau.de\/innstadt\/2022\/04\/vier-atemschutztrupps-absolvieren-leistungsbewerb\/\"},\"wordCount\":118,\"commentCount\":0,\"publisher\":{\"@id\":\"https:\/\/www.ffpassau.de\/innstadt\/#organization\"},\"image\":{\"@id\":\"https:\/\/www.ffpassau.de\/innstadt\/2022\/04\/vier-atemschutztrupps-absolvieren-leistungsbewerb\/#primaryimage\"},\"thumbnailUrl\":\"https:\/\/www.ffpassau.de\/innstadt\/wp-content\/uploads\/sites\/2\/2022\/04\/atemschutzleistungsbewerb_pa_22.jpg\",\"keywords\":[\"Atemschutz\",\"Leistungsabzeichen\"],\"inLanguage\":\"de\",\"potentialAction\":[{\"@type\":\"CommentAction\",\"name\":\"Comment\",\"target\":[\"https:\/\/www.ffpassau.de\/innstadt\/2022\/04\/vier-atemschutztrupps-absolvieren-leistungsbewerb\/#respond\"]}]},{\"@type\":\"WebPage\",\"@id\":\"https:\/\/www.ffpassau.de\/innstadt\/2022\/04\/vier-atemschutztrupps-absolvieren-leistungsbewerb\/\",\"url\":\"https:\/\/www.ffpassau.de\/innstadt\/2022\/04\/vier-atemschutztrupps-absolvieren-leistungsbewerb\/\",\"name\":\"Vier Atemschutztrupps bestehen Leistungsbewerb - Feuerwehr Passau - L\u00f6schzug Innstadt\",\"isPartOf\":{\"@id\":\"https:\/\/www.ffpassau.de\/innstadt\/#website\"},\"primaryImageOfPage\":{\"@id\":\"https:\/\/www.ffpassau.de\/innstadt\/2022\/04\/vier-atemschutztrupps-absolvieren-leistungsbewerb\/#primaryimage\"},\"image\":{\"@id\":\"https:\/\/www.ffpassau.de\/innstadt\/2022\/04\/vier-atemschutztrupps-absolvieren-leistungsbewerb\/#primaryimage\"},\"thumbnailUrl\":\"https:\/\/www.ffpassau.de\/innstadt\/wp-content\/uploads\/sites\/2\/2022\/04\/atemschutzleistungsbewerb_pa_22.jpg\",\"datePublished\":\"2022-04-23T18:00:36+00:00\",\"dateModified\":\"2022-04-23T20:28:37+00:00\",\"breadcrumb\":{\"@id\":\"https:\/\/www.ffpassau.de\/innstadt\/2022\/04\/vier-atemschutztrupps-absolvieren-leistungsbewerb\/#breadcrumb\"},\"inLanguage\":\"de\",\"potentialAction\":[{\"@type\":\"ReadAction\",\"target\":[\"https:\/\/www.ffpassau.de\/innstadt\/2022\/04\/vier-atemschutztrupps-absolvieren-leistungsbewerb\/\"]}]},{\"@type\":\"ImageObject\",\"inLanguage\":\"de\",\"@id\":\"https:\/\/www.ffpassau.de\/innstadt\/2022\/04\/vier-atemschutztrupps-absolvieren-leistungsbewerb\/#primaryimage\",\"url\":\"https:\/\/www.ffpassau.de\/innstadt\/wp-content\/uploads\/sites\/2\/2022\/04\/atemschutzleistungsbewerb_pa_22.jpg\",\"contentUrl\":\"https:\/\/www.ffpassau.de\/innstadt\/wp-content\/uploads\/sites\/2\/2022\/04\/atemschutzleistungsbewerb_pa_22.jpg\",\"width\":1440,\"height\":1439},{\"@type\":\"BreadcrumbList\",\"@id\":\"https:\/\/www.ffpassau.de\/innstadt\/2022\/04\/vier-atemschutztrupps-absolvieren-leistungsbewerb\/#breadcrumb\",\"itemListElement\":[{\"@type\":\"ListItem\",\"position\":1,\"name\":\"L\u00f6schzug Innstadt Startseite\",\"item\":\"https:\/\/www.ffpassau.de\/innstadt\/\"},{\"@type\":\"ListItem\",\"position\":2,\"name\":\"Vier Atemschutztrupps bestehen Leistungsbewerb\"}]},{\"@type\":\"WebSite\",\"@id\":\"https:\/\/www.ffpassau.de\/innstadt\/#website\",\"url\":\"https:\/\/www.ffpassau.de\/innstadt\/\",\"name\":\"Feuerwehr Passau - L\u00f6schzug Innstadt\",\"description\":\"\",\"publisher\":{\"@id\":\"https:\/\/www.ffpassau.de\/innstadt\/#organization\"},\"potentialAction\":[{\"@type\":\"SearchAction\",\"target\":{\"@type\":\"EntryPoint\",\"urlTemplate\":\"https:\/\/www.ffpassau.de\/innstadt\/?s={search_term_string}\"},\"query-input\":{\"@type\":\"PropertyValueSpecification\",\"valueRequired\":true,\"valueName\":\"search_term_string\"}}],\"inLanguage\":\"de\"},{\"@type\":\"Organization\",\"@id\":\"https:\/\/www.ffpassau.de\/innstadt\/#organization\",\"name\":\"Feuerwehr Passau - L\u00f6schzug Innstadt\",\"url\":\"https:\/\/www.ffpassau.de\/innstadt\/\",\"logo\":{\"@type\":\"ImageObject\",\"inLanguage\":\"de\",\"@id\":\"https:\/\/www.ffpassau.de\/innstadt\/#\/schema\/logo\/image\/\",\"url\":\"https:\/\/www.ffpassau.de\/innstadt\/wp-content\/uploads\/sites\/2\/2020\/02\/lz_innstadt_logo.svg\",\"contentUrl\":\"https:\/\/www.ffpassau.de\/innstadt\/wp-content\/uploads\/sites\/2\/2020\/02\/lz_innstadt_logo.svg\",\"width\":1,\"height\":1,\"caption\":\"Feuerwehr Passau - L\u00f6schzug Innstadt\"},\"image\":{\"@id\":\"https:\/\/www.ffpassau.de\/innstadt\/#\/schema\/logo\/image\/\"}},{\"@type\":\"Person\",\"@id\":\"https:\/\/www.ffpassau.de\/innstadt\/#\/schema\/person\/79775f60788f3f1a0aa3269b7db317b1\",\"name\":\"Stefan Daller\",\"image\":{\"@type\":\"ImageObject\",\"inLanguage\":\"de\",\"@id\":\"https:\/\/www.ffpassau.de\/innstadt\/#\/schema\/person\/image\/\",\"url\":\"https:\/\/secure.gravatar.com\/avatar\/512ff9c8d04a77cb4e3921d8ee011143?s=96&d=mm&r=g\",\"contentUrl\":\"https:\/\/secure.gravatar.com\/avatar\/512ff9c8d04a77cb4e3921d8ee011143?s=96&d=mm&r=g\",\"caption\":\"Stefan Daller\"},\"url\":\"https:\/\/www.ffpassau.de\/innstadt\/author\/stefandaller\/\"}]}<\/script>\n<!-- \/ Yoast SEO plugin. -->","yoast_head_json":{"title":"Vier Atemschutztrupps bestehen Leistungsbewerb - Feuerwehr Passau - L\u00f6schzug Innstadt","robots":{"index":"index","follow":"follow","max-snippet":"max-snippet:-1","max-image-preview":"max-image-preview:large","max-video-preview":"max-video-preview:-1"},"canonical":"https:\/\/www.ffpassau.de\/innstadt\/2022\/04\/vier-atemschutztrupps-absolvieren-leistungsbewerb\/","og_locale":"de_DE","og_type":"article","og_title":"Vier Atemschutztrupps bestehen Leistungsbewerb - Feuerwehr Passau - L\u00f6schzug Innstadt","og_description":"Vier Feuerwehrm\u00e4nner aus der Innstadt sowie vier Kameraden vom L\u00f6schzug Hauptwache haben heute in Abensberg am Atemschutzleistungsbewerb des Bezirksfeuerwehrverbands Niederbayern teilgenommen. Jeweils zu zweit als Trupp mussten alle von ihnen je f\u00fcnf Stationen durchlaufen: Vorbereitung und richtiges Aufnehmen des Atemschutzger\u00e4tes, Personenrettung, Innenangriff, Ger\u00e4tekunde und Flaschenwechsel sowie abschlie\u00dfend noch eine theoretische Pr\u00fcfung. Ziel und Zweck des in den Stufen Bronze, Silber und Gold durchgef\u00fchrten Bewerbs ist es, das in der Ausbildung erworbene Wissen zu vertiefen und Routine im Umgang mit dem Atemschutzger\u00e4t zu gewinnen. Nat\u00fcrlich haben die acht Kameraden die Aufgaben mit Erfolg absolviert und damit ihr K\u00f6nnen unter Beweis gestellt. Herzlichen Gl\u00fcckwunsch!","og_url":"https:\/\/www.ffpassau.de\/innstadt\/2022\/04\/vier-atemschutztrupps-absolvieren-leistungsbewerb\/","og_site_name":"Feuerwehr Passau - L\u00f6schzug Innstadt","article_published_time":"2022-04-23T18:00:36+00:00","article_modified_time":"2022-04-23T20:28:37+00:00","og_image":[{"width":1440,"height":1439,"url":"https:\/\/www.ffpassau.de\/innstadt\/wp-content\/uploads\/sites\/2\/2022\/04\/atemschutzleistungsbewerb_pa_22.jpg","type":"image\/jpeg"}],"author":"Stefan Daller","twitter_card":"summary_large_image","twitter_misc":{"Verfasst von":"Stefan Daller","Gesch\u00e4tzte Lesezeit":"1\u00a0Minute"},"schema":{"@context":"https:\/\/schema.org","@graph":[{"@type":"Article","@id":"https:\/\/www.ffpassau.de\/innstadt\/2022\/04\/vier-atemschutztrupps-absolvieren-leistungsbewerb\/#article","isPartOf":{"@id":"https:\/\/www.ffpassau.de\/innstadt\/2022\/04\/vier-atemschutztrupps-absolvieren-leistungsbewerb\/"},"author":{"name":"Stefan Daller","@id":"https:\/\/www.ffpassau.de\/innstadt\/#\/schema\/person\/79775f60788f3f1a0aa3269b7db317b1"},"headline":"Vier Atemschutztrupps bestehen Leistungsbewerb","datePublished":"2022-04-23T18:00:36+00:00","dateModified":"2022-04-23T20:28:37+00:00","mainEntityOfPage":{"@id":"https:\/\/www.ffpassau.de\/innstadt\/2022\/04\/vier-atemschutztrupps-absolvieren-leistungsbewerb\/"},"wordCount":118,"commentCount":0,"publisher":{"@id":"https:\/\/www.ffpassau.de\/innstadt\/#organization"},"image":{"@id":"https:\/\/www.ffpassau.de\/innstadt\/2022\/04\/vier-atemschutztrupps-absolvieren-leistungsbewerb\/#primaryimage"},"thumbnailUrl":"https:\/\/www.ffpassau.de\/innstadt\/wp-content\/uploads\/sites\/2\/2022\/04\/atemschutzleistungsbewerb_pa_22.jpg","keywords":["Atemschutz","Leistungsabzeichen"],"inLanguage":"de","potentialAction":[{"@type":"CommentAction","name":"Comment","target":["https:\/\/www.ffpassau.de\/innstadt\/2022\/04\/vier-atemschutztrupps-absolvieren-leistungsbewerb\/#respond"]}]},{"@type":"WebPage","@id":"https:\/\/www.ffpassau.de\/innstadt\/2022\/04\/vier-atemschutztrupps-absolvieren-leistungsbewerb\/","url":"https:\/\/www.ffpassau.de\/innstadt\/2022\/04\/vier-atemschutztrupps-absolvieren-leistungsbewerb\/","name":"Vier Atemschutztrupps bestehen Leistungsbewerb - Feuerwehr Passau - L\u00f6schzug Innstadt","isPartOf":{"@id":"https:\/\/www.ffpassau.de\/innstadt\/#website"},"primaryImageOfPage":{"@id":"https:\/\/www.ffpassau.de\/innstadt\/2022\/04\/vier-atemschutztrupps-absolvieren-leistungsbewerb\/#primaryimage"},"image":{"@id":"https:\/\/www.ffpassau.de\/innstadt\/2022\/04\/vier-atemschutztrupps-absolvieren-leistungsbewerb\/#primaryimage"},"thumbnailUrl":"https:\/\/www.ffpassau.de\/innstadt\/wp-content\/uploads\/sites\/2\/2022\/04\/atemschutzleistungsbewerb_pa_22.jpg","datePublished":"2022-04-23T18:00:36+00:00","dateModified":"2022-04-23T20:28:37+00:00","breadcrumb":{"@id":"https:\/\/www.ffpassau.de\/innstadt\/2022\/04\/vier-atemschutztrupps-absolvieren-leistungsbewerb\/#breadcrumb"},"inLanguage":"de","potentialAction":[{"@type":"ReadAction","target":["https:\/\/www.ffpassau.de\/innstadt\/2022\/04\/vier-atemschutztrupps-absolvieren-leistungsbewerb\/"]}]},{"@type":"ImageObject","inLanguage":"de","@id":"https:\/\/www.ffpassau.de\/innstadt\/2022\/04\/vier-atemschutztrupps-absolvieren-leistungsbewerb\/#primaryimage","url":"https:\/\/www.ffpassau.de\/innstadt\/wp-content\/uploads\/sites\/2\/2022\/04\/atemschutzleistungsbewerb_pa_22.jpg","contentUrl":"https:\/\/www.ffpassau.de\/innstadt\/wp-content\/uploads\/sites\/2\/2022\/04\/atemschutzleistungsbewerb_pa_22.jpg","width":1440,"height":1439},{"@type":"BreadcrumbList","@id":"https:\/\/www.ffpassau.de\/innstadt\/2022\/04\/vier-atemschutztrupps-absolvieren-leistungsbewerb\/#breadcrumb","itemListElement":[{"@type":"ListItem","position":1,"name":"L\u00f6schzug Innstadt Startseite","item":"https:\/\/www.ffpassau.de\/innstadt\/"},{"@type":"ListItem","position":2,"name":"Vier Atemschutztrupps bestehen Leistungsbewerb"}]},{"@type":"WebSite","@id":"https:\/\/www.ffpassau.de\/innstadt\/#website","url":"https:\/\/www.ffpassau.de\/innstadt\/","name":"Feuerwehr Passau - L\u00f6schzug Innstadt","description":"","publisher":{"@id":"https:\/\/www.ffpassau.de\/innstadt\/#organization"},"potentialAction":[{"@type":"SearchAction","target":{"@type":"EntryPoint","urlTemplate":"https:\/\/www.ffpassau.de\/innstadt\/?s={search_term_string}"},"query-input":{"@type":"PropertyValueSpecification","valueRequired":true,"valueName":"search_term_string"}}],"inLanguage":"de"},{"@type":"Organization","@id":"https:\/\/www.ffpassau.de\/innstadt\/#organization","name":"Feuerwehr Passau - L\u00f6schzug Innstadt","url":"https:\/\/www.ffpassau.de\/innstadt\/","logo":{"@type":"ImageObject","inLanguage":"de","@id":"https:\/\/www.ffpassau.de\/innstadt\/#\/schema\/logo\/image\/","url":"https:\/\/www.ffpassau.de\/innstadt\/wp-content\/uploads\/sites\/2\/2020\/02\/lz_innstadt_logo.svg","contentUrl":"https:\/\/www.ffpassau.de\/innstadt\/wp-content\/uploads\/sites\/2\/2020\/02\/lz_innstadt_logo.svg","width":1,"height":1,"caption":"Feuerwehr Passau - L\u00f6schzug Innstadt"},"image":{"@id":"https:\/\/www.ffpassau.de\/innstadt\/#\/schema\/logo\/image\/"}},{"@type":"Person","@id":"https:\/\/www.ffpassau.de\/innstadt\/#\/schema\/person\/79775f60788f3f1a0aa3269b7db317b1","name":"Stefan Daller","image":{"@type":"ImageObject","inLanguage":"de","@id":"https:\/\/www.ffpassau.de\/innstadt\/#\/schema\/person\/image\/","url":"https:\/\/secure.gravatar.com\/avatar\/512ff9c8d04a77cb4e3921d8ee011143?s=96&d=mm&r=g","contentUrl":"https:\/\/secure.gravatar.com\/avatar\/512ff9c8d04a77cb4e3921d8ee011143?s=96&d=mm&r=g","caption":"Stefan Daller"},"url":"https:\/\/www.ffpassau.de\/innstadt\/author\/stefandaller\/"}]}},"_links":{"self":[{"href":"https:\/\/www.ffpassau.de\/innstadt\/wp-json\/wp\/v2\/posts\/754","targetHints":{"allow":["GET"]}}],"collection":[{"href":"https:\/\/www.ffpassau.de\/innstadt\/wp-json\/wp\/v2\/posts"}],"about":[{"href":"https:\/\/www.ffpassau.de\/innstadt\/wp-json\/wp\/v2\/types\/post"}],"author":[{"embeddable":true,"href":"https:\/\/www.ffpassau.de\/innstadt\/wp-json\/wp\/v2\/users\/10"}],"replies":[{"embeddable":true,"href":"https:\/\/www.ffpassau.de\/innstadt\/wp-json\/wp\/v2\/comments?post=754"}],"version-history":[{"count":9,"href":"https:\/\/www.ffpassau.de\/innstadt\/wp-json\/wp\/v2\/posts\/754\/revisions"}],"predecessor-version":[{"id":764,"href":"https:\/\/www.ffpassau.de\/innstadt\/wp-json\/wp\/v2\/posts\/754\/revisions\/764"}],"wp:featuredmedia":[{"embeddable":true,"href":"https:\/\/www.ffpassau.de\/innstadt\/wp-json\/wp\/v2\/media\/756"}],"wp:attachment":[{"href":"https:\/\/www.ffpassau.de\/innstadt\/wp-json\/wp\/v2\/media?parent=754"}],"wp:term":[{"taxonomy":"category","embeddable":true,"href":"https:\/\/www.ffpassau.de\/innstadt\/wp-json\/wp\/v2\/categories?post=754"},{"taxonomy":"post_tag","embeddable":true,"href":"https:\/\/www.ffpassau.de\/innstadt\/wp-json\/wp\/v2\/tags?post=754"}],"curies":[{"name":"wp","href":"https:\/\/api.w.org\/{rel}","templated":true}]}}