{"id":765,"date":"2022-05-11T23:00:36","date_gmt":"2022-05-11T21:00:36","guid":{"rendered":"https:\/\/www.ffpassau.de\/innstadt\/?p=765"},"modified":"2022-05-11T23:51:29","modified_gmt":"2022-05-11T21:51:29","slug":"stallbrand-in-gschwendthannet","status":"publish","type":"post","link":"https:\/\/www.ffpassau.de\/innstadt\/2022\/05\/stallbrand-in-gschwendthannet\/","title":{"rendered":"Stallbrand in Gschwendthannet"},"content":{"rendered":"<p>Am fr\u00fchen Dienstagmorgen um 05:15 wurde die Feuerwehr Passau mit allen drei L\u00f6schz\u00fcgen unter dem Stichwort \u201eB4\u201c zum Brand eines landwirtschaftlichen Anwesens in Gschwendthannet alarmiert. Dort war aus bislang ungekl\u00e4rten Ursachen ein Feuer in einem leerstehenden Stallgeb\u00e4ude ausgebrochen, das sich schnell ausbreitete. Die entsprechende Rauchs\u00e4ule war bis weithin ins Umland zu sehen.<\/p>\n<p>Gemeinsam mit den Kameraden der ebenfalls alarmierten Feuerwehr Schardenberg gingen wir zur Brandbek\u00e4mpfung vor. Zeitgleich bauten wir eine Schlauchleitung zur rund 150 Meter entfernten Zisterne auf. Um die Wasserversorgung dauerhaft sicher zu stellen, wurde ein Pendelverkehr \u00fcber ca. 1,3 Kilometer zum n\u00e4chstgelegenen Hydranten eingerichtet, den der L\u00f6schzug Hauptwache mit seinem Wechselladerfahrzeug und AB Wasser \u00fcbernahm; zus\u00e4tzlich wurde hierf\u00fcr die Feuerwehr Schalding rechts der Donau mit ihrem TLF 4000 angefordert. Ebenfalls nachalarmiert wurde die Feuerwehr Hals, die mit ihrem GW Logistik unterst\u00fctzten und unter anderem Wechselkleidung f\u00fcr die Atemschutzger\u00e4tetr\u00e4ger lieferten.<\/p>\n<p>Durch das schnelle Eingreifen und die gute Zusammenarbeit aller Kr\u00e4fte konnte ein Ausbreiten des Feuers und insbesondere ein \u00dcbergreifen auf die direkt angrenzenden Wohngeb\u00e4ude des Anwesens verhindert werden. Der Stall selbst war nicht zu halten, er stand bei unserem Eintreffen bereits in Vollbrand. Menschen oder Tiere kamen nicht zu Schaden. Die Nachl\u00f6scharbeiten dauerten noch bis etwa 10 Uhr, eine Brandwache blieb auch danach vor Ort. Insgesamt waren an die 100 Kr\u00e4fte im Einsatz.<\/p>\n","protected":false},"excerpt":{"rendered":"<p>Am fr\u00fchen Dienstagmorgen um 05:15 wurde die Feuerwehr Passau mit allen drei L\u00f6schz\u00fcgen unter dem Stichwort \u201eB4\u201c zum Brand eines landwirtschaftlichen Anwesens in Gschwendthannet alarmiert. Dort war aus bislang ungekl\u00e4rten Ursachen ein Feuer in einem leerstehenden Stallgeb\u00e4ude ausgebrochen, das sich schnell ausbreitete. Die entsprechende Rauchs\u00e4ule war bis weithin ins Umland zu sehen. Gemeinsam mit den Kameraden der ebenfalls alarmierten Feuerwehr Schardenberg gingen wir zur Brandbek\u00e4mpfung vor. Zeitgleich bauten wir eine Schlauchleitung zur rund 150 Meter entfernten Zisterne auf. Um die Wasserversorgung dauerhaft sicher zu stellen, wurde ein Pendelverkehr \u00fcber ca. 1,3 Kilometer zum n\u00e4chstgelegenen Hydranten eingerichtet, den der L\u00f6schzug Hauptwache mit seinem Wechselladerfahrzeug und AB Wasser \u00fcbernahm; zus\u00e4tzlich wurde hierf\u00fcr die Feuerwehr Schalding rechts der Donau mit ihrem TLF 4000 angefordert. Ebenfalls nachalarmiert wurde die Feuerwehr Hals, die mit ihrem GW Logistik unterst\u00fctzten und unter anderem Wechselkleidung f\u00fcr die Atemschutzger\u00e4tetr\u00e4ger [&hellip;]<\/p>\n","protected":false},"author":10,"featured_media":769,"comment_status":"open","ping_status":"open","sticky":false,"template":"","format":"standard","meta":{"footnotes":""},"categories":[42],"tags":[41,43,20,36,17,26],"class_list":["post-765","post","type-post","status-publish","format-standard","has-post-thumbnail","hentry","category-einsatz","tag-atemschutz","tag-brand","tag-drehleiter","tag-mlf","tag-schardenberg","tag-tlf"],"yoast_head":"<!-- This site is optimized with the Yoast SEO plugin v24.3 - https:\/\/yoast.com\/wordpress\/plugins\/seo\/ -->\n<title>Stallbrand in Gschwendthannet - Feuerwehr Passau - L\u00f6schzug Innstadt<\/title>\n<meta name=\"robots\" content=\"index, follow, max-snippet:-1, max-image-preview:large, max-video-preview:-1\" \/>\n<link rel=\"canonical\" href=\"https:\/\/www.ffpassau.de\/innstadt\/2022\/05\/stallbrand-in-gschwendthannet\/\" \/>\n<meta property=\"og:locale\" content=\"de_DE\" \/>\n<meta property=\"og:type\" content=\"article\" \/>\n<meta property=\"og:title\" content=\"Stallbrand in Gschwendthannet - Feuerwehr Passau - L\u00f6schzug Innstadt\" \/>\n<meta property=\"og:description\" content=\"Am fr\u00fchen Dienstagmorgen um 05:15 wurde die Feuerwehr Passau mit allen drei L\u00f6schz\u00fcgen unter dem Stichwort \u201eB4\u201c zum Brand eines landwirtschaftlichen Anwesens in Gschwendthannet alarmiert. Dort war aus bislang ungekl\u00e4rten Ursachen ein Feuer in einem leerstehenden Stallgeb\u00e4ude ausgebrochen, das sich schnell ausbreitete. Die entsprechende Rauchs\u00e4ule war bis weithin ins Umland zu sehen. Gemeinsam mit den Kameraden der ebenfalls alarmierten Feuerwehr Schardenberg gingen wir zur Brandbek\u00e4mpfung vor. Zeitgleich bauten wir eine Schlauchleitung zur rund 150 Meter entfernten Zisterne auf. Um die Wasserversorgung dauerhaft sicher zu stellen, wurde ein Pendelverkehr \u00fcber ca. 1,3 Kilometer zum n\u00e4chstgelegenen Hydranten eingerichtet, den der L\u00f6schzug Hauptwache mit seinem Wechselladerfahrzeug und AB Wasser \u00fcbernahm; zus\u00e4tzlich wurde hierf\u00fcr die Feuerwehr Schalding rechts der Donau mit ihrem TLF 4000 angefordert. Ebenfalls nachalarmiert wurde die Feuerwehr Hals, die mit ihrem GW Logistik unterst\u00fctzten und unter anderem Wechselkleidung f\u00fcr die Atemschutzger\u00e4tetr\u00e4ger [&hellip;]\" \/>\n<meta property=\"og:url\" content=\"https:\/\/www.ffpassau.de\/innstadt\/2022\/05\/stallbrand-in-gschwendthannet\/\" \/>\n<meta property=\"og:site_name\" content=\"Feuerwehr Passau - L\u00f6schzug Innstadt\" \/>\n<meta property=\"article:published_time\" content=\"2022-05-11T21:00:36+00:00\" \/>\n<meta property=\"article:modified_time\" content=\"2022-05-11T21:51:29+00:00\" \/>\n<meta property=\"og:image\" content=\"https:\/\/www.ffpassau.de\/innstadt\/wp-content\/uploads\/sites\/2\/2022\/05\/brand-gschwendthannet-03.jpg\" \/>\n\t<meta property=\"og:image:width\" content=\"1000\" \/>\n\t<meta property=\"og:image:height\" content=\"750\" \/>\n\t<meta property=\"og:image:type\" content=\"image\/jpeg\" \/>\n<meta name=\"author\" content=\"Stefan Daller\" \/>\n<meta name=\"twitter:card\" content=\"summary_large_image\" \/>\n<meta name=\"twitter:label1\" content=\"Verfasst von\" \/>\n\t<meta name=\"twitter:data1\" content=\"Stefan Daller\" \/>\n\t<meta name=\"twitter:label2\" content=\"Gesch\u00e4tzte Lesezeit\" \/>\n\t<meta name=\"twitter:data2\" content=\"1\u00a0Minute\" \/>\n<script type=\"application\/ld+json\" class=\"yoast-schema-graph\">{\"@context\":\"https:\/\/schema.org\",\"@graph\":[{\"@type\":\"Article\",\"@id\":\"https:\/\/www.ffpassau.de\/innstadt\/2022\/05\/stallbrand-in-gschwendthannet\/#article\",\"isPartOf\":{\"@id\":\"https:\/\/www.ffpassau.de\/innstadt\/2022\/05\/stallbrand-in-gschwendthannet\/\"},\"author\":{\"name\":\"Stefan Daller\",\"@id\":\"https:\/\/www.ffpassau.de\/innstadt\/#\/schema\/person\/79775f60788f3f1a0aa3269b7db317b1\"},\"headline\":\"Stallbrand in Gschwendthannet\",\"datePublished\":\"2022-05-11T21:00:36+00:00\",\"dateModified\":\"2022-05-11T21:51:29+00:00\",\"mainEntityOfPage\":{\"@id\":\"https:\/\/www.ffpassau.de\/innstadt\/2022\/05\/stallbrand-in-gschwendthannet\/\"},\"wordCount\":230,\"commentCount\":0,\"publisher\":{\"@id\":\"https:\/\/www.ffpassau.de\/innstadt\/#organization\"},\"image\":{\"@id\":\"https:\/\/www.ffpassau.de\/innstadt\/2022\/05\/stallbrand-in-gschwendthannet\/#primaryimage\"},\"thumbnailUrl\":\"https:\/\/www.ffpassau.de\/innstadt\/wp-content\/uploads\/sites\/2\/2022\/05\/brand-gschwendthannet-03.jpg\",\"keywords\":[\"Atemschutz\",\"Brand\",\"Drehleiter\",\"MLF\",\"Schardenberg\",\"TLF\"],\"articleSection\":[\"Einsatz\"],\"inLanguage\":\"de\",\"potentialAction\":[{\"@type\":\"CommentAction\",\"name\":\"Comment\",\"target\":[\"https:\/\/www.ffpassau.de\/innstadt\/2022\/05\/stallbrand-in-gschwendthannet\/#respond\"]}]},{\"@type\":\"WebPage\",\"@id\":\"https:\/\/www.ffpassau.de\/innstadt\/2022\/05\/stallbrand-in-gschwendthannet\/\",\"url\":\"https:\/\/www.ffpassau.de\/innstadt\/2022\/05\/stallbrand-in-gschwendthannet\/\",\"name\":\"Stallbrand in Gschwendthannet - Feuerwehr Passau - L\u00f6schzug Innstadt\",\"isPartOf\":{\"@id\":\"https:\/\/www.ffpassau.de\/innstadt\/#website\"},\"primaryImageOfPage\":{\"@id\":\"https:\/\/www.ffpassau.de\/innstadt\/2022\/05\/stallbrand-in-gschwendthannet\/#primaryimage\"},\"image\":{\"@id\":\"https:\/\/www.ffpassau.de\/innstadt\/2022\/05\/stallbrand-in-gschwendthannet\/#primaryimage\"},\"thumbnailUrl\":\"https:\/\/www.ffpassau.de\/innstadt\/wp-content\/uploads\/sites\/2\/2022\/05\/brand-gschwendthannet-03.jpg\",\"datePublished\":\"2022-05-11T21:00:36+00:00\",\"dateModified\":\"2022-05-11T21:51:29+00:00\",\"breadcrumb\":{\"@id\":\"https:\/\/www.ffpassau.de\/innstadt\/2022\/05\/stallbrand-in-gschwendthannet\/#breadcrumb\"},\"inLanguage\":\"de\",\"potentialAction\":[{\"@type\":\"ReadAction\",\"target\":[\"https:\/\/www.ffpassau.de\/innstadt\/2022\/05\/stallbrand-in-gschwendthannet\/\"]}]},{\"@type\":\"ImageObject\",\"inLanguage\":\"de\",\"@id\":\"https:\/\/www.ffpassau.de\/innstadt\/2022\/05\/stallbrand-in-gschwendthannet\/#primaryimage\",\"url\":\"https:\/\/www.ffpassau.de\/innstadt\/wp-content\/uploads\/sites\/2\/2022\/05\/brand-gschwendthannet-03.jpg\",\"contentUrl\":\"https:\/\/www.ffpassau.de\/innstadt\/wp-content\/uploads\/sites\/2\/2022\/05\/brand-gschwendthannet-03.jpg\",\"width\":1000,\"height\":750},{\"@type\":\"BreadcrumbList\",\"@id\":\"https:\/\/www.ffpassau.de\/innstadt\/2022\/05\/stallbrand-in-gschwendthannet\/#breadcrumb\",\"itemListElement\":[{\"@type\":\"ListItem\",\"position\":1,\"name\":\"L\u00f6schzug Innstadt Startseite\",\"item\":\"https:\/\/www.ffpassau.de\/innstadt\/\"},{\"@type\":\"ListItem\",\"position\":2,\"name\":\"Stallbrand in Gschwendthannet\"}]},{\"@type\":\"WebSite\",\"@id\":\"https:\/\/www.ffpassau.de\/innstadt\/#website\",\"url\":\"https:\/\/www.ffpassau.de\/innstadt\/\",\"name\":\"Feuerwehr Passau - L\u00f6schzug Innstadt\",\"description\":\"\",\"publisher\":{\"@id\":\"https:\/\/www.ffpassau.de\/innstadt\/#organization\"},\"potentialAction\":[{\"@type\":\"SearchAction\",\"target\":{\"@type\":\"EntryPoint\",\"urlTemplate\":\"https:\/\/www.ffpassau.de\/innstadt\/?s={search_term_string}\"},\"query-input\":{\"@type\":\"PropertyValueSpecification\",\"valueRequired\":true,\"valueName\":\"search_term_string\"}}],\"inLanguage\":\"de\"},{\"@type\":\"Organization\",\"@id\":\"https:\/\/www.ffpassau.de\/innstadt\/#organization\",\"name\":\"Feuerwehr Passau - L\u00f6schzug Innstadt\",\"url\":\"https:\/\/www.ffpassau.de\/innstadt\/\",\"logo\":{\"@type\":\"ImageObject\",\"inLanguage\":\"de\",\"@id\":\"https:\/\/www.ffpassau.de\/innstadt\/#\/schema\/logo\/image\/\",\"url\":\"https:\/\/www.ffpassau.de\/innstadt\/wp-content\/uploads\/sites\/2\/2020\/02\/lz_innstadt_logo.svg\",\"contentUrl\":\"https:\/\/www.ffpassau.de\/innstadt\/wp-content\/uploads\/sites\/2\/2020\/02\/lz_innstadt_logo.svg\",\"width\":1,\"height\":1,\"caption\":\"Feuerwehr Passau - L\u00f6schzug Innstadt\"},\"image\":{\"@id\":\"https:\/\/www.ffpassau.de\/innstadt\/#\/schema\/logo\/image\/\"}},{\"@type\":\"Person\",\"@id\":\"https:\/\/www.ffpassau.de\/innstadt\/#\/schema\/person\/79775f60788f3f1a0aa3269b7db317b1\",\"name\":\"Stefan Daller\",\"image\":{\"@type\":\"ImageObject\",\"inLanguage\":\"de\",\"@id\":\"https:\/\/www.ffpassau.de\/innstadt\/#\/schema\/person\/image\/\",\"url\":\"https:\/\/secure.gravatar.com\/avatar\/512ff9c8d04a77cb4e3921d8ee011143?s=96&d=mm&r=g\",\"contentUrl\":\"https:\/\/secure.gravatar.com\/avatar\/512ff9c8d04a77cb4e3921d8ee011143?s=96&d=mm&r=g\",\"caption\":\"Stefan Daller\"},\"url\":\"https:\/\/www.ffpassau.de\/innstadt\/author\/stefandaller\/\"}]}<\/script>\n<!-- \/ Yoast SEO plugin. -->","yoast_head_json":{"title":"Stallbrand in Gschwendthannet - Feuerwehr Passau - L\u00f6schzug Innstadt","robots":{"index":"index","follow":"follow","max-snippet":"max-snippet:-1","max-image-preview":"max-image-preview:large","max-video-preview":"max-video-preview:-1"},"canonical":"https:\/\/www.ffpassau.de\/innstadt\/2022\/05\/stallbrand-in-gschwendthannet\/","og_locale":"de_DE","og_type":"article","og_title":"Stallbrand in Gschwendthannet - Feuerwehr Passau - L\u00f6schzug Innstadt","og_description":"Am fr\u00fchen Dienstagmorgen um 05:15 wurde die Feuerwehr Passau mit allen drei L\u00f6schz\u00fcgen unter dem Stichwort \u201eB4\u201c zum Brand eines landwirtschaftlichen Anwesens in Gschwendthannet alarmiert. Dort war aus bislang ungekl\u00e4rten Ursachen ein Feuer in einem leerstehenden Stallgeb\u00e4ude ausgebrochen, das sich schnell ausbreitete. Die entsprechende Rauchs\u00e4ule war bis weithin ins Umland zu sehen. Gemeinsam mit den Kameraden der ebenfalls alarmierten Feuerwehr Schardenberg gingen wir zur Brandbek\u00e4mpfung vor. Zeitgleich bauten wir eine Schlauchleitung zur rund 150 Meter entfernten Zisterne auf. Um die Wasserversorgung dauerhaft sicher zu stellen, wurde ein Pendelverkehr \u00fcber ca. 1,3 Kilometer zum n\u00e4chstgelegenen Hydranten eingerichtet, den der L\u00f6schzug Hauptwache mit seinem Wechselladerfahrzeug und AB Wasser \u00fcbernahm; zus\u00e4tzlich wurde hierf\u00fcr die Feuerwehr Schalding rechts der Donau mit ihrem TLF 4000 angefordert. Ebenfalls nachalarmiert wurde die Feuerwehr Hals, die mit ihrem GW Logistik unterst\u00fctzten und unter anderem Wechselkleidung f\u00fcr die Atemschutzger\u00e4tetr\u00e4ger [&hellip;]","og_url":"https:\/\/www.ffpassau.de\/innstadt\/2022\/05\/stallbrand-in-gschwendthannet\/","og_site_name":"Feuerwehr Passau - L\u00f6schzug Innstadt","article_published_time":"2022-05-11T21:00:36+00:00","article_modified_time":"2022-05-11T21:51:29+00:00","og_image":[{"width":1000,"height":750,"url":"https:\/\/www.ffpassau.de\/innstadt\/wp-content\/uploads\/sites\/2\/2022\/05\/brand-gschwendthannet-03.jpg","type":"image\/jpeg"}],"author":"Stefan Daller","twitter_card":"summary_large_image","twitter_misc":{"Verfasst von":"Stefan Daller","Gesch\u00e4tzte Lesezeit":"1\u00a0Minute"},"schema":{"@context":"https:\/\/schema.org","@graph":[{"@type":"Article","@id":"https:\/\/www.ffpassau.de\/innstadt\/2022\/05\/stallbrand-in-gschwendthannet\/#article","isPartOf":{"@id":"https:\/\/www.ffpassau.de\/innstadt\/2022\/05\/stallbrand-in-gschwendthannet\/"},"author":{"name":"Stefan Daller","@id":"https:\/\/www.ffpassau.de\/innstadt\/#\/schema\/person\/79775f60788f3f1a0aa3269b7db317b1"},"headline":"Stallbrand in Gschwendthannet","datePublished":"2022-05-11T21:00:36+00:00","dateModified":"2022-05-11T21:51:29+00:00","mainEntityOfPage":{"@id":"https:\/\/www.ffpassau.de\/innstadt\/2022\/05\/stallbrand-in-gschwendthannet\/"},"wordCount":230,"commentCount":0,"publisher":{"@id":"https:\/\/www.ffpassau.de\/innstadt\/#organization"},"image":{"@id":"https:\/\/www.ffpassau.de\/innstadt\/2022\/05\/stallbrand-in-gschwendthannet\/#primaryimage"},"thumbnailUrl":"https:\/\/www.ffpassau.de\/innstadt\/wp-content\/uploads\/sites\/2\/2022\/05\/brand-gschwendthannet-03.jpg","keywords":["Atemschutz","Brand","Drehleiter","MLF","Schardenberg","TLF"],"articleSection":["Einsatz"],"inLanguage":"de","potentialAction":[{"@type":"CommentAction","name":"Comment","target":["https:\/\/www.ffpassau.de\/innstadt\/2022\/05\/stallbrand-in-gschwendthannet\/#respond"]}]},{"@type":"WebPage","@id":"https:\/\/www.ffpassau.de\/innstadt\/2022\/05\/stallbrand-in-gschwendthannet\/","url":"https:\/\/www.ffpassau.de\/innstadt\/2022\/05\/stallbrand-in-gschwendthannet\/","name":"Stallbrand in Gschwendthannet - Feuerwehr Passau - L\u00f6schzug Innstadt","isPartOf":{"@id":"https:\/\/www.ffpassau.de\/innstadt\/#website"},"primaryImageOfPage":{"@id":"https:\/\/www.ffpassau.de\/innstadt\/2022\/05\/stallbrand-in-gschwendthannet\/#primaryimage"},"image":{"@id":"https:\/\/www.ffpassau.de\/innstadt\/2022\/05\/stallbrand-in-gschwendthannet\/#primaryimage"},"thumbnailUrl":"https:\/\/www.ffpassau.de\/innstadt\/wp-content\/uploads\/sites\/2\/2022\/05\/brand-gschwendthannet-03.jpg","datePublished":"2022-05-11T21:00:36+00:00","dateModified":"2022-05-11T21:51:29+00:00","breadcrumb":{"@id":"https:\/\/www.ffpassau.de\/innstadt\/2022\/05\/stallbrand-in-gschwendthannet\/#breadcrumb"},"inLanguage":"de","potentialAction":[{"@type":"ReadAction","target":["https:\/\/www.ffpassau.de\/innstadt\/2022\/05\/stallbrand-in-gschwendthannet\/"]}]},{"@type":"ImageObject","inLanguage":"de","@id":"https:\/\/www.ffpassau.de\/innstadt\/2022\/05\/stallbrand-in-gschwendthannet\/#primaryimage","url":"https:\/\/www.ffpassau.de\/innstadt\/wp-content\/uploads\/sites\/2\/2022\/05\/brand-gschwendthannet-03.jpg","contentUrl":"https:\/\/www.ffpassau.de\/innstadt\/wp-content\/uploads\/sites\/2\/2022\/05\/brand-gschwendthannet-03.jpg","width":1000,"height":750},{"@type":"BreadcrumbList","@id":"https:\/\/www.ffpassau.de\/innstadt\/2022\/05\/stallbrand-in-gschwendthannet\/#breadcrumb","itemListElement":[{"@type":"ListItem","position":1,"name":"L\u00f6schzug Innstadt Startseite","item":"https:\/\/www.ffpassau.de\/innstadt\/"},{"@type":"ListItem","position":2,"name":"Stallbrand in Gschwendthannet"}]},{"@type":"WebSite","@id":"https:\/\/www.ffpassau.de\/innstadt\/#website","url":"https:\/\/www.ffpassau.de\/innstadt\/","name":"Feuerwehr Passau - L\u00f6schzug Innstadt","description":"","publisher":{"@id":"https:\/\/www.ffpassau.de\/innstadt\/#organization"},"potentialAction":[{"@type":"SearchAction","target":{"@type":"EntryPoint","urlTemplate":"https:\/\/www.ffpassau.de\/innstadt\/?s={search_term_string}"},"query-input":{"@type":"PropertyValueSpecification","valueRequired":true,"valueName":"search_term_string"}}],"inLanguage":"de"},{"@type":"Organization","@id":"https:\/\/www.ffpassau.de\/innstadt\/#organization","name":"Feuerwehr Passau - L\u00f6schzug Innstadt","url":"https:\/\/www.ffpassau.de\/innstadt\/","logo":{"@type":"ImageObject","inLanguage":"de","@id":"https:\/\/www.ffpassau.de\/innstadt\/#\/schema\/logo\/image\/","url":"https:\/\/www.ffpassau.de\/innstadt\/wp-content\/uploads\/sites\/2\/2020\/02\/lz_innstadt_logo.svg","contentUrl":"https:\/\/www.ffpassau.de\/innstadt\/wp-content\/uploads\/sites\/2\/2020\/02\/lz_innstadt_logo.svg","width":1,"height":1,"caption":"Feuerwehr Passau - L\u00f6schzug Innstadt"},"image":{"@id":"https:\/\/www.ffpassau.de\/innstadt\/#\/schema\/logo\/image\/"}},{"@type":"Person","@id":"https:\/\/www.ffpassau.de\/innstadt\/#\/schema\/person\/79775f60788f3f1a0aa3269b7db317b1","name":"Stefan Daller","image":{"@type":"ImageObject","inLanguage":"de","@id":"https:\/\/www.ffpassau.de\/innstadt\/#\/schema\/person\/image\/","url":"https:\/\/secure.gravatar.com\/avatar\/512ff9c8d04a77cb4e3921d8ee011143?s=96&d=mm&r=g","contentUrl":"https:\/\/secure.gravatar.com\/avatar\/512ff9c8d04a77cb4e3921d8ee011143?s=96&d=mm&r=g","caption":"Stefan Daller"},"url":"https:\/\/www.ffpassau.de\/innstadt\/author\/stefandaller\/"}]}},"_links":{"self":[{"href":"https:\/\/www.ffpassau.de\/innstadt\/wp-json\/wp\/v2\/posts\/765","targetHints":{"allow":["GET"]}}],"collection":[{"href":"https:\/\/www.ffpassau.de\/innstadt\/wp-json\/wp\/v2\/posts"}],"about":[{"href":"https:\/\/www.ffpassau.de\/innstadt\/wp-json\/wp\/v2\/types\/post"}],"author":[{"embeddable":true,"href":"https:\/\/www.ffpassau.de\/innstadt\/wp-json\/wp\/v2\/users\/10"}],"replies":[{"embeddable":true,"href":"https:\/\/www.ffpassau.de\/innstadt\/wp-json\/wp\/v2\/comments?post=765"}],"version-history":[{"count":6,"href":"https:\/\/www.ffpassau.de\/innstadt\/wp-json\/wp\/v2\/posts\/765\/revisions"}],"predecessor-version":[{"id":776,"href":"https:\/\/www.ffpassau.de\/innstadt\/wp-json\/wp\/v2\/posts\/765\/revisions\/776"}],"wp:featuredmedia":[{"embeddable":true,"href":"https:\/\/www.ffpassau.de\/innstadt\/wp-json\/wp\/v2\/media\/769"}],"wp:attachment":[{"href":"https:\/\/www.ffpassau.de\/innstadt\/wp-json\/wp\/v2\/media?parent=765"}],"wp:term":[{"taxonomy":"category","embeddable":true,"href":"https:\/\/www.ffpassau.de\/innstadt\/wp-json\/wp\/v2\/categories?post=765"},{"taxonomy":"post_tag","embeddable":true,"href":"https:\/\/www.ffpassau.de\/innstadt\/wp-json\/wp\/v2\/tags?post=765"}],"curies":[{"name":"wp","href":"https:\/\/api.w.org\/{rel}","templated":true}]}}