{"id":824,"date":"2023-03-21T08:00:24","date_gmt":"2023-03-21T07:00:24","guid":{"rendered":"https:\/\/www.ffpassau.de\/innstadt\/?p=824"},"modified":"2023-04-04T22:12:21","modified_gmt":"2023-04-04T20:12:21","slug":"zurueck-in-der-feuerwehr-routine","status":"publish","type":"post","link":"https:\/\/www.ffpassau.de\/innstadt\/2023\/03\/zurueck-in-der-feuerwehr-routine\/","title":{"rendered":"Zur\u00fcck in der Feuerwehr-Routine"},"content":{"rendered":"<p>Nach den beiden Pandemiejahren ist 2022 wieder der \u201enormale\u201c Feuerwehralltag zur\u00fcckgekehrt beim L\u00f6schzug Innstadt der Freiwilligen Feuerwehr Passau, so das Credo bei dessen Jahreshauptversammlung am 17. M\u00e4rz 2023. \u201eTats\u00e4chlich war 2022 ein recht normales Feuerwehrjahr\u201c, fasst Zugf\u00fchrer Thomas Pratsch zusammen. \u201eVom Gro\u00dfbrand bis zum Fehlalarm, von der \u00d6lspur bis zur Katze auf dem Baum hatten wir alles dabei.\u201c Von den insgesamt 113 Eins\u00e4tzen wird vor allem der Vollbrand eines Stallgeb\u00e4udes in Gschwendthannet im Mai in Erinnerung bleiben \u2013 ebenso wie die ein oder andere komplizierte Personenrettung, zu denen der L\u00f6schzug in der Regel mit seiner Drehleiter alarmiert wird. \u201eNach dem t\u00f6dlichen Unfall bei einem Rettungseinsatz mit Drehleiter im Juli im Landkreis Regensburg, ist die Sensibilit\u00e4t f\u00fcr solche Eins\u00e4tze nat\u00fcrlich nochmals eine ganz andere und man bereitet sich noch intensiver darauf vor\u201c, so Pratsch.<\/p>\n<p>Vor diesem Hintergrund ist der Zugf\u00fchrer besonders stolz auf die imposante \u00dcbungsbilanz seiner Mannschaft: 3.695 Stunden flossen 2022 in \u00dcbungen, Lehrg\u00e4nge und Fortbildungen \u2013 fast doppelt so viel wie im Vorjahr. Pratschs Stellvertreter Joseph Sieger hat den Zugf\u00fchrerlehrgang an der Staatlichen Feuerwehrschule Regensburg erfolgreich absolviert, Stefan Daller, Florian Frie\u00df und Philipp Lykins den Gruppenf\u00fchrerlehrgang. Als Atemschutzger\u00e4tetr\u00e4ger sowie als Maschinisten haben sich jeweils zwei Kameraden qualifiziert, als Chemikalienschutztr\u00e4ger sowie Motors\u00e4genf\u00fchrer jeweils ein Kamerad. Das Basis- bzw. Aufbaumodul der \u201eMTA\u201c genannten Feuerwehr-Grundausbildung haben zwei bzw. sechs Aktive bestanden. F\u00fcnf Feuerwehrdienstleistende haben den Helferf\u00fchrerschein bis 7,5 t erworben. Jugendwart Florian Dillinger konnte mit Florian Haselgruber dar\u00fcber hinaus einen fertig ausgebildeten Feuerwehrmann aus der Jugendgruppe an die aktive Mannschaft \u00fcbergeben.<\/p>\n<p>Der Rekordbilanz bei den \u00dcbungsstunden stehen 1.592 Einsatzstunden gegen\u00fcber \u2013 zwar kein Rekord, aber dennoch der h\u00f6chste Wert seit zehn Jahren. Rechnet man alles zusammen, kommt der L\u00f6schzug auf beeindruckende 7.627 Stunden, die die Frauen und M\u00e4nner in den freiwilligen Dienst investiert haben.<\/p>\n<p>Die Innst\u00e4dter sind aber nicht nur beim Dienst f\u00fcr die Feuerwehr als \u00f6ffentliche Einrichtung sehr engagiert. Seit jeher legen sie auch einen gro\u00dfen Wert auf ein gesundes Vereinsleben. Das verdeutlichen die \u00fcber 5.000 Stunden, die 2022 zus\u00e4tzlich in die Vereinsarbeit geflossen sind. \u201eDas ist nochmal ein Plus von 500 Stunden im Vergleich zum ohnehin schon richtig starken 2019\u201c, freut sich der 1. Vorsitzende Gerhard Woller. Nur 2020 und 2021 fallen pandemiebedingt aus der Reihe.<\/p>\n<p>Ebenso wie Zugf\u00fchrer Pratsch ist auch Vereinsvorstand Woller dankbar \u00fcber die R\u00fcckkehr zur Normalit\u00e4t. \u201eDas Jahr 2022 hat f\u00fcr uns zwar ein weiteres Mal ziemlich untypisch begonnen, aber sp\u00e4testens ab dem Fr\u00fchsommer ging\u2019s bergauf\u201c, berichtet er. Die gr\u00f6\u00dften Veranstaltungen waren die Florianimesse mit Fahrzeugsegnung im Mai sowie der Tag der offenen T\u00fcr mit Hallenfest im Oktober, ein besonderer H\u00f6hepunkt war au\u00dferdem der Zweitagesausflug nach Prag im Herbst.<\/p>\n<p>\u201e2022 wurden viele Feuerwehrfeste nachgeholt, die man wegen Corona aufschieben musste\u201c, erg\u00e4nzt Woller. \u201eDarunter zum Beispiel die gro\u00dfe Ger\u00e4tehaus- und Fahrzeugsegnung unseres Patenvereins, der Feuerwehr Schardenberg. Hier waren wir mit einer \u00fcber 40-k\u00f6pfigen Delegation dabei.\u201c Dar\u00fcber hinaus war man u. a. noch auf Veranstaltungen in Grubweg, Heining, Schalding, Freinberg, Haibach, Sch\u00e4rding und sogar in Ried im Innkreis vertreten.<\/p>\n<p>Vor der starken Bilanz der Innst\u00e4dter Wehr zogen auch B\u00fcrgermeister Andreas Rother und Stadtbrandrat Andreas Dittlmann ihren Hut. Unter den G\u00e4sten waren zudem Stadtr\u00e4tin Diana Niebr\u00fcgge, Stadtbrandinspektor Florian Emmer, sowie der Vorsitzende des Feuerwehr Passau e. V., Markus Kornexl.<\/p>\n","protected":false},"excerpt":{"rendered":"<p>Nach den beiden Pandemiejahren ist 2022 wieder der \u201enormale\u201c Feuerwehralltag zur\u00fcckgekehrt beim L\u00f6schzug Innstadt der Freiwilligen Feuerwehr Passau, so das Credo bei dessen Jahreshauptversammlung am 17. M\u00e4rz 2023. \u201eTats\u00e4chlich war 2022 ein recht normales Feuerwehrjahr\u201c, fasst Zugf\u00fchrer Thomas Pratsch zusammen. \u201eVom Gro\u00dfbrand bis zum Fehlalarm, von der \u00d6lspur bis zur Katze auf dem Baum hatten wir alles dabei.\u201c Von den insgesamt 113 Eins\u00e4tzen wird vor allem der Vollbrand eines Stallgeb\u00e4udes in Gschwendthannet im Mai in Erinnerung bleiben \u2013 ebenso wie die ein oder andere komplizierte Personenrettung, zu denen der L\u00f6schzug in der Regel mit seiner Drehleiter alarmiert wird. \u201eNach dem t\u00f6dlichen Unfall bei einem Rettungseinsatz mit Drehleiter im Juli im Landkreis Regensburg, ist die Sensibilit\u00e4t f\u00fcr solche Eins\u00e4tze nat\u00fcrlich nochmals eine ganz andere und man bereitet sich noch intensiver darauf vor\u201c, so Pratsch. Vor diesem Hintergrund ist der Zugf\u00fchrer besonders [&hellip;]<\/p>\n","protected":false},"author":10,"featured_media":837,"comment_status":"open","ping_status":"open","sticky":false,"template":"","format":"standard","meta":{"footnotes":""},"categories":[1,23],"tags":[15],"class_list":["post-824","post","type-post","status-publish","format-standard","has-post-thumbnail","hentry","category-allgemein","category-veranstaltung","tag-jahreshauptversammlung"],"yoast_head":"<!-- This site is optimized with the Yoast SEO plugin v24.3 - https:\/\/yoast.com\/wordpress\/plugins\/seo\/ -->\n<title>Zur\u00fcck in der Feuerwehr-Routine - Feuerwehr Passau - L\u00f6schzug Innstadt<\/title>\n<meta name=\"robots\" content=\"index, follow, max-snippet:-1, max-image-preview:large, max-video-preview:-1\" \/>\n<link rel=\"canonical\" href=\"https:\/\/www.ffpassau.de\/innstadt\/2023\/03\/zurueck-in-der-feuerwehr-routine\/\" \/>\n<meta property=\"og:locale\" content=\"de_DE\" \/>\n<meta property=\"og:type\" content=\"article\" \/>\n<meta property=\"og:title\" content=\"Zur\u00fcck in der Feuerwehr-Routine - Feuerwehr Passau - L\u00f6schzug Innstadt\" \/>\n<meta property=\"og:description\" content=\"Nach den beiden Pandemiejahren ist 2022 wieder der \u201enormale\u201c Feuerwehralltag zur\u00fcckgekehrt beim L\u00f6schzug Innstadt der Freiwilligen Feuerwehr Passau, so das Credo bei dessen Jahreshauptversammlung am 17. M\u00e4rz 2023. \u201eTats\u00e4chlich war 2022 ein recht normales Feuerwehrjahr\u201c, fasst Zugf\u00fchrer Thomas Pratsch zusammen. \u201eVom Gro\u00dfbrand bis zum Fehlalarm, von der \u00d6lspur bis zur Katze auf dem Baum hatten wir alles dabei.\u201c Von den insgesamt 113 Eins\u00e4tzen wird vor allem der Vollbrand eines Stallgeb\u00e4udes in Gschwendthannet im Mai in Erinnerung bleiben \u2013 ebenso wie die ein oder andere komplizierte Personenrettung, zu denen der L\u00f6schzug in der Regel mit seiner Drehleiter alarmiert wird. \u201eNach dem t\u00f6dlichen Unfall bei einem Rettungseinsatz mit Drehleiter im Juli im Landkreis Regensburg, ist die Sensibilit\u00e4t f\u00fcr solche Eins\u00e4tze nat\u00fcrlich nochmals eine ganz andere und man bereitet sich noch intensiver darauf vor\u201c, so Pratsch. Vor diesem Hintergrund ist der Zugf\u00fchrer besonders [&hellip;]\" \/>\n<meta property=\"og:url\" content=\"https:\/\/www.ffpassau.de\/innstadt\/2023\/03\/zurueck-in-der-feuerwehr-routine\/\" \/>\n<meta property=\"og:site_name\" content=\"Feuerwehr Passau - L\u00f6schzug Innstadt\" \/>\n<meta property=\"article:published_time\" content=\"2023-03-21T07:00:24+00:00\" \/>\n<meta property=\"article:modified_time\" content=\"2023-04-04T20:12:21+00:00\" \/>\n<meta property=\"og:image\" content=\"https:\/\/www.ffpassau.de\/innstadt\/wp-content\/uploads\/sites\/2\/2023\/03\/JHV-2023.jpg\" \/>\n\t<meta property=\"og:image:width\" content=\"1000\" \/>\n\t<meta property=\"og:image:height\" content=\"750\" \/>\n\t<meta property=\"og:image:type\" content=\"image\/jpeg\" \/>\n<meta name=\"author\" content=\"Stefan Daller\" \/>\n<meta name=\"twitter:card\" content=\"summary_large_image\" \/>\n<meta name=\"twitter:label1\" content=\"Verfasst von\" \/>\n\t<meta name=\"twitter:data1\" content=\"Stefan Daller\" \/>\n\t<meta name=\"twitter:label2\" content=\"Gesch\u00e4tzte Lesezeit\" \/>\n\t<meta name=\"twitter:data2\" content=\"3\u00a0Minuten\" \/>\n<script type=\"application\/ld+json\" class=\"yoast-schema-graph\">{\"@context\":\"https:\/\/schema.org\",\"@graph\":[{\"@type\":\"Article\",\"@id\":\"https:\/\/www.ffpassau.de\/innstadt\/2023\/03\/zurueck-in-der-feuerwehr-routine\/#article\",\"isPartOf\":{\"@id\":\"https:\/\/www.ffpassau.de\/innstadt\/2023\/03\/zurueck-in-der-feuerwehr-routine\/\"},\"author\":{\"name\":\"Stefan Daller\",\"@id\":\"https:\/\/www.ffpassau.de\/innstadt\/#\/schema\/person\/79775f60788f3f1a0aa3269b7db317b1\"},\"headline\":\"Zur\u00fcck in der Feuerwehr-Routine\",\"datePublished\":\"2023-03-21T07:00:24+00:00\",\"dateModified\":\"2023-04-04T20:12:21+00:00\",\"mainEntityOfPage\":{\"@id\":\"https:\/\/www.ffpassau.de\/innstadt\/2023\/03\/zurueck-in-der-feuerwehr-routine\/\"},\"wordCount\":569,\"commentCount\":0,\"publisher\":{\"@id\":\"https:\/\/www.ffpassau.de\/innstadt\/#organization\"},\"image\":{\"@id\":\"https:\/\/www.ffpassau.de\/innstadt\/2023\/03\/zurueck-in-der-feuerwehr-routine\/#primaryimage\"},\"thumbnailUrl\":\"https:\/\/www.ffpassau.de\/innstadt\/wp-content\/uploads\/sites\/2\/2023\/03\/JHV-2023.jpg\",\"keywords\":[\"Jahreshauptversammlung\"],\"articleSection\":{\"1\":\"Veranstaltung\"},\"inLanguage\":\"de\",\"potentialAction\":[{\"@type\":\"CommentAction\",\"name\":\"Comment\",\"target\":[\"https:\/\/www.ffpassau.de\/innstadt\/2023\/03\/zurueck-in-der-feuerwehr-routine\/#respond\"]}]},{\"@type\":\"WebPage\",\"@id\":\"https:\/\/www.ffpassau.de\/innstadt\/2023\/03\/zurueck-in-der-feuerwehr-routine\/\",\"url\":\"https:\/\/www.ffpassau.de\/innstadt\/2023\/03\/zurueck-in-der-feuerwehr-routine\/\",\"name\":\"Zur\u00fcck in der Feuerwehr-Routine - Feuerwehr Passau - L\u00f6schzug Innstadt\",\"isPartOf\":{\"@id\":\"https:\/\/www.ffpassau.de\/innstadt\/#website\"},\"primaryImageOfPage\":{\"@id\":\"https:\/\/www.ffpassau.de\/innstadt\/2023\/03\/zurueck-in-der-feuerwehr-routine\/#primaryimage\"},\"image\":{\"@id\":\"https:\/\/www.ffpassau.de\/innstadt\/2023\/03\/zurueck-in-der-feuerwehr-routine\/#primaryimage\"},\"thumbnailUrl\":\"https:\/\/www.ffpassau.de\/innstadt\/wp-content\/uploads\/sites\/2\/2023\/03\/JHV-2023.jpg\",\"datePublished\":\"2023-03-21T07:00:24+00:00\",\"dateModified\":\"2023-04-04T20:12:21+00:00\",\"breadcrumb\":{\"@id\":\"https:\/\/www.ffpassau.de\/innstadt\/2023\/03\/zurueck-in-der-feuerwehr-routine\/#breadcrumb\"},\"inLanguage\":\"de\",\"potentialAction\":[{\"@type\":\"ReadAction\",\"target\":[\"https:\/\/www.ffpassau.de\/innstadt\/2023\/03\/zurueck-in-der-feuerwehr-routine\/\"]}]},{\"@type\":\"ImageObject\",\"inLanguage\":\"de\",\"@id\":\"https:\/\/www.ffpassau.de\/innstadt\/2023\/03\/zurueck-in-der-feuerwehr-routine\/#primaryimage\",\"url\":\"https:\/\/www.ffpassau.de\/innstadt\/wp-content\/uploads\/sites\/2\/2023\/03\/JHV-2023.jpg\",\"contentUrl\":\"https:\/\/www.ffpassau.de\/innstadt\/wp-content\/uploads\/sites\/2\/2023\/03\/JHV-2023.jpg\",\"width\":1000,\"height\":750,\"caption\":\"Zugf\u00fchrer Thomas Pratsch (v.l.), Schriftf\u00fchrer Stefan Daller, Kommandant Otto Nei\u00df vom Patenverein FF Grubweg, Vertrauensmann Bernhard Woller, der Grubweger Vorstand Patrick Namyslo, Fahnenmutter Elisabeth Vogl, Florian Haselgruber, Vorstand Gerhard Woller, Kassenwart Christian Vogl, Vertrauensfrau Tanja Daller, B\u00fcrgermeister Andreas Rother, Stadtbrandrat Andreas Dittlmann, Jugendwart Florian Dillinger, Stadtrandinspektor Florian Emmer und der Vorsitzende des Feuerwehr Passau e.V. Markus Kornexl.\"},{\"@type\":\"BreadcrumbList\",\"@id\":\"https:\/\/www.ffpassau.de\/innstadt\/2023\/03\/zurueck-in-der-feuerwehr-routine\/#breadcrumb\",\"itemListElement\":[{\"@type\":\"ListItem\",\"position\":1,\"name\":\"L\u00f6schzug Innstadt Startseite\",\"item\":\"https:\/\/www.ffpassau.de\/innstadt\/\"},{\"@type\":\"ListItem\",\"position\":2,\"name\":\"Zur\u00fcck in der Feuerwehr-Routine\"}]},{\"@type\":\"WebSite\",\"@id\":\"https:\/\/www.ffpassau.de\/innstadt\/#website\",\"url\":\"https:\/\/www.ffpassau.de\/innstadt\/\",\"name\":\"Feuerwehr Passau - L\u00f6schzug Innstadt\",\"description\":\"\",\"publisher\":{\"@id\":\"https:\/\/www.ffpassau.de\/innstadt\/#organization\"},\"potentialAction\":[{\"@type\":\"SearchAction\",\"target\":{\"@type\":\"EntryPoint\",\"urlTemplate\":\"https:\/\/www.ffpassau.de\/innstadt\/?s={search_term_string}\"},\"query-input\":{\"@type\":\"PropertyValueSpecification\",\"valueRequired\":true,\"valueName\":\"search_term_string\"}}],\"inLanguage\":\"de\"},{\"@type\":\"Organization\",\"@id\":\"https:\/\/www.ffpassau.de\/innstadt\/#organization\",\"name\":\"Feuerwehr Passau - L\u00f6schzug Innstadt\",\"url\":\"https:\/\/www.ffpassau.de\/innstadt\/\",\"logo\":{\"@type\":\"ImageObject\",\"inLanguage\":\"de\",\"@id\":\"https:\/\/www.ffpassau.de\/innstadt\/#\/schema\/logo\/image\/\",\"url\":\"https:\/\/www.ffpassau.de\/innstadt\/wp-content\/uploads\/sites\/2\/2020\/02\/lz_innstadt_logo.svg\",\"contentUrl\":\"https:\/\/www.ffpassau.de\/innstadt\/wp-content\/uploads\/sites\/2\/2020\/02\/lz_innstadt_logo.svg\",\"width\":1,\"height\":1,\"caption\":\"Feuerwehr Passau - L\u00f6schzug Innstadt\"},\"image\":{\"@id\":\"https:\/\/www.ffpassau.de\/innstadt\/#\/schema\/logo\/image\/\"}},{\"@type\":\"Person\",\"@id\":\"https:\/\/www.ffpassau.de\/innstadt\/#\/schema\/person\/79775f60788f3f1a0aa3269b7db317b1\",\"name\":\"Stefan Daller\",\"image\":{\"@type\":\"ImageObject\",\"inLanguage\":\"de\",\"@id\":\"https:\/\/www.ffpassau.de\/innstadt\/#\/schema\/person\/image\/\",\"url\":\"https:\/\/secure.gravatar.com\/avatar\/512ff9c8d04a77cb4e3921d8ee011143?s=96&d=mm&r=g\",\"contentUrl\":\"https:\/\/secure.gravatar.com\/avatar\/512ff9c8d04a77cb4e3921d8ee011143?s=96&d=mm&r=g\",\"caption\":\"Stefan Daller\"},\"url\":\"https:\/\/www.ffpassau.de\/innstadt\/author\/stefandaller\/\"}]}<\/script>\n<!-- \/ Yoast SEO plugin. -->","yoast_head_json":{"title":"Zur\u00fcck in der Feuerwehr-Routine - Feuerwehr Passau - L\u00f6schzug Innstadt","robots":{"index":"index","follow":"follow","max-snippet":"max-snippet:-1","max-image-preview":"max-image-preview:large","max-video-preview":"max-video-preview:-1"},"canonical":"https:\/\/www.ffpassau.de\/innstadt\/2023\/03\/zurueck-in-der-feuerwehr-routine\/","og_locale":"de_DE","og_type":"article","og_title":"Zur\u00fcck in der Feuerwehr-Routine - Feuerwehr Passau - L\u00f6schzug Innstadt","og_description":"Nach den beiden Pandemiejahren ist 2022 wieder der \u201enormale\u201c Feuerwehralltag zur\u00fcckgekehrt beim L\u00f6schzug Innstadt der Freiwilligen Feuerwehr Passau, so das Credo bei dessen Jahreshauptversammlung am 17. M\u00e4rz 2023. \u201eTats\u00e4chlich war 2022 ein recht normales Feuerwehrjahr\u201c, fasst Zugf\u00fchrer Thomas Pratsch zusammen. \u201eVom Gro\u00dfbrand bis zum Fehlalarm, von der \u00d6lspur bis zur Katze auf dem Baum hatten wir alles dabei.\u201c Von den insgesamt 113 Eins\u00e4tzen wird vor allem der Vollbrand eines Stallgeb\u00e4udes in Gschwendthannet im Mai in Erinnerung bleiben \u2013 ebenso wie die ein oder andere komplizierte Personenrettung, zu denen der L\u00f6schzug in der Regel mit seiner Drehleiter alarmiert wird. \u201eNach dem t\u00f6dlichen Unfall bei einem Rettungseinsatz mit Drehleiter im Juli im Landkreis Regensburg, ist die Sensibilit\u00e4t f\u00fcr solche Eins\u00e4tze nat\u00fcrlich nochmals eine ganz andere und man bereitet sich noch intensiver darauf vor\u201c, so Pratsch. Vor diesem Hintergrund ist der Zugf\u00fchrer besonders [&hellip;]","og_url":"https:\/\/www.ffpassau.de\/innstadt\/2023\/03\/zurueck-in-der-feuerwehr-routine\/","og_site_name":"Feuerwehr Passau - L\u00f6schzug Innstadt","article_published_time":"2023-03-21T07:00:24+00:00","article_modified_time":"2023-04-04T20:12:21+00:00","og_image":[{"width":1000,"height":750,"url":"https:\/\/www.ffpassau.de\/innstadt\/wp-content\/uploads\/sites\/2\/2023\/03\/JHV-2023.jpg","type":"image\/jpeg"}],"author":"Stefan Daller","twitter_card":"summary_large_image","twitter_misc":{"Verfasst von":"Stefan Daller","Gesch\u00e4tzte Lesezeit":"3\u00a0Minuten"},"schema":{"@context":"https:\/\/schema.org","@graph":[{"@type":"Article","@id":"https:\/\/www.ffpassau.de\/innstadt\/2023\/03\/zurueck-in-der-feuerwehr-routine\/#article","isPartOf":{"@id":"https:\/\/www.ffpassau.de\/innstadt\/2023\/03\/zurueck-in-der-feuerwehr-routine\/"},"author":{"name":"Stefan Daller","@id":"https:\/\/www.ffpassau.de\/innstadt\/#\/schema\/person\/79775f60788f3f1a0aa3269b7db317b1"},"headline":"Zur\u00fcck in der Feuerwehr-Routine","datePublished":"2023-03-21T07:00:24+00:00","dateModified":"2023-04-04T20:12:21+00:00","mainEntityOfPage":{"@id":"https:\/\/www.ffpassau.de\/innstadt\/2023\/03\/zurueck-in-der-feuerwehr-routine\/"},"wordCount":569,"commentCount":0,"publisher":{"@id":"https:\/\/www.ffpassau.de\/innstadt\/#organization"},"image":{"@id":"https:\/\/www.ffpassau.de\/innstadt\/2023\/03\/zurueck-in-der-feuerwehr-routine\/#primaryimage"},"thumbnailUrl":"https:\/\/www.ffpassau.de\/innstadt\/wp-content\/uploads\/sites\/2\/2023\/03\/JHV-2023.jpg","keywords":["Jahreshauptversammlung"],"articleSection":{"1":"Veranstaltung"},"inLanguage":"de","potentialAction":[{"@type":"CommentAction","name":"Comment","target":["https:\/\/www.ffpassau.de\/innstadt\/2023\/03\/zurueck-in-der-feuerwehr-routine\/#respond"]}]},{"@type":"WebPage","@id":"https:\/\/www.ffpassau.de\/innstadt\/2023\/03\/zurueck-in-der-feuerwehr-routine\/","url":"https:\/\/www.ffpassau.de\/innstadt\/2023\/03\/zurueck-in-der-feuerwehr-routine\/","name":"Zur\u00fcck in der Feuerwehr-Routine - Feuerwehr Passau - L\u00f6schzug Innstadt","isPartOf":{"@id":"https:\/\/www.ffpassau.de\/innstadt\/#website"},"primaryImageOfPage":{"@id":"https:\/\/www.ffpassau.de\/innstadt\/2023\/03\/zurueck-in-der-feuerwehr-routine\/#primaryimage"},"image":{"@id":"https:\/\/www.ffpassau.de\/innstadt\/2023\/03\/zurueck-in-der-feuerwehr-routine\/#primaryimage"},"thumbnailUrl":"https:\/\/www.ffpassau.de\/innstadt\/wp-content\/uploads\/sites\/2\/2023\/03\/JHV-2023.jpg","datePublished":"2023-03-21T07:00:24+00:00","dateModified":"2023-04-04T20:12:21+00:00","breadcrumb":{"@id":"https:\/\/www.ffpassau.de\/innstadt\/2023\/03\/zurueck-in-der-feuerwehr-routine\/#breadcrumb"},"inLanguage":"de","potentialAction":[{"@type":"ReadAction","target":["https:\/\/www.ffpassau.de\/innstadt\/2023\/03\/zurueck-in-der-feuerwehr-routine\/"]}]},{"@type":"ImageObject","inLanguage":"de","@id":"https:\/\/www.ffpassau.de\/innstadt\/2023\/03\/zurueck-in-der-feuerwehr-routine\/#primaryimage","url":"https:\/\/www.ffpassau.de\/innstadt\/wp-content\/uploads\/sites\/2\/2023\/03\/JHV-2023.jpg","contentUrl":"https:\/\/www.ffpassau.de\/innstadt\/wp-content\/uploads\/sites\/2\/2023\/03\/JHV-2023.jpg","width":1000,"height":750,"caption":"Zugf\u00fchrer Thomas Pratsch (v.l.), Schriftf\u00fchrer Stefan Daller, Kommandant Otto Nei\u00df vom Patenverein FF Grubweg, Vertrauensmann Bernhard Woller, der Grubweger Vorstand Patrick Namyslo, Fahnenmutter Elisabeth Vogl, Florian Haselgruber, Vorstand Gerhard Woller, Kassenwart Christian Vogl, Vertrauensfrau Tanja Daller, B\u00fcrgermeister Andreas Rother, Stadtbrandrat Andreas Dittlmann, Jugendwart Florian Dillinger, Stadtrandinspektor Florian Emmer und der Vorsitzende des Feuerwehr Passau e.V. Markus Kornexl."},{"@type":"BreadcrumbList","@id":"https:\/\/www.ffpassau.de\/innstadt\/2023\/03\/zurueck-in-der-feuerwehr-routine\/#breadcrumb","itemListElement":[{"@type":"ListItem","position":1,"name":"L\u00f6schzug Innstadt Startseite","item":"https:\/\/www.ffpassau.de\/innstadt\/"},{"@type":"ListItem","position":2,"name":"Zur\u00fcck in der Feuerwehr-Routine"}]},{"@type":"WebSite","@id":"https:\/\/www.ffpassau.de\/innstadt\/#website","url":"https:\/\/www.ffpassau.de\/innstadt\/","name":"Feuerwehr Passau - L\u00f6schzug Innstadt","description":"","publisher":{"@id":"https:\/\/www.ffpassau.de\/innstadt\/#organization"},"potentialAction":[{"@type":"SearchAction","target":{"@type":"EntryPoint","urlTemplate":"https:\/\/www.ffpassau.de\/innstadt\/?s={search_term_string}"},"query-input":{"@type":"PropertyValueSpecification","valueRequired":true,"valueName":"search_term_string"}}],"inLanguage":"de"},{"@type":"Organization","@id":"https:\/\/www.ffpassau.de\/innstadt\/#organization","name":"Feuerwehr Passau - L\u00f6schzug Innstadt","url":"https:\/\/www.ffpassau.de\/innstadt\/","logo":{"@type":"ImageObject","inLanguage":"de","@id":"https:\/\/www.ffpassau.de\/innstadt\/#\/schema\/logo\/image\/","url":"https:\/\/www.ffpassau.de\/innstadt\/wp-content\/uploads\/sites\/2\/2020\/02\/lz_innstadt_logo.svg","contentUrl":"https:\/\/www.ffpassau.de\/innstadt\/wp-content\/uploads\/sites\/2\/2020\/02\/lz_innstadt_logo.svg","width":1,"height":1,"caption":"Feuerwehr Passau - L\u00f6schzug Innstadt"},"image":{"@id":"https:\/\/www.ffpassau.de\/innstadt\/#\/schema\/logo\/image\/"}},{"@type":"Person","@id":"https:\/\/www.ffpassau.de\/innstadt\/#\/schema\/person\/79775f60788f3f1a0aa3269b7db317b1","name":"Stefan Daller","image":{"@type":"ImageObject","inLanguage":"de","@id":"https:\/\/www.ffpassau.de\/innstadt\/#\/schema\/person\/image\/","url":"https:\/\/secure.gravatar.com\/avatar\/512ff9c8d04a77cb4e3921d8ee011143?s=96&d=mm&r=g","contentUrl":"https:\/\/secure.gravatar.com\/avatar\/512ff9c8d04a77cb4e3921d8ee011143?s=96&d=mm&r=g","caption":"Stefan Daller"},"url":"https:\/\/www.ffpassau.de\/innstadt\/author\/stefandaller\/"}]}},"_links":{"self":[{"href":"https:\/\/www.ffpassau.de\/innstadt\/wp-json\/wp\/v2\/posts\/824","targetHints":{"allow":["GET"]}}],"collection":[{"href":"https:\/\/www.ffpassau.de\/innstadt\/wp-json\/wp\/v2\/posts"}],"about":[{"href":"https:\/\/www.ffpassau.de\/innstadt\/wp-json\/wp\/v2\/types\/post"}],"author":[{"embeddable":true,"href":"https:\/\/www.ffpassau.de\/innstadt\/wp-json\/wp\/v2\/users\/10"}],"replies":[{"embeddable":true,"href":"https:\/\/www.ffpassau.de\/innstadt\/wp-json\/wp\/v2\/comments?post=824"}],"version-history":[{"count":10,"href":"https:\/\/www.ffpassau.de\/innstadt\/wp-json\/wp\/v2\/posts\/824\/revisions"}],"predecessor-version":[{"id":849,"href":"https:\/\/www.ffpassau.de\/innstadt\/wp-json\/wp\/v2\/posts\/824\/revisions\/849"}],"wp:featuredmedia":[{"embeddable":true,"href":"https:\/\/www.ffpassau.de\/innstadt\/wp-json\/wp\/v2\/media\/837"}],"wp:attachment":[{"href":"https:\/\/www.ffpassau.de\/innstadt\/wp-json\/wp\/v2\/media?parent=824"}],"wp:term":[{"taxonomy":"category","embeddable":true,"href":"https:\/\/www.ffpassau.de\/innstadt\/wp-json\/wp\/v2\/categories?post=824"},{"taxonomy":"post_tag","embeddable":true,"href":"https:\/\/www.ffpassau.de\/innstadt\/wp-json\/wp\/v2\/tags?post=824"}],"curies":[{"name":"wp","href":"https:\/\/api.w.org\/{rel}","templated":true}]}}