{"id":847,"date":"2023-10-24T14:43:43","date_gmt":"2023-10-24T12:43:43","guid":{"rendered":"https:\/\/www.ffpassau.de\/innstadt\/?p=847"},"modified":"2023-10-24T14:44:31","modified_gmt":"2023-10-24T12:44:31","slug":"starkes-ergebnis-bei-leistungspruefung","status":"publish","type":"post","link":"https:\/\/www.ffpassau.de\/innstadt\/2023\/10\/starkes-ergebnis-bei-leistungspruefung\/","title":{"rendered":"Starkes Ergebnis bei Leistungspr\u00fcfung"},"content":{"rendered":"<p>Beim L\u00f6schzug Innstadt hie\u00df es am Montagabend \u201eGruppe zur Leistungspr\u00fcfung antreten\u201c: Zw\u00f6lf Feuerwehrm\u00e4nner und eine Feuerwehrfrau stellten sich, aufgeteilt in zwei Gruppen und nach mehrt\u00e4giger Vorbereitung, der kritischen Bewertung der Schiedsrichter bei der Abnahme des Leistungsabzeichens \u201eDie Gruppe im L\u00f6scheinsatz\u201c. Zun\u00e4chst mussten die einzelnen Teilnehmer unterschiedliche Knoten und Stiche nach Zeitvorgabe vorf\u00fchren, der Angriffstrupp etwa einen Brustbund mit Spierenstich. Anschlie\u00dfend galt es, je nach Wertungsstufe, verschiedene Zusatzaufgaben zu l\u00f6sen: In Stufe 3 wurde die Ger\u00e4tekunde gepr\u00fcft und in Stufe 4 ging es um Erste Hilfe. Auch der Gruppenf\u00fchrer hatte bei einem Fragebogen sein Wissen unter Beweis zu stellen. Im Anschluss daran mussten die beiden Gruppen nacheinander in 190 Sekunden einen L\u00f6schangriff vornehmen sowie in 100 Sekunden eine Saugleitung kuppeln. Beide Gruppen blieben dabei jeweils deutlich unter dem Zeitlimit.<\/p>\n<p>Die Schiedsrichter Richard Bruckner, J\u00fcrgen Grotke und Bernhard Kuisl sowie Stadtbrandinspektor Florian Emmer begl\u00fcckw\u00fcnschten die Kameraden zu ihrer sauberen Leistung. Gro\u00dfen Anteil daran hatte vor allem Ausbilder J\u00fcrgen Haselgruber (2.v.r.), unterst\u00fctzt von Philipp Lykins. Letzterer war zugleich als Gruppenf\u00fchrer in Stufe 5 (Gold-Gr\u00fcn) angetreten. Stufe 4 (Gold-Blau) absolvierten Stefan Daller, Christian Dillinger und Florian Frie\u00df. Das Leistungsabzeichen in Gold (Stufe 3) erk\u00e4mpften sich Tanja Daller, Florian Haselgruber, Lukas Itin, Laurenz Kapfer und Florian Lankes. Jakob Bloch, Ludwig Kerscher und Ben Pratsch erhielten Silber (Stufe 2). Zum ersten Mal mit dabei war Julian Bihr (Stufe 1, Bronze).<\/p>\n<p>Vorstand Gerhard Woller (2.v.l.) und Vertrauensmann Bernhard Woller (l.), in Vertretung der Zugf\u00fchrung, freuten sich mit ihren Kameraden \u00fcber die solide Leistung.<\/p>\n","protected":false},"excerpt":{"rendered":"<p>Beim L\u00f6schzug Innstadt hie\u00df es am Montagabend \u201eGruppe zur Leistungspr\u00fcfung antreten\u201c: Zw\u00f6lf Feuerwehrm\u00e4nner und eine Feuerwehrfrau stellten sich, aufgeteilt in zwei Gruppen und nach mehrt\u00e4giger Vorbereitung, der kritischen Bewertung der Schiedsrichter bei der Abnahme des Leistungsabzeichens \u201eDie Gruppe im L\u00f6scheinsatz\u201c. Zun\u00e4chst mussten die einzelnen Teilnehmer unterschiedliche Knoten und Stiche nach Zeitvorgabe vorf\u00fchren, der Angriffstrupp etwa einen Brustbund mit Spierenstich. Anschlie\u00dfend galt es, je nach Wertungsstufe, verschiedene Zusatzaufgaben zu l\u00f6sen: In Stufe 3 wurde die Ger\u00e4tekunde gepr\u00fcft und in Stufe 4 ging es um Erste Hilfe. Auch der Gruppenf\u00fchrer hatte bei einem Fragebogen sein Wissen unter Beweis zu stellen. Im Anschluss daran mussten die beiden Gruppen nacheinander in 190 Sekunden einen L\u00f6schangriff vornehmen sowie in 100 Sekunden eine Saugleitung kuppeln. Beide Gruppen blieben dabei jeweils deutlich unter dem Zeitlimit. Die Schiedsrichter Richard Bruckner, J\u00fcrgen Grotke und Bernhard Kuisl sowie Stadtbrandinspektor Florian [&hellip;]<\/p>\n","protected":false},"author":10,"featured_media":853,"comment_status":"open","ping_status":"open","sticky":false,"template":"","format":"standard","meta":{"footnotes":""},"categories":[1],"tags":[33,18],"class_list":["post-847","post","type-post","status-publish","format-standard","has-post-thumbnail","hentry","category-allgemein","tag-leistungsabzeichen","tag-lf-10"],"yoast_head":"<!-- This site is optimized with the Yoast SEO plugin v24.3 - https:\/\/yoast.com\/wordpress\/plugins\/seo\/ -->\n<title>Starkes Ergebnis bei Leistungspr\u00fcfung - Feuerwehr Passau - L\u00f6schzug Innstadt<\/title>\n<meta name=\"robots\" content=\"index, follow, max-snippet:-1, max-image-preview:large, max-video-preview:-1\" \/>\n<link rel=\"canonical\" href=\"https:\/\/www.ffpassau.de\/innstadt\/2023\/10\/starkes-ergebnis-bei-leistungspruefung\/\" \/>\n<meta property=\"og:locale\" content=\"de_DE\" \/>\n<meta property=\"og:type\" content=\"article\" \/>\n<meta property=\"og:title\" content=\"Starkes Ergebnis bei Leistungspr\u00fcfung - Feuerwehr Passau - L\u00f6schzug Innstadt\" \/>\n<meta property=\"og:description\" content=\"Beim L\u00f6schzug Innstadt hie\u00df es am Montagabend \u201eGruppe zur Leistungspr\u00fcfung antreten\u201c: Zw\u00f6lf Feuerwehrm\u00e4nner und eine Feuerwehrfrau stellten sich, aufgeteilt in zwei Gruppen und nach mehrt\u00e4giger Vorbereitung, der kritischen Bewertung der Schiedsrichter bei der Abnahme des Leistungsabzeichens \u201eDie Gruppe im L\u00f6scheinsatz\u201c. Zun\u00e4chst mussten die einzelnen Teilnehmer unterschiedliche Knoten und Stiche nach Zeitvorgabe vorf\u00fchren, der Angriffstrupp etwa einen Brustbund mit Spierenstich. Anschlie\u00dfend galt es, je nach Wertungsstufe, verschiedene Zusatzaufgaben zu l\u00f6sen: In Stufe 3 wurde die Ger\u00e4tekunde gepr\u00fcft und in Stufe 4 ging es um Erste Hilfe. Auch der Gruppenf\u00fchrer hatte bei einem Fragebogen sein Wissen unter Beweis zu stellen. Im Anschluss daran mussten die beiden Gruppen nacheinander in 190 Sekunden einen L\u00f6schangriff vornehmen sowie in 100 Sekunden eine Saugleitung kuppeln. Beide Gruppen blieben dabei jeweils deutlich unter dem Zeitlimit. Die Schiedsrichter Richard Bruckner, J\u00fcrgen Grotke und Bernhard Kuisl sowie Stadtbrandinspektor Florian [&hellip;]\" \/>\n<meta property=\"og:url\" content=\"https:\/\/www.ffpassau.de\/innstadt\/2023\/10\/starkes-ergebnis-bei-leistungspruefung\/\" \/>\n<meta property=\"og:site_name\" content=\"Feuerwehr Passau - L\u00f6schzug Innstadt\" \/>\n<meta property=\"article:published_time\" content=\"2023-10-24T12:43:43+00:00\" \/>\n<meta property=\"article:modified_time\" content=\"2023-10-24T12:44:31+00:00\" \/>\n<meta property=\"og:image\" content=\"https:\/\/www.ffpassau.de\/innstadt\/wp-content\/uploads\/sites\/2\/2023\/10\/Leistungsabzeichen-Innstadt-2023.jpg\" \/>\n\t<meta property=\"og:image:width\" content=\"1200\" \/>\n\t<meta property=\"og:image:height\" content=\"700\" \/>\n\t<meta property=\"og:image:type\" content=\"image\/jpeg\" \/>\n<meta name=\"author\" content=\"Stefan Daller\" \/>\n<meta name=\"twitter:card\" content=\"summary_large_image\" \/>\n<meta name=\"twitter:label1\" content=\"Verfasst von\" \/>\n\t<meta name=\"twitter:data1\" content=\"Stefan Daller\" \/>\n\t<meta name=\"twitter:label2\" content=\"Gesch\u00e4tzte Lesezeit\" \/>\n\t<meta name=\"twitter:data2\" content=\"1\u00a0Minute\" \/>\n<script type=\"application\/ld+json\" class=\"yoast-schema-graph\">{\"@context\":\"https:\/\/schema.org\",\"@graph\":[{\"@type\":\"Article\",\"@id\":\"https:\/\/www.ffpassau.de\/innstadt\/2023\/10\/starkes-ergebnis-bei-leistungspruefung\/#article\",\"isPartOf\":{\"@id\":\"https:\/\/www.ffpassau.de\/innstadt\/2023\/10\/starkes-ergebnis-bei-leistungspruefung\/\"},\"author\":{\"name\":\"Stefan Daller\",\"@id\":\"https:\/\/www.ffpassau.de\/innstadt\/#\/schema\/person\/79775f60788f3f1a0aa3269b7db317b1\"},\"headline\":\"Starkes Ergebnis bei Leistungspr\u00fcfung\",\"datePublished\":\"2023-10-24T12:43:43+00:00\",\"dateModified\":\"2023-10-24T12:44:31+00:00\",\"mainEntityOfPage\":{\"@id\":\"https:\/\/www.ffpassau.de\/innstadt\/2023\/10\/starkes-ergebnis-bei-leistungspruefung\/\"},\"wordCount\":268,\"commentCount\":0,\"publisher\":{\"@id\":\"https:\/\/www.ffpassau.de\/innstadt\/#organization\"},\"image\":{\"@id\":\"https:\/\/www.ffpassau.de\/innstadt\/2023\/10\/starkes-ergebnis-bei-leistungspruefung\/#primaryimage\"},\"thumbnailUrl\":\"https:\/\/www.ffpassau.de\/innstadt\/wp-content\/uploads\/sites\/2\/2023\/10\/Leistungsabzeichen-Innstadt-2023.jpg\",\"keywords\":[\"Leistungsabzeichen\",\"LF 10\"],\"inLanguage\":\"de\",\"potentialAction\":[{\"@type\":\"CommentAction\",\"name\":\"Comment\",\"target\":[\"https:\/\/www.ffpassau.de\/innstadt\/2023\/10\/starkes-ergebnis-bei-leistungspruefung\/#respond\"]}]},{\"@type\":\"WebPage\",\"@id\":\"https:\/\/www.ffpassau.de\/innstadt\/2023\/10\/starkes-ergebnis-bei-leistungspruefung\/\",\"url\":\"https:\/\/www.ffpassau.de\/innstadt\/2023\/10\/starkes-ergebnis-bei-leistungspruefung\/\",\"name\":\"Starkes Ergebnis bei Leistungspr\u00fcfung - Feuerwehr Passau - L\u00f6schzug Innstadt\",\"isPartOf\":{\"@id\":\"https:\/\/www.ffpassau.de\/innstadt\/#website\"},\"primaryImageOfPage\":{\"@id\":\"https:\/\/www.ffpassau.de\/innstadt\/2023\/10\/starkes-ergebnis-bei-leistungspruefung\/#primaryimage\"},\"image\":{\"@id\":\"https:\/\/www.ffpassau.de\/innstadt\/2023\/10\/starkes-ergebnis-bei-leistungspruefung\/#primaryimage\"},\"thumbnailUrl\":\"https:\/\/www.ffpassau.de\/innstadt\/wp-content\/uploads\/sites\/2\/2023\/10\/Leistungsabzeichen-Innstadt-2023.jpg\",\"datePublished\":\"2023-10-24T12:43:43+00:00\",\"dateModified\":\"2023-10-24T12:44:31+00:00\",\"breadcrumb\":{\"@id\":\"https:\/\/www.ffpassau.de\/innstadt\/2023\/10\/starkes-ergebnis-bei-leistungspruefung\/#breadcrumb\"},\"inLanguage\":\"de\",\"potentialAction\":[{\"@type\":\"ReadAction\",\"target\":[\"https:\/\/www.ffpassau.de\/innstadt\/2023\/10\/starkes-ergebnis-bei-leistungspruefung\/\"]}]},{\"@type\":\"ImageObject\",\"inLanguage\":\"de\",\"@id\":\"https:\/\/www.ffpassau.de\/innstadt\/2023\/10\/starkes-ergebnis-bei-leistungspruefung\/#primaryimage\",\"url\":\"https:\/\/www.ffpassau.de\/innstadt\/wp-content\/uploads\/sites\/2\/2023\/10\/Leistungsabzeichen-Innstadt-2023.jpg\",\"contentUrl\":\"https:\/\/www.ffpassau.de\/innstadt\/wp-content\/uploads\/sites\/2\/2023\/10\/Leistungsabzeichen-Innstadt-2023.jpg\",\"width\":1200,\"height\":700},{\"@type\":\"BreadcrumbList\",\"@id\":\"https:\/\/www.ffpassau.de\/innstadt\/2023\/10\/starkes-ergebnis-bei-leistungspruefung\/#breadcrumb\",\"itemListElement\":[{\"@type\":\"ListItem\",\"position\":1,\"name\":\"L\u00f6schzug Innstadt Startseite\",\"item\":\"https:\/\/www.ffpassau.de\/innstadt\/\"},{\"@type\":\"ListItem\",\"position\":2,\"name\":\"Starkes Ergebnis bei Leistungspr\u00fcfung\"}]},{\"@type\":\"WebSite\",\"@id\":\"https:\/\/www.ffpassau.de\/innstadt\/#website\",\"url\":\"https:\/\/www.ffpassau.de\/innstadt\/\",\"name\":\"Feuerwehr Passau - L\u00f6schzug Innstadt\",\"description\":\"\",\"publisher\":{\"@id\":\"https:\/\/www.ffpassau.de\/innstadt\/#organization\"},\"potentialAction\":[{\"@type\":\"SearchAction\",\"target\":{\"@type\":\"EntryPoint\",\"urlTemplate\":\"https:\/\/www.ffpassau.de\/innstadt\/?s={search_term_string}\"},\"query-input\":{\"@type\":\"PropertyValueSpecification\",\"valueRequired\":true,\"valueName\":\"search_term_string\"}}],\"inLanguage\":\"de\"},{\"@type\":\"Organization\",\"@id\":\"https:\/\/www.ffpassau.de\/innstadt\/#organization\",\"name\":\"Feuerwehr Passau - L\u00f6schzug Innstadt\",\"url\":\"https:\/\/www.ffpassau.de\/innstadt\/\",\"logo\":{\"@type\":\"ImageObject\",\"inLanguage\":\"de\",\"@id\":\"https:\/\/www.ffpassau.de\/innstadt\/#\/schema\/logo\/image\/\",\"url\":\"https:\/\/www.ffpassau.de\/innstadt\/wp-content\/uploads\/sites\/2\/2020\/02\/lz_innstadt_logo.svg\",\"contentUrl\":\"https:\/\/www.ffpassau.de\/innstadt\/wp-content\/uploads\/sites\/2\/2020\/02\/lz_innstadt_logo.svg\",\"width\":1,\"height\":1,\"caption\":\"Feuerwehr Passau - L\u00f6schzug Innstadt\"},\"image\":{\"@id\":\"https:\/\/www.ffpassau.de\/innstadt\/#\/schema\/logo\/image\/\"}},{\"@type\":\"Person\",\"@id\":\"https:\/\/www.ffpassau.de\/innstadt\/#\/schema\/person\/79775f60788f3f1a0aa3269b7db317b1\",\"name\":\"Stefan Daller\",\"image\":{\"@type\":\"ImageObject\",\"inLanguage\":\"de\",\"@id\":\"https:\/\/www.ffpassau.de\/innstadt\/#\/schema\/person\/image\/\",\"url\":\"https:\/\/secure.gravatar.com\/avatar\/512ff9c8d04a77cb4e3921d8ee011143?s=96&d=mm&r=g\",\"contentUrl\":\"https:\/\/secure.gravatar.com\/avatar\/512ff9c8d04a77cb4e3921d8ee011143?s=96&d=mm&r=g\",\"caption\":\"Stefan Daller\"},\"url\":\"https:\/\/www.ffpassau.de\/innstadt\/author\/stefandaller\/\"}]}<\/script>\n<!-- \/ Yoast SEO plugin. -->","yoast_head_json":{"title":"Starkes Ergebnis bei Leistungspr\u00fcfung - Feuerwehr Passau - L\u00f6schzug Innstadt","robots":{"index":"index","follow":"follow","max-snippet":"max-snippet:-1","max-image-preview":"max-image-preview:large","max-video-preview":"max-video-preview:-1"},"canonical":"https:\/\/www.ffpassau.de\/innstadt\/2023\/10\/starkes-ergebnis-bei-leistungspruefung\/","og_locale":"de_DE","og_type":"article","og_title":"Starkes Ergebnis bei Leistungspr\u00fcfung - Feuerwehr Passau - L\u00f6schzug Innstadt","og_description":"Beim L\u00f6schzug Innstadt hie\u00df es am Montagabend \u201eGruppe zur Leistungspr\u00fcfung antreten\u201c: Zw\u00f6lf Feuerwehrm\u00e4nner und eine Feuerwehrfrau stellten sich, aufgeteilt in zwei Gruppen und nach mehrt\u00e4giger Vorbereitung, der kritischen Bewertung der Schiedsrichter bei der Abnahme des Leistungsabzeichens \u201eDie Gruppe im L\u00f6scheinsatz\u201c. Zun\u00e4chst mussten die einzelnen Teilnehmer unterschiedliche Knoten und Stiche nach Zeitvorgabe vorf\u00fchren, der Angriffstrupp etwa einen Brustbund mit Spierenstich. Anschlie\u00dfend galt es, je nach Wertungsstufe, verschiedene Zusatzaufgaben zu l\u00f6sen: In Stufe 3 wurde die Ger\u00e4tekunde gepr\u00fcft und in Stufe 4 ging es um Erste Hilfe. Auch der Gruppenf\u00fchrer hatte bei einem Fragebogen sein Wissen unter Beweis zu stellen. Im Anschluss daran mussten die beiden Gruppen nacheinander in 190 Sekunden einen L\u00f6schangriff vornehmen sowie in 100 Sekunden eine Saugleitung kuppeln. Beide Gruppen blieben dabei jeweils deutlich unter dem Zeitlimit. Die Schiedsrichter Richard Bruckner, J\u00fcrgen Grotke und Bernhard Kuisl sowie Stadtbrandinspektor Florian [&hellip;]","og_url":"https:\/\/www.ffpassau.de\/innstadt\/2023\/10\/starkes-ergebnis-bei-leistungspruefung\/","og_site_name":"Feuerwehr Passau - L\u00f6schzug Innstadt","article_published_time":"2023-10-24T12:43:43+00:00","article_modified_time":"2023-10-24T12:44:31+00:00","og_image":[{"width":1200,"height":700,"url":"https:\/\/www.ffpassau.de\/innstadt\/wp-content\/uploads\/sites\/2\/2023\/10\/Leistungsabzeichen-Innstadt-2023.jpg","type":"image\/jpeg"}],"author":"Stefan Daller","twitter_card":"summary_large_image","twitter_misc":{"Verfasst von":"Stefan Daller","Gesch\u00e4tzte Lesezeit":"1\u00a0Minute"},"schema":{"@context":"https:\/\/schema.org","@graph":[{"@type":"Article","@id":"https:\/\/www.ffpassau.de\/innstadt\/2023\/10\/starkes-ergebnis-bei-leistungspruefung\/#article","isPartOf":{"@id":"https:\/\/www.ffpassau.de\/innstadt\/2023\/10\/starkes-ergebnis-bei-leistungspruefung\/"},"author":{"name":"Stefan Daller","@id":"https:\/\/www.ffpassau.de\/innstadt\/#\/schema\/person\/79775f60788f3f1a0aa3269b7db317b1"},"headline":"Starkes Ergebnis bei Leistungspr\u00fcfung","datePublished":"2023-10-24T12:43:43+00:00","dateModified":"2023-10-24T12:44:31+00:00","mainEntityOfPage":{"@id":"https:\/\/www.ffpassau.de\/innstadt\/2023\/10\/starkes-ergebnis-bei-leistungspruefung\/"},"wordCount":268,"commentCount":0,"publisher":{"@id":"https:\/\/www.ffpassau.de\/innstadt\/#organization"},"image":{"@id":"https:\/\/www.ffpassau.de\/innstadt\/2023\/10\/starkes-ergebnis-bei-leistungspruefung\/#primaryimage"},"thumbnailUrl":"https:\/\/www.ffpassau.de\/innstadt\/wp-content\/uploads\/sites\/2\/2023\/10\/Leistungsabzeichen-Innstadt-2023.jpg","keywords":["Leistungsabzeichen","LF 10"],"inLanguage":"de","potentialAction":[{"@type":"CommentAction","name":"Comment","target":["https:\/\/www.ffpassau.de\/innstadt\/2023\/10\/starkes-ergebnis-bei-leistungspruefung\/#respond"]}]},{"@type":"WebPage","@id":"https:\/\/www.ffpassau.de\/innstadt\/2023\/10\/starkes-ergebnis-bei-leistungspruefung\/","url":"https:\/\/www.ffpassau.de\/innstadt\/2023\/10\/starkes-ergebnis-bei-leistungspruefung\/","name":"Starkes Ergebnis bei Leistungspr\u00fcfung - Feuerwehr Passau - L\u00f6schzug Innstadt","isPartOf":{"@id":"https:\/\/www.ffpassau.de\/innstadt\/#website"},"primaryImageOfPage":{"@id":"https:\/\/www.ffpassau.de\/innstadt\/2023\/10\/starkes-ergebnis-bei-leistungspruefung\/#primaryimage"},"image":{"@id":"https:\/\/www.ffpassau.de\/innstadt\/2023\/10\/starkes-ergebnis-bei-leistungspruefung\/#primaryimage"},"thumbnailUrl":"https:\/\/www.ffpassau.de\/innstadt\/wp-content\/uploads\/sites\/2\/2023\/10\/Leistungsabzeichen-Innstadt-2023.jpg","datePublished":"2023-10-24T12:43:43+00:00","dateModified":"2023-10-24T12:44:31+00:00","breadcrumb":{"@id":"https:\/\/www.ffpassau.de\/innstadt\/2023\/10\/starkes-ergebnis-bei-leistungspruefung\/#breadcrumb"},"inLanguage":"de","potentialAction":[{"@type":"ReadAction","target":["https:\/\/www.ffpassau.de\/innstadt\/2023\/10\/starkes-ergebnis-bei-leistungspruefung\/"]}]},{"@type":"ImageObject","inLanguage":"de","@id":"https:\/\/www.ffpassau.de\/innstadt\/2023\/10\/starkes-ergebnis-bei-leistungspruefung\/#primaryimage","url":"https:\/\/www.ffpassau.de\/innstadt\/wp-content\/uploads\/sites\/2\/2023\/10\/Leistungsabzeichen-Innstadt-2023.jpg","contentUrl":"https:\/\/www.ffpassau.de\/innstadt\/wp-content\/uploads\/sites\/2\/2023\/10\/Leistungsabzeichen-Innstadt-2023.jpg","width":1200,"height":700},{"@type":"BreadcrumbList","@id":"https:\/\/www.ffpassau.de\/innstadt\/2023\/10\/starkes-ergebnis-bei-leistungspruefung\/#breadcrumb","itemListElement":[{"@type":"ListItem","position":1,"name":"L\u00f6schzug Innstadt Startseite","item":"https:\/\/www.ffpassau.de\/innstadt\/"},{"@type":"ListItem","position":2,"name":"Starkes Ergebnis bei Leistungspr\u00fcfung"}]},{"@type":"WebSite","@id":"https:\/\/www.ffpassau.de\/innstadt\/#website","url":"https:\/\/www.ffpassau.de\/innstadt\/","name":"Feuerwehr Passau - L\u00f6schzug Innstadt","description":"","publisher":{"@id":"https:\/\/www.ffpassau.de\/innstadt\/#organization"},"potentialAction":[{"@type":"SearchAction","target":{"@type":"EntryPoint","urlTemplate":"https:\/\/www.ffpassau.de\/innstadt\/?s={search_term_string}"},"query-input":{"@type":"PropertyValueSpecification","valueRequired":true,"valueName":"search_term_string"}}],"inLanguage":"de"},{"@type":"Organization","@id":"https:\/\/www.ffpassau.de\/innstadt\/#organization","name":"Feuerwehr Passau - L\u00f6schzug Innstadt","url":"https:\/\/www.ffpassau.de\/innstadt\/","logo":{"@type":"ImageObject","inLanguage":"de","@id":"https:\/\/www.ffpassau.de\/innstadt\/#\/schema\/logo\/image\/","url":"https:\/\/www.ffpassau.de\/innstadt\/wp-content\/uploads\/sites\/2\/2020\/02\/lz_innstadt_logo.svg","contentUrl":"https:\/\/www.ffpassau.de\/innstadt\/wp-content\/uploads\/sites\/2\/2020\/02\/lz_innstadt_logo.svg","width":1,"height":1,"caption":"Feuerwehr Passau - L\u00f6schzug Innstadt"},"image":{"@id":"https:\/\/www.ffpassau.de\/innstadt\/#\/schema\/logo\/image\/"}},{"@type":"Person","@id":"https:\/\/www.ffpassau.de\/innstadt\/#\/schema\/person\/79775f60788f3f1a0aa3269b7db317b1","name":"Stefan Daller","image":{"@type":"ImageObject","inLanguage":"de","@id":"https:\/\/www.ffpassau.de\/innstadt\/#\/schema\/person\/image\/","url":"https:\/\/secure.gravatar.com\/avatar\/512ff9c8d04a77cb4e3921d8ee011143?s=96&d=mm&r=g","contentUrl":"https:\/\/secure.gravatar.com\/avatar\/512ff9c8d04a77cb4e3921d8ee011143?s=96&d=mm&r=g","caption":"Stefan Daller"},"url":"https:\/\/www.ffpassau.de\/innstadt\/author\/stefandaller\/"}]}},"_links":{"self":[{"href":"https:\/\/www.ffpassau.de\/innstadt\/wp-json\/wp\/v2\/posts\/847","targetHints":{"allow":["GET"]}}],"collection":[{"href":"https:\/\/www.ffpassau.de\/innstadt\/wp-json\/wp\/v2\/posts"}],"about":[{"href":"https:\/\/www.ffpassau.de\/innstadt\/wp-json\/wp\/v2\/types\/post"}],"author":[{"embeddable":true,"href":"https:\/\/www.ffpassau.de\/innstadt\/wp-json\/wp\/v2\/users\/10"}],"replies":[{"embeddable":true,"href":"https:\/\/www.ffpassau.de\/innstadt\/wp-json\/wp\/v2\/comments?post=847"}],"version-history":[{"count":6,"href":"https:\/\/www.ffpassau.de\/innstadt\/wp-json\/wp\/v2\/posts\/847\/revisions"}],"predecessor-version":[{"id":858,"href":"https:\/\/www.ffpassau.de\/innstadt\/wp-json\/wp\/v2\/posts\/847\/revisions\/858"}],"wp:featuredmedia":[{"embeddable":true,"href":"https:\/\/www.ffpassau.de\/innstadt\/wp-json\/wp\/v2\/media\/853"}],"wp:attachment":[{"href":"https:\/\/www.ffpassau.de\/innstadt\/wp-json\/wp\/v2\/media?parent=847"}],"wp:term":[{"taxonomy":"category","embeddable":true,"href":"https:\/\/www.ffpassau.de\/innstadt\/wp-json\/wp\/v2\/categories?post=847"},{"taxonomy":"post_tag","embeddable":true,"href":"https:\/\/www.ffpassau.de\/innstadt\/wp-json\/wp\/v2\/tags?post=847"}],"curies":[{"name":"wp","href":"https:\/\/api.w.org\/{rel}","templated":true}]}}