{"id":923,"date":"2024-05-05T21:24:54","date_gmt":"2024-05-05T19:24:54","guid":{"rendered":"https:\/\/www.ffpassau.de\/innstadt\/?p=923"},"modified":"2024-05-05T21:29:35","modified_gmt":"2024-05-05T19:29:35","slug":"florianifeier-mit-uebergabe-des-fahnentraeger-amtes","status":"publish","type":"post","link":"https:\/\/www.ffpassau.de\/innstadt\/2024\/05\/florianifeier-mit-uebergabe-des-fahnentraeger-amtes\/","title":{"rendered":"Florianifeier mit \u00dcbergabe des Fahnentr\u00e4ger-Amtes"},"content":{"rendered":"<p>Zu Ehren seines Schutzpatrons hatte der L\u00f6schzug Innstadt am Freitag zur Florianifeier geladen. Der Festzug vom Ger\u00e4tehaus in der Jahnstra\u00dfe \u00fcber die Mariahilfstra\u00dfe bis zum Kirchenplatz wurde in diesem Jahr von der Musikkapelle aus dem benachbarten Freinberg angef\u00fchrt, die auch den anschlie\u00dfenden Gottesdienst in der St.-Gertraud-Kirche feierlich umrahmte. Zelebriert wurde die Messe erstmals gemeinschaftlich von Innstadtpfarrer Pater Jakob Zarzycki und Feuerwehrseelsorger Pfarrer Michael Brunn. In seiner Predigt sprach Pater Jakob von der Tugend der Solidarit\u00e4t, wie sie der Heilige Florian vorgelebt habe: \u201eNur gemeinsam sind Feuerwehrleute stark \u2013 und doch z\u00e4hlt jeder Einzelne. Denn Verantwortung l\u00e4sst sich nicht auf andere abschieben: Sie muss wahrgenommen und gelebt werden.\u201c Genau das t\u00e4ten alle Feuerwehrleute jeden Tag aufs Neue.<\/p>\n<p>Zur\u00fcck im Ger\u00e4tehaus begr\u00fc\u00dfte Zugf\u00fchrer Thomas Pratsch die rund 150 G\u00e4ste, darunter Oberb\u00fcrgermeister J\u00fcrgen Dupper mit den Stadtr\u00e4tinnen und Stadtr\u00e4ten Dr. Stefanie Wehner, Siegfried Kapfer und Prof. Dr. Gerhard Waschler, Stadtbrandrat Andreas Dittlmann, den Vorsitzenden des Stadtfeuerwehrverbands Passau, Andreas Wimmer, den Vorsitzenden des Feuerwehr Passau e. V., Markus Kornexl, die Innst\u00e4dter Fahnenmutter Elisabeth Vogl, Ehrenzugf\u00fchrer Gerhard Woller sen., die Kameradinnen und Kameraden der L\u00f6schz\u00fcge Hauptwache und Ilzstadt, sowie die Abordnungen der Feuerwehren Grubweg, Schardenberg, Freinberg, Haibach und Sch\u00e4rding.<\/p>\n<p>Pratsch betonte in seinem Gru\u00dfwort insbesondere die gelebte Kameradschaft mit der Paten-Feuerwehr Schardenberg und \u00fcberreichte deren Kommandant Martin Ohrhallinger eine Fotoleinwand als Erinnerung an das erfolgreiche Maibaumstehlen der Innst\u00e4dter Anfang der Woche. Aus R\u00fccksicht auf die Schardenberger, die ihre Florianifeier immer am Namenstag des Heiligen begehen, diesmal dem Samstag, hatten die Innst\u00e4dter ihre Feier erstmals auf den Freitag vorverlegt.<\/p>\n<p>H\u00f6hepunkt des Abends war sicherlich die Verabschiedung von Franz Christl, der sein Amt als Fahnentr\u00e4ger des L\u00f6schzugs Innstadt nach stolzen 41 Jahren in j\u00fcngere H\u00e4nde \u00fcbergab. Der Innst\u00e4dter Vorstand Gerhard Woller jun. w\u00fcrdigte die au\u00dferordentliche Leistung Christls, auf den zu jeder Zeit Verlass war und der unz\u00e4hlige Male auch f\u00fcr die Feuerwehr Passau die Fahne hochgehalten habe \u2013 im wahrsten Sinne des Wortes. Vom Stadtfeuerwehrverband erhielt Christl in W\u00fcrdigung seiner Verdienste und unter gro\u00dfem Applaus das Ehrenzeichen in Silber. K\u00fcnftig werden Ben Pratsch und Jakob Bloch die Fahne tragen. Als Andenken f\u00fcr die Fahnen\u00fcbergabe erhielten alle drei einen Steinkrug mit Foto.<\/p>\n","protected":false},"excerpt":{"rendered":"<p>Zu Ehren seines Schutzpatrons hatte der L\u00f6schzug Innstadt am Freitag zur Florianifeier geladen. Der Festzug vom Ger\u00e4tehaus in der Jahnstra\u00dfe \u00fcber die Mariahilfstra\u00dfe bis zum Kirchenplatz wurde in diesem Jahr von der Musikkapelle aus dem benachbarten Freinberg angef\u00fchrt, die auch den anschlie\u00dfenden Gottesdienst in der St.-Gertraud-Kirche feierlich umrahmte. Zelebriert wurde die Messe erstmals gemeinschaftlich von Innstadtpfarrer Pater Jakob Zarzycki und Feuerwehrseelsorger Pfarrer Michael Brunn. In seiner Predigt sprach Pater Jakob von der Tugend der Solidarit\u00e4t, wie sie der Heilige Florian vorgelebt habe: \u201eNur gemeinsam sind Feuerwehrleute stark \u2013 und doch z\u00e4hlt jeder Einzelne. Denn Verantwortung l\u00e4sst sich nicht auf andere abschieben: Sie muss wahrgenommen und gelebt werden.\u201c Genau das t\u00e4ten alle Feuerwehrleute jeden Tag aufs Neue. Zur\u00fcck im Ger\u00e4tehaus begr\u00fc\u00dfte Zugf\u00fchrer Thomas Pratsch die rund 150 G\u00e4ste, darunter Oberb\u00fcrgermeister J\u00fcrgen Dupper mit den Stadtr\u00e4tinnen und Stadtr\u00e4ten Dr. Stefanie Wehner, Siegfried [&hellip;]<\/p>\n","protected":false},"author":10,"featured_media":925,"comment_status":"open","ping_status":"open","sticky":false,"template":"","format":"standard","meta":{"footnotes":""},"categories":[23],"tags":[29,49,27,28,21,38,17],"class_list":["post-923","post","type-post","status-publish","format-standard","has-post-thumbnail","hentry","category-veranstaltung","tag-ehrung","tag-fahnentraeger","tag-florianifeier","tag-freinberg","tag-grubweg","tag-haibach","tag-schardenberg"],"yoast_head":"<!-- This site is optimized with the Yoast SEO plugin v24.3 - https:\/\/yoast.com\/wordpress\/plugins\/seo\/ -->\n<title>Florianifeier mit \u00dcbergabe des Fahnentr\u00e4ger-Amtes - Feuerwehr Passau - L\u00f6schzug Innstadt<\/title>\n<meta name=\"robots\" content=\"index, follow, max-snippet:-1, max-image-preview:large, max-video-preview:-1\" \/>\n<link rel=\"canonical\" href=\"https:\/\/www.ffpassau.de\/innstadt\/2024\/05\/florianifeier-mit-uebergabe-des-fahnentraeger-amtes\/\" \/>\n<meta property=\"og:locale\" content=\"de_DE\" \/>\n<meta property=\"og:type\" content=\"article\" \/>\n<meta property=\"og:title\" content=\"Florianifeier mit \u00dcbergabe des Fahnentr\u00e4ger-Amtes - Feuerwehr Passau - L\u00f6schzug Innstadt\" \/>\n<meta property=\"og:description\" content=\"Zu Ehren seines Schutzpatrons hatte der L\u00f6schzug Innstadt am Freitag zur Florianifeier geladen. Der Festzug vom Ger\u00e4tehaus in der Jahnstra\u00dfe \u00fcber die Mariahilfstra\u00dfe bis zum Kirchenplatz wurde in diesem Jahr von der Musikkapelle aus dem benachbarten Freinberg angef\u00fchrt, die auch den anschlie\u00dfenden Gottesdienst in der St.-Gertraud-Kirche feierlich umrahmte. Zelebriert wurde die Messe erstmals gemeinschaftlich von Innstadtpfarrer Pater Jakob Zarzycki und Feuerwehrseelsorger Pfarrer Michael Brunn. In seiner Predigt sprach Pater Jakob von der Tugend der Solidarit\u00e4t, wie sie der Heilige Florian vorgelebt habe: \u201eNur gemeinsam sind Feuerwehrleute stark \u2013 und doch z\u00e4hlt jeder Einzelne. Denn Verantwortung l\u00e4sst sich nicht auf andere abschieben: Sie muss wahrgenommen und gelebt werden.\u201c Genau das t\u00e4ten alle Feuerwehrleute jeden Tag aufs Neue. Zur\u00fcck im Ger\u00e4tehaus begr\u00fc\u00dfte Zugf\u00fchrer Thomas Pratsch die rund 150 G\u00e4ste, darunter Oberb\u00fcrgermeister J\u00fcrgen Dupper mit den Stadtr\u00e4tinnen und Stadtr\u00e4ten Dr. Stefanie Wehner, Siegfried [&hellip;]\" \/>\n<meta property=\"og:url\" content=\"https:\/\/www.ffpassau.de\/innstadt\/2024\/05\/florianifeier-mit-uebergabe-des-fahnentraeger-amtes\/\" \/>\n<meta property=\"og:site_name\" content=\"Feuerwehr Passau - L\u00f6schzug Innstadt\" \/>\n<meta property=\"article:published_time\" content=\"2024-05-05T19:24:54+00:00\" \/>\n<meta property=\"article:modified_time\" content=\"2024-05-05T19:29:35+00:00\" \/>\n<meta property=\"og:image\" content=\"https:\/\/www.ffpassau.de\/innstadt\/wp-content\/uploads\/sites\/2\/2024\/05\/Florianifeier24-1.jpg\" \/>\n\t<meta property=\"og:image:width\" content=\"1200\" \/>\n\t<meta property=\"og:image:height\" content=\"900\" \/>\n\t<meta property=\"og:image:type\" content=\"image\/jpeg\" \/>\n<meta name=\"author\" content=\"Stefan Daller\" \/>\n<meta name=\"twitter:card\" content=\"summary_large_image\" \/>\n<meta name=\"twitter:label1\" content=\"Verfasst von\" \/>\n\t<meta name=\"twitter:data1\" content=\"Stefan Daller\" \/>\n\t<meta name=\"twitter:label2\" content=\"Gesch\u00e4tzte Lesezeit\" \/>\n\t<meta name=\"twitter:data2\" content=\"3\u00a0Minuten\" \/>\n<script type=\"application\/ld+json\" class=\"yoast-schema-graph\">{\"@context\":\"https:\/\/schema.org\",\"@graph\":[{\"@type\":\"Article\",\"@id\":\"https:\/\/www.ffpassau.de\/innstadt\/2024\/05\/florianifeier-mit-uebergabe-des-fahnentraeger-amtes\/#article\",\"isPartOf\":{\"@id\":\"https:\/\/www.ffpassau.de\/innstadt\/2024\/05\/florianifeier-mit-uebergabe-des-fahnentraeger-amtes\/\"},\"author\":{\"name\":\"Stefan Daller\",\"@id\":\"https:\/\/www.ffpassau.de\/innstadt\/#\/schema\/person\/79775f60788f3f1a0aa3269b7db317b1\"},\"headline\":\"Florianifeier mit \u00dcbergabe des Fahnentr\u00e4ger-Amtes\",\"datePublished\":\"2024-05-05T19:24:54+00:00\",\"dateModified\":\"2024-05-05T19:29:35+00:00\",\"mainEntityOfPage\":{\"@id\":\"https:\/\/www.ffpassau.de\/innstadt\/2024\/05\/florianifeier-mit-uebergabe-des-fahnentraeger-amtes\/\"},\"wordCount\":400,\"commentCount\":0,\"publisher\":{\"@id\":\"https:\/\/www.ffpassau.de\/innstadt\/#organization\"},\"image\":{\"@id\":\"https:\/\/www.ffpassau.de\/innstadt\/2024\/05\/florianifeier-mit-uebergabe-des-fahnentraeger-amtes\/#primaryimage\"},\"thumbnailUrl\":\"https:\/\/www.ffpassau.de\/innstadt\/wp-content\/uploads\/sites\/2\/2024\/05\/Florianifeier24-1.jpg\",\"keywords\":[\"Ehrung\",\"Fahnentr\u00e4ger\",\"Florianifeier\",\"Freinberg\",\"Grubweg\",\"Haibach\",\"Schardenberg\"],\"articleSection\":[\"Veranstaltung\"],\"inLanguage\":\"de\",\"potentialAction\":[{\"@type\":\"CommentAction\",\"name\":\"Comment\",\"target\":[\"https:\/\/www.ffpassau.de\/innstadt\/2024\/05\/florianifeier-mit-uebergabe-des-fahnentraeger-amtes\/#respond\"]}]},{\"@type\":\"WebPage\",\"@id\":\"https:\/\/www.ffpassau.de\/innstadt\/2024\/05\/florianifeier-mit-uebergabe-des-fahnentraeger-amtes\/\",\"url\":\"https:\/\/www.ffpassau.de\/innstadt\/2024\/05\/florianifeier-mit-uebergabe-des-fahnentraeger-amtes\/\",\"name\":\"Florianifeier mit \u00dcbergabe des Fahnentr\u00e4ger-Amtes - Feuerwehr Passau - L\u00f6schzug Innstadt\",\"isPartOf\":{\"@id\":\"https:\/\/www.ffpassau.de\/innstadt\/#website\"},\"primaryImageOfPage\":{\"@id\":\"https:\/\/www.ffpassau.de\/innstadt\/2024\/05\/florianifeier-mit-uebergabe-des-fahnentraeger-amtes\/#primaryimage\"},\"image\":{\"@id\":\"https:\/\/www.ffpassau.de\/innstadt\/2024\/05\/florianifeier-mit-uebergabe-des-fahnentraeger-amtes\/#primaryimage\"},\"thumbnailUrl\":\"https:\/\/www.ffpassau.de\/innstadt\/wp-content\/uploads\/sites\/2\/2024\/05\/Florianifeier24-1.jpg\",\"datePublished\":\"2024-05-05T19:24:54+00:00\",\"dateModified\":\"2024-05-05T19:29:35+00:00\",\"breadcrumb\":{\"@id\":\"https:\/\/www.ffpassau.de\/innstadt\/2024\/05\/florianifeier-mit-uebergabe-des-fahnentraeger-amtes\/#breadcrumb\"},\"inLanguage\":\"de\",\"potentialAction\":[{\"@type\":\"ReadAction\",\"target\":[\"https:\/\/www.ffpassau.de\/innstadt\/2024\/05\/florianifeier-mit-uebergabe-des-fahnentraeger-amtes\/\"]}]},{\"@type\":\"ImageObject\",\"inLanguage\":\"de\",\"@id\":\"https:\/\/www.ffpassau.de\/innstadt\/2024\/05\/florianifeier-mit-uebergabe-des-fahnentraeger-amtes\/#primaryimage\",\"url\":\"https:\/\/www.ffpassau.de\/innstadt\/wp-content\/uploads\/sites\/2\/2024\/05\/Florianifeier24-1.jpg\",\"contentUrl\":\"https:\/\/www.ffpassau.de\/innstadt\/wp-content\/uploads\/sites\/2\/2024\/05\/Florianifeier24-1.jpg\",\"width\":1200,\"height\":900},{\"@type\":\"BreadcrumbList\",\"@id\":\"https:\/\/www.ffpassau.de\/innstadt\/2024\/05\/florianifeier-mit-uebergabe-des-fahnentraeger-amtes\/#breadcrumb\",\"itemListElement\":[{\"@type\":\"ListItem\",\"position\":1,\"name\":\"L\u00f6schzug Innstadt Startseite\",\"item\":\"https:\/\/www.ffpassau.de\/innstadt\/\"},{\"@type\":\"ListItem\",\"position\":2,\"name\":\"Florianifeier mit \u00dcbergabe des Fahnentr\u00e4ger-Amtes\"}]},{\"@type\":\"WebSite\",\"@id\":\"https:\/\/www.ffpassau.de\/innstadt\/#website\",\"url\":\"https:\/\/www.ffpassau.de\/innstadt\/\",\"name\":\"Feuerwehr Passau - L\u00f6schzug Innstadt\",\"description\":\"\",\"publisher\":{\"@id\":\"https:\/\/www.ffpassau.de\/innstadt\/#organization\"},\"potentialAction\":[{\"@type\":\"SearchAction\",\"target\":{\"@type\":\"EntryPoint\",\"urlTemplate\":\"https:\/\/www.ffpassau.de\/innstadt\/?s={search_term_string}\"},\"query-input\":{\"@type\":\"PropertyValueSpecification\",\"valueRequired\":true,\"valueName\":\"search_term_string\"}}],\"inLanguage\":\"de\"},{\"@type\":\"Organization\",\"@id\":\"https:\/\/www.ffpassau.de\/innstadt\/#organization\",\"name\":\"Feuerwehr Passau - L\u00f6schzug Innstadt\",\"url\":\"https:\/\/www.ffpassau.de\/innstadt\/\",\"logo\":{\"@type\":\"ImageObject\",\"inLanguage\":\"de\",\"@id\":\"https:\/\/www.ffpassau.de\/innstadt\/#\/schema\/logo\/image\/\",\"url\":\"https:\/\/www.ffpassau.de\/innstadt\/wp-content\/uploads\/sites\/2\/2020\/02\/lz_innstadt_logo.svg\",\"contentUrl\":\"https:\/\/www.ffpassau.de\/innstadt\/wp-content\/uploads\/sites\/2\/2020\/02\/lz_innstadt_logo.svg\",\"width\":1,\"height\":1,\"caption\":\"Feuerwehr Passau - L\u00f6schzug Innstadt\"},\"image\":{\"@id\":\"https:\/\/www.ffpassau.de\/innstadt\/#\/schema\/logo\/image\/\"}},{\"@type\":\"Person\",\"@id\":\"https:\/\/www.ffpassau.de\/innstadt\/#\/schema\/person\/79775f60788f3f1a0aa3269b7db317b1\",\"name\":\"Stefan Daller\",\"image\":{\"@type\":\"ImageObject\",\"inLanguage\":\"de\",\"@id\":\"https:\/\/www.ffpassau.de\/innstadt\/#\/schema\/person\/image\/\",\"url\":\"https:\/\/secure.gravatar.com\/avatar\/512ff9c8d04a77cb4e3921d8ee011143?s=96&d=mm&r=g\",\"contentUrl\":\"https:\/\/secure.gravatar.com\/avatar\/512ff9c8d04a77cb4e3921d8ee011143?s=96&d=mm&r=g\",\"caption\":\"Stefan Daller\"},\"url\":\"https:\/\/www.ffpassau.de\/innstadt\/author\/stefandaller\/\"}]}<\/script>\n<!-- \/ Yoast SEO plugin. -->","yoast_head_json":{"title":"Florianifeier mit \u00dcbergabe des Fahnentr\u00e4ger-Amtes - Feuerwehr Passau - L\u00f6schzug Innstadt","robots":{"index":"index","follow":"follow","max-snippet":"max-snippet:-1","max-image-preview":"max-image-preview:large","max-video-preview":"max-video-preview:-1"},"canonical":"https:\/\/www.ffpassau.de\/innstadt\/2024\/05\/florianifeier-mit-uebergabe-des-fahnentraeger-amtes\/","og_locale":"de_DE","og_type":"article","og_title":"Florianifeier mit \u00dcbergabe des Fahnentr\u00e4ger-Amtes - Feuerwehr Passau - L\u00f6schzug Innstadt","og_description":"Zu Ehren seines Schutzpatrons hatte der L\u00f6schzug Innstadt am Freitag zur Florianifeier geladen. Der Festzug vom Ger\u00e4tehaus in der Jahnstra\u00dfe \u00fcber die Mariahilfstra\u00dfe bis zum Kirchenplatz wurde in diesem Jahr von der Musikkapelle aus dem benachbarten Freinberg angef\u00fchrt, die auch den anschlie\u00dfenden Gottesdienst in der St.-Gertraud-Kirche feierlich umrahmte. Zelebriert wurde die Messe erstmals gemeinschaftlich von Innstadtpfarrer Pater Jakob Zarzycki und Feuerwehrseelsorger Pfarrer Michael Brunn. In seiner Predigt sprach Pater Jakob von der Tugend der Solidarit\u00e4t, wie sie der Heilige Florian vorgelebt habe: \u201eNur gemeinsam sind Feuerwehrleute stark \u2013 und doch z\u00e4hlt jeder Einzelne. Denn Verantwortung l\u00e4sst sich nicht auf andere abschieben: Sie muss wahrgenommen und gelebt werden.\u201c Genau das t\u00e4ten alle Feuerwehrleute jeden Tag aufs Neue. Zur\u00fcck im Ger\u00e4tehaus begr\u00fc\u00dfte Zugf\u00fchrer Thomas Pratsch die rund 150 G\u00e4ste, darunter Oberb\u00fcrgermeister J\u00fcrgen Dupper mit den Stadtr\u00e4tinnen und Stadtr\u00e4ten Dr. Stefanie Wehner, Siegfried [&hellip;]","og_url":"https:\/\/www.ffpassau.de\/innstadt\/2024\/05\/florianifeier-mit-uebergabe-des-fahnentraeger-amtes\/","og_site_name":"Feuerwehr Passau - L\u00f6schzug Innstadt","article_published_time":"2024-05-05T19:24:54+00:00","article_modified_time":"2024-05-05T19:29:35+00:00","og_image":[{"width":1200,"height":900,"url":"https:\/\/www.ffpassau.de\/innstadt\/wp-content\/uploads\/sites\/2\/2024\/05\/Florianifeier24-1.jpg","type":"image\/jpeg"}],"author":"Stefan Daller","twitter_card":"summary_large_image","twitter_misc":{"Verfasst von":"Stefan Daller","Gesch\u00e4tzte Lesezeit":"3\u00a0Minuten"},"schema":{"@context":"https:\/\/schema.org","@graph":[{"@type":"Article","@id":"https:\/\/www.ffpassau.de\/innstadt\/2024\/05\/florianifeier-mit-uebergabe-des-fahnentraeger-amtes\/#article","isPartOf":{"@id":"https:\/\/www.ffpassau.de\/innstadt\/2024\/05\/florianifeier-mit-uebergabe-des-fahnentraeger-amtes\/"},"author":{"name":"Stefan Daller","@id":"https:\/\/www.ffpassau.de\/innstadt\/#\/schema\/person\/79775f60788f3f1a0aa3269b7db317b1"},"headline":"Florianifeier mit \u00dcbergabe des Fahnentr\u00e4ger-Amtes","datePublished":"2024-05-05T19:24:54+00:00","dateModified":"2024-05-05T19:29:35+00:00","mainEntityOfPage":{"@id":"https:\/\/www.ffpassau.de\/innstadt\/2024\/05\/florianifeier-mit-uebergabe-des-fahnentraeger-amtes\/"},"wordCount":400,"commentCount":0,"publisher":{"@id":"https:\/\/www.ffpassau.de\/innstadt\/#organization"},"image":{"@id":"https:\/\/www.ffpassau.de\/innstadt\/2024\/05\/florianifeier-mit-uebergabe-des-fahnentraeger-amtes\/#primaryimage"},"thumbnailUrl":"https:\/\/www.ffpassau.de\/innstadt\/wp-content\/uploads\/sites\/2\/2024\/05\/Florianifeier24-1.jpg","keywords":["Ehrung","Fahnentr\u00e4ger","Florianifeier","Freinberg","Grubweg","Haibach","Schardenberg"],"articleSection":["Veranstaltung"],"inLanguage":"de","potentialAction":[{"@type":"CommentAction","name":"Comment","target":["https:\/\/www.ffpassau.de\/innstadt\/2024\/05\/florianifeier-mit-uebergabe-des-fahnentraeger-amtes\/#respond"]}]},{"@type":"WebPage","@id":"https:\/\/www.ffpassau.de\/innstadt\/2024\/05\/florianifeier-mit-uebergabe-des-fahnentraeger-amtes\/","url":"https:\/\/www.ffpassau.de\/innstadt\/2024\/05\/florianifeier-mit-uebergabe-des-fahnentraeger-amtes\/","name":"Florianifeier mit \u00dcbergabe des Fahnentr\u00e4ger-Amtes - Feuerwehr Passau - L\u00f6schzug Innstadt","isPartOf":{"@id":"https:\/\/www.ffpassau.de\/innstadt\/#website"},"primaryImageOfPage":{"@id":"https:\/\/www.ffpassau.de\/innstadt\/2024\/05\/florianifeier-mit-uebergabe-des-fahnentraeger-amtes\/#primaryimage"},"image":{"@id":"https:\/\/www.ffpassau.de\/innstadt\/2024\/05\/florianifeier-mit-uebergabe-des-fahnentraeger-amtes\/#primaryimage"},"thumbnailUrl":"https:\/\/www.ffpassau.de\/innstadt\/wp-content\/uploads\/sites\/2\/2024\/05\/Florianifeier24-1.jpg","datePublished":"2024-05-05T19:24:54+00:00","dateModified":"2024-05-05T19:29:35+00:00","breadcrumb":{"@id":"https:\/\/www.ffpassau.de\/innstadt\/2024\/05\/florianifeier-mit-uebergabe-des-fahnentraeger-amtes\/#breadcrumb"},"inLanguage":"de","potentialAction":[{"@type":"ReadAction","target":["https:\/\/www.ffpassau.de\/innstadt\/2024\/05\/florianifeier-mit-uebergabe-des-fahnentraeger-amtes\/"]}]},{"@type":"ImageObject","inLanguage":"de","@id":"https:\/\/www.ffpassau.de\/innstadt\/2024\/05\/florianifeier-mit-uebergabe-des-fahnentraeger-amtes\/#primaryimage","url":"https:\/\/www.ffpassau.de\/innstadt\/wp-content\/uploads\/sites\/2\/2024\/05\/Florianifeier24-1.jpg","contentUrl":"https:\/\/www.ffpassau.de\/innstadt\/wp-content\/uploads\/sites\/2\/2024\/05\/Florianifeier24-1.jpg","width":1200,"height":900},{"@type":"BreadcrumbList","@id":"https:\/\/www.ffpassau.de\/innstadt\/2024\/05\/florianifeier-mit-uebergabe-des-fahnentraeger-amtes\/#breadcrumb","itemListElement":[{"@type":"ListItem","position":1,"name":"L\u00f6schzug Innstadt Startseite","item":"https:\/\/www.ffpassau.de\/innstadt\/"},{"@type":"ListItem","position":2,"name":"Florianifeier mit \u00dcbergabe des Fahnentr\u00e4ger-Amtes"}]},{"@type":"WebSite","@id":"https:\/\/www.ffpassau.de\/innstadt\/#website","url":"https:\/\/www.ffpassau.de\/innstadt\/","name":"Feuerwehr Passau - L\u00f6schzug Innstadt","description":"","publisher":{"@id":"https:\/\/www.ffpassau.de\/innstadt\/#organization"},"potentialAction":[{"@type":"SearchAction","target":{"@type":"EntryPoint","urlTemplate":"https:\/\/www.ffpassau.de\/innstadt\/?s={search_term_string}"},"query-input":{"@type":"PropertyValueSpecification","valueRequired":true,"valueName":"search_term_string"}}],"inLanguage":"de"},{"@type":"Organization","@id":"https:\/\/www.ffpassau.de\/innstadt\/#organization","name":"Feuerwehr Passau - L\u00f6schzug Innstadt","url":"https:\/\/www.ffpassau.de\/innstadt\/","logo":{"@type":"ImageObject","inLanguage":"de","@id":"https:\/\/www.ffpassau.de\/innstadt\/#\/schema\/logo\/image\/","url":"https:\/\/www.ffpassau.de\/innstadt\/wp-content\/uploads\/sites\/2\/2020\/02\/lz_innstadt_logo.svg","contentUrl":"https:\/\/www.ffpassau.de\/innstadt\/wp-content\/uploads\/sites\/2\/2020\/02\/lz_innstadt_logo.svg","width":1,"height":1,"caption":"Feuerwehr Passau - L\u00f6schzug Innstadt"},"image":{"@id":"https:\/\/www.ffpassau.de\/innstadt\/#\/schema\/logo\/image\/"}},{"@type":"Person","@id":"https:\/\/www.ffpassau.de\/innstadt\/#\/schema\/person\/79775f60788f3f1a0aa3269b7db317b1","name":"Stefan Daller","image":{"@type":"ImageObject","inLanguage":"de","@id":"https:\/\/www.ffpassau.de\/innstadt\/#\/schema\/person\/image\/","url":"https:\/\/secure.gravatar.com\/avatar\/512ff9c8d04a77cb4e3921d8ee011143?s=96&d=mm&r=g","contentUrl":"https:\/\/secure.gravatar.com\/avatar\/512ff9c8d04a77cb4e3921d8ee011143?s=96&d=mm&r=g","caption":"Stefan Daller"},"url":"https:\/\/www.ffpassau.de\/innstadt\/author\/stefandaller\/"}]}},"_links":{"self":[{"href":"https:\/\/www.ffpassau.de\/innstadt\/wp-json\/wp\/v2\/posts\/923","targetHints":{"allow":["GET"]}}],"collection":[{"href":"https:\/\/www.ffpassau.de\/innstadt\/wp-json\/wp\/v2\/posts"}],"about":[{"href":"https:\/\/www.ffpassau.de\/innstadt\/wp-json\/wp\/v2\/types\/post"}],"author":[{"embeddable":true,"href":"https:\/\/www.ffpassau.de\/innstadt\/wp-json\/wp\/v2\/users\/10"}],"replies":[{"embeddable":true,"href":"https:\/\/www.ffpassau.de\/innstadt\/wp-json\/wp\/v2\/comments?post=923"}],"version-history":[{"count":5,"href":"https:\/\/www.ffpassau.de\/innstadt\/wp-json\/wp\/v2\/posts\/923\/revisions"}],"predecessor-version":[{"id":932,"href":"https:\/\/www.ffpassau.de\/innstadt\/wp-json\/wp\/v2\/posts\/923\/revisions\/932"}],"wp:featuredmedia":[{"embeddable":true,"href":"https:\/\/www.ffpassau.de\/innstadt\/wp-json\/wp\/v2\/media\/925"}],"wp:attachment":[{"href":"https:\/\/www.ffpassau.de\/innstadt\/wp-json\/wp\/v2\/media?parent=923"}],"wp:term":[{"taxonomy":"category","embeddable":true,"href":"https:\/\/www.ffpassau.de\/innstadt\/wp-json\/wp\/v2\/categories?post=923"},{"taxonomy":"post_tag","embeddable":true,"href":"https:\/\/www.ffpassau.de\/innstadt\/wp-json\/wp\/v2\/tags?post=923"}],"curies":[{"name":"wp","href":"https:\/\/api.w.org\/{rel}","templated":true}]}}