{"id":968,"date":"2025-03-29T08:00:08","date_gmt":"2025-03-29T07:00:08","guid":{"rendered":"https:\/\/www.ffpassau.de\/innstadt\/?p=968"},"modified":"2025-04-11T08:19:47","modified_gmt":"2025-04-11T06:19:47","slug":"generationswechsel-in-der-innstadt","status":"publish","type":"post","link":"https:\/\/www.ffpassau.de\/innstadt\/2025\/03\/generationswechsel-in-der-innstadt\/","title":{"rendered":"Generationswechsel in der Innstadt"},"content":{"rendered":"<p>Mit reichlich Emotionen gespickt war die Jahreshauptversammlung des L\u00f6schzugs Innstadt: Nach acht Jahren zog sich Gerhard Woller aus pers\u00f6nlichen Gr\u00fcnden als 1. Vorsitzender zur\u00fcck, nicht ohne ein klein wenig Wehmut. Mit ihm verabschiedete sich ein Gro\u00dfteil seiner F\u00fchrungsmannschaft aus dem Vorstand. Zum neuen Mann an der Spitze des Vereins w\u00e4hlten die 51 anwesenden Mitglieder mit gro\u00dfer Mehrheit den bisherigen Schriftf\u00fchrer Stefan Daller.<\/p>\n<p>In den 25 Jahren seit Bestehen des Vereins sei er erst der vierte in diesem Amt, f\u00fchrte der neugew\u00e4hlte Vorsitzende in seiner Antrittsrede aus. \u201eDas spricht f\u00fcr unsere Stabilit\u00e4t als Zug und als Verein, f\u00fcr unsern Zusammenhalt als Mannschaft und als Kameraden, das spricht f\u00fcr uns als Innstadt!\u201c, f\u00fchrte Daller leidenschaftlich aus. F\u00fcr ihn seien eben diese Stabilit\u00e4t und dieser Zusammenhalt zentrale Aspekte eines gelingenden Zusammenwirkens \u2013 im L\u00f6schzug, aber auch dar\u00fcber hinaus \u2013 und er freue sich darauf, genau daran gemeinsam weiterzuarbeiten.<\/p>\n<p>Ebenfalls neu gew\u00e4hlt wurden Armin Leeb zum 2. Vorsitzenden, Lukas Itin zum Schriftf\u00fchrer, Barbara Zitzelsberger zum Kassier und Martin Kreis zum Chronisten. Rudolf Gr\u00e4ber wurde als Vergn\u00fcgungswart best\u00e4tigt. Neue Vertrauensleute des L\u00f6schzugs sind Andrea Haselgruber und Laurenz Kapfer. Kassenpr\u00fcfer bleiben G\u00fcnther Gremmelspacher und Markus Waldherr.<\/p>\n<p>Vor den Wahlen gab Zugf\u00fchrer Thomas Pratsch einen kurzweiligen R\u00fcckblick auf das zur\u00fcckliegende Jahr, in dem der L\u00f6schzug zu insgesamt 230 Eins\u00e4tzen und Sicherheitswachen gerufen worden ist. Die Einsatzzahlen bleiben damit auf dem hohen Niveau von 2023. Trotz des starken Hochwassers im Juni, w\u00e4hrend dem das Ger\u00e4tehaus in der Jahnstra\u00dfe fast zwei Wochen lang t\u00e4glich besetzt war, sind die THL-Eins\u00e4tze um rund ein Viertel zur\u00fcckgegangen auf 96. Fast verdoppelt haben sich hingegen die Brandeins\u00e4tze: 40-mal r\u00fcckten die Innst\u00e4dter zur Feuerbek\u00e4mpfung aus. Hinzu kommen 52 Sicherheitswachen und 42 Fehlalarme. Pratsch hob einige Eins\u00e4tze besonders hervor, darunter etwa die beiden Br\u00e4nde in der Siegfriedstra\u00dfe und im Schie\u00dfstattweg sowie einen Verkehrsunfall in der Wiener Stra\u00dfe im Juni. \u201eNach der Kollision mit einem entgegenkommenden Auto hatte sich dort ein Pkw auf die Beifahrerseite gedreht. Obwohl wir keine THL-Wehr sind, haben wir das Unfallfahrzeug fachm\u00e4nnisch unterbraut und stabilisiert\u201c, berichtet der Zugf\u00fchrer nicht ohne Stolz. \u201eUnd wie es der Zufall so will, hatten wir exakt das gleiche Szenario erst wenige Wochen zuvor in einer \u00dcbung intensiv durchgearbeitet!\u201c Dies best\u00e4tige eindrucksvoll, wie wichtig regelm\u00e4\u00dfige \u00dcbungen und Ausbildungen sind, so Pratsch. Allein hierf\u00fcr wurden 2024 \u00fcber 2.700 Stunden erbracht. 30 Personen haben au\u00dferdem einen Lehrgang am Standort oder an einer Feuerwehrschule absolviert.<\/p>\n<p>In Summe kommt der L\u00f6schzug Innstadt auf beeindruckende 9.383 Stunden, die die Frauen und M\u00e4nner 2024 in den freiwilligen Dienst investiert haben \u2013 das vierte Jahr in Folge eine Rekordleistung. In die Vereinsarbeit flossen zus\u00e4tzlich 6.170 Stunden, was eine beachtliche Gesamtbilanz der Innst\u00e4dter Kameradinnen und Kameraden von 15.553 Stunden ergibt.<\/p>\n<p>B\u00fcrgermeister Armin Dickl betonte in seinem Gru\u00dfwort die Bedeutung des Ehrenamts Feuerwehr. Er danke den ausgeschiedenen Vorstandsmitgliedern f\u00fcr ihre Arbeit sowie allen Kameradinnen und Kameraden der Innstadt f\u00fcr ihr gro\u00dfes, nicht selbstverst\u00e4ndliches Engagement. Neben Dickl war der Passauer Stadtrat vertreten durch Diana Niebr\u00fcgge (Gr\u00fcne), Siegfried Kapfer (FWG) und Gerhard Waschler (CSU).<\/p>\n","protected":false},"excerpt":{"rendered":"<p>Mit reichlich Emotionen gespickt war die Jahreshauptversammlung des L\u00f6schzugs Innstadt: Nach acht Jahren zog sich Gerhard Woller aus pers\u00f6nlichen Gr\u00fcnden als 1. Vorsitzender zur\u00fcck, nicht ohne ein klein wenig Wehmut. Mit ihm verabschiedete sich ein Gro\u00dfteil seiner F\u00fchrungsmannschaft aus dem Vorstand. Zum neuen Mann an der Spitze des Vereins w\u00e4hlten die 51 anwesenden Mitglieder mit gro\u00dfer Mehrheit den bisherigen Schriftf\u00fchrer Stefan Daller. In den 25 Jahren seit Bestehen des Vereins sei er erst der vierte in diesem Amt, f\u00fchrte der neugew\u00e4hlte Vorsitzende in seiner Antrittsrede aus. \u201eDas spricht f\u00fcr unsere Stabilit\u00e4t als Zug und als Verein, f\u00fcr unsern Zusammenhalt als Mannschaft und als Kameraden, das spricht f\u00fcr uns als Innstadt!\u201c, f\u00fchrte Daller leidenschaftlich aus. F\u00fcr ihn seien eben diese Stabilit\u00e4t und dieser Zusammenhalt zentrale Aspekte eines gelingenden Zusammenwirkens \u2013 im L\u00f6schzug, aber auch dar\u00fcber hinaus \u2013 und er freue sich [&hellip;]<\/p>\n","protected":false},"author":10,"featured_media":970,"comment_status":"open","ping_status":"open","sticky":false,"template":"","format":"standard","meta":{"footnotes":""},"categories":[23],"tags":[15,40],"class_list":["post-968","post","type-post","status-publish","format-standard","has-post-thumbnail","hentry","category-veranstaltung","tag-jahreshauptversammlung","tag-wahl"],"yoast_head":"<!-- This site is optimized with the Yoast SEO plugin v24.3 - https:\/\/yoast.com\/wordpress\/plugins\/seo\/ -->\n<title>Generationswechsel in der Innstadt - Feuerwehr Passau - L\u00f6schzug Innstadt<\/title>\n<meta name=\"robots\" content=\"index, follow, max-snippet:-1, max-image-preview:large, max-video-preview:-1\" \/>\n<link rel=\"canonical\" href=\"https:\/\/www.ffpassau.de\/innstadt\/2025\/03\/generationswechsel-in-der-innstadt\/\" \/>\n<meta property=\"og:locale\" content=\"de_DE\" \/>\n<meta property=\"og:type\" content=\"article\" \/>\n<meta property=\"og:title\" content=\"Generationswechsel in der Innstadt - Feuerwehr Passau - L\u00f6schzug Innstadt\" \/>\n<meta property=\"og:description\" content=\"Mit reichlich Emotionen gespickt war die Jahreshauptversammlung des L\u00f6schzugs Innstadt: Nach acht Jahren zog sich Gerhard Woller aus pers\u00f6nlichen Gr\u00fcnden als 1. Vorsitzender zur\u00fcck, nicht ohne ein klein wenig Wehmut. Mit ihm verabschiedete sich ein Gro\u00dfteil seiner F\u00fchrungsmannschaft aus dem Vorstand. Zum neuen Mann an der Spitze des Vereins w\u00e4hlten die 51 anwesenden Mitglieder mit gro\u00dfer Mehrheit den bisherigen Schriftf\u00fchrer Stefan Daller. In den 25 Jahren seit Bestehen des Vereins sei er erst der vierte in diesem Amt, f\u00fchrte der neugew\u00e4hlte Vorsitzende in seiner Antrittsrede aus. \u201eDas spricht f\u00fcr unsere Stabilit\u00e4t als Zug und als Verein, f\u00fcr unsern Zusammenhalt als Mannschaft und als Kameraden, das spricht f\u00fcr uns als Innstadt!\u201c, f\u00fchrte Daller leidenschaftlich aus. F\u00fcr ihn seien eben diese Stabilit\u00e4t und dieser Zusammenhalt zentrale Aspekte eines gelingenden Zusammenwirkens \u2013 im L\u00f6schzug, aber auch dar\u00fcber hinaus \u2013 und er freue sich [&hellip;]\" \/>\n<meta property=\"og:url\" content=\"https:\/\/www.ffpassau.de\/innstadt\/2025\/03\/generationswechsel-in-der-innstadt\/\" \/>\n<meta property=\"og:site_name\" content=\"Feuerwehr Passau - L\u00f6schzug Innstadt\" \/>\n<meta property=\"article:published_time\" content=\"2025-03-29T07:00:08+00:00\" \/>\n<meta property=\"article:modified_time\" content=\"2025-04-11T06:19:47+00:00\" \/>\n<meta property=\"og:image\" content=\"https:\/\/www.ffpassau.de\/innstadt\/wp-content\/uploads\/sites\/2\/2025\/03\/jhv25.jpg\" \/>\n\t<meta property=\"og:image:width\" content=\"1200\" \/>\n\t<meta property=\"og:image:height\" content=\"800\" \/>\n\t<meta property=\"og:image:type\" content=\"image\/jpeg\" \/>\n<meta name=\"author\" content=\"Stefan Daller\" \/>\n<meta name=\"twitter:card\" content=\"summary_large_image\" \/>\n<meta name=\"twitter:label1\" content=\"Verfasst von\" \/>\n\t<meta name=\"twitter:data1\" content=\"Stefan Daller\" \/>\n\t<meta name=\"twitter:label2\" content=\"Gesch\u00e4tzte Lesezeit\" \/>\n\t<meta name=\"twitter:data2\" content=\"3\u00a0Minuten\" \/>\n<script type=\"application\/ld+json\" class=\"yoast-schema-graph\">{\"@context\":\"https:\/\/schema.org\",\"@graph\":[{\"@type\":\"Article\",\"@id\":\"https:\/\/www.ffpassau.de\/innstadt\/2025\/03\/generationswechsel-in-der-innstadt\/#article\",\"isPartOf\":{\"@id\":\"https:\/\/www.ffpassau.de\/innstadt\/2025\/03\/generationswechsel-in-der-innstadt\/\"},\"author\":{\"name\":\"Stefan Daller\",\"@id\":\"https:\/\/www.ffpassau.de\/innstadt\/#\/schema\/person\/79775f60788f3f1a0aa3269b7db317b1\"},\"headline\":\"Generationswechsel in der Innstadt\",\"datePublished\":\"2025-03-29T07:00:08+00:00\",\"dateModified\":\"2025-04-11T06:19:47+00:00\",\"mainEntityOfPage\":{\"@id\":\"https:\/\/www.ffpassau.de\/innstadt\/2025\/03\/generationswechsel-in-der-innstadt\/\"},\"wordCount\":546,\"commentCount\":0,\"publisher\":{\"@id\":\"https:\/\/www.ffpassau.de\/innstadt\/#organization\"},\"image\":{\"@id\":\"https:\/\/www.ffpassau.de\/innstadt\/2025\/03\/generationswechsel-in-der-innstadt\/#primaryimage\"},\"thumbnailUrl\":\"https:\/\/www.ffpassau.de\/innstadt\/wp-content\/uploads\/sites\/2\/2025\/03\/jhv25.jpg\",\"keywords\":[\"Jahreshauptversammlung\",\"Wahl\"],\"articleSection\":[\"Veranstaltung\"],\"inLanguage\":\"de\",\"potentialAction\":[{\"@type\":\"CommentAction\",\"name\":\"Comment\",\"target\":[\"https:\/\/www.ffpassau.de\/innstadt\/2025\/03\/generationswechsel-in-der-innstadt\/#respond\"]}]},{\"@type\":\"WebPage\",\"@id\":\"https:\/\/www.ffpassau.de\/innstadt\/2025\/03\/generationswechsel-in-der-innstadt\/\",\"url\":\"https:\/\/www.ffpassau.de\/innstadt\/2025\/03\/generationswechsel-in-der-innstadt\/\",\"name\":\"Generationswechsel in der Innstadt - Feuerwehr Passau - L\u00f6schzug Innstadt\",\"isPartOf\":{\"@id\":\"https:\/\/www.ffpassau.de\/innstadt\/#website\"},\"primaryImageOfPage\":{\"@id\":\"https:\/\/www.ffpassau.de\/innstadt\/2025\/03\/generationswechsel-in-der-innstadt\/#primaryimage\"},\"image\":{\"@id\":\"https:\/\/www.ffpassau.de\/innstadt\/2025\/03\/generationswechsel-in-der-innstadt\/#primaryimage\"},\"thumbnailUrl\":\"https:\/\/www.ffpassau.de\/innstadt\/wp-content\/uploads\/sites\/2\/2025\/03\/jhv25.jpg\",\"datePublished\":\"2025-03-29T07:00:08+00:00\",\"dateModified\":\"2025-04-11T06:19:47+00:00\",\"breadcrumb\":{\"@id\":\"https:\/\/www.ffpassau.de\/innstadt\/2025\/03\/generationswechsel-in-der-innstadt\/#breadcrumb\"},\"inLanguage\":\"de\",\"potentialAction\":[{\"@type\":\"ReadAction\",\"target\":[\"https:\/\/www.ffpassau.de\/innstadt\/2025\/03\/generationswechsel-in-der-innstadt\/\"]}]},{\"@type\":\"ImageObject\",\"inLanguage\":\"de\",\"@id\":\"https:\/\/www.ffpassau.de\/innstadt\/2025\/03\/generationswechsel-in-der-innstadt\/#primaryimage\",\"url\":\"https:\/\/www.ffpassau.de\/innstadt\/wp-content\/uploads\/sites\/2\/2025\/03\/jhv25.jpg\",\"contentUrl\":\"https:\/\/www.ffpassau.de\/innstadt\/wp-content\/uploads\/sites\/2\/2025\/03\/jhv25.jpg\",\"width\":1200,\"height\":800},{\"@type\":\"BreadcrumbList\",\"@id\":\"https:\/\/www.ffpassau.de\/innstadt\/2025\/03\/generationswechsel-in-der-innstadt\/#breadcrumb\",\"itemListElement\":[{\"@type\":\"ListItem\",\"position\":1,\"name\":\"L\u00f6schzug Innstadt Startseite\",\"item\":\"https:\/\/www.ffpassau.de\/innstadt\/\"},{\"@type\":\"ListItem\",\"position\":2,\"name\":\"Generationswechsel in der Innstadt\"}]},{\"@type\":\"WebSite\",\"@id\":\"https:\/\/www.ffpassau.de\/innstadt\/#website\",\"url\":\"https:\/\/www.ffpassau.de\/innstadt\/\",\"name\":\"Feuerwehr Passau - L\u00f6schzug Innstadt\",\"description\":\"\",\"publisher\":{\"@id\":\"https:\/\/www.ffpassau.de\/innstadt\/#organization\"},\"potentialAction\":[{\"@type\":\"SearchAction\",\"target\":{\"@type\":\"EntryPoint\",\"urlTemplate\":\"https:\/\/www.ffpassau.de\/innstadt\/?s={search_term_string}\"},\"query-input\":{\"@type\":\"PropertyValueSpecification\",\"valueRequired\":true,\"valueName\":\"search_term_string\"}}],\"inLanguage\":\"de\"},{\"@type\":\"Organization\",\"@id\":\"https:\/\/www.ffpassau.de\/innstadt\/#organization\",\"name\":\"Feuerwehr Passau - L\u00f6schzug Innstadt\",\"url\":\"https:\/\/www.ffpassau.de\/innstadt\/\",\"logo\":{\"@type\":\"ImageObject\",\"inLanguage\":\"de\",\"@id\":\"https:\/\/www.ffpassau.de\/innstadt\/#\/schema\/logo\/image\/\",\"url\":\"https:\/\/www.ffpassau.de\/innstadt\/wp-content\/uploads\/sites\/2\/2020\/02\/lz_innstadt_logo.svg\",\"contentUrl\":\"https:\/\/www.ffpassau.de\/innstadt\/wp-content\/uploads\/sites\/2\/2020\/02\/lz_innstadt_logo.svg\",\"width\":1,\"height\":1,\"caption\":\"Feuerwehr Passau - L\u00f6schzug Innstadt\"},\"image\":{\"@id\":\"https:\/\/www.ffpassau.de\/innstadt\/#\/schema\/logo\/image\/\"}},{\"@type\":\"Person\",\"@id\":\"https:\/\/www.ffpassau.de\/innstadt\/#\/schema\/person\/79775f60788f3f1a0aa3269b7db317b1\",\"name\":\"Stefan Daller\",\"image\":{\"@type\":\"ImageObject\",\"inLanguage\":\"de\",\"@id\":\"https:\/\/www.ffpassau.de\/innstadt\/#\/schema\/person\/image\/\",\"url\":\"https:\/\/secure.gravatar.com\/avatar\/512ff9c8d04a77cb4e3921d8ee011143?s=96&d=mm&r=g\",\"contentUrl\":\"https:\/\/secure.gravatar.com\/avatar\/512ff9c8d04a77cb4e3921d8ee011143?s=96&d=mm&r=g\",\"caption\":\"Stefan Daller\"},\"url\":\"https:\/\/www.ffpassau.de\/innstadt\/author\/stefandaller\/\"}]}<\/script>\n<!-- \/ Yoast SEO plugin. -->","yoast_head_json":{"title":"Generationswechsel in der Innstadt - Feuerwehr Passau - L\u00f6schzug Innstadt","robots":{"index":"index","follow":"follow","max-snippet":"max-snippet:-1","max-image-preview":"max-image-preview:large","max-video-preview":"max-video-preview:-1"},"canonical":"https:\/\/www.ffpassau.de\/innstadt\/2025\/03\/generationswechsel-in-der-innstadt\/","og_locale":"de_DE","og_type":"article","og_title":"Generationswechsel in der Innstadt - Feuerwehr Passau - L\u00f6schzug Innstadt","og_description":"Mit reichlich Emotionen gespickt war die Jahreshauptversammlung des L\u00f6schzugs Innstadt: Nach acht Jahren zog sich Gerhard Woller aus pers\u00f6nlichen Gr\u00fcnden als 1. Vorsitzender zur\u00fcck, nicht ohne ein klein wenig Wehmut. Mit ihm verabschiedete sich ein Gro\u00dfteil seiner F\u00fchrungsmannschaft aus dem Vorstand. Zum neuen Mann an der Spitze des Vereins w\u00e4hlten die 51 anwesenden Mitglieder mit gro\u00dfer Mehrheit den bisherigen Schriftf\u00fchrer Stefan Daller. In den 25 Jahren seit Bestehen des Vereins sei er erst der vierte in diesem Amt, f\u00fchrte der neugew\u00e4hlte Vorsitzende in seiner Antrittsrede aus. \u201eDas spricht f\u00fcr unsere Stabilit\u00e4t als Zug und als Verein, f\u00fcr unsern Zusammenhalt als Mannschaft und als Kameraden, das spricht f\u00fcr uns als Innstadt!\u201c, f\u00fchrte Daller leidenschaftlich aus. F\u00fcr ihn seien eben diese Stabilit\u00e4t und dieser Zusammenhalt zentrale Aspekte eines gelingenden Zusammenwirkens \u2013 im L\u00f6schzug, aber auch dar\u00fcber hinaus \u2013 und er freue sich [&hellip;]","og_url":"https:\/\/www.ffpassau.de\/innstadt\/2025\/03\/generationswechsel-in-der-innstadt\/","og_site_name":"Feuerwehr Passau - L\u00f6schzug Innstadt","article_published_time":"2025-03-29T07:00:08+00:00","article_modified_time":"2025-04-11T06:19:47+00:00","og_image":[{"width":1200,"height":800,"url":"https:\/\/www.ffpassau.de\/innstadt\/wp-content\/uploads\/sites\/2\/2025\/03\/jhv25.jpg","type":"image\/jpeg"}],"author":"Stefan Daller","twitter_card":"summary_large_image","twitter_misc":{"Verfasst von":"Stefan Daller","Gesch\u00e4tzte Lesezeit":"3\u00a0Minuten"},"schema":{"@context":"https:\/\/schema.org","@graph":[{"@type":"Article","@id":"https:\/\/www.ffpassau.de\/innstadt\/2025\/03\/generationswechsel-in-der-innstadt\/#article","isPartOf":{"@id":"https:\/\/www.ffpassau.de\/innstadt\/2025\/03\/generationswechsel-in-der-innstadt\/"},"author":{"name":"Stefan Daller","@id":"https:\/\/www.ffpassau.de\/innstadt\/#\/schema\/person\/79775f60788f3f1a0aa3269b7db317b1"},"headline":"Generationswechsel in der Innstadt","datePublished":"2025-03-29T07:00:08+00:00","dateModified":"2025-04-11T06:19:47+00:00","mainEntityOfPage":{"@id":"https:\/\/www.ffpassau.de\/innstadt\/2025\/03\/generationswechsel-in-der-innstadt\/"},"wordCount":546,"commentCount":0,"publisher":{"@id":"https:\/\/www.ffpassau.de\/innstadt\/#organization"},"image":{"@id":"https:\/\/www.ffpassau.de\/innstadt\/2025\/03\/generationswechsel-in-der-innstadt\/#primaryimage"},"thumbnailUrl":"https:\/\/www.ffpassau.de\/innstadt\/wp-content\/uploads\/sites\/2\/2025\/03\/jhv25.jpg","keywords":["Jahreshauptversammlung","Wahl"],"articleSection":["Veranstaltung"],"inLanguage":"de","potentialAction":[{"@type":"CommentAction","name":"Comment","target":["https:\/\/www.ffpassau.de\/innstadt\/2025\/03\/generationswechsel-in-der-innstadt\/#respond"]}]},{"@type":"WebPage","@id":"https:\/\/www.ffpassau.de\/innstadt\/2025\/03\/generationswechsel-in-der-innstadt\/","url":"https:\/\/www.ffpassau.de\/innstadt\/2025\/03\/generationswechsel-in-der-innstadt\/","name":"Generationswechsel in der Innstadt - Feuerwehr Passau - L\u00f6schzug Innstadt","isPartOf":{"@id":"https:\/\/www.ffpassau.de\/innstadt\/#website"},"primaryImageOfPage":{"@id":"https:\/\/www.ffpassau.de\/innstadt\/2025\/03\/generationswechsel-in-der-innstadt\/#primaryimage"},"image":{"@id":"https:\/\/www.ffpassau.de\/innstadt\/2025\/03\/generationswechsel-in-der-innstadt\/#primaryimage"},"thumbnailUrl":"https:\/\/www.ffpassau.de\/innstadt\/wp-content\/uploads\/sites\/2\/2025\/03\/jhv25.jpg","datePublished":"2025-03-29T07:00:08+00:00","dateModified":"2025-04-11T06:19:47+00:00","breadcrumb":{"@id":"https:\/\/www.ffpassau.de\/innstadt\/2025\/03\/generationswechsel-in-der-innstadt\/#breadcrumb"},"inLanguage":"de","potentialAction":[{"@type":"ReadAction","target":["https:\/\/www.ffpassau.de\/innstadt\/2025\/03\/generationswechsel-in-der-innstadt\/"]}]},{"@type":"ImageObject","inLanguage":"de","@id":"https:\/\/www.ffpassau.de\/innstadt\/2025\/03\/generationswechsel-in-der-innstadt\/#primaryimage","url":"https:\/\/www.ffpassau.de\/innstadt\/wp-content\/uploads\/sites\/2\/2025\/03\/jhv25.jpg","contentUrl":"https:\/\/www.ffpassau.de\/innstadt\/wp-content\/uploads\/sites\/2\/2025\/03\/jhv25.jpg","width":1200,"height":800},{"@type":"BreadcrumbList","@id":"https:\/\/www.ffpassau.de\/innstadt\/2025\/03\/generationswechsel-in-der-innstadt\/#breadcrumb","itemListElement":[{"@type":"ListItem","position":1,"name":"L\u00f6schzug Innstadt Startseite","item":"https:\/\/www.ffpassau.de\/innstadt\/"},{"@type":"ListItem","position":2,"name":"Generationswechsel in der Innstadt"}]},{"@type":"WebSite","@id":"https:\/\/www.ffpassau.de\/innstadt\/#website","url":"https:\/\/www.ffpassau.de\/innstadt\/","name":"Feuerwehr Passau - L\u00f6schzug Innstadt","description":"","publisher":{"@id":"https:\/\/www.ffpassau.de\/innstadt\/#organization"},"potentialAction":[{"@type":"SearchAction","target":{"@type":"EntryPoint","urlTemplate":"https:\/\/www.ffpassau.de\/innstadt\/?s={search_term_string}"},"query-input":{"@type":"PropertyValueSpecification","valueRequired":true,"valueName":"search_term_string"}}],"inLanguage":"de"},{"@type":"Organization","@id":"https:\/\/www.ffpassau.de\/innstadt\/#organization","name":"Feuerwehr Passau - L\u00f6schzug Innstadt","url":"https:\/\/www.ffpassau.de\/innstadt\/","logo":{"@type":"ImageObject","inLanguage":"de","@id":"https:\/\/www.ffpassau.de\/innstadt\/#\/schema\/logo\/image\/","url":"https:\/\/www.ffpassau.de\/innstadt\/wp-content\/uploads\/sites\/2\/2020\/02\/lz_innstadt_logo.svg","contentUrl":"https:\/\/www.ffpassau.de\/innstadt\/wp-content\/uploads\/sites\/2\/2020\/02\/lz_innstadt_logo.svg","width":1,"height":1,"caption":"Feuerwehr Passau - L\u00f6schzug Innstadt"},"image":{"@id":"https:\/\/www.ffpassau.de\/innstadt\/#\/schema\/logo\/image\/"}},{"@type":"Person","@id":"https:\/\/www.ffpassau.de\/innstadt\/#\/schema\/person\/79775f60788f3f1a0aa3269b7db317b1","name":"Stefan Daller","image":{"@type":"ImageObject","inLanguage":"de","@id":"https:\/\/www.ffpassau.de\/innstadt\/#\/schema\/person\/image\/","url":"https:\/\/secure.gravatar.com\/avatar\/512ff9c8d04a77cb4e3921d8ee011143?s=96&d=mm&r=g","contentUrl":"https:\/\/secure.gravatar.com\/avatar\/512ff9c8d04a77cb4e3921d8ee011143?s=96&d=mm&r=g","caption":"Stefan Daller"},"url":"https:\/\/www.ffpassau.de\/innstadt\/author\/stefandaller\/"}]}},"_links":{"self":[{"href":"https:\/\/www.ffpassau.de\/innstadt\/wp-json\/wp\/v2\/posts\/968","targetHints":{"allow":["GET"]}}],"collection":[{"href":"https:\/\/www.ffpassau.de\/innstadt\/wp-json\/wp\/v2\/posts"}],"about":[{"href":"https:\/\/www.ffpassau.de\/innstadt\/wp-json\/wp\/v2\/types\/post"}],"author":[{"embeddable":true,"href":"https:\/\/www.ffpassau.de\/innstadt\/wp-json\/wp\/v2\/users\/10"}],"replies":[{"embeddable":true,"href":"https:\/\/www.ffpassau.de\/innstadt\/wp-json\/wp\/v2\/comments?post=968"}],"version-history":[{"count":2,"href":"https:\/\/www.ffpassau.de\/innstadt\/wp-json\/wp\/v2\/posts\/968\/revisions"}],"predecessor-version":[{"id":971,"href":"https:\/\/www.ffpassau.de\/innstadt\/wp-json\/wp\/v2\/posts\/968\/revisions\/971"}],"wp:featuredmedia":[{"embeddable":true,"href":"https:\/\/www.ffpassau.de\/innstadt\/wp-json\/wp\/v2\/media\/970"}],"wp:attachment":[{"href":"https:\/\/www.ffpassau.de\/innstadt\/wp-json\/wp\/v2\/media?parent=968"}],"wp:term":[{"taxonomy":"category","embeddable":true,"href":"https:\/\/www.ffpassau.de\/innstadt\/wp-json\/wp\/v2\/categories?post=968"},{"taxonomy":"post_tag","embeddable":true,"href":"https:\/\/www.ffpassau.de\/innstadt\/wp-json\/wp\/v2\/tags?post=968"}],"curies":[{"name":"wp","href":"https:\/\/api.w.org\/{rel}","templated":true}]}}